{"id":662,"date":"2019-06-01T14:10:12","date_gmt":"2019-06-01T14:10:12","guid":{"rendered":"https:\/\/chrystus.pl\/?p=662"},"modified":"2020-01-13T07:57:57","modified_gmt":"2020-01-13T07:57:57","slug":"dlaczego-jezus-przyjal-chrzest-czym-byl-chrzest-panski","status":"publish","type":"post","link":"https:\/\/chrystus.pl\/bg\/dlaczego-jezus-przyjal-chrzest-czym-byl-chrzest-panski\/","title":{"rendered":"\u0417\u0430\u0449\u043e \u0418\u0441\u0443\u0441 \u0441\u0435 \u043a\u0440\u044a\u0449\u0430\u0432\u0430? \u041a\u0430\u043a\u0432\u043e \u0435 \u0431\u0438\u043b\u043e \u043a\u0440\u044a\u0449\u0435\u043d\u0438\u0435\u0442\u043e \u043d\u0430 \u0413\u043e\u0441\u043f\u043e\u0434?"},"content":{"rendered":"<p>Dlaczego Jezus przyj\u0105\u0142 <span id=\"urn:enhancement-9d20e614\" class=\"textannotation disambiguated wl-other\" itemid=\"http:\/\/data.wordlift.io\/wl01857\/entity\/chrzest\">\u043a\u0440\u044a\u0449\u0435\u043d\u0438\u0435<\/span>? \u041a\u0430\u043a\u0432\u043e \u0435 <span id=\"urn:enhancement-12e1cab7\" class=\"textannotation disambiguated wl-other\" itemid=\"http:\/\/data.wordlift.io\/wl01857\/entity\/chrzest\">\u041a\u0440\u044a\u0449\u0435\u043d\u0438\u0435<\/span> \u0412\u0430\u0448\u0438\u044f\u0442? <span id=\"urn:enhancement-932c9d41\" class=\"textannotation disambiguated wl-other\" itemid=\"http:\/\/data.wordlift.io\/wl01857\/entity\/chrzest\">\u041a\u0440\u044a\u0449\u0435\u043d\u0438\u0435<\/span> Chrystusa jest w chrze\u015bcija\u0144stwie wa\u017cnym wydarzeniem, kt\u00f3re tak naprawd\u0119 rozpoczyna wa\u017cny okres nauczania i duchowej dzia\u0142alno\u015bci Jezusa. W dzisiejszym <span id=\"urn:enhancement-d83ad424\" class=\"textannotation disambiguated wl-other\" itemid=\"http:\/\/data.wordlift.io\/wl01378\/entity\/kosciol_teologia_2\">\u0426\u044a\u0440\u043a\u0432\u0430<\/span> \u0435 \u0438 \u043f\u0440\u0430\u0437\u043d\u0438\u043a\u044a\u0442, \u0441 \u043a\u043e\u0439\u0442\u043e \u043f\u0440\u0438\u043a\u043b\u044e\u0447\u0432\u0430 \u043f\u0435\u0440\u0438\u043e\u0434\u044a\u0442 <span id=\"urn:enhancement-37360614\" class=\"textannotation disambiguated wl-other\" itemid=\"http:\/\/data.wordlift.io\/wl01857\/entity\/boze_narodzenie\">\u041a\u043e\u043b\u0435\u0434\u0430<\/span>. W <span id=\"urn:enhancement-362de95b\" class=\"textannotation disambiguated wl-other\" itemid=\"http:\/\/data.wordlift.io\/wl01378\/entity\/kosciol_teologia_2\">\u0426\u044a\u0440\u043a\u0432\u0430<\/span> \u0440\u0438\u043c\u043e\u043a\u0430\u0442\u043e\u043b\u0438\u0447\u0435\u0441\u043a\u0438\u0442\u0435 \u0438 \u0433\u0440\u044a\u043a\u043e-\u043a\u0430\u0442\u043e\u043b\u0438\u0447\u0435\u0441\u043a\u0438\u0442\u0435 \u0446\u044a\u0440\u043a\u0432\u0438, \u0441\u0435 \u043f\u0430\u0434\u0430 \u0432 \u043d\u0435\u0434\u0435\u043b\u044f\u0442\u0430 \u0441\u043b\u0435\u0434 \u043f\u0440\u0430\u0437\u043d\u0438\u043a\u0430 \u0411\u043e\u0433\u043e\u044f\u0432\u043b\u0435\u043d\u0438\u0435 (<span id=\"urn:enhancement-36ab2225\" class=\"textannotation disambiguated wl-other\" itemid=\"http:\/\/data.wordlift.io\/wl01857\/entity\/trzej_krolowie\">\u0411\u043e\u0433\u043e\u044f\u0432\u043b\u0435\u043d\u0438\u0435<\/span>). \u015awi\u0119ty Jan podaje, \u017ce miejscem, w kt\u00f3rym Jezus Chrystus zosta\u0142 <span id=\"urn:enhancement-426a27dc\" class=\"textannotation disambiguated wl-other\" itemid=\"http:\/\/data.wordlift.io\/wl01857\/entity\/chrzest\">\u043a\u0440\u044a\u0441\u0442\u0435\u043d<\/span> \u0449\u0435\u0448\u0435 \u0434\u0430 \u0431\u044a\u0434\u0435 \u0412\u0438\u0442\u0430\u043d\u0438\u044f, \u043e\u0442 \u0434\u0440\u0443\u0433\u0430\u0442\u0430 \u0441\u0442\u0440\u0430\u043d\u0430 \u043d\u0430 \u0419\u043e\u0440\u0434\u0430\u043d.<\/p>\n<p>\u041a\u0430\u0442\u043e \u0437\u0430\u0439\u043e\u0440\u0434\u0430\u043d\u0441\u043a\u0430 \u0412\u0438\u0442\u0430\u043d\u0438\u044f \u0443\u0447\u0435\u043d\u0438\u0442\u0435 \u043f\u043e\u0441\u043e\u0447\u0432\u0430\u0442 \u0434\u043d\u0435\u0448\u043d\u0438\u044f \u0427\u0438\u0440\u0431\u0435\u0442 \u0435\u043b \u041c\u0435\u0434\u0435\u0448, \u043a\u044a\u0434\u0435\u0442\u043e \u043c\u043e\u0436\u0435\u043c \u0434\u0430 \u043e\u0442\u043a\u0440\u0438\u0435\u043c \u043f\u043e\u0442\u043e\u043a, \u043a\u043e\u0439\u0442\u043e \u0441\u0435 \u0432\u043b\u0438\u0432\u0430 \u0432 \u0440\u0435\u043a\u0430\u0442\u0430. <span id=\"urn:enhancement-85a605ae\" class=\"textannotation disambiguated wl-place\" itemid=\"http:\/\/data.wordlift.io\/wl01857\/entity\/jordan_rzeka\">Jordan<\/span>. \u0421\u0430\u043c\u0438\u044f\u0442 \u0430\u043a\u0442 <span id=\"urn:enhancement-fae9a052\" class=\"textannotation disambiguated wl-other\" itemid=\"http:\/\/data.wordlift.io\/wl01857\/entity\/chrzest\">\u043a\u0440\u044a\u0449\u0435\u043d\u0438\u0435<\/span> Pana Jezusa Chrystusa mia\u0142 dokona\u0107 <span id=\"urn:enhancement-ce588736\" class=\"textannotation disambiguated wl-person\" itemid=\"http:\/\/data.wordlift.io\/wl01857\/entity\/jan_chrzciciel\">\u0419\u043e\u0430\u043d \u041a\u0440\u044a\u0441\u0442\u0438\u0442\u0435\u043b<\/span>. \u042f\u0445 \u041a\u0440\u044a\u0441\u0442\u0438\u0442\u0435\u043b, \u0438\u0437\u0432\u0435\u0441\u0442\u0435\u043d \u0441\u044a\u0449\u043e \u043a\u0430\u0442\u043e <span id=\"urn:enhancement-66242f2\" class=\"textannotation disambiguated wl-person\" itemid=\"http:\/\/data.wordlift.io\/wl01378\/entity\/jan_ewangelista\">\u042f\u043d<\/span> \u041a\u0440\u044a\u0441\u0442\u0438\u0442\u0435\u043b\u044f\u0442 \u0435 \u0435\u0432\u0440\u0435\u0439\u0441\u043a\u0438 \u043e\u0442\u0448\u0435\u043b\u043d\u0438\u043a. \u0417\u0430 \u0445\u0440\u0438\u0441\u0442\u0438\u044f\u043d\u0438\u0442\u0435 (\u0438 <span id=\"urn:enhancement-8af73b58\" class=\"textannotation disambiguated wl-other\" itemid=\"http:\/\/data.wordlift.io\/wl01857\/entity\/muzulmanin\">\u041c\u044e\u0441\u044e\u043b\u043c\u0430\u043d\u0438<\/span>) \u0442\u043e\u0439 \u0435 \u043f\u0440\u043e\u0440\u043e\u043a. \u0421\u043f\u043e\u0440\u0435\u0434 \u0421\u0432\u0435\u0442\u0438\u044f <span id=\"urn:enhancement-891142b1\" class=\"textannotation disambiguated wl-person\" itemid=\"http:\/\/data.wordlift.io\/wl01857\/entity\/lukasz_ewangelista\">\u041b\u044e\u043a<\/span> \u0435 \u0440\u043e\u0434\u0435\u043d \u0448\u0435\u0441\u0442 \u043c\u0435\u0441\u0435\u0446\u0430 \u043f\u0440\u0435\u0434\u0438 \u0425\u0440\u0438\u0441\u0442\u043e\u0441, \u0442\u0430\u043a\u0430 \u0447\u0435 \u0442\u0435 \u0441\u0430 \u0431\u0438\u043b\u0438 \u043d\u0430 \u0435\u0434\u043d\u0430 \u0438 \u0441\u044a\u0449\u0430 \u0432\u044a\u0437\u0440\u0430\u0441\u0442.<\/p>\n<p>\u0422\u043e\u0439 \u0435 \u0441\u0438\u043d \u043d\u0430 <span id=\"urn:enhancement-2b7c35be\" class=\"textannotation disambiguated wl-other\" itemid=\"http:\/\/data.wordlift.io\/wl01378\/entity\/zydzi\">\u0415\u0432\u0440\u0435\u0439\u0441\u043a\u0438<\/span> \u0441\u0432\u0435\u0449\u0435\u043d\u0438\u043a <span id=\"urn:enhancement-dc217b75\" class=\"textannotation disambiguated wl-person\" itemid=\"http:\/\/data.wordlift.io\/wl01857\/entity\/zachariasz_nowotestamentowy_kaplan\">\u0417\u0430\u0445\u0430\u0440\u0438\u044f<\/span> \u0438 \u0431\u0435\u0437\u043f\u043b\u043e\u0434\u043d\u0430 \u0436\u0435\u043d\u0430. \u041c\u0430\u0439\u043a\u0430 \u043c\u0443, <a href=\"https:\/\/chrystus.pl\/bg\/jakie-polecenie-otrzymali-adam-i-ewa-w-raju\/\">\u0415\u0432\u0430<\/a>, \u0432\u0435\u0440\u043e\u044f\u0442\u043d\u043e \u0435 \u0431\u0438\u043b \u0440\u043e\u0434\u043d\u0438\u043d\u0430 \u043d\u0430 <span id=\"urn:enhancement-6a8f78cf\" class=\"textannotation disambiguated wl-person\" itemid=\"http:\/\/data.wordlift.io\/wl01378\/entity\/maria_z_nazaretu\">\u041c\u0430\u0440\u0438\u044f<\/span>. \u0421\u043b\u0435\u0434 \u0437\u0430\u043c\u0438\u043d\u0430\u0432\u0430\u043d\u0435\u0442\u043e \u043d\u0430 \u0440\u043e\u0434\u0438\u0442\u0435\u043b\u0438\u0442\u0435 \u0441\u0438 \u0419\u043e\u0430\u043d \u0441\u0435 \u043e\u0442\u043a\u0430\u0437\u0432\u0430 \u043e\u0442 \u0432\u044a\u0437\u043c\u043e\u0436\u043d\u043e\u0441\u0442\u0442\u0430 \u0434\u0430 \u0441\u0442\u0430\u043d\u0435 \u0441\u0432\u0435\u0449\u0435\u043d\u0438\u043a \u0438 \u0442\u0440\u044a\u0433\u0432\u0430 \u043f\u043e \u043e\u0442\u0448\u0435\u043b\u043d\u0438\u0447\u0435\u0441\u043a\u0438 \u043f\u044a\u0442 \u0432 \u042e\u0434\u0435\u0439\u0441\u043a\u0430\u0442\u0430 \u043f\u0443\u0441\u0442\u0438\u043d\u044f.<\/p>\n<p>\u0418\u0441\u0443\u0441, \u043a\u0430\u0442\u043e \u043f\u0440\u0438\u0435\u043c\u0430 <span id=\"urn:enhancement-c119f190\" class=\"textannotation disambiguated wl-other\" itemid=\"http:\/\/data.wordlift.io\/wl01857\/entity\/chrzest\">\u043a\u0440\u044a\u0449\u0435\u043d\u0438\u0435<\/span> \u043e\u0442 <span id=\"urn:enhancement-a607cd1d\" class=\"textannotation disambiguated wl-person\" itemid=\"http:\/\/data.wordlift.io\/wl01378\/entity\/jan_ewangelista\">\u042f\u043d<\/span> \u041a\u0440\u044a\u0441\u0442\u0438\u0442\u0435\u043b\u044f\u0442 \u0435 \u0441\u043e\u043b\u0438\u0434\u0430\u0440\u0435\u043d \u0441 \u0432\u0441\u0438\u0447\u043a\u0438 \u0433\u0440\u0435\u0448\u043d\u0438\u0446\u0438, \u043a\u043e\u0438\u0442\u043e \u0435 \u0434\u043e\u0448\u044a\u043b \u0434\u0430 \u0441\u043f\u0430\u0441\u0438. \u0421\u043b\u0435\u0434\u043e\u0432\u0430\u0442\u0435\u043b\u043d\u043e \u0442\u043e\u0432\u0430 \u0441\u044a\u0431\u0438\u0442\u0438\u0435 \u0435 \u0441\u0438\u043c\u0432\u043e\u043b\u0438\u0447\u043d\u043e, \u0442\u044a\u0439 \u043a\u0430\u0442\u043e \u0441 \u043d\u0435\u0433\u043e \u0437\u0430\u043f\u043e\u0447\u0432\u0430 \u043d\u0435\u0433\u043e\u0432\u0430\u0442\u0430 \u0434\u0443\u0445\u043e\u0432\u043d\u0430 \u0434\u0435\u0439\u043d\u043e\u0441\u0442. \u041f\u043e \u0442\u043e\u0437\u0438 \u043d\u0430\u0447\u0438\u043d \u0418\u0441\u0443\u0441 \u0441\u0435 \u0443\u043f\u043e\u0434\u043e\u0431\u044f\u0432\u0430 \u043d\u0430 \u0433\u0440\u0435\u0448\u043d\u0438\u0446\u0438\u0442\u0435.<\/p>","protected":false},"excerpt":{"rendered":"<p>Dlaczego Jezus przyj\u0105\u0142 chrzest? Czym by\u0142 Chrzest Pa\u0144ski? Chrzest Chrystusa jest w chrze\u015bcija\u0144stwie wa\u017cnym wydarzeniem, kt\u00f3re tak naprawd\u0119 rozpoczyna wa\u017cny okres nauczania i duchowej dzia\u0142alno\u015bci Jezusa. W dzisiejszym Ko\u015bciele jest r\u00f3wnie\u017c \u015bwi\u0119tem, kt\u00f3re zamyka okres \u015awi\u0105t Bo\u017cego Narodzenia. W Ko\u015bciele rzymskokatolickim, jak i Ko\u015bcio\u0142ach greckokatolickich, przypada w najbli\u017csz\u0105 niedziel\u0119 po uroczysto\u015bci Objawienia Pa\u0144skiego (Trzech Kr\u00f3li). &hellip;<\/p>","protected":false},"author":1,"featured_media":663,"comment_status":"open","ping_status":"closed","sticky":false,"template":"","format":"standard","meta":{"footnotes":""},"categories":[52],"tags":[],"class_list":["post-662","post","type-post","status-publish","format-standard","has-post-thumbnail","hentry","category-jezus"],"yoast_head":"<!-- This site is optimized with the Yoast SEO plugin v27.4 - https:\/\/yoast.com\/product\/yoast-seo-wordpress\/ -->\n<title>Dlaczego Jezus przyj\u0105\u0142 chrzest? Czym by\u0142 Chrzest Pa\u0144ski? - Chrystus<\/title>\n<meta name=\"description\" content=\"Dlaczego Jezus przyj\u0105\u0142 chrzest? Czym by\u0142 Chrzest Pa\u0144ski? Chrzest Chrystusa jest w chrze\u015bcija\u0144stwie wa\u017cnym wydarzeniem, kt\u00f3re tak naprawd\u0119 rozpoczyna wa\u017cny\" \/>\n<meta name=\"robots\" content=\"index, follow, max-snippet:-1, max-image-preview:large, max-video-preview:-1\" \/>\n<link rel=\"canonical\" href=\"https:\/\/chrystus.pl\/bg\/\u0437\u0430\u0449\u043e-\u043a\u0440\u044a\u0449\u0435\u043d\u0438\u0435\u0442\u043e-\u043d\u0430-\u0438\u0441\u0443\u0441-\u0435-\u043a\u0440\u044a\u0449\u0435\u043d\u0438\u0435\/\" \/>\n<meta property=\"og:locale\" content=\"bg_BG\" \/>\n<meta property=\"og:type\" content=\"article\" \/>\n<meta property=\"og:title\" content=\"Dlaczego Jezus przyj\u0105\u0142 chrzest? Czym by\u0142 Chrzest Pa\u0144ski? - Chrystus\" \/>\n<meta property=\"og:description\" content=\"Dlaczego Jezus przyj\u0105\u0142 chrzest? Czym by\u0142 Chrzest Pa\u0144ski? Chrzest Chrystusa jest w chrze\u015bcija\u0144stwie wa\u017cnym wydarzeniem, kt\u00f3re tak naprawd\u0119 rozpoczyna wa\u017cny\" \/>\n<meta property=\"og:url\" content=\"https:\/\/chrystus.pl\/bg\/\u0437\u0430\u0449\u043e-\u043a\u0440\u044a\u0449\u0435\u043d\u0438\u0435\u0442\u043e-\u043d\u0430-\u0438\u0441\u0443\u0441-\u0435-\u043a\u0440\u044a\u0449\u0435\u043d\u0438\u0435\/\" \/>\n<meta property=\"og:site_name\" content=\"Chrystus\" \/>\n<meta property=\"article:published_time\" content=\"2019-06-01T14:10:12+00:00\" \/>\n<meta property=\"article:modified_time\" content=\"2020-01-13T07:57:57+00:00\" \/>\n<meta property=\"og:image\" content=\"https:\/\/chrystus.pl\/wp-content\/uploads\/2019\/06\/Czym-by\u0142-Chrzest-Pan\u0301ski.jpg\" \/>\n\t<meta property=\"og:image:width\" content=\"640\" \/>\n\t<meta property=\"og:image:height\" content=\"485\" \/>\n\t<meta property=\"og:image:type\" content=\"image\/jpeg\" \/>\n<meta name=\"author\" content=\"Samarytanka\" \/>\n<meta name=\"twitter:card\" content=\"summary_large_image\" \/>\n<meta name=\"twitter:label1\" content=\"Written by\" \/>\n\t<meta name=\"twitter:data1\" content=\"Samarytanka\" \/>\n\t<meta name=\"twitter:label2\" content=\"Est. reading time\" \/>\n\t<meta name=\"twitter:data2\" content=\"1 \u043c\u0438\u043d\u0443\u0442\u0430\" \/>\n<!-- \/ Yoast SEO plugin. -->","yoast_head_json":{"title":"\u0417\u0430\u0449\u043e \u0418\u0441\u0443\u0441 \u0441\u0435 \u043a\u0440\u044a\u0449\u0430\u0432\u0430? \u041a\u0430\u043a\u0432\u043e \u0435 \u0431\u0438\u043b\u043e \u043a\u0440\u044a\u0449\u0435\u043d\u0438\u0435\u0442\u043e \u043d\u0430 \u0413\u043e\u0441\u043f\u043e\u0434? - \u0425\u0440\u0438\u0441\u0442\u043e\u0441","description":"\u0417\u0430\u0449\u043e \u0418\u0441\u0443\u0441 \u0441\u0435 \u043a\u0440\u044a\u0449\u0430\u0432\u0430? \u041a\u0430\u043a\u0432\u043e \u0435 \u0431\u0438\u043b\u043e \u043a\u0440\u044a\u0449\u0435\u043d\u0438\u0435\u0442\u043e \u043d\u0430 \u0413\u043e\u0441\u043f\u043e\u0434? \u041a\u0440\u044a\u0449\u0435\u043d\u0438\u0435\u0442\u043e \u043d\u0430 \u0425\u0440\u0438\u0441\u0442\u043e\u0441 \u0435 \u0432\u0430\u0436\u043d\u043e \u0441\u044a\u0431\u0438\u0442\u0438\u0435 \u0432 \u0445\u0440\u0438\u0441\u0442\u0438\u044f\u043d\u0441\u0442\u0432\u043e\u0442\u043e, \u043a\u043e\u0435\u0442\u043e \u0432\u0441\u044a\u0449\u043d\u043e\u0441\u0442 \u043f\u043e\u0441\u0442\u0430\u0432\u044f \u043d\u0430\u0447\u0430\u043b\u043e\u0442\u043e \u043d\u0430 \u0432\u0430\u0436\u043d\u0430","robots":{"index":"index","follow":"follow","max-snippet":"max-snippet:-1","max-image-preview":"max-image-preview:large","max-video-preview":"max-video-preview:-1"},"canonical":"https:\/\/chrystus.pl\/bg\/\u0437\u0430\u0449\u043e-\u043a\u0440\u044a\u0449\u0435\u043d\u0438\u0435\u0442\u043e-\u043d\u0430-\u0438\u0441\u0443\u0441-\u0435-\u043a\u0440\u044a\u0449\u0435\u043d\u0438\u0435\/","og_locale":"bg_BG","og_type":"article","og_title":"Dlaczego Jezus przyj\u0105\u0142 chrzest? Czym by\u0142 Chrzest Pa\u0144ski? - Chrystus","og_description":"Dlaczego Jezus przyj\u0105\u0142 chrzest? Czym by\u0142 Chrzest Pa\u0144ski? Chrzest Chrystusa jest w chrze\u015bcija\u0144stwie wa\u017cnym wydarzeniem, kt\u00f3re tak naprawd\u0119 rozpoczyna wa\u017cny","og_url":"https:\/\/chrystus.pl\/bg\/\u0437\u0430\u0449\u043e-\u043a\u0440\u044a\u0449\u0435\u043d\u0438\u0435\u0442\u043e-\u043d\u0430-\u0438\u0441\u0443\u0441-\u0435-\u043a\u0440\u044a\u0449\u0435\u043d\u0438\u0435\/","og_site_name":"Chrystus","article_published_time":"2019-06-01T14:10:12+00:00","article_modified_time":"2020-01-13T07:57:57+00:00","og_image":[{"width":640,"height":485,"url":"https:\/\/chrystus.pl\/wp-content\/uploads\/2019\/06\/Czym-by\u0142-Chrzest-Pan\u0301ski.jpg","type":"image\/jpeg"}],"author":"Samarytanka","twitter_card":"summary_large_image","twitter_misc":{"Written by":"Samarytanka","Est. reading time":"1 \u043c\u0438\u043d\u0443\u0442\u0430"},"schema":{"@context":"https:\/\/schema.org","@graph":[{"@type":"Article","@id":"https:\/\/chrystus.pl\/dlaczego-jezus-przyjal-chrzest-czym-byl-chrzest-panski\/#article","isPartOf":{"@id":"https:\/\/chrystus.pl\/dlaczego-jezus-przyjal-chrzest-czym-byl-chrzest-panski\/"},"author":{"name":"Samarytanka","@id":"https:\/\/chrystus.pl\/#\/schema\/person\/e2e742452b8b7b2bcd23ea180671d27a"},"headline":"Dlaczego Jezus przyj\u0105\u0142 chrzest? Czym by\u0142 Chrzest Pa\u0144ski?","datePublished":"2019-06-01T14:10:12+00:00","dateModified":"2020-01-13T07:57:57+00:00","mainEntityOfPage":{"@id":"https:\/\/chrystus.pl\/dlaczego-jezus-przyjal-chrzest-czym-byl-chrzest-panski\/"},"wordCount":268,"commentCount":0,"publisher":{"@id":"https:\/\/chrystus.pl\/#organization"},"image":{"@id":"https:\/\/chrystus.pl\/dlaczego-jezus-przyjal-chrzest-czym-byl-chrzest-panski\/#primaryimage"},"thumbnailUrl":"https:\/\/chrystus.pl\/wp-content\/uploads\/2019\/06\/Czym-by\u0142-Chrzest-Pan\u0301ski.jpg","articleSection":["Jezus"],"inLanguage":"bg-BG","potentialAction":[{"@type":"CommentAction","name":"Comment","target":["https:\/\/chrystus.pl\/dlaczego-jezus-przyjal-chrzest-czym-byl-chrzest-panski\/#respond"]}]},{"@type":"WebPage","@id":"https:\/\/chrystus.pl\/dlaczego-jezus-przyjal-chrzest-czym-byl-chrzest-panski\/","url":"https:\/\/chrystus.pl\/dlaczego-jezus-przyjal-chrzest-czym-byl-chrzest-panski\/","name":"\u0417\u0430\u0449\u043e \u0418\u0441\u0443\u0441 \u0441\u0435 \u043a\u0440\u044a\u0449\u0430\u0432\u0430? \u041a\u0430\u043a\u0432\u043e \u0435 \u0431\u0438\u043b\u043e \u043a\u0440\u044a\u0449\u0435\u043d\u0438\u0435\u0442\u043e \u043d\u0430 \u0413\u043e\u0441\u043f\u043e\u0434? - \u0425\u0440\u0438\u0441\u0442\u043e\u0441","isPartOf":{"@id":"https:\/\/chrystus.pl\/#website"},"primaryImageOfPage":{"@id":"https:\/\/chrystus.pl\/dlaczego-jezus-przyjal-chrzest-czym-byl-chrzest-panski\/#primaryimage"},"image":{"@id":"https:\/\/chrystus.pl\/dlaczego-jezus-przyjal-chrzest-czym-byl-chrzest-panski\/#primaryimage"},"thumbnailUrl":"https:\/\/chrystus.pl\/wp-content\/uploads\/2019\/06\/Czym-by\u0142-Chrzest-Pan\u0301ski.jpg","datePublished":"2019-06-01T14:10:12+00:00","dateModified":"2020-01-13T07:57:57+00:00","description":"\u0417\u0430\u0449\u043e \u0418\u0441\u0443\u0441 \u0441\u0435 \u043a\u0440\u044a\u0449\u0430\u0432\u0430? \u041a\u0430\u043a\u0432\u043e \u0435 \u0431\u0438\u043b\u043e \u043a\u0440\u044a\u0449\u0435\u043d\u0438\u0435\u0442\u043e \u043d\u0430 \u0413\u043e\u0441\u043f\u043e\u0434? \u041a\u0440\u044a\u0449\u0435\u043d\u0438\u0435\u0442\u043e \u043d\u0430 \u0425\u0440\u0438\u0441\u0442\u043e\u0441 \u0435 \u0432\u0430\u0436\u043d\u043e \u0441\u044a\u0431\u0438\u0442\u0438\u0435 \u0432 \u0445\u0440\u0438\u0441\u0442\u0438\u044f\u043d\u0441\u0442\u0432\u043e\u0442\u043e, \u043a\u043e\u0435\u0442\u043e \u0432\u0441\u044a\u0449\u043d\u043e\u0441\u0442 \u043f\u043e\u0441\u0442\u0430\u0432\u044f \u043d\u0430\u0447\u0430\u043b\u043e\u0442\u043e \u043d\u0430 \u0432\u0430\u0436\u043d\u0430","breadcrumb":{"@id":"https:\/\/chrystus.pl\/dlaczego-jezus-przyjal-chrzest-czym-byl-chrzest-panski\/#breadcrumb"},"inLanguage":"bg-BG","potentialAction":[{"@type":"ReadAction","target":["https:\/\/chrystus.pl\/dlaczego-jezus-przyjal-chrzest-czym-byl-chrzest-panski\/"]}]},{"@type":"ImageObject","inLanguage":"bg-BG","@id":"https:\/\/chrystus.pl\/dlaczego-jezus-przyjal-chrzest-czym-byl-chrzest-panski\/#primaryimage","url":"https:\/\/chrystus.pl\/wp-content\/uploads\/2019\/06\/Czym-by\u0142-Chrzest-Pan\u0301ski.jpg","contentUrl":"https:\/\/chrystus.pl\/wp-content\/uploads\/2019\/06\/Czym-by\u0142-Chrzest-Pan\u0301ski.jpg","width":640,"height":485,"caption":"Czym by\u0142 Chrzest Pan\u0301ski"},{"@type":"BreadcrumbList","@id":"https:\/\/chrystus.pl\/dlaczego-jezus-przyjal-chrzest-czym-byl-chrzest-panski\/#breadcrumb","itemListElement":[{"@type":"ListItem","position":1,"name":"Strona g\u0142\u00f3wna","item":"https:\/\/chrystus.pl\/"},{"@type":"ListItem","position":2,"name":"Dlaczego Jezus przyj\u0105\u0142 chrzest? Czym by\u0142 Chrzest Pa\u0144ski?"}]},{"@type":"WebSite","@id":"https:\/\/chrystus.pl\/#website","url":"https:\/\/chrystus.pl\/","name":"\u0425\u0440\u0438\u0441\u0442\u043e\u0441","description":"\u0411\u043e\u0433, \u041c\u0430\u0440\u0438\u044f, \u0418\u0441\u0443\u0441, \u041f\u0440\u0438\u0447\u0430\u0441\u0442\u0438\u0435 \u0438 \u043e\u0449\u0435","publisher":{"@id":"https:\/\/chrystus.pl\/#organization"},"potentialAction":[{"@type":"SearchAction","target":{"@type":"EntryPoint","urlTemplate":"https:\/\/chrystus.pl\/?s={search_term_string}"},"query-input":{"@type":"PropertyValueSpecification","valueRequired":true,"valueName":"search_term_string"}}],"inLanguage":"bg-BG"},{"@type":"Organization","@id":"https:\/\/chrystus.pl\/#organization","name":"Christ.pl","url":"https:\/\/chrystus.pl\/","logo":{"@type":"ImageObject","inLanguage":"bg-BG","@id":"https:\/\/chrystus.pl\/#\/schema\/logo\/image\/","url":"https:\/\/chrystus.pl\/wp-content\/uploads\/2019\/03\/chrystus-bog-maryja-komunia-bierzmowanie.jpg","contentUrl":"https:\/\/chrystus.pl\/wp-content\/uploads\/2019\/03\/chrystus-bog-maryja-komunia-bierzmowanie.jpg","width":1920,"height":1280,"caption":"Chrystus.pl"},"image":{"@id":"https:\/\/chrystus.pl\/#\/schema\/logo\/image\/"}},{"@type":"Person","@id":"https:\/\/chrystus.pl\/#\/schema\/person\/e2e742452b8b7b2bcd23ea180671d27a","name":"\u0421\u0430\u043c\u0430\u0440\u044f\u043d\u043a\u0430\u0442\u0430"}]}},"_links":{"self":[{"href":"https:\/\/chrystus.pl\/bg\/wp-json\/wp\/v2\/posts\/662","targetHints":{"allow":["GET"]}}],"collection":[{"href":"https:\/\/chrystus.pl\/bg\/wp-json\/wp\/v2\/posts"}],"about":[{"href":"https:\/\/chrystus.pl\/bg\/wp-json\/wp\/v2\/types\/post"}],"author":[{"embeddable":true,"href":"https:\/\/chrystus.pl\/bg\/wp-json\/wp\/v2\/users\/1"}],"replies":[{"embeddable":true,"href":"https:\/\/chrystus.pl\/bg\/wp-json\/wp\/v2\/comments?post=662"}],"version-history":[{"count":0,"href":"https:\/\/chrystus.pl\/bg\/wp-json\/wp\/v2\/posts\/662\/revisions"}],"wp:featuredmedia":[{"embeddable":true,"href":"https:\/\/chrystus.pl\/bg\/wp-json\/wp\/v2\/media\/663"}],"wp:attachment":[{"href":"https:\/\/chrystus.pl\/bg\/wp-json\/wp\/v2\/media?parent=662"}],"wp:term":[{"taxonomy":"category","embeddable":true,"href":"https:\/\/chrystus.pl\/bg\/wp-json\/wp\/v2\/categories?post=662"},{"taxonomy":"post_tag","embeddable":true,"href":"https:\/\/chrystus.pl\/bg\/wp-json\/wp\/v2\/tags?post=662"}],"curies":[{"name":"wp","href":"https:\/\/api.w.org\/{rel}","templated":true}]}}