{"id":1557,"date":"2020-04-29T15:48:31","date_gmt":"2020-04-29T15:48:31","guid":{"rendered":"https:\/\/chrystus.pl\/?p=1557"},"modified":"2020-04-29T15:48:31","modified_gmt":"2020-04-29T15:48:31","slug":"co-maryja-obiecala-dzieciom-w-fatimie","status":"publish","type":"post","link":"https:\/\/chrystus.pl\/cs\/co-maryja-obiecala-dzieciom-w-fatimie\/","title":{"rendered":"Co Maria sl\u00edbila d\u011btem ve Fatim\u011b?"},"content":{"rendered":"<p>Co Maria sl\u00edbila d\u011btem ve Fatim\u011b? Jak\u00e1 jsou fatimsk\u00e1 zjeven\u00ed? O fatimsk\u00fdch zjeven\u00edch sly\u0161el jist\u011b ka\u017ed\u00fd. Jsou nesm\u00edrn\u011b d\u016fle\u017eit\u00e1 a v\u00fdznamn\u00e1 pro ka\u017ed\u00e9ho katol\u00edka. Fatimsk\u00e1 zjeven\u00ed jsou s\u00e9ri\u00ed zjeven\u00ed Panny Marie, kter\u00e1 jsou ofici\u00e1ln\u011b uzn\u00e1na instituc\u00ed katolick\u00e9 c\u00edrkve. Odehr\u00e1la se v portugalsk\u00e9 Fatim\u011b mezi 13. kv\u011btnem 1917 a 13. \u0159\u00edjnem 1917. Velmi v\u00fdznamn\u00fdm sv\u011bdkem t\u011bchto ud\u00e1lost\u00ed byly t\u0159i d\u011bti Francisco a Jacinta Marto a Lucia dos Santos. B\u011bhem t\u00e9to doby se Maria zjevila a\u017e \u0161estkr\u00e1t. B\u011bhem t\u011bchto zjeven\u00ed byla v poselstv\u00ed nejd\u016fle\u017eit\u011bj\u0161\u00ed 3 tzv. fatimsk\u00e1 tajemstv\u00ed, kter\u00e1 Maria d\u011btem sd\u011blila. Tato vid\u011bn\u00ed v\u0161ak nebyla zjevena okam\u017eit\u011b. Dv\u011b ze t\u0159\u00ed tajemstv\u00ed byla zjevena v roce 1941, zat\u00edmco posledn\u00ed bylo odhaleno v roce 2000.<\/p>\n<p>Co Maria ve Fatim\u011b sl\u00edbila?<\/p>\n<p><strong>Prvn\u00ed <a href=\"https:\/\/chrystus.pl\/cs\/tajemnica-szczescia-jak-modlic-sie-z-sercem\/\">tajn\u00e9<\/a> fatima:<\/strong><br \/>\n<em>Prvn\u00ed fatimsk\u00e9 tajemstv\u00ed poskytlo poslucha\u010d\u016fm vizi pekla, m\u00edsta, kam se dost\u00e1vaj\u00ed du\u0161e h\u0159\u00ed\u0161n\u00edk\u016f.<\/em><\/p>\n<p><strong>Druh\u00e9 fatimsk\u00e9 tajemstv\u00ed:<\/strong><br \/>\n<em>Ve druh\u00e9m fatimsk\u00e9m tajemstv\u00ed Panna Maria d\u00e1v\u00e1 d\u011btem pl\u00e1n na z\u00e1chranu du\u0161\u00ed bloud\u00edc\u00edch h\u0159\u00ed\u0161n\u00edk\u016f a p\u0159\u00edslib m\u00edru ve sv\u011bt\u011b. Je\u0161t\u011b p\u0159edt\u00edm v\u0161ak p\u0159edpov\u011bd\u011bla vypuknut\u00ed a ne\u0161t\u011bst\u00ed druh\u00e9 sv\u011btov\u00e9 v\u00e1lky, v\u00fdskyt hladomoru ve sv\u011bt\u011b, velk\u00e9 pron\u00e1sledov\u00e1n\u00ed c\u00edrkve a tot\u00e1ln\u00ed zneu\u017eit\u00ed osoby pape\u017ee. Ve sv\u00e9m poselstv\u00ed \u017e\u00e1d\u00e1 d\u011bti, aby se \u0159\u00eddily jej\u00ed radou a p\u0159istupovaly ke svat\u00e9mu p\u0159ij\u00edm\u00e1n\u00ed.<\/em><\/p>\n<p><strong>T\u0159et\u00ed fatimsk\u00e9 tajemstv\u00ed:<\/strong><br \/>\n<em>T\u0159et\u00ed tajemstv\u00ed vyvol\u00e1v\u00e1 mezi katol\u00edky asi nejv\u011bt\u0161\u00ed rozruch. Konkr\u00e9tn\u011b p\u0159edpov\u00eddala atent\u00e1t na pape\u017ee, proto\u017ee hovo\u0159ila o smrti b\u00edl\u00e9ho kn\u011bze kulkami ze st\u0159eln\u00fdch zbran\u00ed a \u0161\u00edpy z luku.<\/em><\/p>","protected":false},"excerpt":{"rendered":"<p>Co Maria sl\u00edbila d\u011btem ve Fatim\u011b? Jak\u00e1 jsou fatimsk\u00e1 zjeven\u00ed? O fatimsk\u00fdch zjeven\u00edch sly\u0161el jist\u011b ka\u017ed\u00fd. Jsou nesm\u00edrn\u011b d\u016fle\u017eit\u00e1 a v\u00fdznamn\u00e1 pro ka\u017ed\u00e9ho katol\u00edka. Fatimsk\u00e1 zjeven\u00ed jsou s\u00e9ri\u00ed zjeven\u00ed Panny Marie, kter\u00e1 jsou ofici\u00e1ln\u011b uzn\u00e1na instituc\u00ed katolick\u00e9 c\u00edrkve. Odehr\u00e1la se v portugalsk\u00e9m m\u011bst\u011b Fatima v obdob\u00ed mezi ...<\/p>","protected":false},"author":1,"featured_media":1558,"comment_status":"closed","ping_status":"closed","sticky":false,"template":"","format":"standard","meta":{"footnotes":""},"categories":[64],"tags":[],"class_list":["post-1557","post","type-post","status-publish","format-standard","has-post-thumbnail","hentry","category-maryja"],"yoast_head":"<!-- This site is optimized with the Yoast SEO plugin v27.5 - https:\/\/yoast.com\/product\/yoast-seo-wordpress\/ -->\n<title>Co Maryja obieca\u0142a dzieciom w Fatimie? - Chrystus<\/title>\n<meta name=\"description\" content=\"Co Maryja obieca\u0142a dzieciom w Fatimie? Czym s\u0105 objawienia fatimskie? Na pewno ka\u017cdy z nas s\u0142ysza\u0142 o objawieniach w Fatimie. S\u0105 one ogromnie wa\u017cne i\" \/>\n<meta name=\"robots\" content=\"index, follow, max-snippet:-1, max-image-preview:large, max-video-preview:-1\" \/>\n<link rel=\"canonical\" href=\"https:\/\/chrystus.pl\/cs\/what-mary-promised-children-in-fatima\/\" \/>\n<meta property=\"og:locale\" content=\"cs_CZ\" \/>\n<meta property=\"og:type\" content=\"article\" \/>\n<meta property=\"og:title\" content=\"Co Maryja obieca\u0142a dzieciom w Fatimie?\" \/>\n<meta property=\"og:description\" content=\"Co Maryja obieca\u0142a dzieciom w Fatimie? Czym s\u0105 objawienia fatimskie? Na pewno ka\u017cdy z nas s\u0142ysza\u0142 o objawieniach w Fatimie. S\u0105 one ogromnie wa\u017cne i\" \/>\n<meta property=\"og:url\" content=\"https:\/\/chrystus.pl\/cs\/what-mary-promised-children-in-fatima\/\" \/>\n<meta property=\"og:site_name\" content=\"Chrystus\" \/>\n<meta property=\"article:published_time\" content=\"2020-04-29T15:48:31+00:00\" \/>\n<meta property=\"og:image\" content=\"https:\/\/chrystus.pl\/wp-content\/uploads\/2020\/04\/Co-Maryja-obieca\u0142a-dzieciom-w-Fatimie.jpg\" \/>\n\t<meta property=\"og:image:width\" content=\"640\" \/>\n\t<meta property=\"og:image:height\" content=\"426\" \/>\n\t<meta property=\"og:image:type\" content=\"image\/jpeg\" \/>\n<meta name=\"author\" content=\"Samarytanka\" \/>\n<meta name=\"twitter:card\" content=\"summary_large_image\" \/>\n<meta name=\"twitter:title\" content=\"Co Maryja obieca\u0142a dzieciom w Fatimie?\" \/>\n<meta name=\"twitter:image\" content=\"https:\/\/chrystus.pl\/wp-content\/uploads\/2020\/04\/Co-Maryja-obieca\u0142a-dzieciom-w-Fatimie.jpg\" \/>\n<meta name=\"twitter:label1\" content=\"Napsal(a)\" \/>\n\t<meta name=\"twitter:data1\" content=\"Samarytanka\" \/>\n\t<meta name=\"twitter:label2\" content=\"Odhadovan\u00e1 doba \u010dten\u00ed\" \/>\n\t<meta name=\"twitter:data2\" content=\"1 minuta\" \/>\n<!-- \/ Yoast SEO plugin. -->","yoast_head_json":{"title":"Co Maria sl\u00edbila d\u011btem ve Fatim\u011b? - Kristus","description":"Co Maria sl\u00edbila d\u011btem ve Fatim\u011b? Co jsou fatimsk\u00e1 zjeven\u00ed? Ka\u017ed\u00fd z n\u00e1s jist\u011b sly\u0161el o fatimsk\u00fdch zjeven\u00edch. Jsou velmi d\u016fle\u017eit\u00e9 a","robots":{"index":"index","follow":"follow","max-snippet":"max-snippet:-1","max-image-preview":"max-image-preview:large","max-video-preview":"max-video-preview:-1"},"canonical":"https:\/\/chrystus.pl\/cs\/what-mary-promised-children-in-fatima\/","og_locale":"cs_CZ","og_type":"article","og_title":"Co Maryja obieca\u0142a dzieciom w Fatimie?","og_description":"Co Maryja obieca\u0142a dzieciom w Fatimie? Czym s\u0105 objawienia fatimskie? Na pewno ka\u017cdy z nas s\u0142ysza\u0142 o objawieniach w Fatimie. S\u0105 one ogromnie wa\u017cne i","og_url":"https:\/\/chrystus.pl\/cs\/what-mary-promised-children-in-fatima\/","og_site_name":"Chrystus","article_published_time":"2020-04-29T15:48:31+00:00","og_image":[{"width":640,"height":426,"url":"https:\/\/chrystus.pl\/wp-content\/uploads\/2020\/04\/Co-Maryja-obieca\u0142a-dzieciom-w-Fatimie.jpg","type":"image\/jpeg"}],"author":"Samarytanka","twitter_card":"summary_large_image","twitter_title":"Co Maryja obieca\u0142a dzieciom w Fatimie?","twitter_image":"https:\/\/chrystus.pl\/wp-content\/uploads\/2020\/04\/Co-Maryja-obieca\u0142a-dzieciom-w-Fatimie.jpg","twitter_misc":{"Napsal(a)":"Samarytanka","Odhadovan\u00e1 doba \u010dten\u00ed":"1 minuta"},"schema":{"@context":"https:\/\/schema.org","@graph":[{"@type":"Article","@id":"https:\/\/chrystus.pl\/co-maryja-obiecala-dzieciom-w-fatimie\/#article","isPartOf":{"@id":"https:\/\/chrystus.pl\/co-maryja-obiecala-dzieciom-w-fatimie\/"},"author":{"name":"Samarytanka","@id":"https:\/\/chrystus.pl\/#\/schema\/person\/e2e742452b8b7b2bcd23ea180671d27a"},"headline":"Co Maryja obieca\u0142a dzieciom w Fatimie?","datePublished":"2020-04-29T15:48:31+00:00","mainEntityOfPage":{"@id":"https:\/\/chrystus.pl\/co-maryja-obiecala-dzieciom-w-fatimie\/"},"wordCount":302,"publisher":{"@id":"https:\/\/chrystus.pl\/#organization"},"image":{"@id":"https:\/\/chrystus.pl\/co-maryja-obiecala-dzieciom-w-fatimie\/#primaryimage"},"thumbnailUrl":"https:\/\/chrystus.pl\/wp-content\/uploads\/2020\/04\/Co-Maryja-obieca\u0142a-dzieciom-w-Fatimie.jpg","articleSection":["Maryja"],"inLanguage":"cs"},{"@type":"WebPage","@id":"https:\/\/chrystus.pl\/co-maryja-obiecala-dzieciom-w-fatimie\/","url":"https:\/\/chrystus.pl\/co-maryja-obiecala-dzieciom-w-fatimie\/","name":"Co Maria sl\u00edbila d\u011btem ve Fatim\u011b? - Kristus","isPartOf":{"@id":"https:\/\/chrystus.pl\/#website"},"primaryImageOfPage":{"@id":"https:\/\/chrystus.pl\/co-maryja-obiecala-dzieciom-w-fatimie\/#primaryimage"},"image":{"@id":"https:\/\/chrystus.pl\/co-maryja-obiecala-dzieciom-w-fatimie\/#primaryimage"},"thumbnailUrl":"https:\/\/chrystus.pl\/wp-content\/uploads\/2020\/04\/Co-Maryja-obieca\u0142a-dzieciom-w-Fatimie.jpg","datePublished":"2020-04-29T15:48:31+00:00","description":"Co Maria sl\u00edbila d\u011btem ve Fatim\u011b? Co jsou fatimsk\u00e1 zjeven\u00ed? Ka\u017ed\u00fd z n\u00e1s jist\u011b sly\u0161el o fatimsk\u00fdch zjeven\u00edch. Jsou velmi d\u016fle\u017eit\u00e9 a","breadcrumb":{"@id":"https:\/\/chrystus.pl\/co-maryja-obiecala-dzieciom-w-fatimie\/#breadcrumb"},"inLanguage":"cs","potentialAction":[{"@type":"ReadAction","target":["https:\/\/chrystus.pl\/co-maryja-obiecala-dzieciom-w-fatimie\/"]}]},{"@type":"ImageObject","inLanguage":"cs","@id":"https:\/\/chrystus.pl\/co-maryja-obiecala-dzieciom-w-fatimie\/#primaryimage","url":"https:\/\/chrystus.pl\/wp-content\/uploads\/2020\/04\/Co-Maryja-obieca\u0142a-dzieciom-w-Fatimie.jpg","contentUrl":"https:\/\/chrystus.pl\/wp-content\/uploads\/2020\/04\/Co-Maryja-obieca\u0142a-dzieciom-w-Fatimie.jpg","width":640,"height":426,"caption":"Co Maryja obieca\u0142a dzieciom w Fatimie"},{"@type":"BreadcrumbList","@id":"https:\/\/chrystus.pl\/co-maryja-obiecala-dzieciom-w-fatimie\/#breadcrumb","itemListElement":[{"@type":"ListItem","position":1,"name":"Strona g\u0142\u00f3wna","item":"https:\/\/chrystus.pl\/"},{"@type":"ListItem","position":2,"name":"Co Maryja obieca\u0142a dzieciom w Fatimie?"}]},{"@type":"WebSite","@id":"https:\/\/chrystus.pl\/#website","url":"https:\/\/chrystus.pl\/","name":"Kristus","description":"B\u016fh, Maria, Je\u017e\u00ed\u0161, p\u0159ij\u00edm\u00e1n\u00ed a dal\u0161\u00ed informace","publisher":{"@id":"https:\/\/chrystus.pl\/#organization"},"potentialAction":[{"@type":"SearchAction","target":{"@type":"EntryPoint","urlTemplate":"https:\/\/chrystus.pl\/?s={search_term_string}"},"query-input":{"@type":"PropertyValueSpecification","valueRequired":true,"valueName":"search_term_string"}}],"inLanguage":"cs"},{"@type":"Organization","@id":"https:\/\/chrystus.pl\/#organization","name":"Christ.pl","url":"https:\/\/chrystus.pl\/","logo":{"@type":"ImageObject","inLanguage":"cs","@id":"https:\/\/chrystus.pl\/#\/schema\/logo\/image\/","url":"https:\/\/chrystus.pl\/wp-content\/uploads\/2019\/03\/chrystus-bog-maryja-komunia-bierzmowanie.jpg","contentUrl":"https:\/\/chrystus.pl\/wp-content\/uploads\/2019\/03\/chrystus-bog-maryja-komunia-bierzmowanie.jpg","width":1920,"height":1280,"caption":"Chrystus.pl"},"image":{"@id":"https:\/\/chrystus.pl\/#\/schema\/logo\/image\/"}},{"@type":"Person","@id":"https:\/\/chrystus.pl\/#\/schema\/person\/e2e742452b8b7b2bcd23ea180671d27a","name":"Samarit\u00e1nka"}]}},"_links":{"self":[{"href":"https:\/\/chrystus.pl\/cs\/wp-json\/wp\/v2\/posts\/1557","targetHints":{"allow":["GET"]}}],"collection":[{"href":"https:\/\/chrystus.pl\/cs\/wp-json\/wp\/v2\/posts"}],"about":[{"href":"https:\/\/chrystus.pl\/cs\/wp-json\/wp\/v2\/types\/post"}],"author":[{"embeddable":true,"href":"https:\/\/chrystus.pl\/cs\/wp-json\/wp\/v2\/users\/1"}],"replies":[{"embeddable":true,"href":"https:\/\/chrystus.pl\/cs\/wp-json\/wp\/v2\/comments?post=1557"}],"version-history":[{"count":0,"href":"https:\/\/chrystus.pl\/cs\/wp-json\/wp\/v2\/posts\/1557\/revisions"}],"wp:featuredmedia":[{"embeddable":true,"href":"https:\/\/chrystus.pl\/cs\/wp-json\/wp\/v2\/media\/1558"}],"wp:attachment":[{"href":"https:\/\/chrystus.pl\/cs\/wp-json\/wp\/v2\/media?parent=1557"}],"wp:term":[{"taxonomy":"category","embeddable":true,"href":"https:\/\/chrystus.pl\/cs\/wp-json\/wp\/v2\/categories?post=1557"},{"taxonomy":"post_tag","embeddable":true,"href":"https:\/\/chrystus.pl\/cs\/wp-json\/wp\/v2\/tags?post=1557"}],"curies":[{"name":"wp","href":"https:\/\/api.w.org\/{rel}","templated":true}]}}