{"id":1587,"date":"2020-04-29T19:52:42","date_gmt":"2020-04-29T19:52:42","guid":{"rendered":"https:\/\/chrystus.pl\/?p=1587"},"modified":"2020-04-29T19:52:53","modified_gmt":"2020-04-29T19:52:53","slug":"dlaczego-maryja-jest-wzorem-adwentowego-czuwania","status":"publish","type":"post","link":"https:\/\/chrystus.pl\/cs\/dlaczego-maryja-jest-wzorem-adwentowego-czuwania\/","title":{"rendered":"Pro\u010d je Maria vzorem adventn\u00ed vigilie?"},"content":{"rendered":"<p>Pro\u010d je Maria vzorem adventn\u00ed vigilie? Odpov\u011b\u010f na tuto ot\u00e1zku naleznete v \u00faryvku z Luk\u00e1\u0161ova evangelia. V Luk\u00e1\u0161ov\u011b evangeliu v 1. kapitole ve ver\u0161\u00edch 26 a\u017e 38 popisuje zv\u011bstov\u00e1n\u00ed a ud\u00e1lost, kdy se Maria dozv\u00edd\u00e1 o sv\u00e9 zvl\u00e1\u0161tn\u00ed roli od and\u011bla Gabriela, kter\u00e9ho poslal B\u016fh.<\/p>\n<p>Maria pozorn\u011b naslouchala roli, kterou pro ni B\u016fh zam\u00fd\u0161lel, a pak mu bez sebemen\u0161\u00edho zav\u00e1h\u00e1n\u00ed sv\u011b\u0159ila sv\u016fj \u017eivot. Maria za\u010d\u00edn\u00e1 obdob\u00ed o\u010dek\u00e1v\u00e1n\u00ed p\u0159\u00edchodu sv\u00e9ho Syna a z\u00e1rove\u0148 za\u010d\u00edn\u00e1 svou roli.<\/p>\n<p>Co je to adventn\u00ed vigilie? Je to obdob\u00ed od prvn\u00edch ne\u0161por \u010dtvrt\u00e9 ned\u011ble p\u0159ed V\u00e1nocemi do soumraku 24. prosince. Je to obdob\u00ed \u010dek\u00e1n\u00ed na <a href=\"https:\/\/chrystus.pl\/cs\/co-to-jest-paruzja-i-co-znaczy\/\">na<\/a> przyj\u015bcie na Ziemi\u0119 Jezusa Chrystusa, stanowi\u0105cy jednocze\u015bnie pami\u0105tk\u0119 Jego pierwszego przyj\u015bcia na ziemi\u0119, czyli narodzin Chrystusa. Tak wi\u0119c Maryja jest tutaj szczeg\u00f3lnym wzorem do na\u015bladowania, poniewa\u017c to Ona jako pierwsza pos\u0142usznie przyj\u0119\u0142a swoj\u0105 rol\u0119 i pokaza\u0142a nam wszystkim jak nale\u017cy si\u0119 do przyj\u015bcia naszego Pana przygotowa\u0107. To ona ca\u0142kowicie odda\u0142a si\u0119 tej roli, stawiaj\u0105c na pierwszym miejscu Boga, co powinien zrobi\u0107 ka\u017cdy chrze\u015bcijanin, szczeg\u00f3lnie w trakcie adwentowego czuwania. Niechaj w tym szczeg\u00f3lnym okresie ka\u017cdy z nas odda si\u0119 pod opiek\u0119 Matki Boskiej i powierzy jej w pe\u0142ni swoje \u017cycie.<\/p>","protected":false},"excerpt":{"rendered":"<p>Dlaczego Maryja jest wzorem adwentowego czuwania? Odpowied\u017a na to pytanie znajdziemy we fragmencie Ewangelii \u015bwi\u0119tego \u0141ukasza. Chodzi dok\u0142adnie o rozdzia\u0142 1 tej Ewangelii, wersety od 26 do 38, w kt\u00f3rym to \u015bw. \u0141ukasz opisuje Zwiastowanie Maryjne i wydarzenie w trakcie, kt\u00f3rych Maryja dowiaduje si\u0119 o swojej szczeg\u00f3lnej roli od pos\u0142anego przez Boga, anio\u0142a Gabriela. Maryja &hellip;<\/p>","protected":false},"author":1,"featured_media":1588,"comment_status":"closed","ping_status":"closed","sticky":false,"template":"","format":"standard","meta":{"footnotes":""},"categories":[64],"tags":[],"class_list":["post-1587","post","type-post","status-publish","format-standard","has-post-thumbnail","hentry","category-maryja"],"yoast_head":"<!-- This site is optimized with the Yoast SEO plugin v27.5 - https:\/\/yoast.com\/product\/yoast-seo-wordpress\/ -->\n<title>Dlaczego Maryja jest wzorem adwentowego czuwania? - Chrystus<\/title>\n<meta name=\"description\" content=\"Dlaczego Maryja jest wzorem adwentowego czuwania? Odpowied\u017a na to pytanie znajdziemy we fragmencie Ewangelii \u015bwi\u0119tego \u0141ukasza. Chodzi dok\u0142adnie o rozdzia\u0142\" \/>\n<meta name=\"robots\" content=\"index, follow, max-snippet:-1, max-image-preview:large, max-video-preview:-1\" \/>\n<link rel=\"canonical\" href=\"https:\/\/chrystus.pl\/cs\/proc-mary-je-vzor-dobrodruzneho-citeni-2\/\" \/>\n<meta property=\"og:locale\" content=\"cs_CZ\" \/>\n<meta property=\"og:type\" content=\"article\" \/>\n<meta property=\"og:title\" content=\"Dlaczego Maryja jest wzorem adwentowego czuwania?\" \/>\n<meta property=\"og:description\" content=\"Maryja uwa\u017cnie wys\u0142ucha\u0142a roli jak\u0105 przeznaczy\u0142 dla niej Pan B\u00f3g po czym bez najmniejszego zawahania zaufa\u0142a Mu oddaj\u0105c w pe\u0142ni swoje \u017cycie. Maryja zaczyna okres oczekiwania na przyj\u015bcie swojego Syna, jednocze\u015bnie rozpoczynaj\u0105c swoj\u0105 rol\u0119.\" \/>\n<meta property=\"og:url\" content=\"https:\/\/chrystus.pl\/cs\/proc-mary-je-vzor-dobrodruzneho-citeni-2\/\" \/>\n<meta property=\"og:site_name\" content=\"Chrystus\" \/>\n<meta property=\"article:published_time\" content=\"2020-04-29T19:52:42+00:00\" \/>\n<meta property=\"article:modified_time\" content=\"2020-04-29T19:52:53+00:00\" \/>\n<meta property=\"og:image\" content=\"https:\/\/chrystus.pl\/wp-content\/uploads\/2020\/04\/Dlaczego-Maryja-jest-wzorem-adwentowego-czuwania.jpg\" \/>\n\t<meta property=\"og:image:width\" content=\"640\" \/>\n\t<meta property=\"og:image:height\" content=\"426\" \/>\n\t<meta property=\"og:image:type\" content=\"image\/jpeg\" \/>\n<meta name=\"author\" content=\"Samarytanka\" \/>\n<meta name=\"twitter:card\" content=\"summary_large_image\" \/>\n<meta name=\"twitter:title\" content=\"Dlaczego Maryja jest wzorem adwentowego czuwania?\" \/>\n<meta name=\"twitter:description\" content=\"Maryja uwa\u017cnie wys\u0142ucha\u0142a roli jak\u0105 przeznaczy\u0142 dla niej Pan B\u00f3g po czym bez najmniejszego zawahania zaufa\u0142a Mu oddaj\u0105c w pe\u0142ni swoje \u017cycie. Maryja zaczyna okres oczekiwania na przyj\u015bcie swojego Syna, jednocze\u015bnie rozpoczynaj\u0105c swoj\u0105 rol\u0119.\" \/>\n<meta name=\"twitter:image\" content=\"https:\/\/chrystus.pl\/wp-content\/uploads\/2020\/04\/Dlaczego-Maryja-jest-wzorem-adwentowego-czuwania.jpg\" \/>\n<meta name=\"twitter:label1\" content=\"Napsal(a)\" \/>\n\t<meta name=\"twitter:data1\" content=\"Samarytanka\" \/>\n\t<meta name=\"twitter:label2\" content=\"Odhadovan\u00e1 doba \u010dten\u00ed\" \/>\n\t<meta name=\"twitter:data2\" content=\"1 minuta\" \/>\n<!-- \/ Yoast SEO plugin. -->","yoast_head_json":{"title":"Pro\u010d je Maria vzorem adventn\u00ed vigilie? - Kristus","description":"Pro\u010d je Maria vzorem adventn\u00ed vigilie? Odpov\u011b\u010f na tuto ot\u00e1zku nalezneme v \u00faryvku z evangelia svat\u00e9ho Luk\u00e1\u0161e. Pr\u00e1v\u011b tato kapitola","robots":{"index":"index","follow":"follow","max-snippet":"max-snippet:-1","max-image-preview":"max-image-preview:large","max-video-preview":"max-video-preview:-1"},"canonical":"https:\/\/chrystus.pl\/cs\/proc-mary-je-vzor-dobrodruzneho-citeni-2\/","og_locale":"cs_CZ","og_type":"article","og_title":"Dlaczego Maryja jest wzorem adwentowego czuwania?","og_description":"Maryja uwa\u017cnie wys\u0142ucha\u0142a roli jak\u0105 przeznaczy\u0142 dla niej Pan B\u00f3g po czym bez najmniejszego zawahania zaufa\u0142a Mu oddaj\u0105c w pe\u0142ni swoje \u017cycie. Maryja zaczyna okres oczekiwania na przyj\u015bcie swojego Syna, jednocze\u015bnie rozpoczynaj\u0105c swoj\u0105 rol\u0119.","og_url":"https:\/\/chrystus.pl\/cs\/proc-mary-je-vzor-dobrodruzneho-citeni-2\/","og_site_name":"Chrystus","article_published_time":"2020-04-29T19:52:42+00:00","article_modified_time":"2020-04-29T19:52:53+00:00","og_image":[{"width":640,"height":426,"url":"https:\/\/chrystus.pl\/wp-content\/uploads\/2020\/04\/Dlaczego-Maryja-jest-wzorem-adwentowego-czuwania.jpg","type":"image\/jpeg"}],"author":"Samarytanka","twitter_card":"summary_large_image","twitter_title":"Dlaczego Maryja jest wzorem adwentowego czuwania?","twitter_description":"Maryja uwa\u017cnie wys\u0142ucha\u0142a roli jak\u0105 przeznaczy\u0142 dla niej Pan B\u00f3g po czym bez najmniejszego zawahania zaufa\u0142a Mu oddaj\u0105c w pe\u0142ni swoje \u017cycie. Maryja zaczyna okres oczekiwania na przyj\u015bcie swojego Syna, jednocze\u015bnie rozpoczynaj\u0105c swoj\u0105 rol\u0119.","twitter_image":"https:\/\/chrystus.pl\/wp-content\/uploads\/2020\/04\/Dlaczego-Maryja-jest-wzorem-adwentowego-czuwania.jpg","twitter_misc":{"Napsal(a)":"Samarytanka","Odhadovan\u00e1 doba \u010dten\u00ed":"1 minuta"},"schema":{"@context":"https:\/\/schema.org","@graph":[{"@type":"Article","@id":"https:\/\/chrystus.pl\/dlaczego-maryja-jest-wzorem-adwentowego-czuwania\/#article","isPartOf":{"@id":"https:\/\/chrystus.pl\/dlaczego-maryja-jest-wzorem-adwentowego-czuwania\/"},"author":{"name":"Samarytanka","@id":"https:\/\/chrystus.pl\/#\/schema\/person\/e2e742452b8b7b2bcd23ea180671d27a"},"headline":"Dlaczego Maryja jest wzorem adwentowego czuwania?","datePublished":"2020-04-29T19:52:42+00:00","dateModified":"2020-04-29T19:52:53+00:00","mainEntityOfPage":{"@id":"https:\/\/chrystus.pl\/dlaczego-maryja-jest-wzorem-adwentowego-czuwania\/"},"wordCount":253,"publisher":{"@id":"https:\/\/chrystus.pl\/#organization"},"image":{"@id":"https:\/\/chrystus.pl\/dlaczego-maryja-jest-wzorem-adwentowego-czuwania\/#primaryimage"},"thumbnailUrl":"https:\/\/chrystus.pl\/wp-content\/uploads\/2020\/04\/Dlaczego-Maryja-jest-wzorem-adwentowego-czuwania.jpg","articleSection":["Maryja"],"inLanguage":"cs"},{"@type":"WebPage","@id":"https:\/\/chrystus.pl\/dlaczego-maryja-jest-wzorem-adwentowego-czuwania\/","url":"https:\/\/chrystus.pl\/dlaczego-maryja-jest-wzorem-adwentowego-czuwania\/","name":"Pro\u010d je Maria vzorem adventn\u00ed vigilie? - Kristus","isPartOf":{"@id":"https:\/\/chrystus.pl\/#website"},"primaryImageOfPage":{"@id":"https:\/\/chrystus.pl\/dlaczego-maryja-jest-wzorem-adwentowego-czuwania\/#primaryimage"},"image":{"@id":"https:\/\/chrystus.pl\/dlaczego-maryja-jest-wzorem-adwentowego-czuwania\/#primaryimage"},"thumbnailUrl":"https:\/\/chrystus.pl\/wp-content\/uploads\/2020\/04\/Dlaczego-Maryja-jest-wzorem-adwentowego-czuwania.jpg","datePublished":"2020-04-29T19:52:42+00:00","dateModified":"2020-04-29T19:52:53+00:00","description":"Pro\u010d je Maria vzorem adventn\u00ed vigilie? Odpov\u011b\u010f na tuto ot\u00e1zku nalezneme v \u00faryvku z evangelia svat\u00e9ho Luk\u00e1\u0161e. Pr\u00e1v\u011b tato kapitola","breadcrumb":{"@id":"https:\/\/chrystus.pl\/dlaczego-maryja-jest-wzorem-adwentowego-czuwania\/#breadcrumb"},"inLanguage":"cs","potentialAction":[{"@type":"ReadAction","target":["https:\/\/chrystus.pl\/dlaczego-maryja-jest-wzorem-adwentowego-czuwania\/"]}]},{"@type":"ImageObject","inLanguage":"cs","@id":"https:\/\/chrystus.pl\/dlaczego-maryja-jest-wzorem-adwentowego-czuwania\/#primaryimage","url":"https:\/\/chrystus.pl\/wp-content\/uploads\/2020\/04\/Dlaczego-Maryja-jest-wzorem-adwentowego-czuwania.jpg","contentUrl":"https:\/\/chrystus.pl\/wp-content\/uploads\/2020\/04\/Dlaczego-Maryja-jest-wzorem-adwentowego-czuwania.jpg","width":640,"height":426,"caption":"Dlaczego Maryja jest wzorem adwentowego czuwania"},{"@type":"BreadcrumbList","@id":"https:\/\/chrystus.pl\/dlaczego-maryja-jest-wzorem-adwentowego-czuwania\/#breadcrumb","itemListElement":[{"@type":"ListItem","position":1,"name":"Strona g\u0142\u00f3wna","item":"https:\/\/chrystus.pl\/"},{"@type":"ListItem","position":2,"name":"Dlaczego Maryja jest wzorem adwentowego czuwania?"}]},{"@type":"WebSite","@id":"https:\/\/chrystus.pl\/#website","url":"https:\/\/chrystus.pl\/","name":"Kristus","description":"B\u016fh, Maria, Je\u017e\u00ed\u0161, p\u0159ij\u00edm\u00e1n\u00ed a dal\u0161\u00ed informace","publisher":{"@id":"https:\/\/chrystus.pl\/#organization"},"potentialAction":[{"@type":"SearchAction","target":{"@type":"EntryPoint","urlTemplate":"https:\/\/chrystus.pl\/?s={search_term_string}"},"query-input":{"@type":"PropertyValueSpecification","valueRequired":true,"valueName":"search_term_string"}}],"inLanguage":"cs"},{"@type":"Organization","@id":"https:\/\/chrystus.pl\/#organization","name":"Christ.pl","url":"https:\/\/chrystus.pl\/","logo":{"@type":"ImageObject","inLanguage":"cs","@id":"https:\/\/chrystus.pl\/#\/schema\/logo\/image\/","url":"https:\/\/chrystus.pl\/wp-content\/uploads\/2019\/03\/chrystus-bog-maryja-komunia-bierzmowanie.jpg","contentUrl":"https:\/\/chrystus.pl\/wp-content\/uploads\/2019\/03\/chrystus-bog-maryja-komunia-bierzmowanie.jpg","width":1920,"height":1280,"caption":"Chrystus.pl"},"image":{"@id":"https:\/\/chrystus.pl\/#\/schema\/logo\/image\/"}},{"@type":"Person","@id":"https:\/\/chrystus.pl\/#\/schema\/person\/e2e742452b8b7b2bcd23ea180671d27a","name":"Samarit\u00e1nka"}]}},"_links":{"self":[{"href":"https:\/\/chrystus.pl\/cs\/wp-json\/wp\/v2\/posts\/1587","targetHints":{"allow":["GET"]}}],"collection":[{"href":"https:\/\/chrystus.pl\/cs\/wp-json\/wp\/v2\/posts"}],"about":[{"href":"https:\/\/chrystus.pl\/cs\/wp-json\/wp\/v2\/types\/post"}],"author":[{"embeddable":true,"href":"https:\/\/chrystus.pl\/cs\/wp-json\/wp\/v2\/users\/1"}],"replies":[{"embeddable":true,"href":"https:\/\/chrystus.pl\/cs\/wp-json\/wp\/v2\/comments?post=1587"}],"version-history":[{"count":0,"href":"https:\/\/chrystus.pl\/cs\/wp-json\/wp\/v2\/posts\/1587\/revisions"}],"wp:featuredmedia":[{"embeddable":true,"href":"https:\/\/chrystus.pl\/cs\/wp-json\/wp\/v2\/media\/1588"}],"wp:attachment":[{"href":"https:\/\/chrystus.pl\/cs\/wp-json\/wp\/v2\/media?parent=1587"}],"wp:term":[{"taxonomy":"category","embeddable":true,"href":"https:\/\/chrystus.pl\/cs\/wp-json\/wp\/v2\/categories?post=1587"},{"taxonomy":"post_tag","embeddable":true,"href":"https:\/\/chrystus.pl\/cs\/wp-json\/wp\/v2\/tags?post=1587"}],"curies":[{"name":"wp","href":"https:\/\/api.w.org\/{rel}","templated":true}]}}