{"id":1919,"date":"2020-12-20T15:23:30","date_gmt":"2020-12-20T15:23:30","guid":{"rendered":"https:\/\/chrystus.pl\/?p=1919"},"modified":"2020-12-20T15:23:52","modified_gmt":"2020-12-20T15:23:52","slug":"objawienia-w-lourdes","status":"publish","type":"post","link":"https:\/\/chrystus.pl\/cs\/objawienia-w-lourdes\/","title":{"rendered":"Zjeven\u00ed v Lurdech"},"content":{"rendered":"<p><strong>Psal se rok 1958, kdy\u017e mlad\u00e1 d\u00edvka jm\u00e9nem Bernadetta za\u010dala pro\u017e\u00edvat \u0159adu mari\u00e1nsk\u00fdch zjeven\u00ed, celkem osmn\u00e1ct. O pouh\u00e9 \u010dty\u0159i roky pozd\u011bji uznal biskup obce Tarabes ve francouzsk\u00fdch Pyrenej\u00edch takzvan\u00e1 lurdsk\u00e1 zjeven\u00ed za prav\u00e1.<\/strong><\/p>\n\n\n\n<p>Dnes je svatyn\u011b Panny Marie Lurdsk\u00e9 \u010dast\u00fdm poutn\u00edm m\u00edstem. Nen\u00ed divu, v\u017edy\u0165 c\u00edrkev ofici\u00e1ln\u011b uznala, \u017ee se na tomto m\u00edst\u011b ud\u00e1lo a\u017e 67 z\u00e1zrak\u016f, a p\u0159\u00edpady nevysv\u011btliteln\u00fdch uzdraven\u00ed se po\u010d\u00edtaj\u00ed na tis\u00edce. Bernadetty, kter\u00e9 se t\u00fdkala zjeven\u00ed v Lurdech, se setkal v nedalek\u00e9 jeskyni \"Kr\u00e1sn\u00e1 pan\u00ed\". P\u0159i slavnosti Zv\u011bstov\u00e1n\u00ed pr\u00fd \u0159ekla: \"J\u00e1 jsem Neposkvrn\u011bn\u00e9 po\u010det\u00ed...\". Sv\u011bdky t\u011bchto ud\u00e1lost\u00ed byli m\u00edstn\u00ed obyvatel\u00e9, kte\u0159\u00ed v jeskyni \u010dasto hledali \u00fato\u010di\u0161t\u011b a odpo\u010dinek.<\/p>\n\n\n\n<h2 class=\"wp-block-heading\">Zjeven\u00ed v Lurdech<\/h2>\n\n\n\n<p>Najbardziej znamiennym znakiem, jaki przynios\u0142o kolejne objawienie z Lourdes, by\u0142o pojawienie si\u0119 cudownego \u017ar\u00f3d\u0142a. To w\u0142a\u015bnie po obmyciu w nim, bywalcy groty Massabielle mieli szans\u0119 na pe\u0142ne uzdrowienie. Warto wiedzie\u0107, \u017ce obecnie bardzo popularny jest wizerunek Matki Boskiej, wykonany przez rze\u017abiarza z Lyonu w 1964 roku. Samo miejsce kultu jest ka\u017cdego roku odwiedzane przez kilka milion\u00f3w pielgrzym\u00f3w, w tym wielu nieuleczalnie chorych, kt\u00f3rzy szukaj\u0105 tu ulgi w chorobie. Bardzo cz\u0119sto s\u0105 tam organizowane r\u00f3wnie\u017c pielgrzymki z Polski. Co istotne, sama Bernadetta zosta\u0142a uznana za \u015bwi\u0119t\u0105, a na terenie Sanktuarium znajduje si\u0119 r\u00f3wnie\u017c jej ko\u015bci\u00f3\u0142.<\/p>","protected":false},"excerpt":{"rendered":"<p>By\u0142 rok 1958, gdy m\u0142oda dziewczyna o imieniu Bernadette zacz\u0119\u0142a do\u015bwiadcza\u0107 ca\u0142ej serii objawie\u0144 maryjnych, kt\u00f3rych w sumie by\u0142o a\u017c osiemna\u015bcie. Ju\u017c cztery lata p\u00f3\u017aniej, tzw. objawienia Lourdes zosta\u0142y uznane za autentyczne przez biskupa gminy Tarabes we francuskich Pirenejach Wysokich. Obecnie Sanktuarium Matki Boskiej w Lourdes jest cz\u0119stym miejscem pielgrzymek. Nic dziwnego, bowiem Ko\u015bci\u00f3\u0142 oficjalnie &hellip;<\/p>","protected":false},"author":1,"featured_media":1920,"comment_status":"closed","ping_status":"closed","sticky":false,"template":"","format":"standard","meta":{"footnotes":""},"categories":[64],"tags":[],"class_list":["post-1919","post","type-post","status-publish","format-standard","has-post-thumbnail","hentry","category-maryja"],"yoast_head":"<!-- This site is optimized with the Yoast SEO plugin v27.5 - https:\/\/yoast.com\/product\/yoast-seo-wordpress\/ -->\n<title>Objawienia w Lourdes - Chrystus<\/title>\n<meta name=\"description\" content=\"By\u0142 rok 1958, gdy m\u0142oda dziewczyna o imieniu Bernadette zacz\u0119\u0142a do\u015bwiadcza\u0107 ca\u0142ej serii objawie\u0144 maryjnych, kt\u00f3rych w sumie by\u0142o a\u017c osiemna\u015bcie. Ju\u017c\" \/>\n<meta name=\"robots\" content=\"index, follow, max-snippet:-1, max-image-preview:large, max-video-preview:-1\" \/>\n<link rel=\"canonical\" href=\"https:\/\/chrystus.pl\/cs\/revelations-in-lourdes\/\" \/>\n<meta property=\"og:locale\" content=\"cs_CZ\" \/>\n<meta property=\"og:type\" content=\"article\" \/>\n<meta property=\"og:title\" content=\"Objawienia w Lourdes\" \/>\n<meta property=\"og:description\" content=\"By\u0142 rok 1958, gdy m\u0142oda dziewczyna o imieniu Bernadette zacz\u0119\u0142a do\u015bwiadcza\u0107 ca\u0142ej serii objawie\u0144 maryjnych, kt\u00f3rych w sumie by\u0142o a\u017c osiemna\u015bcie.\" \/>\n<meta property=\"og:url\" content=\"https:\/\/chrystus.pl\/cs\/revelations-in-lourdes\/\" \/>\n<meta property=\"og:site_name\" content=\"Chrystus\" \/>\n<meta property=\"article:published_time\" content=\"2020-12-20T15:23:30+00:00\" \/>\n<meta property=\"article:modified_time\" content=\"2020-12-20T15:23:52+00:00\" \/>\n<meta property=\"og:image\" content=\"https:\/\/chrystus.pl\/wp-content\/uploads\/2020\/12\/objawienia-w-lourdes.jpg\" \/>\n\t<meta property=\"og:image:width\" content=\"640\" \/>\n\t<meta property=\"og:image:height\" content=\"426\" \/>\n\t<meta property=\"og:image:type\" content=\"image\/jpeg\" \/>\n<meta name=\"author\" content=\"Samarytanka\" \/>\n<meta name=\"twitter:card\" content=\"summary_large_image\" \/>\n<meta name=\"twitter:title\" content=\"Objawienia w Lourdes\" \/>\n<meta name=\"twitter:description\" content=\"By\u0142 rok 1958, gdy m\u0142oda dziewczyna o imieniu Bernadette zacz\u0119\u0142a do\u015bwiadcza\u0107 ca\u0142ej serii objawie\u0144 maryjnych, kt\u00f3rych w sumie by\u0142o a\u017c osiemna\u015bcie.\" \/>\n<meta name=\"twitter:image\" content=\"https:\/\/chrystus.pl\/wp-content\/uploads\/2020\/12\/objawienia-w-lourdes.jpg\" \/>\n<meta name=\"twitter:label1\" content=\"Napsal(a)\" \/>\n\t<meta name=\"twitter:data1\" content=\"Samarytanka\" \/>\n\t<meta name=\"twitter:label2\" content=\"Odhadovan\u00e1 doba \u010dten\u00ed\" \/>\n\t<meta name=\"twitter:data2\" content=\"1 minuta\" \/>\n<!-- \/ Yoast SEO plugin. -->","yoast_head_json":{"title":"Zjeven\u00ed v Lurdech - Kristus","description":"Psal se rok 1958, kdy\u017e mlad\u00e1 d\u00edvka jm\u00e9nem Bernadetta za\u010dala pro\u017e\u00edvat s\u00e9rii mari\u00e1nsk\u00fdch zjeven\u00ed, celkem jich bylo osmn\u00e1ct. Ji\u017e","robots":{"index":"index","follow":"follow","max-snippet":"max-snippet:-1","max-image-preview":"max-image-preview:large","max-video-preview":"max-video-preview:-1"},"canonical":"https:\/\/chrystus.pl\/cs\/revelations-in-lourdes\/","og_locale":"cs_CZ","og_type":"article","og_title":"Objawienia w Lourdes","og_description":"By\u0142 rok 1958, gdy m\u0142oda dziewczyna o imieniu Bernadette zacz\u0119\u0142a do\u015bwiadcza\u0107 ca\u0142ej serii objawie\u0144 maryjnych, kt\u00f3rych w sumie by\u0142o a\u017c osiemna\u015bcie.","og_url":"https:\/\/chrystus.pl\/cs\/revelations-in-lourdes\/","og_site_name":"Chrystus","article_published_time":"2020-12-20T15:23:30+00:00","article_modified_time":"2020-12-20T15:23:52+00:00","og_image":[{"width":640,"height":426,"url":"https:\/\/chrystus.pl\/wp-content\/uploads\/2020\/12\/objawienia-w-lourdes.jpg","type":"image\/jpeg"}],"author":"Samarytanka","twitter_card":"summary_large_image","twitter_title":"Objawienia w Lourdes","twitter_description":"By\u0142 rok 1958, gdy m\u0142oda dziewczyna o imieniu Bernadette zacz\u0119\u0142a do\u015bwiadcza\u0107 ca\u0142ej serii objawie\u0144 maryjnych, kt\u00f3rych w sumie by\u0142o a\u017c osiemna\u015bcie.","twitter_image":"https:\/\/chrystus.pl\/wp-content\/uploads\/2020\/12\/objawienia-w-lourdes.jpg","twitter_misc":{"Napsal(a)":"Samarytanka","Odhadovan\u00e1 doba \u010dten\u00ed":"1 minuta"},"schema":{"@context":"https:\/\/schema.org","@graph":[{"@type":"Article","@id":"https:\/\/chrystus.pl\/objawienia-w-lourdes\/#article","isPartOf":{"@id":"https:\/\/chrystus.pl\/objawienia-w-lourdes\/"},"author":{"name":"Samarytanka","@id":"https:\/\/chrystus.pl\/#\/schema\/person\/e2e742452b8b7b2bcd23ea180671d27a"},"headline":"Objawienia w Lourdes","datePublished":"2020-12-20T15:23:30+00:00","dateModified":"2020-12-20T15:23:52+00:00","mainEntityOfPage":{"@id":"https:\/\/chrystus.pl\/objawienia-w-lourdes\/"},"wordCount":248,"publisher":{"@id":"https:\/\/chrystus.pl\/#organization"},"image":{"@id":"https:\/\/chrystus.pl\/objawienia-w-lourdes\/#primaryimage"},"thumbnailUrl":"https:\/\/chrystus.pl\/wp-content\/uploads\/2020\/12\/objawienia-w-lourdes.jpg","articleSection":["Maryja"],"inLanguage":"cs"},{"@type":"WebPage","@id":"https:\/\/chrystus.pl\/objawienia-w-lourdes\/","url":"https:\/\/chrystus.pl\/objawienia-w-lourdes\/","name":"Zjeven\u00ed v Lurdech - Kristus","isPartOf":{"@id":"https:\/\/chrystus.pl\/#website"},"primaryImageOfPage":{"@id":"https:\/\/chrystus.pl\/objawienia-w-lourdes\/#primaryimage"},"image":{"@id":"https:\/\/chrystus.pl\/objawienia-w-lourdes\/#primaryimage"},"thumbnailUrl":"https:\/\/chrystus.pl\/wp-content\/uploads\/2020\/12\/objawienia-w-lourdes.jpg","datePublished":"2020-12-20T15:23:30+00:00","dateModified":"2020-12-20T15:23:52+00:00","description":"Psal se rok 1958, kdy\u017e mlad\u00e1 d\u00edvka jm\u00e9nem Bernadetta za\u010dala pro\u017e\u00edvat s\u00e9rii mari\u00e1nsk\u00fdch zjeven\u00ed, celkem jich bylo osmn\u00e1ct. Ji\u017e","breadcrumb":{"@id":"https:\/\/chrystus.pl\/objawienia-w-lourdes\/#breadcrumb"},"inLanguage":"cs","potentialAction":[{"@type":"ReadAction","target":["https:\/\/chrystus.pl\/objawienia-w-lourdes\/"]}]},{"@type":"ImageObject","inLanguage":"cs","@id":"https:\/\/chrystus.pl\/objawienia-w-lourdes\/#primaryimage","url":"https:\/\/chrystus.pl\/wp-content\/uploads\/2020\/12\/objawienia-w-lourdes.jpg","contentUrl":"https:\/\/chrystus.pl\/wp-content\/uploads\/2020\/12\/objawienia-w-lourdes.jpg","width":640,"height":426,"caption":"objawienia w lourdes"},{"@type":"BreadcrumbList","@id":"https:\/\/chrystus.pl\/objawienia-w-lourdes\/#breadcrumb","itemListElement":[{"@type":"ListItem","position":1,"name":"Strona g\u0142\u00f3wna","item":"https:\/\/chrystus.pl\/"},{"@type":"ListItem","position":2,"name":"Objawienia w Lourdes"}]},{"@type":"WebSite","@id":"https:\/\/chrystus.pl\/#website","url":"https:\/\/chrystus.pl\/","name":"Kristus","description":"B\u016fh, Maria, Je\u017e\u00ed\u0161, p\u0159ij\u00edm\u00e1n\u00ed a dal\u0161\u00ed informace","publisher":{"@id":"https:\/\/chrystus.pl\/#organization"},"potentialAction":[{"@type":"SearchAction","target":{"@type":"EntryPoint","urlTemplate":"https:\/\/chrystus.pl\/?s={search_term_string}"},"query-input":{"@type":"PropertyValueSpecification","valueRequired":true,"valueName":"search_term_string"}}],"inLanguage":"cs"},{"@type":"Organization","@id":"https:\/\/chrystus.pl\/#organization","name":"Christ.pl","url":"https:\/\/chrystus.pl\/","logo":{"@type":"ImageObject","inLanguage":"cs","@id":"https:\/\/chrystus.pl\/#\/schema\/logo\/image\/","url":"https:\/\/chrystus.pl\/wp-content\/uploads\/2019\/03\/chrystus-bog-maryja-komunia-bierzmowanie.jpg","contentUrl":"https:\/\/chrystus.pl\/wp-content\/uploads\/2019\/03\/chrystus-bog-maryja-komunia-bierzmowanie.jpg","width":1920,"height":1280,"caption":"Chrystus.pl"},"image":{"@id":"https:\/\/chrystus.pl\/#\/schema\/logo\/image\/"}},{"@type":"Person","@id":"https:\/\/chrystus.pl\/#\/schema\/person\/e2e742452b8b7b2bcd23ea180671d27a","name":"Samarit\u00e1nka"}]}},"_links":{"self":[{"href":"https:\/\/chrystus.pl\/cs\/wp-json\/wp\/v2\/posts\/1919","targetHints":{"allow":["GET"]}}],"collection":[{"href":"https:\/\/chrystus.pl\/cs\/wp-json\/wp\/v2\/posts"}],"about":[{"href":"https:\/\/chrystus.pl\/cs\/wp-json\/wp\/v2\/types\/post"}],"author":[{"embeddable":true,"href":"https:\/\/chrystus.pl\/cs\/wp-json\/wp\/v2\/users\/1"}],"replies":[{"embeddable":true,"href":"https:\/\/chrystus.pl\/cs\/wp-json\/wp\/v2\/comments?post=1919"}],"version-history":[{"count":0,"href":"https:\/\/chrystus.pl\/cs\/wp-json\/wp\/v2\/posts\/1919\/revisions"}],"wp:featuredmedia":[{"embeddable":true,"href":"https:\/\/chrystus.pl\/cs\/wp-json\/wp\/v2\/media\/1920"}],"wp:attachment":[{"href":"https:\/\/chrystus.pl\/cs\/wp-json\/wp\/v2\/media?parent=1919"}],"wp:term":[{"taxonomy":"category","embeddable":true,"href":"https:\/\/chrystus.pl\/cs\/wp-json\/wp\/v2\/categories?post=1919"},{"taxonomy":"post_tag","embeddable":true,"href":"https:\/\/chrystus.pl\/cs\/wp-json\/wp\/v2\/tags?post=1919"}],"curies":[{"name":"wp","href":"https:\/\/api.w.org\/{rel}","templated":true}]}}