{"id":2142,"date":"2021-09-21T05:33:11","date_gmt":"2021-09-21T05:33:11","guid":{"rendered":"https:\/\/chrystus.pl\/?p=2142"},"modified":"2021-09-21T05:33:14","modified_gmt":"2021-09-21T05:33:14","slug":"dlaczego-judasz-sie-powiesil","status":"publish","type":"post","link":"https:\/\/chrystus.pl\/cs\/dlaczego-judasz-sie-powiesil\/","title":{"rendered":"Pro\u010d se Jid\u00e1\u0161 ob\u011bsil?"},"content":{"rendered":"<p>Ze str\u00e1nek P\u00edsma se dozv\u00edd\u00e1me o Jid\u00e1\u0161ov\u011b osudu pot\u00e9, co Je\u017e\u00ed\u0161e vydal velekn\u011b\u017e\u00edm, farize\u016fm a Pil\u00e1tovi. Evangelista Matou\u0161 p\u00ed\u0161e, \u017ee \"hodil st\u0159\u00edbr\u0148\u00e1ky do st\u00e1nku, ode\u0161el, ode\u0161el a ob\u011bsil se\". Ze Skutk\u016f apo\u0161tolsk\u00fdch se dozv\u00edd\u00e1me o n\u011bco v\u00edce, kapitola prvn\u00ed, ver\u0161 18. Pro\u010d se tedy Jid\u00e1\u0161 ob\u011bsil?<\/p>\n\n\n\n<p>Dwa wersety wcze\u015bniej, w Ewangelii Mateusza ma miejsce scena, w kt\u00f3rej Judasz zaczyna \u017ca\u0142owa\u0107 swojego czynu, gdy dowiaduje si\u0119, \u017ce Jezus zosta\u0142 skazany na \u015bmier\u0107. Przychodzi do arcykap\u0142an\u00f3w odda\u0107 srebrniki i m\u00f3wi im, \u017ce zgrzeszy\u0142. Ci natomiast zrzucaj\u0105 na niego ca\u0142\u0105 win\u0119, m\u00f3wi\u0105c \u017ce to jego problem. Mo\u017cna zatem wnioskowa\u0107 po opisie tego wydarzenia, \u017ce Judasz zda\u0142 sobie spraw\u0119 z&nbsp;wyrz\u0105dzonego przez siebie z\u0142a i chcia\u0142 je naprawi\u0107. Jednak wiedzia\u0142, \u017ce by\u0142o to niemo\u017cliwe, ponadto zw\u0105tpi\u0142 w mi\u0142osierdzie Boga i odebra\u0142 sobie \u017cycie, bo nie widzia\u0142 dla siebie przysz\u0142o\u015bci.<\/p>\n\n\n\n<p>H\u0159\u00edch s\u00e1m o sob\u011b n\u00e1m cestu k Bohu nav\u017edy neuzav\u00edr\u00e1. Jeho milosrdenstv\u00ed n\u00e1m m\u016f\u017ee pomoci, abychom to zkusili znovu - p\u0159\u00edkladem, kter\u00fd stoj\u00ed v protikladu k Jid\u00e1\u0161ovu chov\u00e1n\u00ed, je svat\u00fd Petr, kter\u00fd Je\u017e\u00ed\u0161e t\u0159ikr\u00e1t zap\u0159el. On v\u0161ak nepochyboval a nechal Boha jednat. P\u0159ijal odpu\u0161t\u011bn\u00ed a stal se hlavou c\u00edrkve na zemi.<\/p>","protected":false},"excerpt":{"rendered":"<p>Z kart Pisma \u015awi\u0119tego dowiadujemy si\u0119 o losie Judasza po tym, jak wyda\u0142 Jezusa arcykap\u0142anom, faryzeuszom i Pi\u0142atowi. Ewangelista Mateusz pisze, \u017ce \u201erzuciwszy srebrniki ku przybytkowi, oddali\u0142 si\u0119, potem odszed\u0142 i powiesi\u0142 si\u0119\u201d. Niewiele wi\u0119cej dowiadujemy si\u0119 z Dziej\u00f3w Apostolskich, rozdzia\u0142u pierwszego, wersetu 18. Zatem dlaczego Judasz si\u0119 powiesi\u0142? Dwa wersety wcze\u015bniej, w Ewangelii Mateusza &hellip;<\/p>","protected":false},"author":1,"featured_media":0,"comment_status":"closed","ping_status":"closed","sticky":false,"template":"","format":"standard","meta":{"footnotes":""},"categories":[63],"tags":[],"class_list":["post-2142","post","type-post","status-publish","format-standard","hentry","category-przypowiesci"],"yoast_head":"<!-- This site is optimized with the Yoast SEO plugin v27.5 - https:\/\/yoast.com\/product\/yoast-seo-wordpress\/ -->\n<title>Dlaczego Judasz si\u0119 powiesi\u0142? - Chrystus<\/title>\n<meta name=\"description\" content=\"Z kart Pisma \u015awi\u0119tego dowiadujemy si\u0119 o losie Judasza po tym, jak wyda\u0142 Jezusa arcykap\u0142anom, faryzeuszom i Pi\u0142atowi. Ewangelista Mateusz pisze, \u017ce\" \/>\n<meta name=\"robots\" content=\"index, follow, max-snippet:-1, max-image-preview:large, max-video-preview:-1\" \/>\n<link rel=\"canonical\" href=\"https:\/\/chrystus.pl\/cs\/proc-se-jidas-obesil\/\" \/>\n<meta property=\"og:locale\" content=\"cs_CZ\" \/>\n<meta property=\"og:type\" content=\"article\" \/>\n<meta property=\"og:title\" content=\"Dlaczego Judasz si\u0119 powiesi\u0142? - Chrystus\" \/>\n<meta property=\"og:description\" content=\"Z kart Pisma \u015awi\u0119tego dowiadujemy si\u0119 o losie Judasza po tym, jak wyda\u0142 Jezusa arcykap\u0142anom, faryzeuszom i Pi\u0142atowi. Ewangelista Mateusz pisze, \u017ce\" \/>\n<meta property=\"og:url\" content=\"https:\/\/chrystus.pl\/cs\/proc-se-jidas-obesil\/\" \/>\n<meta property=\"og:site_name\" content=\"Chrystus\" \/>\n<meta property=\"article:published_time\" content=\"2021-09-21T05:33:11+00:00\" \/>\n<meta property=\"article:modified_time\" content=\"2021-09-21T05:33:14+00:00\" \/>\n<meta name=\"author\" content=\"Samarytanka\" \/>\n<meta name=\"twitter:card\" content=\"summary_large_image\" \/>\n<meta name=\"twitter:label1\" content=\"Napsal(a)\" \/>\n\t<meta name=\"twitter:data1\" content=\"Samarytanka\" \/>\n\t<meta name=\"twitter:label2\" content=\"Odhadovan\u00e1 doba \u010dten\u00ed\" \/>\n\t<meta name=\"twitter:data2\" content=\"1 minuta\" \/>\n<!-- \/ Yoast SEO plugin. -->","yoast_head_json":{"title":"Pro\u010d se Jid\u00e1\u0161 ob\u011bsil? - Kristus","description":"Ze str\u00e1nek P\u00edsma se dozv\u00edd\u00e1me o Jid\u00e1\u0161ov\u011b osudu pot\u00e9, co Je\u017e\u00ed\u0161e vydal velekn\u011b\u017e\u00edm, farize\u016fm a Pil\u00e1tovi. Evangelista Matou\u0161 p\u00ed\u0161e, \u017ee","robots":{"index":"index","follow":"follow","max-snippet":"max-snippet:-1","max-image-preview":"max-image-preview:large","max-video-preview":"max-video-preview:-1"},"canonical":"https:\/\/chrystus.pl\/cs\/proc-se-jidas-obesil\/","og_locale":"cs_CZ","og_type":"article","og_title":"Dlaczego Judasz si\u0119 powiesi\u0142? - Chrystus","og_description":"Z kart Pisma \u015awi\u0119tego dowiadujemy si\u0119 o losie Judasza po tym, jak wyda\u0142 Jezusa arcykap\u0142anom, faryzeuszom i Pi\u0142atowi. Ewangelista Mateusz pisze, \u017ce","og_url":"https:\/\/chrystus.pl\/cs\/proc-se-jidas-obesil\/","og_site_name":"Chrystus","article_published_time":"2021-09-21T05:33:11+00:00","article_modified_time":"2021-09-21T05:33:14+00:00","author":"Samarytanka","twitter_card":"summary_large_image","twitter_misc":{"Napsal(a)":"Samarytanka","Odhadovan\u00e1 doba \u010dten\u00ed":"1 minuta"},"schema":{"@context":"https:\/\/schema.org","@graph":[{"@type":"Article","@id":"https:\/\/chrystus.pl\/dlaczego-judasz-sie-powiesil\/#article","isPartOf":{"@id":"https:\/\/chrystus.pl\/dlaczego-judasz-sie-powiesil\/"},"author":{"name":"Samarytanka","@id":"https:\/\/chrystus.pl\/#\/schema\/person\/e2e742452b8b7b2bcd23ea180671d27a"},"headline":"Dlaczego Judasz si\u0119 powiesi\u0142?","datePublished":"2021-09-21T05:33:11+00:00","dateModified":"2021-09-21T05:33:14+00:00","mainEntityOfPage":{"@id":"https:\/\/chrystus.pl\/dlaczego-judasz-sie-powiesil\/"},"wordCount":232,"publisher":{"@id":"https:\/\/chrystus.pl\/#organization"},"articleSection":["Przypowie\u015bci"],"inLanguage":"cs"},{"@type":"WebPage","@id":"https:\/\/chrystus.pl\/dlaczego-judasz-sie-powiesil\/","url":"https:\/\/chrystus.pl\/dlaczego-judasz-sie-powiesil\/","name":"Pro\u010d se Jid\u00e1\u0161 ob\u011bsil? - Kristus","isPartOf":{"@id":"https:\/\/chrystus.pl\/#website"},"datePublished":"2021-09-21T05:33:11+00:00","dateModified":"2021-09-21T05:33:14+00:00","description":"Ze str\u00e1nek P\u00edsma se dozv\u00edd\u00e1me o Jid\u00e1\u0161ov\u011b osudu pot\u00e9, co Je\u017e\u00ed\u0161e vydal velekn\u011b\u017e\u00edm, farize\u016fm a Pil\u00e1tovi. Evangelista Matou\u0161 p\u00ed\u0161e, \u017ee","breadcrumb":{"@id":"https:\/\/chrystus.pl\/dlaczego-judasz-sie-powiesil\/#breadcrumb"},"inLanguage":"cs","potentialAction":[{"@type":"ReadAction","target":["https:\/\/chrystus.pl\/dlaczego-judasz-sie-powiesil\/"]}]},{"@type":"BreadcrumbList","@id":"https:\/\/chrystus.pl\/dlaczego-judasz-sie-powiesil\/#breadcrumb","itemListElement":[{"@type":"ListItem","position":1,"name":"Strona g\u0142\u00f3wna","item":"https:\/\/chrystus.pl\/"},{"@type":"ListItem","position":2,"name":"Dlaczego Judasz si\u0119 powiesi\u0142?"}]},{"@type":"WebSite","@id":"https:\/\/chrystus.pl\/#website","url":"https:\/\/chrystus.pl\/","name":"Kristus","description":"B\u016fh, Maria, Je\u017e\u00ed\u0161, p\u0159ij\u00edm\u00e1n\u00ed a dal\u0161\u00ed informace","publisher":{"@id":"https:\/\/chrystus.pl\/#organization"},"potentialAction":[{"@type":"SearchAction","target":{"@type":"EntryPoint","urlTemplate":"https:\/\/chrystus.pl\/?s={search_term_string}"},"query-input":{"@type":"PropertyValueSpecification","valueRequired":true,"valueName":"search_term_string"}}],"inLanguage":"cs"},{"@type":"Organization","@id":"https:\/\/chrystus.pl\/#organization","name":"Christ.pl","url":"https:\/\/chrystus.pl\/","logo":{"@type":"ImageObject","inLanguage":"cs","@id":"https:\/\/chrystus.pl\/#\/schema\/logo\/image\/","url":"https:\/\/chrystus.pl\/wp-content\/uploads\/2019\/03\/chrystus-bog-maryja-komunia-bierzmowanie.jpg","contentUrl":"https:\/\/chrystus.pl\/wp-content\/uploads\/2019\/03\/chrystus-bog-maryja-komunia-bierzmowanie.jpg","width":1920,"height":1280,"caption":"Chrystus.pl"},"image":{"@id":"https:\/\/chrystus.pl\/#\/schema\/logo\/image\/"}},{"@type":"Person","@id":"https:\/\/chrystus.pl\/#\/schema\/person\/e2e742452b8b7b2bcd23ea180671d27a","name":"Samarit\u00e1nka"}]}},"_links":{"self":[{"href":"https:\/\/chrystus.pl\/cs\/wp-json\/wp\/v2\/posts\/2142","targetHints":{"allow":["GET"]}}],"collection":[{"href":"https:\/\/chrystus.pl\/cs\/wp-json\/wp\/v2\/posts"}],"about":[{"href":"https:\/\/chrystus.pl\/cs\/wp-json\/wp\/v2\/types\/post"}],"author":[{"embeddable":true,"href":"https:\/\/chrystus.pl\/cs\/wp-json\/wp\/v2\/users\/1"}],"replies":[{"embeddable":true,"href":"https:\/\/chrystus.pl\/cs\/wp-json\/wp\/v2\/comments?post=2142"}],"version-history":[{"count":0,"href":"https:\/\/chrystus.pl\/cs\/wp-json\/wp\/v2\/posts\/2142\/revisions"}],"wp:attachment":[{"href":"https:\/\/chrystus.pl\/cs\/wp-json\/wp\/v2\/media?parent=2142"}],"wp:term":[{"taxonomy":"category","embeddable":true,"href":"https:\/\/chrystus.pl\/cs\/wp-json\/wp\/v2\/categories?post=2142"},{"taxonomy":"post_tag","embeddable":true,"href":"https:\/\/chrystus.pl\/cs\/wp-json\/wp\/v2\/tags?post=2142"}],"curies":[{"name":"wp","href":"https:\/\/api.w.org\/{rel}","templated":true}]}}