{"id":2145,"date":"2021-09-24T23:44:09","date_gmt":"2021-09-24T23:44:09","guid":{"rendered":"https:\/\/chrystus.pl\/?p=2145"},"modified":"2021-09-24T23:45:04","modified_gmt":"2021-09-24T23:45:04","slug":"jak-dobrze-sie-wyspowiadac-2","status":"publish","type":"post","link":"https:\/\/chrystus.pl\/cs\/jak-dobrze-sie-wyspowiadac-2\/","title":{"rendered":"Je nutn\u00e9 po zpov\u011bdi p\u0159ijmout svat\u00e9 p\u0159ij\u00edm\u00e1n\u00ed?"},"content":{"rendered":"<p>Je nutn\u00e9 po zpov\u011bdi p\u0159ijmout svat\u00e9 p\u0159ij\u00edm\u00e1n\u00ed? Ne. V kanonick\u00e9m pr\u00e1vu neexistuje \u017e\u00e1dn\u00e9 ustanoven\u00ed, kter\u00e9 by v\u011b\u0159\u00edc\u00edm ukl\u00e1dalo povinnost p\u0159ijmout svat\u00e9 p\u0159ij\u00edm\u00e1n\u00ed bezprost\u0159edn\u011b po sv\u00e1tosti pok\u00e1n\u00ed zakon\u010den\u00e9 rozh\u0159e\u0161en\u00edm. Pro\u010d p\u0159esto tolik lid\u00ed p\u0159ij\u00edm\u00e1 sv\u00e1tost eucharistie a\u017e po zpov\u011bdi?<\/p>\n\n\n\n<p>Na ten stan rzeczy sk\u0142ada si\u0119 pewnie wiele czynnik\u00f3w. Przede wszystkim w wielu ko\u015bcio\u0142ach spowied\u017a ma miejsce na kilkadziesi\u0105t minut przed rozpocz\u0119ciem mszy \u015bwi\u0119tej. Osoby id\u0105ce si\u0119 wyspowiada\u0107 zostaj\u0105 wi\u0119c na mszy i przyjmuj\u0105 Eucharysti\u0119.<\/p>\n\n\n\n<p>Nale\u017cy r\u00f3wnie\u017c pami\u0119ta\u0107, \u017ce przyjmowanie Komunii \u015awi\u0119tej podczas gdy mamy \u015bwiadomo\u015b\u0107 pope\u0142nienia grzechu ci\u0119\u017ckiego, jest zabronione. Wiele os\u00f3b decyduje si\u0119 na przyj\u0119cie Eucharystii tu\u017c po spowiedzi, poniewa\u017c wtedy jeste\u015bmy \u201eczy\u015bci\u201d. Nie mamy na sumieniu \u017cadnych grzech\u00f3w. Godne przyj\u0119cie Chrystusa do naszego serca wymaga od nas czysto\u015bci ducha.<\/p>","protected":false},"excerpt":{"rendered":"<p>Czy po spowiedzi trzeba przyj\u0105\u0107 Komuni\u0119 \u015awi\u0119t\u0105? Nie. W Prawie Kanonicznym nie istnieje \u017caden zapis, kt\u00f3ry zobowi\u0105zywa\u0142by wiernych do przyj\u0119cia Komunii \u015awi\u0119tej tu\u017c po sakramencie pokuty zako\u0144czonym rozgrzeszeniem. Dlaczego mimo to tak wiele os\u00f3b przyjmuje sakrament Eucharystii po wykonaniu spowiedzi? Na ten stan rzeczy sk\u0142ada si\u0119 pewnie wiele czynnik\u00f3w. Przede wszystkim w wielu ko\u015bcio\u0142ach spowied\u017a &hellip;<\/p>","protected":false},"author":1,"featured_media":0,"comment_status":"closed","ping_status":"closed","sticky":false,"template":"","format":"standard","meta":{"footnotes":""},"categories":[33],"tags":[],"class_list":["post-2145","post","type-post","status-publish","format-standard","hentry","category-kosciol"],"yoast_head":"<!-- This site is optimized with the Yoast SEO plugin v27.5 - https:\/\/yoast.com\/product\/yoast-seo-wordpress\/ -->\n<title>Czy po spowiedzi trzeba przyj\u0105\u0107 Komuni\u0119 \u015awi\u0119t\u0105? - Chrystus<\/title>\n<meta name=\"description\" content=\"Czy po spowiedzi trzeba przyj\u0105\u0107 Komuni\u0119 \u015awi\u0119t\u0105? Nie. W Prawie Kanonicznym nie istnieje \u017caden zapis, kt\u00f3ry zobowi\u0105zywa\u0142by wiernych do przyj\u0119cia Komunii\" \/>\n<meta name=\"robots\" content=\"index, follow, max-snippet:-1, max-image-preview:large, max-video-preview:-1\" \/>\n<link rel=\"canonical\" href=\"https:\/\/chrystus.pl\/cs\/jak-si-dobre-rict-2\/\" \/>\n<meta property=\"og:locale\" content=\"cs_CZ\" \/>\n<meta property=\"og:type\" content=\"article\" \/>\n<meta property=\"og:title\" content=\"Czy po spowiedzi trzeba przyj\u0105\u0107 Komuni\u0119 \u015awi\u0119t\u0105? - Chrystus\" \/>\n<meta property=\"og:description\" content=\"Czy po spowiedzi trzeba przyj\u0105\u0107 Komuni\u0119 \u015awi\u0119t\u0105? Nie. W Prawie Kanonicznym nie istnieje \u017caden zapis, kt\u00f3ry zobowi\u0105zywa\u0142by wiernych do przyj\u0119cia Komunii\" \/>\n<meta property=\"og:url\" content=\"https:\/\/chrystus.pl\/cs\/jak-si-dobre-rict-2\/\" \/>\n<meta property=\"og:site_name\" content=\"Chrystus\" \/>\n<meta property=\"article:published_time\" content=\"2021-09-24T23:44:09+00:00\" \/>\n<meta property=\"article:modified_time\" content=\"2021-09-24T23:45:04+00:00\" \/>\n<meta name=\"author\" content=\"Samarytanka\" \/>\n<meta name=\"twitter:card\" content=\"summary_large_image\" \/>\n<meta name=\"twitter:label1\" content=\"Napsal(a)\" \/>\n\t<meta name=\"twitter:data1\" content=\"Samarytanka\" \/>\n\t<meta name=\"twitter:label2\" content=\"Odhadovan\u00e1 doba \u010dten\u00ed\" \/>\n\t<meta name=\"twitter:data2\" content=\"1 minuta\" \/>\n<!-- \/ Yoast SEO plugin. -->","yoast_head_json":{"title":"Je nutn\u00e9 po zpov\u011bdi p\u0159ijmout svat\u00e9 p\u0159ij\u00edm\u00e1n\u00ed? - Kristus","description":"Je nutn\u00e9 po zpov\u011bdi p\u0159ijmout svat\u00e9 p\u0159ij\u00edm\u00e1n\u00ed? Ne. V kanonick\u00e9m pr\u00e1vu neexistuje \u017e\u00e1dn\u00e9 ustanoven\u00ed, kter\u00e9 by v\u011b\u0159\u00edc\u00ed zavazovalo k p\u0159ij\u00edm\u00e1n\u00ed.","robots":{"index":"index","follow":"follow","max-snippet":"max-snippet:-1","max-image-preview":"max-image-preview:large","max-video-preview":"max-video-preview:-1"},"canonical":"https:\/\/chrystus.pl\/cs\/jak-si-dobre-rict-2\/","og_locale":"cs_CZ","og_type":"article","og_title":"Czy po spowiedzi trzeba przyj\u0105\u0107 Komuni\u0119 \u015awi\u0119t\u0105? - Chrystus","og_description":"Czy po spowiedzi trzeba przyj\u0105\u0107 Komuni\u0119 \u015awi\u0119t\u0105? Nie. W Prawie Kanonicznym nie istnieje \u017caden zapis, kt\u00f3ry zobowi\u0105zywa\u0142by wiernych do przyj\u0119cia Komunii","og_url":"https:\/\/chrystus.pl\/cs\/jak-si-dobre-rict-2\/","og_site_name":"Chrystus","article_published_time":"2021-09-24T23:44:09+00:00","article_modified_time":"2021-09-24T23:45:04+00:00","author":"Samarytanka","twitter_card":"summary_large_image","twitter_misc":{"Napsal(a)":"Samarytanka","Odhadovan\u00e1 doba \u010dten\u00ed":"1 minuta"},"schema":{"@context":"https:\/\/schema.org","@graph":[{"@type":"Article","@id":"https:\/\/chrystus.pl\/es\/como-se-dice-bien-2\/#article","isPartOf":{"@id":"https:\/\/chrystus.pl\/es\/como-se-dice-bien-2\/"},"author":{"name":"Samarytanka","@id":"https:\/\/chrystus.pl\/#\/schema\/person\/e2e742452b8b7b2bcd23ea180671d27a"},"headline":"Czy po spowiedzi trzeba przyj\u0105\u0107 Komuni\u0119 \u015awi\u0119t\u0105?","datePublished":"2021-09-24T23:44:09+00:00","dateModified":"2021-09-24T23:45:04+00:00","mainEntityOfPage":{"@id":"https:\/\/chrystus.pl\/es\/como-se-dice-bien-2\/"},"wordCount":160,"publisher":{"@id":"https:\/\/chrystus.pl\/#organization"},"articleSection":["Ko\u015bci\u00f3\u0142"],"inLanguage":"cs"},{"@type":"WebPage","@id":"https:\/\/chrystus.pl\/es\/como-se-dice-bien-2\/","url":"https:\/\/chrystus.pl\/es\/como-se-dice-bien-2\/","name":"Je nutn\u00e9 po zpov\u011bdi p\u0159ijmout svat\u00e9 p\u0159ij\u00edm\u00e1n\u00ed? - Kristus","isPartOf":{"@id":"https:\/\/chrystus.pl\/#website"},"datePublished":"2021-09-24T23:44:09+00:00","dateModified":"2021-09-24T23:45:04+00:00","description":"Je nutn\u00e9 po zpov\u011bdi p\u0159ijmout svat\u00e9 p\u0159ij\u00edm\u00e1n\u00ed? Ne. V kanonick\u00e9m pr\u00e1vu neexistuje \u017e\u00e1dn\u00e9 ustanoven\u00ed, kter\u00e9 by v\u011b\u0159\u00edc\u00ed zavazovalo k p\u0159ij\u00edm\u00e1n\u00ed.","breadcrumb":{"@id":"https:\/\/chrystus.pl\/es\/como-se-dice-bien-2\/#breadcrumb"},"inLanguage":"cs","potentialAction":[{"@type":"ReadAction","target":["https:\/\/chrystus.pl\/es\/como-se-dice-bien-2\/"]}]},{"@type":"BreadcrumbList","@id":"https:\/\/chrystus.pl\/es\/como-se-dice-bien-2\/#breadcrumb","itemListElement":[{"@type":"ListItem","position":1,"name":"Strona g\u0142\u00f3wna","item":"https:\/\/chrystus.pl\/"},{"@type":"ListItem","position":2,"name":"Czy po spowiedzi trzeba przyj\u0105\u0107 Komuni\u0119 \u015awi\u0119t\u0105?"}]},{"@type":"WebSite","@id":"https:\/\/chrystus.pl\/#website","url":"https:\/\/chrystus.pl\/","name":"Kristus","description":"B\u016fh, Maria, Je\u017e\u00ed\u0161, p\u0159ij\u00edm\u00e1n\u00ed a dal\u0161\u00ed informace","publisher":{"@id":"https:\/\/chrystus.pl\/#organization"},"potentialAction":[{"@type":"SearchAction","target":{"@type":"EntryPoint","urlTemplate":"https:\/\/chrystus.pl\/?s={search_term_string}"},"query-input":{"@type":"PropertyValueSpecification","valueRequired":true,"valueName":"search_term_string"}}],"inLanguage":"cs"},{"@type":"Organization","@id":"https:\/\/chrystus.pl\/#organization","name":"Christ.pl","url":"https:\/\/chrystus.pl\/","logo":{"@type":"ImageObject","inLanguage":"cs","@id":"https:\/\/chrystus.pl\/#\/schema\/logo\/image\/","url":"https:\/\/chrystus.pl\/wp-content\/uploads\/2019\/03\/chrystus-bog-maryja-komunia-bierzmowanie.jpg","contentUrl":"https:\/\/chrystus.pl\/wp-content\/uploads\/2019\/03\/chrystus-bog-maryja-komunia-bierzmowanie.jpg","width":1920,"height":1280,"caption":"Chrystus.pl"},"image":{"@id":"https:\/\/chrystus.pl\/#\/schema\/logo\/image\/"}},{"@type":"Person","@id":"https:\/\/chrystus.pl\/#\/schema\/person\/e2e742452b8b7b2bcd23ea180671d27a","name":"Samarit\u00e1nka"}]}},"_links":{"self":[{"href":"https:\/\/chrystus.pl\/cs\/wp-json\/wp\/v2\/posts\/2145","targetHints":{"allow":["GET"]}}],"collection":[{"href":"https:\/\/chrystus.pl\/cs\/wp-json\/wp\/v2\/posts"}],"about":[{"href":"https:\/\/chrystus.pl\/cs\/wp-json\/wp\/v2\/types\/post"}],"author":[{"embeddable":true,"href":"https:\/\/chrystus.pl\/cs\/wp-json\/wp\/v2\/users\/1"}],"replies":[{"embeddable":true,"href":"https:\/\/chrystus.pl\/cs\/wp-json\/wp\/v2\/comments?post=2145"}],"version-history":[{"count":0,"href":"https:\/\/chrystus.pl\/cs\/wp-json\/wp\/v2\/posts\/2145\/revisions"}],"wp:attachment":[{"href":"https:\/\/chrystus.pl\/cs\/wp-json\/wp\/v2\/media?parent=2145"}],"wp:term":[{"taxonomy":"category","embeddable":true,"href":"https:\/\/chrystus.pl\/cs\/wp-json\/wp\/v2\/categories?post=2145"},{"taxonomy":"post_tag","embeddable":true,"href":"https:\/\/chrystus.pl\/cs\/wp-json\/wp\/v2\/tags?post=2145"}],"curies":[{"name":"wp","href":"https:\/\/api.w.org\/{rel}","templated":true}]}}