{"id":2362,"date":"2022-12-07T20:51:59","date_gmt":"2022-12-07T20:51:59","guid":{"rendered":"https:\/\/chrystus.pl\/?p=2362"},"modified":"2022-12-07T20:52:02","modified_gmt":"2022-12-07T20:52:02","slug":"patriarcha-bazyli-iii","status":"publish","type":"post","link":"https:\/\/chrystus.pl\/cs\/patriarcha-bazyli-iii\/","title":{"rendered":"Patriarcha Basil III."},"content":{"rendered":"<p><br>Basil III (narozen jako Basil Georgiades, 1846 - 29. z\u00e1\u0159\u00ed 1929) byl konstantinopolsk\u00fdm ekumenick\u00fdm patriarchou v letech 1925-1929. Byl popisov\u00e1n jako moudr\u00fd prel\u00e1t, \"p\u0159\u00edsn\u00fd v \u017eivot\u011b, dobro\u010dinn\u00fd, filantrop a v\u00fdmluvn\u00fd spisovatel\".<\/p>\n\n\n\n<p>\u017divotopisn\u00e9 \u00fadaje<br>Urodzi\u0142 si\u0119 w 1846 roku w Chrysoupoli (Skoutari), Chalkidona. Jego rodzicami byli George, duchowny, i Catherine. Studiowa\u0142 teologi\u0119 i literatur\u0119 na Uniwersytecie w Atenach, kt\u00f3ry uko\u0144czy\u0142 w 1871 roku. W nast\u0119pnym roku zosta\u0142 mianowany profesorem Szko\u0142y Teologicznej w Halki, gdzie przez osiem lat wyk\u0142ada\u0142 j\u0119zyk hebrajski, hermeneutyk\u0119, Stary i Nowy Testament oraz geografi\u0119. Jednocze\u015bnie zajmowa\u0142 si\u0119 badaniami historycznymi r\u0119kopis\u00f3w i publikowa\u0142 na ten temat. B\u0119d\u0105c profesorem, zosta\u0142 w 1880 roku wys\u0142any przez Szko\u0142\u0119 na dalsze studia do Europy. Pracowa\u0142 w bibliotekach Rzymu, Berlina, Lipska, Londynu i Wiednia. W 1884 roku otrzyma\u0142 tytu\u0142 doktora filozofii na Uniwersytecie w Monachium.<\/p>\n\n\n\n<p>V roce 1884 se vr\u00e1til do Konstantinopole a byl jmenov\u00e1n \u0159editelem patriarch\u00e1ln\u00edho semin\u00e1\u0159e. V prosinci t\u00e9ho\u017e roku byl patriarchou Joachimem N\u00e1dhern\u00fdm vysv\u011bcen na j\u00e1hna a star\u0161\u00edho a jmenov\u00e1n archimandritou.<\/p>\n\n\n\n<p>8 sierpnia 1889 r. zosta\u0142 wybrany metropolit\u0105 Anchialos, a 24 wrze\u015bnia przyj\u0105\u0142 \u015bwi\u0119cenia kap\u0142a\u0144skie. Jako metropolita gorliwie anga\u017cowa\u0142 si\u0119 we wspieranie edukacji. Za jego czas\u00f3w Anchialos naby\u0142 wspania\u0142y budynek greckiej Partenagogi, wzniesiony z du\u017cym zapisem Fotini Karyandi, natomiast wspania\u0142y ko\u015bci\u00f3\u0142 Panagia zosta\u0142 uko\u0144czony. Bazyli II obj\u0105\u0142 przewodnictwo w tych pracach, nawet z osobist\u0105 prac\u0105, ale nie uda\u0142o mu si\u0119 utrzyma\u0107 jedno\u015bci swojej trzody, kt\u00f3rej bardziej konserwatywna cz\u0119\u015b\u0107 zwr\u00f3ci\u0142a si\u0119 przeciwko niemu z petycjami do patriarchatu i publikacjami w prasie. Przez pewien czas pozostawa\u0142 w Konstantynopolu jako synodysta, gdzie opowiedzia\u0142 si\u0119 po stronie frakcji przeciwnej patriarsze. W 1904 roku przes\u0142a\u0142 do Biblioteki Narodowej w Atenach r\u0119kopis muzyki ko\u015bcielnej, datowany na 1450 rok, zawieraj\u0105cy polichronizmy Konstantyna Palaiologosa. W lipcu 1906 roku Vasilios by\u0142 \u015bwiadkiem po\u017caru, kt\u00f3ry zniszczy\u0142 Anchialos, a tzw. egzarchi\u015bci podpalili tak\u017ce jego rezydencj\u0119, niszcz\u0105c jego wielk\u0105 bibliotek\u0119. Zosta\u0142 aresztowany przez Bu\u0142gar\u00f3w i do pa\u017adziernika wi\u0119ziony w Silymnie (Sumla). Po uwolnieniu zmuszony by\u0142 ucieka\u0107 do Konstantynopola. Nast\u0119pnie zosta\u0142 wys\u0142any na Cypr, aby pom\u00f3c w rozwi\u0105zaniu tamtejszego d\u0142ugotrwa\u0142ego &#8222;problemu arcybiskupstwa&#8221;. 7 lutego 1909 r. zosta\u0142 wybrany metropolit\u0105 Pelagonii, a 13 maja 1910 r. zosta\u0142 przeniesiony do metropolii Nikozji.<\/p>\n\n\n\n<p>Patriarch\u00e1t<br>V Nik\u00e1ji z\u016fstal a\u017e do v\u00fdm\u011bny obyvatelstva, p\u0159i n\u00ed\u017e byl za vym\u011bn\u011bn\u00e9ho uzn\u00e1n i tehdej\u0161\u00ed patriarcha Konstantin VI. Po patriarchov\u011b rezignaci zvolila synoda encykliky 13. \u010dervence 1925 ve v\u011bku 79 let Basila za jeho n\u00e1stupce.<\/p>\n\n\n\n<p>B\u011bhem jeho patriarch\u00e1tu byla podeps\u00e1na v\u00fdm\u011bna obyvatelstva mezi \u0158eckem a Tureckem, kter\u00e1 vylou\u010dila synodu, biskupy patriarch\u00e1tu a patriarchu. V roce 1925 byla patriarch\u00e1ln\u00ed d\u016fstojnost p\u0159izn\u00e1na autonomn\u00ed rumunsk\u00e9 c\u00edrkvi, ale tureck\u00e1 vl\u00e1da zak\u00e1zala svol\u00e1n\u00ed celopravoslavn\u00e9 synody pl\u00e1novan\u00e9 na prosinec 1925 kv\u016fli kalend\u00e1\u0159i a dal\u0161\u00edm ot\u00e1zk\u00e1m. Byla tak\u00e9 zah\u00e1jena jedn\u00e1n\u00ed s italskou vl\u00e1dou o ot\u00e1zce c\u00edrkevn\u00ed jurisdikce It\u00e1li\u00ed okupovan\u00e9ho Dodekan\u00e9su a byla revidov\u00e1na Charta Hory Athos. Dne 4. z\u00e1\u0159\u00ed 1928 byla \u0159eck\u00e1 c\u00edrkev pov\u011b\u0159ena spr\u00e1vou provinci\u00ed ekumenick\u00e9ho stolce, kter\u00e9 se nyn\u00ed nach\u00e1zely na \u0159eck\u00e9m \u00fazem\u00ed (tzv. nov\u00e1 \u00fazem\u00ed), a to na z\u00e1klad\u011b patriarch\u00e1ln\u00edho a synod\u00e1ln\u00edho z\u00e1kona, kter\u00fd podrobn\u011b stanovil deset podm\u00ednek, za nich\u017e byla tato koncese u\u010din\u011bna. V roce 1928 byla tak\u00e9 p\u0159ipravena Svat\u00e1 Myra a ratifikov\u00e1na Charta c\u00edrkve v Americe. A kone\u010dn\u011b za jeho p\u016fsoben\u00ed za\u010dal vych\u00e1zet patriarch\u00e1tn\u00ed \u010dasopis Pravoslav\u00ed.<\/p>\n\n\n\n<p>Basil III. zem\u0159el 29. z\u00e1\u0159\u00ed 1929 ve v\u011bku 83 let a byl poh\u0159ben 2. \u0159\u00edjna v patriarch\u00e1ln\u00edm chr\u00e1mu.<\/p>\n\n\n\n<p>Podle ofici\u00e1ln\u00edch internetov\u00fdch str\u00e1nek Velk\u00e9 l\u00f3\u017ee \u0158ecka byl \u010dlenem zedn\u00e1\u0159sk\u00e9 l\u00f3\u017ee. P\u0159edpokl\u00e1d\u00e1 se, \u017ee jeho patriarch\u00e1t normalizoval a vyrovnal vztahy mezi patriarch\u00e1tem a nov\u011b vznikl\u00fdm tureck\u00fdm st\u00e1tem po pot\u00ed\u017e\u00edch, kter\u00e9 mezi nimi panovaly v p\u0159edchoz\u00edch letech.<\/p>","protected":false},"excerpt":{"rendered":"<p>Bazyli III (ur. Basil Georgiades, 1846 &#8211; 29 wrze\u015bnia 1929) by\u0142 ekumenicznym patriarch\u0105 Konstantynopola w latach 1925-1929. Opisywano go jako m\u0105drego pra\u0142ata, &#8222;surowego w \u017cyciu, dobroczynnego, filantropa i elokwentnego pisarza&#8221;. Dane biograficzneUrodzi\u0142 si\u0119 w 1846 roku w Chrysoupoli (Skoutari), Chalkidona. Jego rodzicami byli George, duchowny, i Catherine. Studiowa\u0142 teologi\u0119 i literatur\u0119 na Uniwersytecie w Atenach, &hellip;<\/p>","protected":false},"author":1,"featured_media":0,"comment_status":"closed","ping_status":"closed","sticky":false,"template":"","format":"standard","meta":{"footnotes":""},"categories":[1],"tags":[],"class_list":["post-2362","post","type-post","status-publish","format-standard","hentry","category-uncategorized"],"yoast_head":"<!-- This site is optimized with the Yoast SEO plugin v27.5 - https:\/\/yoast.com\/product\/yoast-seo-wordpress\/ -->\n<title>Patriarcha Bazyli III - Chrystus<\/title>\n<meta name=\"description\" content=\"Bazyli III (ur. Basil Georgiades, 1846 - 29 wrze\u015bnia 1929) by\u0142 ekumenicznym patriarch\u0105 Konstantynopola w latach 1925-1929. Opisywano go jako m\u0105drego\" \/>\n<meta name=\"robots\" content=\"index, follow, max-snippet:-1, max-image-preview:large, max-video-preview:-1\" \/>\n<link rel=\"canonical\" href=\"https:\/\/chrystus.pl\/cs\/patriarcha-basil-iii\/\" \/>\n<meta property=\"og:locale\" content=\"cs_CZ\" \/>\n<meta property=\"og:type\" content=\"article\" \/>\n<meta property=\"og:title\" content=\"Patriarcha Bazyli III - Chrystus\" \/>\n<meta property=\"og:description\" content=\"Bazyli III (ur. Basil Georgiades, 1846 - 29 wrze\u015bnia 1929) by\u0142 ekumenicznym patriarch\u0105 Konstantynopola w latach 1925-1929. Opisywano go jako m\u0105drego\" \/>\n<meta property=\"og:url\" content=\"https:\/\/chrystus.pl\/cs\/patriarcha-basil-iii\/\" \/>\n<meta property=\"og:site_name\" content=\"Chrystus\" \/>\n<meta property=\"article:published_time\" content=\"2022-12-07T20:51:59+00:00\" \/>\n<meta property=\"article:modified_time\" content=\"2022-12-07T20:52:02+00:00\" \/>\n<meta name=\"author\" content=\"Samarytanka\" \/>\n<meta name=\"twitter:card\" content=\"summary_large_image\" \/>\n<meta name=\"twitter:label1\" content=\"Napsal(a)\" \/>\n\t<meta name=\"twitter:data1\" content=\"Samarytanka\" \/>\n\t<meta name=\"twitter:label2\" content=\"Odhadovan\u00e1 doba \u010dten\u00ed\" \/>\n\t<meta name=\"twitter:data2\" content=\"4 minuty\" \/>\n<!-- \/ Yoast SEO plugin. -->","yoast_head_json":{"title":"Patriarcha Basil III - Kristus","description":"Basil III (narozen jako Basil Georgiades, 1846 - 29. z\u00e1\u0159\u00ed 1929) byl konstantinopolsk\u00fd ekumenick\u00fd patriarcha v letech 1925-1929.","robots":{"index":"index","follow":"follow","max-snippet":"max-snippet:-1","max-image-preview":"max-image-preview:large","max-video-preview":"max-video-preview:-1"},"canonical":"https:\/\/chrystus.pl\/cs\/patriarcha-basil-iii\/","og_locale":"cs_CZ","og_type":"article","og_title":"Patriarcha Bazyli III - Chrystus","og_description":"Bazyli III (ur. Basil Georgiades, 1846 - 29 wrze\u015bnia 1929) by\u0142 ekumenicznym patriarch\u0105 Konstantynopola w latach 1925-1929. Opisywano go jako m\u0105drego","og_url":"https:\/\/chrystus.pl\/cs\/patriarcha-basil-iii\/","og_site_name":"Chrystus","article_published_time":"2022-12-07T20:51:59+00:00","article_modified_time":"2022-12-07T20:52:02+00:00","author":"Samarytanka","twitter_card":"summary_large_image","twitter_misc":{"Napsal(a)":"Samarytanka","Odhadovan\u00e1 doba \u010dten\u00ed":"4 minuty"},"schema":{"@context":"https:\/\/schema.org","@graph":[{"@type":"Article","@id":"https:\/\/chrystus.pl\/en\/patriarch-basil-iii\/#article","isPartOf":{"@id":"https:\/\/chrystus.pl\/en\/patriarch-basil-iii\/"},"author":{"name":"Samarytanka","@id":"https:\/\/chrystus.pl\/#\/schema\/person\/e2e742452b8b7b2bcd23ea180671d27a"},"headline":"Patriarcha Bazyli III","datePublished":"2022-12-07T20:51:59+00:00","dateModified":"2022-12-07T20:52:02+00:00","mainEntityOfPage":{"@id":"https:\/\/chrystus.pl\/en\/patriarch-basil-iii\/"},"wordCount":640,"publisher":{"@id":"https:\/\/chrystus.pl\/#organization"},"articleSection":["Uncategorized"],"inLanguage":"cs"},{"@type":"WebPage","@id":"https:\/\/chrystus.pl\/en\/patriarch-basil-iii\/","url":"https:\/\/chrystus.pl\/en\/patriarch-basil-iii\/","name":"Patriarcha Basil III - Kristus","isPartOf":{"@id":"https:\/\/chrystus.pl\/#website"},"datePublished":"2022-12-07T20:51:59+00:00","dateModified":"2022-12-07T20:52:02+00:00","description":"Basil III (narozen jako Basil Georgiades, 1846 - 29. z\u00e1\u0159\u00ed 1929) byl konstantinopolsk\u00fd ekumenick\u00fd patriarcha v letech 1925-1929.","breadcrumb":{"@id":"https:\/\/chrystus.pl\/en\/patriarch-basil-iii\/#breadcrumb"},"inLanguage":"cs","potentialAction":[{"@type":"ReadAction","target":["https:\/\/chrystus.pl\/en\/patriarch-basil-iii\/"]}]},{"@type":"BreadcrumbList","@id":"https:\/\/chrystus.pl\/en\/patriarch-basil-iii\/#breadcrumb","itemListElement":[{"@type":"ListItem","position":1,"name":"Strona g\u0142\u00f3wna","item":"https:\/\/chrystus.pl\/"},{"@type":"ListItem","position":2,"name":"Patriarcha Bazyli III"}]},{"@type":"WebSite","@id":"https:\/\/chrystus.pl\/#website","url":"https:\/\/chrystus.pl\/","name":"Kristus","description":"B\u016fh, Maria, Je\u017e\u00ed\u0161, p\u0159ij\u00edm\u00e1n\u00ed a dal\u0161\u00ed informace","publisher":{"@id":"https:\/\/chrystus.pl\/#organization"},"potentialAction":[{"@type":"SearchAction","target":{"@type":"EntryPoint","urlTemplate":"https:\/\/chrystus.pl\/?s={search_term_string}"},"query-input":{"@type":"PropertyValueSpecification","valueRequired":true,"valueName":"search_term_string"}}],"inLanguage":"cs"},{"@type":"Organization","@id":"https:\/\/chrystus.pl\/#organization","name":"Christ.pl","url":"https:\/\/chrystus.pl\/","logo":{"@type":"ImageObject","inLanguage":"cs","@id":"https:\/\/chrystus.pl\/#\/schema\/logo\/image\/","url":"https:\/\/chrystus.pl\/wp-content\/uploads\/2019\/03\/chrystus-bog-maryja-komunia-bierzmowanie.jpg","contentUrl":"https:\/\/chrystus.pl\/wp-content\/uploads\/2019\/03\/chrystus-bog-maryja-komunia-bierzmowanie.jpg","width":1920,"height":1280,"caption":"Chrystus.pl"},"image":{"@id":"https:\/\/chrystus.pl\/#\/schema\/logo\/image\/"}},{"@type":"Person","@id":"https:\/\/chrystus.pl\/#\/schema\/person\/e2e742452b8b7b2bcd23ea180671d27a","name":"Samarit\u00e1nka"}]}},"_links":{"self":[{"href":"https:\/\/chrystus.pl\/cs\/wp-json\/wp\/v2\/posts\/2362","targetHints":{"allow":["GET"]}}],"collection":[{"href":"https:\/\/chrystus.pl\/cs\/wp-json\/wp\/v2\/posts"}],"about":[{"href":"https:\/\/chrystus.pl\/cs\/wp-json\/wp\/v2\/types\/post"}],"author":[{"embeddable":true,"href":"https:\/\/chrystus.pl\/cs\/wp-json\/wp\/v2\/users\/1"}],"replies":[{"embeddable":true,"href":"https:\/\/chrystus.pl\/cs\/wp-json\/wp\/v2\/comments?post=2362"}],"version-history":[{"count":0,"href":"https:\/\/chrystus.pl\/cs\/wp-json\/wp\/v2\/posts\/2362\/revisions"}],"wp:attachment":[{"href":"https:\/\/chrystus.pl\/cs\/wp-json\/wp\/v2\/media?parent=2362"}],"wp:term":[{"taxonomy":"category","embeddable":true,"href":"https:\/\/chrystus.pl\/cs\/wp-json\/wp\/v2\/categories?post=2362"},{"taxonomy":"post_tag","embeddable":true,"href":"https:\/\/chrystus.pl\/cs\/wp-json\/wp\/v2\/tags?post=2362"}],"curies":[{"name":"wp","href":"https:\/\/api.w.org\/{rel}","templated":true}]}}