{"id":665,"date":"2019-06-01T14:11:13","date_gmt":"2019-06-01T14:11:13","guid":{"rendered":"https:\/\/chrystus.pl\/?p=665"},"modified":"2020-01-13T07:57:46","modified_gmt":"2020-01-13T07:57:46","slug":"dlaczego-jezus-umarl-na-krzyzu","status":"publish","type":"post","link":"https:\/\/chrystus.pl\/cs\/dlaczego-jezus-umarl-na-krzyzu\/","title":{"rendered":"Pro\u010d Je\u017e\u00ed\u0161 zem\u0159el na k\u0159\u00ed\u017ei?"},"content":{"rendered":"<p>Dlaczego Jezus umar\u0142 na krzy\u017cu? Czym jest \u015bmier\u0107 krzy\u017cowa? Jakie mia\u0142a ona znaczenie dla chrze\u015bcijan?<\/p>\n<p><span id=\"urn:enhancement-5bd9ac12\" class=\"textannotation disambiguated wl-other\" itemid=\"http:\/\/data.wordlift.io\/wl01857\/entity\/ukrzyzowanie\">Uk\u0159i\u017eov\u00e1n\u00ed<\/span> byl druh trestu smrti, kter\u00fd ve starov\u011bku pou\u017e\u00edvali mimo jin\u00e9 Per\u0161an\u00e9, <span id=\"urn:enhancement-18f60953\" class=\"textannotation disambiguated wl-other\" itemid=\"http:\/\/data.wordlift.io\/wl01857\/entity\/starozytny_rzym\">\u0158\u00edman\u00e9<\/span>, F\u00e9ni\u010dan\u016f a Kartaginc\u016f jako forma potupn\u00e9 popravy otrok\u016f, vzbou\u0159enc\u016f a dal\u0161\u00edch osob, kter\u00e9 nebyly plnopr\u00e1vn\u00fdmi ob\u010dany. Trest smrti uk\u0159i\u017eov\u00e1n\u00edm byl zru\u0161en v roce 337 n. l. na z\u00e1klad\u011b <span id=\"urn:enhancement-fe0d3bb6\" class=\"textannotation disambiguated wl-person\" itemid=\"http:\/\/data.wordlift.io\/wl01857\/entity\/konstantyn_i_wielki\">Constantine<\/span> Wielkiego. Co ciekawe edykt znosz\u0105cy krzy\u017cowanie by\u0142 podyktowany szacunkiem dla \u015bmierci samego Jezusa Chrystusa.<\/p>\n<p>Przyjmuje si\u0119, \u017ce \u015bmier\u0107 krzy\u017cowa i wielka m\u0119ka Chrystusa by\u0142a konieczna aby odkupi\u0107 i zado\u015b\u0107uczyni\u0107 sprawiedliwo\u015b\u0107 Bo\u017c\u0105. Nie jest to jednak do ko\u0144ca prawd\u0105, gdy\u017c nie mo\u017cna patrze\u0107 na \u015bmier\u0107 i m\u0119k\u0119 jak na spos\u00f3b pewnej sp\u0142aty zobowi\u0105zania. Jest tu jedynie miejsce na rozwa\u017canie, \u017ce <span id=\"urn:enhancement-fdc1bf40\" class=\"textannotation disambiguated wl-other\" itemid=\"http:\/\/data.wordlift.io\/wl01378\/entity\/bog\">B\u016fh<\/span> P\u0159ivedl tak p\u0159ed svou tv\u00e1\u0159 lidi, kte\u0159\u00ed mu byli vzd\u00e1leni, kte\u0159\u00ed byli zavr\u017eeni a od\u0159\u00edznuti. <span id=\"urn:enhancement-91cabc0d\" class=\"textannotation disambiguated wl-other\" itemid=\"http:\/\/data.wordlift.io\/wl01857\/entity\/ukrzyzowanie\">Uk\u0159i\u017eov\u00e1n\u00ed<\/span> je proto symbolem sm\u00ed\u0159en\u00ed. Osvobozen\u00ed lid\u00ed z pout h\u0159\u00edchu. Smrt <span id=\"urn:enhancement-7f0a6742\" class=\"textannotation disambiguated wl-other\" itemid=\"http:\/\/data.wordlift.io\/wl01378\/entity\/syn_bozy\">Bo\u017e\u00ed syn<\/span> je ve skute\u010dnosti sm\u00ed\u0159en\u00edm mezi <span id=\"urn:enhancement-3386974f\" class=\"textannotation disambiguated wl-other\" itemid=\"http:\/\/data.wordlift.io\/wl01378\/entity\/bog\">Bohem<\/span> a lidi. Otev\u00edr\u00e1 novou kapitolu a otev\u00edr\u00e1 cestu v\u0161em lidem, aby p\u0159edstoupili p\u0159ed P\u00e1na. Podle <span id=\"urn:enhancement-65786e3e\" class=\"textannotation disambiguated wl-other\" itemid=\"http:\/\/data.wordlift.io\/wl01857\/entity\/nowy_testament\">Nov\u00e9ho z\u00e1kona<\/span> <span id=\"urn:enhancement-1686417d\" class=\"textannotation disambiguated wl-other\" itemid=\"http:\/\/data.wordlift.io\/wl01378\/entity\/bog\">B\u016fh<\/span> nejedn\u00e1 se o jednotu se sv\u011btem, ale <span id=\"urn:enhancement-edc6e7cc\" class=\"textannotation disambiguated wl-other\" itemid=\"http:\/\/data.wordlift.io\/wl01378\/entity\/bog\">B\u016fh<\/span> jeden tento sv\u011bt se sebou sam\u00fdm, proto\u017ee je to \u010dlov\u011bk, kdo se vzd\u00e1lil od <span id=\"urn:enhancement-2f0c4cd4\" class=\"textannotation disambiguated wl-other\" itemid=\"http:\/\/data.wordlift.io\/wl01378\/entity\/bog\">B\u016fh<\/span>. Takov\u00e1 ud\u00e1lost byla proto nutn\u00e1 a je jak\u00fdmsi symbolem o\u010di\u0161t\u011bn\u00ed. Nejedn\u00e1 se o \u017e\u00e1dn\u00e9 od\u010din\u011bn\u00ed nebo splacen\u00ed dluh\u016f. A nezapom\u00ednejme, \u017ee Je\u017e\u00ed\u0161e k takov\u00e9 smrti odsoudili lid\u00e9 obda\u0159en\u00ed svobodnou v\u016fl\u00ed.<\/p>","protected":false},"excerpt":{"rendered":"<p>Dlaczego Jezus umar\u0142 na krzy\u017cu? Czym jest \u015bmier\u0107 krzy\u017cowa? Jakie mia\u0142a ona znaczenie dla chrze\u015bcijan? Ukrzy\u017cowanie by\u0142o rodzajem kary \u015bmierci stosowanej w staro\u017cytno\u015bci m.in. przez Pers\u00f3w, Rzymian, Fenicjan i Kartagi\u0144czyk\u00f3w, jako forma ha\u0144bi\u0105cej egzekucji na niewolnikach, buntownikach i innych osobach, kt\u00f3re nie by\u0142y pe\u0142noprawnymi obywatelami. Kara \u015bmierci krzy\u017cowej zniesiona zosta\u0142a w 337 roku naszej ery &hellip;<\/p>","protected":false},"author":1,"featured_media":666,"comment_status":"open","ping_status":"closed","sticky":false,"template":"","format":"standard","meta":{"footnotes":""},"categories":[52],"tags":[],"class_list":["post-665","post","type-post","status-publish","format-standard","has-post-thumbnail","hentry","category-jezus"],"yoast_head":"<!-- This site is optimized with the Yoast SEO plugin v27.4 - https:\/\/yoast.com\/product\/yoast-seo-wordpress\/ -->\n<title>Dlaczego Jezus umar\u0142 na krzy\u017cu? - Chrystus<\/title>\n<meta name=\"description\" content=\"Dlaczego Jezus umar\u0142 na krzy\u017cu? Czym jest \u015bmier\u0107 krzy\u017cowa? Jakie mia\u0142a ona znaczenie dla chrze\u015bcijan? Ukrzy\u017cowanie by\u0142o rodzajem kary \u015bmierci stosowanej w\" \/>\n<meta name=\"robots\" content=\"index, follow, max-snippet:-1, max-image-preview:large, max-video-preview:-1\" \/>\n<link rel=\"canonical\" href=\"https:\/\/chrystus.pl\/cs\/proc-jezis-zemrel-na-krizi\/\" \/>\n<meta property=\"og:locale\" content=\"cs_CZ\" \/>\n<meta property=\"og:type\" content=\"article\" \/>\n<meta property=\"og:title\" content=\"Dlaczego Jezus umar\u0142 na krzy\u017cu? - Chrystus\" \/>\n<meta property=\"og:description\" content=\"Dlaczego Jezus umar\u0142 na krzy\u017cu? Czym jest \u015bmier\u0107 krzy\u017cowa? Jakie mia\u0142a ona znaczenie dla chrze\u015bcijan? Ukrzy\u017cowanie by\u0142o rodzajem kary \u015bmierci stosowanej w\" \/>\n<meta property=\"og:url\" content=\"https:\/\/chrystus.pl\/cs\/proc-jezis-zemrel-na-krizi\/\" \/>\n<meta property=\"og:site_name\" content=\"Chrystus\" \/>\n<meta property=\"article:published_time\" content=\"2019-06-01T14:11:13+00:00\" \/>\n<meta property=\"article:modified_time\" content=\"2020-01-13T07:57:46+00:00\" \/>\n<meta property=\"og:image\" content=\"https:\/\/chrystus.pl\/wp-content\/uploads\/2019\/06\/Dlaczego-Jezus-umar\u0142-na-krzyz\u0307u-e1611195026124.jpg\" \/>\n\t<meta property=\"og:image:width\" content=\"121\" \/>\n\t<meta property=\"og:image:height\" content=\"68\" \/>\n\t<meta property=\"og:image:type\" content=\"image\/jpeg\" \/>\n<meta name=\"author\" content=\"Samarytanka\" \/>\n<meta name=\"twitter:card\" content=\"summary_large_image\" \/>\n<meta name=\"twitter:label1\" content=\"Napsal(a)\" \/>\n\t<meta name=\"twitter:data1\" content=\"Samarytanka\" \/>\n\t<meta name=\"twitter:label2\" content=\"Odhadovan\u00e1 doba \u010dten\u00ed\" \/>\n\t<meta name=\"twitter:data2\" content=\"1 minuta\" \/>\n<!-- \/ Yoast SEO plugin. -->","yoast_head_json":{"title":"Pro\u010d Je\u017e\u00ed\u0161 zem\u0159el na k\u0159\u00ed\u017ei? - Kristus","description":"Pro\u010d Je\u017e\u00ed\u0161 zem\u0159el na k\u0159\u00ed\u017ei? Co je smrt na k\u0159\u00ed\u017ei? Jak\u00fd v\u00fdznam m\u011bla pro k\u0159es\u0165any? Uk\u0159i\u017eov\u00e1n\u00ed bylo druhem trestu smrti pou\u017e\u00edvan\u00fdm ve","robots":{"index":"index","follow":"follow","max-snippet":"max-snippet:-1","max-image-preview":"max-image-preview:large","max-video-preview":"max-video-preview:-1"},"canonical":"https:\/\/chrystus.pl\/cs\/proc-jezis-zemrel-na-krizi\/","og_locale":"cs_CZ","og_type":"article","og_title":"Dlaczego Jezus umar\u0142 na krzy\u017cu? - Chrystus","og_description":"Dlaczego Jezus umar\u0142 na krzy\u017cu? Czym jest \u015bmier\u0107 krzy\u017cowa? Jakie mia\u0142a ona znaczenie dla chrze\u015bcijan? Ukrzy\u017cowanie by\u0142o rodzajem kary \u015bmierci stosowanej w","og_url":"https:\/\/chrystus.pl\/cs\/proc-jezis-zemrel-na-krizi\/","og_site_name":"Chrystus","article_published_time":"2019-06-01T14:11:13+00:00","article_modified_time":"2020-01-13T07:57:46+00:00","og_image":[{"width":121,"height":68,"url":"https:\/\/chrystus.pl\/wp-content\/uploads\/2019\/06\/Dlaczego-Jezus-umar\u0142-na-krzyz\u0307u-e1611195026124.jpg","type":"image\/jpeg"}],"author":"Samarytanka","twitter_card":"summary_large_image","twitter_misc":{"Napsal(a)":"Samarytanka","Odhadovan\u00e1 doba \u010dten\u00ed":"1 minuta"},"schema":{"@context":"https:\/\/schema.org","@graph":[{"@type":"Article","@id":"https:\/\/chrystus.pl\/cs\/proc-jezis-zemrel-na-krizi\/#article","isPartOf":{"@id":"https:\/\/chrystus.pl\/cs\/proc-jezis-zemrel-na-krizi\/"},"author":{"name":"Samarytanka","@id":"https:\/\/chrystus.pl\/#\/schema\/person\/e2e742452b8b7b2bcd23ea180671d27a"},"headline":"Dlaczego Jezus umar\u0142 na krzy\u017cu?","datePublished":"2019-06-01T14:11:13+00:00","dateModified":"2020-01-13T07:57:46+00:00","mainEntityOfPage":{"@id":"https:\/\/chrystus.pl\/cs\/proc-jezis-zemrel-na-krizi\/"},"wordCount":288,"commentCount":0,"publisher":{"@id":"https:\/\/chrystus.pl\/#organization"},"image":{"@id":"https:\/\/chrystus.pl\/cs\/proc-jezis-zemrel-na-krizi\/#primaryimage"},"thumbnailUrl":"https:\/\/chrystus.pl\/wp-content\/uploads\/2019\/06\/Dlaczego-Jezus-umar\u0142-na-krzyz\u0307u-e1611195026124.jpg","articleSection":["Jezus"],"inLanguage":"cs","potentialAction":[{"@type":"CommentAction","name":"Comment","target":["https:\/\/chrystus.pl\/cs\/proc-jezis-zemrel-na-krizi\/#respond"]}]},{"@type":"WebPage","@id":"https:\/\/chrystus.pl\/cs\/proc-jezis-zemrel-na-krizi\/","url":"https:\/\/chrystus.pl\/cs\/proc-jezis-zemrel-na-krizi\/","name":"Pro\u010d Je\u017e\u00ed\u0161 zem\u0159el na k\u0159\u00ed\u017ei? - Kristus","isPartOf":{"@id":"https:\/\/chrystus.pl\/#website"},"primaryImageOfPage":{"@id":"https:\/\/chrystus.pl\/cs\/proc-jezis-zemrel-na-krizi\/#primaryimage"},"image":{"@id":"https:\/\/chrystus.pl\/cs\/proc-jezis-zemrel-na-krizi\/#primaryimage"},"thumbnailUrl":"https:\/\/chrystus.pl\/wp-content\/uploads\/2019\/06\/Dlaczego-Jezus-umar\u0142-na-krzyz\u0307u-e1611195026124.jpg","datePublished":"2019-06-01T14:11:13+00:00","dateModified":"2020-01-13T07:57:46+00:00","description":"Pro\u010d Je\u017e\u00ed\u0161 zem\u0159el na k\u0159\u00ed\u017ei? Co je smrt na k\u0159\u00ed\u017ei? Jak\u00fd v\u00fdznam m\u011bla pro k\u0159es\u0165any? Uk\u0159i\u017eov\u00e1n\u00ed bylo druhem trestu smrti pou\u017e\u00edvan\u00fdm ve","breadcrumb":{"@id":"https:\/\/chrystus.pl\/cs\/proc-jezis-zemrel-na-krizi\/#breadcrumb"},"inLanguage":"cs","potentialAction":[{"@type":"ReadAction","target":["https:\/\/chrystus.pl\/cs\/proc-jezis-zemrel-na-krizi\/"]}]},{"@type":"ImageObject","inLanguage":"cs","@id":"https:\/\/chrystus.pl\/cs\/proc-jezis-zemrel-na-krizi\/#primaryimage","url":"https:\/\/chrystus.pl\/wp-content\/uploads\/2019\/06\/Dlaczego-Jezus-umar\u0142-na-krzyz\u0307u-e1611195026124.jpg","contentUrl":"https:\/\/chrystus.pl\/wp-content\/uploads\/2019\/06\/Dlaczego-Jezus-umar\u0142-na-krzyz\u0307u-e1611195026124.jpg","width":121,"height":68,"caption":"Dlaczego Jezus umar\u0142 na krzyz\u0307u"},{"@type":"BreadcrumbList","@id":"https:\/\/chrystus.pl\/cs\/proc-jezis-zemrel-na-krizi\/#breadcrumb","itemListElement":[{"@type":"ListItem","position":1,"name":"Strona g\u0142\u00f3wna","item":"https:\/\/chrystus.pl\/"},{"@type":"ListItem","position":2,"name":"Dlaczego Jezus umar\u0142 na krzy\u017cu?"}]},{"@type":"WebSite","@id":"https:\/\/chrystus.pl\/#website","url":"https:\/\/chrystus.pl\/","name":"Kristus","description":"B\u016fh, Maria, Je\u017e\u00ed\u0161, p\u0159ij\u00edm\u00e1n\u00ed a dal\u0161\u00ed informace","publisher":{"@id":"https:\/\/chrystus.pl\/#organization"},"potentialAction":[{"@type":"SearchAction","target":{"@type":"EntryPoint","urlTemplate":"https:\/\/chrystus.pl\/?s={search_term_string}"},"query-input":{"@type":"PropertyValueSpecification","valueRequired":true,"valueName":"search_term_string"}}],"inLanguage":"cs"},{"@type":"Organization","@id":"https:\/\/chrystus.pl\/#organization","name":"Christ.pl","url":"https:\/\/chrystus.pl\/","logo":{"@type":"ImageObject","inLanguage":"cs","@id":"https:\/\/chrystus.pl\/#\/schema\/logo\/image\/","url":"https:\/\/chrystus.pl\/wp-content\/uploads\/2019\/03\/chrystus-bog-maryja-komunia-bierzmowanie.jpg","contentUrl":"https:\/\/chrystus.pl\/wp-content\/uploads\/2019\/03\/chrystus-bog-maryja-komunia-bierzmowanie.jpg","width":1920,"height":1280,"caption":"Chrystus.pl"},"image":{"@id":"https:\/\/chrystus.pl\/#\/schema\/logo\/image\/"}},{"@type":"Person","@id":"https:\/\/chrystus.pl\/#\/schema\/person\/e2e742452b8b7b2bcd23ea180671d27a","name":"Samarit\u00e1nka"}]}},"_links":{"self":[{"href":"https:\/\/chrystus.pl\/cs\/wp-json\/wp\/v2\/posts\/665","targetHints":{"allow":["GET"]}}],"collection":[{"href":"https:\/\/chrystus.pl\/cs\/wp-json\/wp\/v2\/posts"}],"about":[{"href":"https:\/\/chrystus.pl\/cs\/wp-json\/wp\/v2\/types\/post"}],"author":[{"embeddable":true,"href":"https:\/\/chrystus.pl\/cs\/wp-json\/wp\/v2\/users\/1"}],"replies":[{"embeddable":true,"href":"https:\/\/chrystus.pl\/cs\/wp-json\/wp\/v2\/comments?post=665"}],"version-history":[{"count":0,"href":"https:\/\/chrystus.pl\/cs\/wp-json\/wp\/v2\/posts\/665\/revisions"}],"wp:featuredmedia":[{"embeddable":true,"href":"https:\/\/chrystus.pl\/cs\/wp-json\/wp\/v2\/media\/666"}],"wp:attachment":[{"href":"https:\/\/chrystus.pl\/cs\/wp-json\/wp\/v2\/media?parent=665"}],"wp:term":[{"taxonomy":"category","embeddable":true,"href":"https:\/\/chrystus.pl\/cs\/wp-json\/wp\/v2\/categories?post=665"},{"taxonomy":"post_tag","embeddable":true,"href":"https:\/\/chrystus.pl\/cs\/wp-json\/wp\/v2\/tags?post=665"}],"curies":[{"name":"wp","href":"https:\/\/api.w.org\/{rel}","templated":true}]}}