{"id":81,"date":"2019-03-26T04:14:06","date_gmt":"2019-03-26T04:14:06","guid":{"rendered":"https:\/\/chrystus.pl\/?p=81"},"modified":"2020-01-13T07:51:57","modified_gmt":"2020-01-13T07:51:57","slug":"dlaczego-bog-mnie-kocha","status":"publish","type":"post","link":"https:\/\/chrystus.pl\/cs\/dlaczego-bog-mnie-kocha\/","title":{"rendered":"Pro\u010d m\u011b B\u016fh miluje?"},"content":{"rendered":"<p>Pro\u010d <span id=\"urn:enhancement-1f48369a\" class=\"textannotation disambiguated wl-other\" itemid=\"http:\/\/data.wordlift.io\/wl01378\/entity\/bog\">B\u016fh<\/span> m\u011b miluje?<\/p>\n<p><span id=\"urn:enhancement-4514fd11\" class=\"textannotation disambiguated wl-other\" itemid=\"http:\/\/data.wordlift.io\/wl01857\/entity\/pan_mitologia\">Pan.<\/span> <span id=\"urn:enhancement-da3bdd24\" class=\"textannotation disambiguated wl-other\" itemid=\"http:\/\/data.wordlift.io\/wl01378\/entity\/bog\">B\u016fh<\/span> je n\u00e1\u0161 Stvo\u0159itel, je n\u00e1\u0161 <span id=\"urn:enhancement-f75ceeba\" class=\"textannotation disambiguated wl-other\" itemid=\"http:\/\/data.wordlift.io\/wl01378\/entity\/bog_ojciec\">Otec<\/span> ale p\u0159edev\u0161\u00edm na\u0161\u00ed l\u00e1skou. Obklopuje n\u00e1s sv\u00fdm v\u0161udyp\u0159\u00edtomn\u00fdm milosrdenstv\u00edm. V\u017edy\u0165 jen d\u00edky velkorys\u00e9mu daru l\u00e1sky od <span id=\"urn:enhancement-f051971c\" class=\"textannotation disambiguated wl-other\" itemid=\"http:\/\/data.wordlift.io\/wl01857\/entity\/pan_mitologia\">Pan.<\/span> <span id=\"urn:enhancement-25b8c101\" class=\"textannotation disambiguated wl-other\" itemid=\"http:\/\/data.wordlift.io\/wl01378\/entity\/bog\">B\u016fh<\/span> skute\u010dn\u011b existujeme. V\u0161ichni jsme neomezen\u011b a bezpodm\u00edne\u010dn\u011b milov\u00e1ni. To je smysl na\u0161\u00ed existence. <span id=\"urn:enhancement-31cf24c5\" class=\"textannotation disambiguated wl-other\" itemid=\"http:\/\/data.wordlift.io\/wl01857\/entity\/pan_mitologia\">Pan.<\/span> Miluje n\u00e1s bez ohledu na n\u00e1\u0161 p\u016fvod, barvu pleti nebo hmotnou situaci. V\u0161ichni jsme pro n\u011bj stejn\u00ed. Je to koneckonc\u016f <span id=\"urn:enhancement-32ded8fe\" class=\"textannotation disambiguated wl-other\" itemid=\"http:\/\/data.wordlift.io\/wl01857\/entity\/pan_mitologia\">Pan.<\/span> <span id=\"urn:enhancement-eb6e4609\" class=\"textannotation disambiguated wl-other\" itemid=\"http:\/\/data.wordlift.io\/wl01378\/entity\/bog\">B\u016fh<\/span> n\u00e1m odpou\u0161t\u00ed i ty nejhor\u0161\u00ed h\u0159\u00edchy a d\u00e1v\u00e1 n\u00e1m p\u0159\u00edle\u017eitost k n\u00e1prav\u011b.<\/p>\n<p>Lidem nejsou ciz\u00ed pocity hn\u011bvu, izolace nebo dokonce strachu. Ka\u017ed\u00fd z n\u00e1s jist\u011b nejednou za\u017eil chv\u00edle pochybnost\u00ed. Takov\u00fdch okam\u017eik\u016f bychom se nem\u011bli b\u00e1t nebo se jim dokonce vyh\u00fdbat. Je v\u0161ak d\u016fle\u017eit\u00e9 si uv\u011bdomit, \u017ee v\u017edy m\u016f\u017eeme hledat \u00fat\u011bchu v na\u0161ich <span id=\"urn:enhancement-a81df58a\" class=\"textannotation disambiguated wl-other\" itemid=\"http:\/\/data.wordlift.io\/wl01378\/entity\/bog_ojciec\">Pan.<\/span><br \/>\na v\u017edy je tam najdeme. I kdy\u017e se n\u00e1m situace, ve kter\u00e9 se nach\u00e1z\u00edme, zd\u00e1 nesmysln\u00e1, m\u011bli bychom, jak \u0159ekl. <span id=\"urn:enhancement-d2dd4a05\" class=\"textannotation disambiguated wl-other\" itemid=\"http:\/\/data.wordlift.io\/wl01857\/entity\/pan_mitologia\">Pan.<\/span>, st\u00e1t pevn\u011b v <span id=\"urn:enhancement-eda480e0\" class=\"textannotation disambiguated wl-other\" itemid=\"http:\/\/data.wordlift.io\/wl01378\/entity\/wiara_chrzescijanstwo\">v\u011b\u0159it<\/span>.<\/p>\n<p>Je jist\u00e9, \u017ee ne v\u017edy najdeme \u00fat\u011bchu okam\u017eit\u011b, ale n\u011bkdy n\u00e1s \u010dek\u00e1 dlouh\u00e1 cesta. <span id=\"urn:enhancement-a8cc742e\" class=\"textannotation disambiguated wl-other\" itemid=\"http:\/\/data.wordlift.io\/wl01857\/entity\/chodnik_droga\">silnice<\/span>ne\u017e se na\u0161e pocity shoduj\u00ed s t\u00edm, co se n\u00e1m sna\u017e\u00ed \u0159\u00edct. <span id=\"urn:enhancement-cd512ba2\" class=\"textannotation disambiguated wl-other\" itemid=\"http:\/\/data.wordlift.io\/wl01857\/entity\/pan_mitologia\">Pan.<\/span> <span id=\"urn:enhancement-7b4127f2\" class=\"textannotation disambiguated wl-other\" itemid=\"http:\/\/data.wordlift.io\/wl01378\/entity\/bog\">B\u016fh<\/span>.<\/p>\n<p>Do <span id=\"urn:enhancement-5ff2afc7\" class=\"textannotation disambiguated wl-other\" itemid=\"http:\/\/data.wordlift.io\/wl01378\/entity\/bog\">B\u016fh<\/span> m\u011b miluje? Rozhodn\u011b ano! Pro\u010d <span id=\"urn:enhancement-d8eab552\" class=\"textannotation disambiguated wl-other\" itemid=\"http:\/\/data.wordlift.io\/wl01378\/entity\/bog\">B\u016fh<\/span> m\u011b miluje? Proto\u017ee nejd\u016fle\u017eit\u011bj\u0161\u00ed vlastnost\u00ed je l\u00e1ska.<\/p>","protected":false},"excerpt":{"rendered":"<p>Pro\u010d m\u011b B\u016fh miluje? P\u00e1n B\u016fh je n\u00e1\u0161 Stvo\u0159itel, je n\u00e1\u0161 Otec, ale p\u0159edev\u0161\u00edm je na\u0161e l\u00e1ska. Obklopuje n\u00e1s sv\u00fdm v\u0161udyp\u0159\u00edtomn\u00fdm milosrdenstv\u00edm. V\u017edy\u0165 jen d\u00edky velkorys\u00e9mu daru l\u00e1sky od P\u00e1na Boha skute\u010dn\u011b existujeme. V\u0161ichni jsme bezmezn\u011b a bezpodm\u00edne\u010dn\u011b milov\u00e1ni. V tom spo\u010d\u00edv\u00e1 cel\u00fd smysl na\u0161\u00ed existence. P\u00e1n n\u00e1s miluje bez ohledu na n\u00e1\u0161 p\u016fvod, barvu pleti ...<\/p>","protected":false},"author":1,"featured_media":82,"comment_status":"open","ping_status":"open","sticky":false,"template":"","format":"standard","meta":{"footnotes":""},"categories":[5],"tags":[17],"class_list":["post-81","post","type-post","status-publish","format-standard","has-post-thumbnail","hentry","category-bog","tag-milosc"],"yoast_head":"<!-- This site is optimized with the Yoast SEO plugin v27.5 - https:\/\/yoast.com\/product\/yoast-seo-wordpress\/ -->\n<title>Dlaczego B\u00f3g mnie kocha? - Chrystus<\/title>\n<meta name=\"description\" content=\"Dlaczego B\u00f3g mnie kocha? Pan B\u00f3g jest naszym Stw\u00f3rc\u0105, jest naszym Ojcem ale przede wszystkim nasz\u0105 mi\u0142o\u015bci\u0105. Otacza nas swoim wszechobecnym mi\u0142osierdziem.\" \/>\n<meta name=\"robots\" content=\"index, follow, max-snippet:-1, max-image-preview:large, max-video-preview:-1\" \/>\n<link rel=\"canonical\" href=\"https:\/\/chrystus.pl\/cs\/proc-pes-miluje-me-2\/\" \/>\n<meta property=\"og:locale\" content=\"cs_CZ\" \/>\n<meta property=\"og:type\" content=\"article\" \/>\n<meta property=\"og:title\" content=\"Dlaczego B\u00f3g mnie kocha? - Chrystus\" \/>\n<meta property=\"og:description\" content=\"Dlaczego B\u00f3g mnie kocha? Pan B\u00f3g jest naszym Stw\u00f3rc\u0105, jest naszym Ojcem ale przede wszystkim nasz\u0105 mi\u0142o\u015bci\u0105. Otacza nas swoim wszechobecnym mi\u0142osierdziem.\" \/>\n<meta property=\"og:url\" content=\"https:\/\/chrystus.pl\/cs\/proc-pes-miluje-me-2\/\" \/>\n<meta property=\"og:site_name\" content=\"Chrystus\" \/>\n<meta property=\"article:published_time\" content=\"2019-03-26T04:14:06+00:00\" \/>\n<meta property=\"article:modified_time\" content=\"2020-01-13T07:51:57+00:00\" \/>\n<meta property=\"og:image\" content=\"https:\/\/chrystus.pl\/wp-content\/uploads\/2019\/03\/Dlaczego-Bo\u0301g-mnie-kocha.jpg\" \/>\n\t<meta property=\"og:image:width\" content=\"1280\" \/>\n\t<meta property=\"og:image:height\" content=\"853\" \/>\n\t<meta property=\"og:image:type\" content=\"image\/jpeg\" \/>\n<meta name=\"author\" content=\"Samarytanka\" \/>\n<meta name=\"twitter:card\" content=\"summary_large_image\" \/>\n<meta name=\"twitter:label1\" content=\"Napsal(a)\" \/>\n\t<meta name=\"twitter:data1\" content=\"Samarytanka\" \/>\n\t<meta name=\"twitter:label2\" content=\"Odhadovan\u00e1 doba \u010dten\u00ed\" \/>\n\t<meta name=\"twitter:data2\" content=\"1 minuta\" \/>\n<!-- \/ Yoast SEO plugin. -->","yoast_head_json":{"title":"Pro\u010d m\u011b B\u016fh miluje? - Kristus","description":"Pro\u010d m\u011b B\u016fh miluje? P\u00e1n B\u016fh je n\u00e1\u0161 Stvo\u0159itel, je n\u00e1\u0161 Otec, ale p\u0159edev\u0161\u00edm je na\u0161e l\u00e1ska. Obklopuje n\u00e1s sv\u00fdm v\u0161udyp\u0159\u00edtomn\u00fdm milosrdenstv\u00edm.","robots":{"index":"index","follow":"follow","max-snippet":"max-snippet:-1","max-image-preview":"max-image-preview:large","max-video-preview":"max-video-preview:-1"},"canonical":"https:\/\/chrystus.pl\/cs\/proc-pes-miluje-me-2\/","og_locale":"cs_CZ","og_type":"article","og_title":"Dlaczego B\u00f3g mnie kocha? - Chrystus","og_description":"Dlaczego B\u00f3g mnie kocha? Pan B\u00f3g jest naszym Stw\u00f3rc\u0105, jest naszym Ojcem ale przede wszystkim nasz\u0105 mi\u0142o\u015bci\u0105. Otacza nas swoim wszechobecnym mi\u0142osierdziem.","og_url":"https:\/\/chrystus.pl\/cs\/proc-pes-miluje-me-2\/","og_site_name":"Chrystus","article_published_time":"2019-03-26T04:14:06+00:00","article_modified_time":"2020-01-13T07:51:57+00:00","og_image":[{"width":1280,"height":853,"url":"https:\/\/chrystus.pl\/wp-content\/uploads\/2019\/03\/Dlaczego-Bo\u0301g-mnie-kocha.jpg","type":"image\/jpeg"}],"author":"Samarytanka","twitter_card":"summary_large_image","twitter_misc":{"Napsal(a)":"Samarytanka","Odhadovan\u00e1 doba \u010dten\u00ed":"1 minuta"},"schema":{"@context":"https:\/\/schema.org","@graph":[{"@type":"Article","@id":"https:\/\/chrystus.pl\/dlaczego-bog-mnie-kocha\/#article","isPartOf":{"@id":"https:\/\/chrystus.pl\/dlaczego-bog-mnie-kocha\/"},"author":{"name":"Samarytanka","@id":"https:\/\/chrystus.pl\/#\/schema\/person\/e2e742452b8b7b2bcd23ea180671d27a"},"headline":"Dlaczego B\u00f3g mnie kocha?","datePublished":"2019-03-26T04:14:06+00:00","dateModified":"2020-01-13T07:51:57+00:00","mainEntityOfPage":{"@id":"https:\/\/chrystus.pl\/dlaczego-bog-mnie-kocha\/"},"wordCount":225,"commentCount":0,"publisher":{"@id":"https:\/\/chrystus.pl\/#organization"},"image":{"@id":"https:\/\/chrystus.pl\/dlaczego-bog-mnie-kocha\/#primaryimage"},"thumbnailUrl":"https:\/\/chrystus.pl\/wp-content\/uploads\/2019\/03\/Dlaczego-Bo\u0301g-mnie-kocha.jpg","keywords":["mi\u0142o\u015b\u0107"],"articleSection":["B\u00f3g"],"inLanguage":"cs","potentialAction":[{"@type":"CommentAction","name":"Comment","target":["https:\/\/chrystus.pl\/dlaczego-bog-mnie-kocha\/#respond"]}]},{"@type":"WebPage","@id":"https:\/\/chrystus.pl\/dlaczego-bog-mnie-kocha\/","url":"https:\/\/chrystus.pl\/dlaczego-bog-mnie-kocha\/","name":"Pro\u010d m\u011b B\u016fh miluje? - Kristus","isPartOf":{"@id":"https:\/\/chrystus.pl\/#website"},"primaryImageOfPage":{"@id":"https:\/\/chrystus.pl\/dlaczego-bog-mnie-kocha\/#primaryimage"},"image":{"@id":"https:\/\/chrystus.pl\/dlaczego-bog-mnie-kocha\/#primaryimage"},"thumbnailUrl":"https:\/\/chrystus.pl\/wp-content\/uploads\/2019\/03\/Dlaczego-Bo\u0301g-mnie-kocha.jpg","datePublished":"2019-03-26T04:14:06+00:00","dateModified":"2020-01-13T07:51:57+00:00","description":"Pro\u010d m\u011b B\u016fh miluje? P\u00e1n B\u016fh je n\u00e1\u0161 Stvo\u0159itel, je n\u00e1\u0161 Otec, ale p\u0159edev\u0161\u00edm je na\u0161e l\u00e1ska. Obklopuje n\u00e1s sv\u00fdm v\u0161udyp\u0159\u00edtomn\u00fdm milosrdenstv\u00edm.","breadcrumb":{"@id":"https:\/\/chrystus.pl\/dlaczego-bog-mnie-kocha\/#breadcrumb"},"inLanguage":"cs","potentialAction":[{"@type":"ReadAction","target":["https:\/\/chrystus.pl\/dlaczego-bog-mnie-kocha\/"]}]},{"@type":"ImageObject","inLanguage":"cs","@id":"https:\/\/chrystus.pl\/dlaczego-bog-mnie-kocha\/#primaryimage","url":"https:\/\/chrystus.pl\/wp-content\/uploads\/2019\/03\/Dlaczego-Bo\u0301g-mnie-kocha.jpg","contentUrl":"https:\/\/chrystus.pl\/wp-content\/uploads\/2019\/03\/Dlaczego-Bo\u0301g-mnie-kocha.jpg","width":1280,"height":853,"caption":"Dlaczego Bo\u0301g mnie kocha"},{"@type":"BreadcrumbList","@id":"https:\/\/chrystus.pl\/dlaczego-bog-mnie-kocha\/#breadcrumb","itemListElement":[{"@type":"ListItem","position":1,"name":"Strona g\u0142\u00f3wna","item":"https:\/\/chrystus.pl\/"},{"@type":"ListItem","position":2,"name":"Dlaczego B\u00f3g mnie kocha?"}]},{"@type":"WebSite","@id":"https:\/\/chrystus.pl\/#website","url":"https:\/\/chrystus.pl\/","name":"Kristus","description":"B\u016fh, Maria, Je\u017e\u00ed\u0161, p\u0159ij\u00edm\u00e1n\u00ed a dal\u0161\u00ed informace","publisher":{"@id":"https:\/\/chrystus.pl\/#organization"},"potentialAction":[{"@type":"SearchAction","target":{"@type":"EntryPoint","urlTemplate":"https:\/\/chrystus.pl\/?s={search_term_string}"},"query-input":{"@type":"PropertyValueSpecification","valueRequired":true,"valueName":"search_term_string"}}],"inLanguage":"cs"},{"@type":"Organization","@id":"https:\/\/chrystus.pl\/#organization","name":"Christ.pl","url":"https:\/\/chrystus.pl\/","logo":{"@type":"ImageObject","inLanguage":"cs","@id":"https:\/\/chrystus.pl\/#\/schema\/logo\/image\/","url":"https:\/\/chrystus.pl\/wp-content\/uploads\/2019\/03\/chrystus-bog-maryja-komunia-bierzmowanie.jpg","contentUrl":"https:\/\/chrystus.pl\/wp-content\/uploads\/2019\/03\/chrystus-bog-maryja-komunia-bierzmowanie.jpg","width":1920,"height":1280,"caption":"Chrystus.pl"},"image":{"@id":"https:\/\/chrystus.pl\/#\/schema\/logo\/image\/"}},{"@type":"Person","@id":"https:\/\/chrystus.pl\/#\/schema\/person\/e2e742452b8b7b2bcd23ea180671d27a","name":"Samarit\u00e1nka"}]}},"_links":{"self":[{"href":"https:\/\/chrystus.pl\/cs\/wp-json\/wp\/v2\/posts\/81","targetHints":{"allow":["GET"]}}],"collection":[{"href":"https:\/\/chrystus.pl\/cs\/wp-json\/wp\/v2\/posts"}],"about":[{"href":"https:\/\/chrystus.pl\/cs\/wp-json\/wp\/v2\/types\/post"}],"author":[{"embeddable":true,"href":"https:\/\/chrystus.pl\/cs\/wp-json\/wp\/v2\/users\/1"}],"replies":[{"embeddable":true,"href":"https:\/\/chrystus.pl\/cs\/wp-json\/wp\/v2\/comments?post=81"}],"version-history":[{"count":0,"href":"https:\/\/chrystus.pl\/cs\/wp-json\/wp\/v2\/posts\/81\/revisions"}],"wp:featuredmedia":[{"embeddable":true,"href":"https:\/\/chrystus.pl\/cs\/wp-json\/wp\/v2\/media\/82"}],"wp:attachment":[{"href":"https:\/\/chrystus.pl\/cs\/wp-json\/wp\/v2\/media?parent=81"}],"wp:term":[{"taxonomy":"category","embeddable":true,"href":"https:\/\/chrystus.pl\/cs\/wp-json\/wp\/v2\/categories?post=81"},{"taxonomy":"post_tag","embeddable":true,"href":"https:\/\/chrystus.pl\/cs\/wp-json\/wp\/v2\/tags?post=81"}],"curies":[{"name":"wp","href":"https:\/\/api.w.org\/{rel}","templated":true}]}}