{"id":90,"date":"2019-03-26T04:20:50","date_gmt":"2019-03-26T04:20:50","guid":{"rendered":"https:\/\/chrystus.pl\/?p=90"},"modified":"2020-01-13T07:51:42","modified_gmt":"2020-01-13T07:51:42","slug":"dlaczego-bog-sie-objawia","status":"publish","type":"post","link":"https:\/\/chrystus.pl\/cs\/dlaczego-bog-sie-objawia\/","title":{"rendered":"Pro\u010d se B\u016fh zjevuje?"},"content":{"rendered":"<p>\u010clov\u011bk je bytost, kter\u00e1 se skl\u00e1d\u00e1 z rozumu a svobodn\u00e9 v\u016fle. Smyslem na\u0161eho \u017eivota je <span id=\"urn:enhancement-8e3b1175\" class=\"textannotation disambiguated wl-other\" itemid=\"http:\/\/data.wordlift.io\/wl01857\/entity\/poznanie\">pozn\u00e1v\u00e1n\u00ed<\/span> pravda a nejvy\u0161\u0161\u00ed <span id=\"urn:enhancement-38916dc5\" class=\"textannotation disambiguated wl-other\" itemid=\"http:\/\/data.wordlift.io\/wl01857\/entity\/dobro\">nemovitost<\/span> po cest\u011b n\u00e1bo\u017eenstv\u00ed. Hledat v tom v\u0161em <span id=\"urn:enhancement-30ec2be8\" class=\"textannotation disambiguated wl-other\" itemid=\"http:\/\/data.wordlift.io\/wl01378\/entity\/bog\">B\u016fh<\/span> by mohlo b\u00fdt velmi obt\u00ed\u017en\u00e9, proto\u017ee pan <span id=\"urn:enhancement-d381d352\" class=\"textannotation disambiguated wl-other\" itemid=\"http:\/\/data.wordlift.io\/wl01378\/entity\/bog\">B\u016fh<\/span> jako nejvy\u0161\u0161\u00ed dobro a nejvy\u0161\u0161\u00ed pravda n\u00e1s p\u0159esahuje ve v\u0161ech aspektech na\u0161eho \u017eivota.<\/p>\n<p>Na\u0161e vyhled\u00e1v\u00e1n\u00ed <span id=\"urn:enhancement-df4cba37\" class=\"textannotation disambiguated wl-other\" itemid=\"http:\/\/data.wordlift.io\/wl01378\/entity\/bog\">B\u016fh<\/span> by proto mohla b\u00fdt pon\u011bkud zt\u00ed\u017eena skute\u010dnost\u00ed, \u017ee lidsky nepochopiteln\u00fd <span id=\"urn:enhancement-5e73f57e\" class=\"textannotation disambiguated wl-other\" itemid=\"http:\/\/data.wordlift.io\/wl01857\/entity\/umysl\">mysl<\/span> velikost na\u0161eho <span id=\"urn:enhancement-8408024c\" class=\"textannotation disambiguated wl-other\" itemid=\"http:\/\/data.wordlift.io\/wl01857\/entity\/pan_mitologia\">Pan.<\/span>. Pro\u010d <span id=\"urn:enhancement-d70d018b\" class=\"textannotation disambiguated wl-other\" itemid=\"http:\/\/data.wordlift.io\/wl01378\/entity\/bog\">B\u016fh<\/span> je n\u00e1m zjeven? M\u016f\u017eeme konstatovat, \u017ee <span id=\"urn:enhancement-1a8efb58\" class=\"textannotation disambiguated wl-other\" itemid=\"http:\/\/data.wordlift.io\/wl01378\/entity\/objawienie\">zjeven\u00ed<\/span> <span id=\"urn:enhancement-c51eaa55\" class=\"textannotation disambiguated wl-other\" itemid=\"http:\/\/data.wordlift.io\/wl01378\/entity\/bog\">B\u016fh<\/span> jsou pro n\u00e1s n\u00e1pov\u011bdou. Nazna\u010duj\u00ed, kde a co hledat. Pan <span id=\"urn:enhancement-71c74ffb\" class=\"textannotation disambiguated wl-other\" itemid=\"http:\/\/data.wordlift.io\/wl01378\/entity\/bog\">B\u016fh<\/span> <a href=\"https:\/\/chrystus.pl\/cs\/modlitwa-ktora-zawsze-pomaga\/\">pom\u00e1h\u00e1<\/a> n\u00e1m od sam\u00e9ho po\u010d\u00e1tku, a to nejen prost\u0159ednictv\u00edm <span id=\"urn:enhancement-cada3999\" class=\"textannotation disambiguated wl-other\" itemid=\"http:\/\/data.wordlift.io\/wl01378\/entity\/objawienie\">zjeven\u00ed<\/span> ale tak\u00e9 sv\u00fdm u\u010den\u00edm nebo u\u010den\u00edm sv\u00e9ho <span id=\"urn:enhancement-5ffb0cd3\" class=\"textannotation disambiguated wl-other\" itemid=\"http:\/\/data.wordlift.io\/wl01378\/entity\/syn_bozy\">Syn<\/span>. Pan. <span id=\"urn:enhancement-7ebb468d\" class=\"textannotation disambiguated wl-other\" itemid=\"http:\/\/data.wordlift.io\/wl01378\/entity\/bog\">B\u016fh<\/span> radostn\u011b oslovuje ty, kdo ho neust\u00e1le hledaj\u00ed. <span id=\"urn:enhancement-fa77ce30\" class=\"textannotation disambiguated wl-other\" itemid=\"http:\/\/data.wordlift.io\/wl01378\/entity\/wiara_chrzescijanstwo\">Faith<\/span> do toho, \u017ee se P\u00e1n zjevuje, je j\u00e1drem k\u0159es\u0165anstv\u00ed.<\/p>\n<p>Pan. <span id=\"urn:enhancement-d55357b\" class=\"textannotation disambiguated wl-other\" itemid=\"http:\/\/data.wordlift.io\/wl01378\/entity\/bog\">B\u016fh<\/span> nepot\u0159ebuje sv\u011bt, nepot\u0159ebuje b\u00fdt na n\u011bm z\u00e1visl\u00fd, proto\u017ee je l\u00e1ska a vesm\u00edr s\u00e1m. Nicm\u00e9n\u011b, <span id=\"urn:enhancement-d10f146b\" class=\"textannotation disambiguated wl-other\" itemid=\"http:\/\/data.wordlift.io\/wl01378\/entity\/bog\">B\u016fh<\/span> cht\u011bl se s n\u00e1mi o v\u0161e pod\u011blit.<\/p>\n<p>Pro\u010d a jak <span id=\"urn:enhancement-12bd2dae\" class=\"textannotation disambiguated wl-other\" itemid=\"http:\/\/data.wordlift.io\/wl01378\/entity\/bog\">B\u016fh<\/span> je n\u00e1m zjeven? <span id=\"urn:enhancement-9490344f\" class=\"textannotation disambiguated wl-other\" itemid=\"http:\/\/data.wordlift.io\/wl01378\/entity\/objawienie\">Zjeven\u00ed<\/span> nemus\u00ed znamenat hmatatelnou podobu. <span id=\"urn:enhancement-6fc93952\" class=\"textannotation disambiguated wl-other\" itemid=\"http:\/\/data.wordlift.io\/wl01857\/entity\/pan_mitologia\">Pan.<\/span>. Ka\u017ed\u00fd den se n\u00e1m zjevuje v podob\u011b l\u00e1sky a kr\u00e1sy, kter\u00e1 n\u00e1s obklopuje.  Jak \u0159\u00edk\u00e1 svat\u00fd Pavel. <span id=\"urn:enhancement-1fab4224\" class=\"textannotation disambiguated wl-person\" itemid=\"http:\/\/data.wordlift.io\/wl01857\/entity\/tomasz_z_akwinu\">Tom\u00e1\u0161 Akvinsk\u00fd<\/span>...dobro se rozl\u00e9v\u00e1 z p\u0159\u00edrody. <span id=\"urn:enhancement-5cb9c23f\" class=\"textannotation disambiguated wl-other\" itemid=\"http:\/\/data.wordlift.io\/wl01378\/entity\/bog\">B\u016fh<\/span> chce, aby s n\u00edm \u010dlov\u011bk sd\u00edlel \u017eivot, pravdu a dobro. Proto <span id=\"urn:enhancement-70b3e42f\" class=\"textannotation disambiguated wl-other\" itemid=\"http:\/\/data.wordlift.io\/wl01378\/entity\/bog\">B\u016fh<\/span> je n\u00e1m zjeven.<\/p>","protected":false},"excerpt":{"rendered":"<p>\u010clov\u011bk je bytost, kter\u00e1 se skl\u00e1d\u00e1 z rozumu a svobodn\u00e9 v\u016fle. Smyslem na\u0161eho \u017eivota je poznat pravdu a nejvy\u0161\u0161\u00ed dobro t\u00edm, \u017ee p\u016fjdeme cestou n\u00e1bo\u017eenstv\u00ed. Hled\u00e1n\u00ed Boha v tom v\u0161em m\u016f\u017ee b\u00fdt nesm\u00edrn\u011b obt\u00ed\u017en\u00e9, proto\u017ee P\u00e1n B\u016fh jako nejvy\u0161\u0161\u00ed dobro a nejvy\u0161\u0161\u00ed pravda n\u00e1s p\u0159esahuje ve v\u0161ech aspektech na\u0161eho \u017eivota. Na\u0161e hled\u00e1n\u00ed Boha by proto mohlo b\u00fdt pon\u011bkud ...<\/p>","protected":false},"author":1,"featured_media":91,"comment_status":"open","ping_status":"open","sticky":false,"template":"","format":"standard","meta":{"footnotes":""},"categories":[5],"tags":[20],"class_list":["post-90","post","type-post","status-publish","format-standard","has-post-thumbnail","hentry","category-bog","tag-objawienia"],"yoast_head":"<!-- This site is optimized with the Yoast SEO plugin v27.5 - https:\/\/yoast.com\/product\/yoast-seo-wordpress\/ -->\n<title>Dlaczego B\u00f3g Si\u0119 Objawia? - Chrystus<\/title>\n<meta name=\"description\" content=\"Cz\u0142owiek jest istot\u0105, kt\u00f3ra sk\u0142ada si\u0119 z rozumu i wolnej woli. Sensem naszego \u017cycia jest poznanie prawdy oraz najwy\u017cszego dobra pod\u0105\u017caj\u0105c \u015bcie\u017ck\u0105 religii.\" \/>\n<meta name=\"robots\" content=\"index, follow, max-snippet:-1, max-image-preview:large, max-video-preview:-1\" \/>\n<link rel=\"canonical\" href=\"https:\/\/chrystus.pl\/cs\/proc-se-objevuje-buh\/\" \/>\n<meta property=\"og:locale\" content=\"cs_CZ\" \/>\n<meta property=\"og:type\" content=\"article\" \/>\n<meta property=\"og:title\" content=\"Dlaczego B\u00f3g Si\u0119 Objawia? - Chrystus\" \/>\n<meta property=\"og:description\" content=\"Cz\u0142owiek jest istot\u0105, kt\u00f3ra sk\u0142ada si\u0119 z rozumu i wolnej woli. Sensem naszego \u017cycia jest poznanie prawdy oraz najwy\u017cszego dobra pod\u0105\u017caj\u0105c \u015bcie\u017ck\u0105 religii.\" \/>\n<meta property=\"og:url\" content=\"https:\/\/chrystus.pl\/cs\/proc-se-objevuje-buh\/\" \/>\n<meta property=\"og:site_name\" content=\"Chrystus\" \/>\n<meta property=\"article:published_time\" content=\"2019-03-26T04:20:50+00:00\" \/>\n<meta property=\"article:modified_time\" content=\"2020-01-13T07:51:42+00:00\" \/>\n<meta property=\"og:image\" content=\"https:\/\/chrystus.pl\/wp-content\/uploads\/2019\/03\/Dlaczego-Bo\u0301g-Sie\u0328-Objawia.jpg\" \/>\n\t<meta property=\"og:image:width\" content=\"1280\" \/>\n\t<meta property=\"og:image:height\" content=\"853\" \/>\n\t<meta property=\"og:image:type\" content=\"image\/jpeg\" \/>\n<meta name=\"author\" content=\"Samarytanka\" \/>\n<meta name=\"twitter:card\" content=\"summary_large_image\" \/>\n<meta name=\"twitter:label1\" content=\"Napsal(a)\" \/>\n\t<meta name=\"twitter:data1\" content=\"Samarytanka\" \/>\n\t<meta name=\"twitter:label2\" content=\"Odhadovan\u00e1 doba \u010dten\u00ed\" \/>\n\t<meta name=\"twitter:data2\" content=\"1 minuta\" \/>\n<!-- \/ Yoast SEO plugin. -->","yoast_head_json":{"title":"Pro\u010d se B\u016fh zjevuje? - Kristus","description":"\u010clov\u011bk je bytost, kter\u00e1 se skl\u00e1d\u00e1 z rozumu a svobodn\u00e9 v\u016fle. Smyslem na\u0161eho \u017eivota je pozn\u00e1n\u00ed pravdy a nejvy\u0161\u0161\u00edho dobra na cest\u011b n\u00e1bo\u017eenstv\u00ed.","robots":{"index":"index","follow":"follow","max-snippet":"max-snippet:-1","max-image-preview":"max-image-preview:large","max-video-preview":"max-video-preview:-1"},"canonical":"https:\/\/chrystus.pl\/cs\/proc-se-objevuje-buh\/","og_locale":"cs_CZ","og_type":"article","og_title":"Dlaczego B\u00f3g Si\u0119 Objawia? - Chrystus","og_description":"Cz\u0142owiek jest istot\u0105, kt\u00f3ra sk\u0142ada si\u0119 z rozumu i wolnej woli. Sensem naszego \u017cycia jest poznanie prawdy oraz najwy\u017cszego dobra pod\u0105\u017caj\u0105c \u015bcie\u017ck\u0105 religii.","og_url":"https:\/\/chrystus.pl\/cs\/proc-se-objevuje-buh\/","og_site_name":"Chrystus","article_published_time":"2019-03-26T04:20:50+00:00","article_modified_time":"2020-01-13T07:51:42+00:00","og_image":[{"width":1280,"height":853,"url":"https:\/\/chrystus.pl\/wp-content\/uploads\/2019\/03\/Dlaczego-Bo\u0301g-Sie\u0328-Objawia.jpg","type":"image\/jpeg"}],"author":"Samarytanka","twitter_card":"summary_large_image","twitter_misc":{"Napsal(a)":"Samarytanka","Odhadovan\u00e1 doba \u010dten\u00ed":"1 minuta"},"schema":{"@context":"https:\/\/schema.org","@graph":[{"@type":"Article","@id":"https:\/\/chrystus.pl\/dlaczego-bog-sie-objawia\/#article","isPartOf":{"@id":"https:\/\/chrystus.pl\/dlaczego-bog-sie-objawia\/"},"author":{"name":"Samarytanka","@id":"https:\/\/chrystus.pl\/#\/schema\/person\/e2e742452b8b7b2bcd23ea180671d27a"},"headline":"Dlaczego B\u00f3g Si\u0119 Objawia?","datePublished":"2019-03-26T04:20:50+00:00","dateModified":"2020-01-13T07:51:42+00:00","mainEntityOfPage":{"@id":"https:\/\/chrystus.pl\/dlaczego-bog-sie-objawia\/"},"wordCount":272,"commentCount":0,"publisher":{"@id":"https:\/\/chrystus.pl\/#organization"},"image":{"@id":"https:\/\/chrystus.pl\/dlaczego-bog-sie-objawia\/#primaryimage"},"thumbnailUrl":"https:\/\/chrystus.pl\/wp-content\/uploads\/2019\/03\/Dlaczego-Bo\u0301g-Sie\u0328-Objawia.jpg","keywords":["objawienia"],"articleSection":["B\u00f3g"],"inLanguage":"cs","potentialAction":[{"@type":"CommentAction","name":"Comment","target":["https:\/\/chrystus.pl\/dlaczego-bog-sie-objawia\/#respond"]}]},{"@type":"WebPage","@id":"https:\/\/chrystus.pl\/dlaczego-bog-sie-objawia\/","url":"https:\/\/chrystus.pl\/dlaczego-bog-sie-objawia\/","name":"Pro\u010d se B\u016fh zjevuje? - Kristus","isPartOf":{"@id":"https:\/\/chrystus.pl\/#website"},"primaryImageOfPage":{"@id":"https:\/\/chrystus.pl\/dlaczego-bog-sie-objawia\/#primaryimage"},"image":{"@id":"https:\/\/chrystus.pl\/dlaczego-bog-sie-objawia\/#primaryimage"},"thumbnailUrl":"https:\/\/chrystus.pl\/wp-content\/uploads\/2019\/03\/Dlaczego-Bo\u0301g-Sie\u0328-Objawia.jpg","datePublished":"2019-03-26T04:20:50+00:00","dateModified":"2020-01-13T07:51:42+00:00","description":"\u010clov\u011bk je bytost, kter\u00e1 se skl\u00e1d\u00e1 z rozumu a svobodn\u00e9 v\u016fle. Smyslem na\u0161eho \u017eivota je pozn\u00e1n\u00ed pravdy a nejvy\u0161\u0161\u00edho dobra na cest\u011b n\u00e1bo\u017eenstv\u00ed.","breadcrumb":{"@id":"https:\/\/chrystus.pl\/dlaczego-bog-sie-objawia\/#breadcrumb"},"inLanguage":"cs","potentialAction":[{"@type":"ReadAction","target":["https:\/\/chrystus.pl\/dlaczego-bog-sie-objawia\/"]}]},{"@type":"ImageObject","inLanguage":"cs","@id":"https:\/\/chrystus.pl\/dlaczego-bog-sie-objawia\/#primaryimage","url":"https:\/\/chrystus.pl\/wp-content\/uploads\/2019\/03\/Dlaczego-Bo\u0301g-Sie\u0328-Objawia.jpg","contentUrl":"https:\/\/chrystus.pl\/wp-content\/uploads\/2019\/03\/Dlaczego-Bo\u0301g-Sie\u0328-Objawia.jpg","width":1280,"height":853},{"@type":"BreadcrumbList","@id":"https:\/\/chrystus.pl\/dlaczego-bog-sie-objawia\/#breadcrumb","itemListElement":[{"@type":"ListItem","position":1,"name":"Strona g\u0142\u00f3wna","item":"https:\/\/chrystus.pl\/"},{"@type":"ListItem","position":2,"name":"Dlaczego B\u00f3g Si\u0119 Objawia?"}]},{"@type":"WebSite","@id":"https:\/\/chrystus.pl\/#website","url":"https:\/\/chrystus.pl\/","name":"Kristus","description":"B\u016fh, Maria, Je\u017e\u00ed\u0161, p\u0159ij\u00edm\u00e1n\u00ed a dal\u0161\u00ed informace","publisher":{"@id":"https:\/\/chrystus.pl\/#organization"},"potentialAction":[{"@type":"SearchAction","target":{"@type":"EntryPoint","urlTemplate":"https:\/\/chrystus.pl\/?s={search_term_string}"},"query-input":{"@type":"PropertyValueSpecification","valueRequired":true,"valueName":"search_term_string"}}],"inLanguage":"cs"},{"@type":"Organization","@id":"https:\/\/chrystus.pl\/#organization","name":"Christ.pl","url":"https:\/\/chrystus.pl\/","logo":{"@type":"ImageObject","inLanguage":"cs","@id":"https:\/\/chrystus.pl\/#\/schema\/logo\/image\/","url":"https:\/\/chrystus.pl\/wp-content\/uploads\/2019\/03\/chrystus-bog-maryja-komunia-bierzmowanie.jpg","contentUrl":"https:\/\/chrystus.pl\/wp-content\/uploads\/2019\/03\/chrystus-bog-maryja-komunia-bierzmowanie.jpg","width":1920,"height":1280,"caption":"Chrystus.pl"},"image":{"@id":"https:\/\/chrystus.pl\/#\/schema\/logo\/image\/"}},{"@type":"Person","@id":"https:\/\/chrystus.pl\/#\/schema\/person\/e2e742452b8b7b2bcd23ea180671d27a","name":"Samarit\u00e1nka"}]}},"_links":{"self":[{"href":"https:\/\/chrystus.pl\/cs\/wp-json\/wp\/v2\/posts\/90","targetHints":{"allow":["GET"]}}],"collection":[{"href":"https:\/\/chrystus.pl\/cs\/wp-json\/wp\/v2\/posts"}],"about":[{"href":"https:\/\/chrystus.pl\/cs\/wp-json\/wp\/v2\/types\/post"}],"author":[{"embeddable":true,"href":"https:\/\/chrystus.pl\/cs\/wp-json\/wp\/v2\/users\/1"}],"replies":[{"embeddable":true,"href":"https:\/\/chrystus.pl\/cs\/wp-json\/wp\/v2\/comments?post=90"}],"version-history":[{"count":0,"href":"https:\/\/chrystus.pl\/cs\/wp-json\/wp\/v2\/posts\/90\/revisions"}],"wp:featuredmedia":[{"embeddable":true,"href":"https:\/\/chrystus.pl\/cs\/wp-json\/wp\/v2\/media\/91"}],"wp:attachment":[{"href":"https:\/\/chrystus.pl\/cs\/wp-json\/wp\/v2\/media?parent=90"}],"wp:term":[{"taxonomy":"category","embeddable":true,"href":"https:\/\/chrystus.pl\/cs\/wp-json\/wp\/v2\/categories?post=90"},{"taxonomy":"post_tag","embeddable":true,"href":"https:\/\/chrystus.pl\/cs\/wp-json\/wp\/v2\/tags?post=90"}],"curies":[{"name":"wp","href":"https:\/\/api.w.org\/{rel}","templated":true}]}}