{"id":1613,"date":"2020-04-29T20:11:38","date_gmt":"2020-04-29T20:11:38","guid":{"rendered":"https:\/\/chrystus.pl\/?p=1613"},"modified":"2020-05-09T20:39:47","modified_gmt":"2020-05-09T20:39:47","slug":"jak-maryja-zostala-wzieta-do-nieba-czy-zmarla","status":"publish","type":"post","link":"https:\/\/chrystus.pl\/da\/jak-maryja-zostala-wzieta-do-nieba-czy-zmarla\/","title":{"rendered":"Hvordan blev Maria taget op i himlen (eller d\u00f8de hun?)"},"content":{"rendered":"<p>Som <span id=\"urn:enhancement-e3f28652\" class=\"textannotation disambiguated wl-person\" itemid=\"http:\/\/data.wordlift.io\/wl02137\/entity\/maria_z_nazaretu\">Mary<\/span> blev bragt til <span id=\"urn:enhancement-32e3e4b7\" class=\"textannotation disambiguated wl-thing\" itemid=\"http:\/\/data.wordlift.io\/wl02137\/entity\/niebo_katolicyzm\">Himlen<\/span>? Er <span id=\"urn:enhancement-679dde3c\" class=\"textannotation disambiguated wl-person\" itemid=\"http:\/\/data.wordlift.io\/wl02137\/entity\/maria_z_nazaretu\">Mary<\/span> d\u00f8de hun, og blev hun begravet et sted? Dette emne er relateret til beskrivelsen af <span id=\"urn:enhancement-f0bc38d5\" class=\"textannotation disambiguated wl-person\" itemid=\"http:\/\/data.wordlift.io\/wl02137\/entity\/wniebowziecie_najswietszej_maryi_panny\">Antagelse<\/span> Hellig <span id=\"urn:enhancement-2136a099\" class=\"textannotation disambiguated wl-person\" itemid=\"http:\/\/data.wordlift.io\/wl02137\/entity\/maria_z_nazaretu\">Jomfru Maria<\/span>. If\u00f8lge den kristne tradition er det jordiske livs afslutning <span id=\"urn:enhancement-4ecddadf\" class=\"textannotation disambiguated wl-person\" itemid=\"http:\/\/data.wordlift.io\/wl02137\/entity\/maria_z_nazaretu\">Maria<\/span> i Nazareth er en af de store begivenheder, der er forbundet med hendes person.<\/p>\n<p>De n\u00f8jagtige detaljer om dette findes i den gyldne legende og er hentet fra en apokryf bog, hvis forfatterskab tilskrives <span id=\"urn:enhancement-ec3e0a9\" class=\"textannotation disambiguated wl-person\" itemid=\"http:\/\/data.wordlift.io\/wl02137\/entity\/jan_ewangelista\">Til John<\/span> Evangelister, if\u00f8lge hvilke <span id=\"urn:enhancement-c1469136\" class=\"textannotation disambiguated wl-person\" itemid=\"http:\/\/data.wordlift.io\/wl02137\/entity\/maria_z_nazaretu\">Mary<\/span> efter hendes d\u00f8d <span id=\"urn:enhancement-49bee82e\" class=\"textannotation disambiguated wl-thing\" itemid=\"http:\/\/data.wordlift.io\/wl02137\/entity\/syn_bozy\">S\u00f8n af<\/span> <span id=\"urn:enhancement-dae38908\" class=\"textannotation disambiguated wl-person\" itemid=\"http:\/\/data.wordlift.io\/wl02137\/entity\/jezus_chrystus\">Jesus<\/span> <span id=\"urn:enhancement-179c67b0\" class=\"textannotation disambiguated wl-person\" itemid=\"http:\/\/data.wordlift.io\/wl02137\/entity\/jezus_chrystus\">Kristus<\/span> med bop\u00e6l i n\u00e6rheden af et bjerg <span id=\"urn:enhancement-24bb0128\" class=\"textannotation disambiguated wl-place\" itemid=\"http:\/\/data.wordlift.io\/wl02137\/entity\/syjon\">Zion<\/span>. Der fik hun bes\u00f8g af en engel, der holdt en palmegren i h\u00e5nden. Hun modtog en besked fra englen, if\u00f8lge hvilken hun skulle forlade jorden om tre dage. Med selve begivenheden at forlade jorden med <span id=\"urn:enhancement-e1abac6\" class=\"textannotation disambiguated wl-person\" itemid=\"http:\/\/data.wordlift.io\/wl02137\/entity\/maria_z_nazaretu\">Mary<\/span> Der er mange usikkerheder forbundet med dette. Det er ikke helt klart, om <span id=\"urn:enhancement-f93f7dd\" class=\"textannotation disambiguated wl-person\" itemid=\"http:\/\/data.wordlift.io\/wl02137\/entity\/maria_z_nazaretu\">Mary<\/span> d\u00f8de hun som enhver anden d\u00f8delig, hvilket hun var, eller blev hun taget direkte til himlen. Det uomg\u00e6ngelige faktum er, at <span id=\"urn:enhancement-9d9341c3\" class=\"textannotation disambiguated wl-person\" itemid=\"http:\/\/data.wordlift.io\/wl02137\/entity\/maria_z_nazaretu\">Mary<\/span>, ligesom <span id=\"urn:enhancement-df591ff8\" class=\"textannotation disambiguated wl-person\" itemid=\"http:\/\/data.wordlift.io\/wl02137\/entity\/jezus_chrystus\">Jesus Kristus<\/span> har en menneskelig og dermed d\u00f8delig natur.<\/p>\n<p>Forskere p\u00e5 dette omr\u00e5de kan opdeles i to grupper, d\u00f8delige og ud\u00f8delige. Nogle af dem tror p\u00e5 en almindelig jordisk d\u00f8d <span id=\"urn:enhancement-82bd2264\" class=\"textannotation disambiguated wl-person\" itemid=\"http:\/\/data.wordlift.io\/wl02137\/entity\/maria_z_nazaretu\">Mary<\/span>Andre er dens modstandere. D\u00f8delige og ud\u00f8delige kan kun forsones ved den universelt anerkendte kendsgerning, at man falder i s\u00f8vn <span id=\"urn:enhancement-2109cffc\" class=\"textannotation disambiguated wl-person\" itemid=\"http:\/\/data.wordlift.io\/wl02137\/entity\/maria_z_nazaretu\">Mary<\/span> F\u00f8r hun blev henrykket. For s\u00e5 vidt som d\u00f8den indtraf, var den noget anderledes end d\u00f8den for en almindelig person. <span id=\"urn:enhancement-7ac8729d\" class=\"textannotation disambiguated wl-person\" itemid=\"http:\/\/data.wordlift.io\/wl02137\/entity\/maria_z_nazaretu\">Mary<\/span> har ikke bukket under for d\u00f8dens begr\u00e6nsninger. Det, der er sikkert, er, hvordan <span id=\"urn:enhancement-3e7db6c7\" class=\"textannotation disambiguated wl-person\" itemid=\"http:\/\/data.wordlift.io\/wl02137\/entity\/maria_z_nazaretu\">Mary<\/span> blev bragt til <span id=\"urn:enhancement-809b96\" class=\"textannotation disambiguated wl-thing\" itemid=\"http:\/\/data.wordlift.io\/wl02137\/entity\/niebo_katolicyzm\">Himlen<\/span>fordi hun blev f\u00f8rt dertil med sj\u00e6l og legeme.<\/p>","protected":false},"excerpt":{"rendered":"<p>Jak Maryja zosta\u0142a wzi\u0119ta do Nieba? Czy Maryja umar\u0142a i czy zosta\u0142a gdziekolwiek pochowana? Temat ten zwi\u0105zany jest z opisem Wniebowzi\u0119cia Naj\u015bwi\u0119tszej Maryi Panny. Wed\u0142ug tradycji Chrze\u015bcija\u0144skiej koniec Ziemskiego \u017cycia Marii z Nazaretu jest jednym z wielkich wydarze\u0144 zwi\u0105zanych z jej osob\u0105. Dok\u0142adne informacje na ten temat znajduj\u0105 si\u0119 w Z\u0142otej legendzie i zosta\u0142y zaczerpni\u0119te &hellip;<\/p>","protected":false},"author":1,"featured_media":1614,"comment_status":"closed","ping_status":"closed","sticky":false,"template":"","format":"standard","meta":{"footnotes":""},"categories":[64],"tags":[],"class_list":["post-1613","post","type-post","status-publish","format-standard","has-post-thumbnail","hentry","category-maryja"],"yoast_head":"<!-- This site is optimized with the Yoast SEO plugin v27.5 - https:\/\/yoast.com\/product\/yoast-seo-wordpress\/ -->\n<title>Jak Maryja zosta\u0142a wzi\u0119ta do Nieba (czy zmar\u0142a?) - Chrystus<\/title>\n<meta name=\"description\" content=\"Jak Maryja zosta\u0142a wzi\u0119ta do Nieba? Czy Maryja umar\u0142a i czy zosta\u0142a gdziekolwiek pochowana? Temat ten zwi\u0105zany jest z opisem Wniebowzi\u0119cia Naj\u015bwi\u0119tszej\" \/>\n<meta name=\"robots\" content=\"index, follow, max-snippet:-1, max-image-preview:large, max-video-preview:-1\" \/>\n<link rel=\"canonical\" href=\"https:\/\/chrystus.pl\/da\/how-mary-was-taken-to-heaven-when-she-ded\/\" \/>\n<meta property=\"og:locale\" content=\"da_DK\" \/>\n<meta property=\"og:type\" content=\"article\" \/>\n<meta property=\"og:title\" content=\"Jak Maryja zosta\u0142a wzi\u0119ta do Nieba (czy zmar\u0142a?)\" \/>\n<meta property=\"og:description\" content=\"Jak Maryja zosta\u0142a wzi\u0119ta do Nieba? Czy Maryja umar\u0142a i czy zosta\u0142a gdziekolwiek pochowana? Temat ten zwi\u0105zany jest z opisem Wniebowzi\u0119cia Naj\u015bwi\u0119tszej Maryi Panny. Wed\u0142ug tradycji Chrze\u015bcija\u0144skiej koniec Ziemskiego \u017cycia Marii z Nazaretu jest jednym z wielkich wydarze\u0144 zwi\u0105zanych z jej osob\u0105.\" \/>\n<meta property=\"og:url\" content=\"https:\/\/chrystus.pl\/da\/how-mary-was-taken-to-heaven-when-she-ded\/\" \/>\n<meta property=\"og:site_name\" content=\"Chrystus\" \/>\n<meta property=\"article:published_time\" content=\"2020-04-29T20:11:38+00:00\" \/>\n<meta property=\"article:modified_time\" content=\"2020-05-09T20:39:47+00:00\" \/>\n<meta property=\"og:image\" content=\"https:\/\/chrystus.pl\/wp-content\/uploads\/2020\/04\/Jak-Maryja-zosta\u0142a-wzie\u0328ta-do-Nieba-scaled.jpg\" \/>\n\t<meta property=\"og:image:width\" content=\"1793\" \/>\n\t<meta property=\"og:image:height\" content=\"2560\" \/>\n\t<meta property=\"og:image:type\" content=\"image\/jpeg\" \/>\n<meta name=\"author\" content=\"Samarytanka\" \/>\n<meta name=\"twitter:card\" content=\"summary_large_image\" \/>\n<meta name=\"twitter:title\" content=\"Jak Maryja zosta\u0142a wzi\u0119ta do Nieba (czy zmar\u0142a?)\" \/>\n<meta name=\"twitter:description\" content=\"Jak Maryja zosta\u0142a wzi\u0119ta do Nieba? Czy Maryja umar\u0142a i czy zosta\u0142a gdziekolwiek pochowana? Temat ten zwi\u0105zany jest z opisem Wniebowzi\u0119cia Naj\u015bwi\u0119tszej Maryi Panny. Wed\u0142ug tradycji Chrze\u015bcija\u0144skiej koniec Ziemskiego \u017cycia Marii z Nazaretu jest jednym z wielkich wydarze\u0144 zwi\u0105zanych z jej osob\u0105.\" \/>\n<meta name=\"twitter:image\" content=\"https:\/\/chrystus.pl\/wp-content\/uploads\/2020\/04\/Jak-Maryja-zosta\u0142a-wzie\u0328ta-do-Nieba-scaled.jpg\" \/>\n<meta name=\"twitter:label1\" content=\"Skrevet af\" \/>\n\t<meta name=\"twitter:data1\" content=\"Samarytanka\" \/>\n\t<meta name=\"twitter:label2\" content=\"Estimeret l\u00e6setid\" \/>\n\t<meta name=\"twitter:data2\" content=\"1 minut\" \/>\n<!-- \/ Yoast SEO plugin. -->","yoast_head_json":{"title":"Hvordan Maria blev taget op til himlen (eller d\u00f8de hun?) - Kristus","description":"Hvordan blev Maria taget op i himlen? D\u00f8de Mary, og blev hun begravet et sted? Dette tema er relateret til beskrivelsen af den hellige Jomfru Marias optagelse","robots":{"index":"index","follow":"follow","max-snippet":"max-snippet:-1","max-image-preview":"max-image-preview:large","max-video-preview":"max-video-preview:-1"},"canonical":"https:\/\/chrystus.pl\/da\/how-mary-was-taken-to-heaven-when-she-ded\/","og_locale":"da_DK","og_type":"article","og_title":"Jak Maryja zosta\u0142a wzi\u0119ta do Nieba (czy zmar\u0142a?)","og_description":"Jak Maryja zosta\u0142a wzi\u0119ta do Nieba? Czy Maryja umar\u0142a i czy zosta\u0142a gdziekolwiek pochowana? Temat ten zwi\u0105zany jest z opisem Wniebowzi\u0119cia Naj\u015bwi\u0119tszej Maryi Panny. Wed\u0142ug tradycji Chrze\u015bcija\u0144skiej koniec Ziemskiego \u017cycia Marii z Nazaretu jest jednym z wielkich wydarze\u0144 zwi\u0105zanych z jej osob\u0105.","og_url":"https:\/\/chrystus.pl\/da\/how-mary-was-taken-to-heaven-when-she-ded\/","og_site_name":"Chrystus","article_published_time":"2020-04-29T20:11:38+00:00","article_modified_time":"2020-05-09T20:39:47+00:00","og_image":[{"width":1793,"height":2560,"url":"https:\/\/chrystus.pl\/wp-content\/uploads\/2020\/04\/Jak-Maryja-zosta\u0142a-wzie\u0328ta-do-Nieba-scaled.jpg","type":"image\/jpeg"}],"author":"Samarytanka","twitter_card":"summary_large_image","twitter_title":"Jak Maryja zosta\u0142a wzi\u0119ta do Nieba (czy zmar\u0142a?)","twitter_description":"Jak Maryja zosta\u0142a wzi\u0119ta do Nieba? Czy Maryja umar\u0142a i czy zosta\u0142a gdziekolwiek pochowana? Temat ten zwi\u0105zany jest z opisem Wniebowzi\u0119cia Naj\u015bwi\u0119tszej Maryi Panny. Wed\u0142ug tradycji Chrze\u015bcija\u0144skiej koniec Ziemskiego \u017cycia Marii z Nazaretu jest jednym z wielkich wydarze\u0144 zwi\u0105zanych z jej osob\u0105.","twitter_image":"https:\/\/chrystus.pl\/wp-content\/uploads\/2020\/04\/Jak-Maryja-zosta\u0142a-wzie\u0328ta-do-Nieba-scaled.jpg","twitter_misc":{"Skrevet af":"Samarytanka","Estimeret l\u00e6setid":"1 minut"},"schema":{"@context":"https:\/\/schema.org","@graph":[{"@type":"Article","@id":"https:\/\/chrystus.pl\/jak-maryja-zostala-wzieta-do-nieba-czy-zmarla\/#article","isPartOf":{"@id":"https:\/\/chrystus.pl\/jak-maryja-zostala-wzieta-do-nieba-czy-zmarla\/"},"author":{"name":"Samarytanka","@id":"https:\/\/chrystus.pl\/#\/schema\/person\/e2e742452b8b7b2bcd23ea180671d27a"},"headline":"Jak Maryja zosta\u0142a wzi\u0119ta do Nieba (czy zmar\u0142a?)","datePublished":"2020-04-29T20:11:38+00:00","dateModified":"2020-05-09T20:39:47+00:00","mainEntityOfPage":{"@id":"https:\/\/chrystus.pl\/jak-maryja-zostala-wzieta-do-nieba-czy-zmarla\/"},"wordCount":301,"publisher":{"@id":"https:\/\/chrystus.pl\/#organization"},"image":{"@id":"https:\/\/chrystus.pl\/jak-maryja-zostala-wzieta-do-nieba-czy-zmarla\/#primaryimage"},"thumbnailUrl":"https:\/\/chrystus.pl\/wp-content\/uploads\/2020\/04\/Jak-Maryja-zosta\u0142a-wzie\u0328ta-do-Nieba-scaled.jpg","articleSection":["Maryja"],"inLanguage":"da-DK"},{"@type":"WebPage","@id":"https:\/\/chrystus.pl\/jak-maryja-zostala-wzieta-do-nieba-czy-zmarla\/","url":"https:\/\/chrystus.pl\/jak-maryja-zostala-wzieta-do-nieba-czy-zmarla\/","name":"Hvordan Maria blev taget op til himlen (eller d\u00f8de hun?) - Kristus","isPartOf":{"@id":"https:\/\/chrystus.pl\/#website"},"primaryImageOfPage":{"@id":"https:\/\/chrystus.pl\/jak-maryja-zostala-wzieta-do-nieba-czy-zmarla\/#primaryimage"},"image":{"@id":"https:\/\/chrystus.pl\/jak-maryja-zostala-wzieta-do-nieba-czy-zmarla\/#primaryimage"},"thumbnailUrl":"https:\/\/chrystus.pl\/wp-content\/uploads\/2020\/04\/Jak-Maryja-zosta\u0142a-wzie\u0328ta-do-Nieba-scaled.jpg","datePublished":"2020-04-29T20:11:38+00:00","dateModified":"2020-05-09T20:39:47+00:00","description":"Hvordan blev Maria taget op i himlen? D\u00f8de Mary, og blev hun begravet et sted? Dette tema er relateret til beskrivelsen af den hellige Jomfru Marias optagelse","breadcrumb":{"@id":"https:\/\/chrystus.pl\/jak-maryja-zostala-wzieta-do-nieba-czy-zmarla\/#breadcrumb"},"inLanguage":"da-DK","potentialAction":[{"@type":"ReadAction","target":["https:\/\/chrystus.pl\/jak-maryja-zostala-wzieta-do-nieba-czy-zmarla\/"]}]},{"@type":"ImageObject","inLanguage":"da-DK","@id":"https:\/\/chrystus.pl\/jak-maryja-zostala-wzieta-do-nieba-czy-zmarla\/#primaryimage","url":"https:\/\/chrystus.pl\/wp-content\/uploads\/2020\/04\/Jak-Maryja-zosta\u0142a-wzie\u0328ta-do-Nieba-scaled.jpg","contentUrl":"https:\/\/chrystus.pl\/wp-content\/uploads\/2020\/04\/Jak-Maryja-zosta\u0142a-wzie\u0328ta-do-Nieba-scaled.jpg","width":"1793","height":"2560","caption":"Jak Maryja zosta\u0142a wzi\u0119ta do Nieba"},{"@type":"BreadcrumbList","@id":"https:\/\/chrystus.pl\/jak-maryja-zostala-wzieta-do-nieba-czy-zmarla\/#breadcrumb","itemListElement":[{"@type":"ListItem","position":1,"name":"Strona g\u0142\u00f3wna","item":"https:\/\/chrystus.pl\/"},{"@type":"ListItem","position":2,"name":"Jak Maryja zosta\u0142a wzi\u0119ta do Nieba (czy zmar\u0142a?)"}]},{"@type":"WebSite","@id":"https:\/\/chrystus.pl\/#website","url":"https:\/\/chrystus.pl\/","name":"Kristus","description":"Gud, Maria, Jesus, nadver og meget mere","publisher":{"@id":"https:\/\/chrystus.pl\/#organization"},"potentialAction":[{"@type":"SearchAction","target":{"@type":"EntryPoint","urlTemplate":"https:\/\/chrystus.pl\/?s={search_term_string}"},"query-input":{"@type":"PropertyValueSpecification","valueRequired":true,"valueName":"search_term_string"}}],"inLanguage":"da-DK"},{"@type":"Organization","@id":"https:\/\/chrystus.pl\/#organization","name":"Christ.pl","url":"https:\/\/chrystus.pl\/","logo":{"@type":"ImageObject","inLanguage":"da-DK","@id":"https:\/\/chrystus.pl\/#\/schema\/logo\/image\/","url":"https:\/\/chrystus.pl\/wp-content\/uploads\/2019\/03\/chrystus-bog-maryja-komunia-bierzmowanie.jpg","contentUrl":"https:\/\/chrystus.pl\/wp-content\/uploads\/2019\/03\/chrystus-bog-maryja-komunia-bierzmowanie.jpg","width":1920,"height":1280,"caption":"Chrystus.pl"},"image":{"@id":"https:\/\/chrystus.pl\/#\/schema\/logo\/image\/"}},{"@type":"Person","@id":"https:\/\/chrystus.pl\/#\/schema\/person\/e2e742452b8b7b2bcd23ea180671d27a","name":"Samaritansk kvinde"}]}},"_links":{"self":[{"href":"https:\/\/chrystus.pl\/da\/wp-json\/wp\/v2\/posts\/1613","targetHints":{"allow":["GET"]}}],"collection":[{"href":"https:\/\/chrystus.pl\/da\/wp-json\/wp\/v2\/posts"}],"about":[{"href":"https:\/\/chrystus.pl\/da\/wp-json\/wp\/v2\/types\/post"}],"author":[{"embeddable":true,"href":"https:\/\/chrystus.pl\/da\/wp-json\/wp\/v2\/users\/1"}],"replies":[{"embeddable":true,"href":"https:\/\/chrystus.pl\/da\/wp-json\/wp\/v2\/comments?post=1613"}],"version-history":[{"count":0,"href":"https:\/\/chrystus.pl\/da\/wp-json\/wp\/v2\/posts\/1613\/revisions"}],"wp:featuredmedia":[{"embeddable":true,"href":"https:\/\/chrystus.pl\/da\/wp-json\/wp\/v2\/media\/1614"}],"wp:attachment":[{"href":"https:\/\/chrystus.pl\/da\/wp-json\/wp\/v2\/media?parent=1613"}],"wp:term":[{"taxonomy":"category","embeddable":true,"href":"https:\/\/chrystus.pl\/da\/wp-json\/wp\/v2\/categories?post=1613"},{"taxonomy":"post_tag","embeddable":true,"href":"https:\/\/chrystus.pl\/da\/wp-json\/wp\/v2\/tags?post=1613"}],"curies":[{"name":"wp","href":"https:\/\/api.w.org\/{rel}","templated":true}]}}