{"id":2362,"date":"2022-12-07T20:51:59","date_gmt":"2022-12-07T20:51:59","guid":{"rendered":"https:\/\/chrystus.pl\/?p=2362"},"modified":"2022-12-07T20:52:02","modified_gmt":"2022-12-07T20:52:02","slug":"patriarcha-bazyli-iii","status":"publish","type":"post","link":"https:\/\/chrystus.pl\/da\/patriarcha-bazyli-iii\/","title":{"rendered":"Patriark Basil III"},"content":{"rendered":"<p><br>Basil III (f\u00f8dt Basil Georgiades, 1846 - 29. september 1929) var \u00f8kumenisk patriark af Konstantinopel fra 1925 til 1929. Han blev beskrevet som en klog pr\u00e6lat, \"streng i livet, velg\u00f8rende, en filantrop og en veltalende forfatter\".<\/p>\n\n\n\n<p>Biografiske data<br>Urodzi\u0142 si\u0119 w 1846 roku w Chrysoupoli (Skoutari), Chalkidona. Jego rodzicami byli George, duchowny, i Catherine. Studiowa\u0142 teologi\u0119 i literatur\u0119 na Uniwersytecie w Atenach, kt\u00f3ry uko\u0144czy\u0142 w 1871 roku. W nast\u0119pnym roku zosta\u0142 mianowany profesorem Szko\u0142y Teologicznej w Halki, gdzie przez osiem lat wyk\u0142ada\u0142 j\u0119zyk hebrajski, hermeneutyk\u0119, Stary i Nowy Testament oraz geografi\u0119. Jednocze\u015bnie zajmowa\u0142 si\u0119 badaniami historycznymi r\u0119kopis\u00f3w i publikowa\u0142 na ten temat. B\u0119d\u0105c profesorem, zosta\u0142 w 1880 roku wys\u0142any przez Szko\u0142\u0119 na dalsze studia do Europy. Pracowa\u0142 w bibliotekach Rzymu, Berlina, Lipska, Londynu i Wiednia. W 1884 roku otrzyma\u0142 tytu\u0142 doktora filozofii na Uniwersytecie w Monachium.<\/p>\n\n\n\n<p>I 1884 vendte han tilbage til Konstantinopel og blev udn\u00e6vnt til leder af patriarkatets pr\u00e6steseminarium. I december samme \u00e5r blev han ordineret til diakon og \u00e6ldste og udn\u00e6vnt til arkimandrit af patriark Joachim den Storsl\u00e5ede.<\/p>\n\n\n\n<p>8 sierpnia 1889 r. zosta\u0142 wybrany metropolit\u0105 Anchialos, a 24 wrze\u015bnia przyj\u0105\u0142 \u015bwi\u0119cenia kap\u0142a\u0144skie. Jako metropolita gorliwie anga\u017cowa\u0142 si\u0119 we wspieranie edukacji. Za jego czas\u00f3w Anchialos naby\u0142 wspania\u0142y budynek greckiej Partenagogi, wzniesiony z du\u017cym zapisem Fotini Karyandi, natomiast wspania\u0142y ko\u015bci\u00f3\u0142 Panagia zosta\u0142 uko\u0144czony. Bazyli II obj\u0105\u0142 przewodnictwo w tych pracach, nawet z osobist\u0105 prac\u0105, ale nie uda\u0142o mu si\u0119 utrzyma\u0107 jedno\u015bci swojej trzody, kt\u00f3rej bardziej konserwatywna cz\u0119\u015b\u0107 zwr\u00f3ci\u0142a si\u0119 przeciwko niemu z petycjami do patriarchatu i publikacjami w prasie. Przez pewien czas pozostawa\u0142 w Konstantynopolu jako synodysta, gdzie opowiedzia\u0142 si\u0119 po stronie frakcji przeciwnej patriarsze. W 1904 roku przes\u0142a\u0142 do Biblioteki Narodowej w Atenach r\u0119kopis muzyki ko\u015bcielnej, datowany na 1450 rok, zawieraj\u0105cy polichronizmy Konstantyna Palaiologosa. W lipcu 1906 roku Vasilios by\u0142 \u015bwiadkiem po\u017caru, kt\u00f3ry zniszczy\u0142 Anchialos, a tzw. egzarchi\u015bci podpalili tak\u017ce jego rezydencj\u0119, niszcz\u0105c jego wielk\u0105 bibliotek\u0119. Zosta\u0142 aresztowany przez Bu\u0142gar\u00f3w i do pa\u017adziernika wi\u0119ziony w Silymnie (Sumla). Po uwolnieniu zmuszony by\u0142 ucieka\u0107 do Konstantynopola. Nast\u0119pnie zosta\u0142 wys\u0142any na Cypr, aby pom\u00f3c w rozwi\u0105zaniu tamtejszego d\u0142ugotrwa\u0142ego &#8222;problemu arcybiskupstwa&#8221;. 7 lutego 1909 r. zosta\u0142 wybrany metropolit\u0105 Pelagonii, a 13 maja 1910 r. zosta\u0142 przeniesiony do metropolii Nikozji.<\/p>\n\n\n\n<p>Patriarkat<br>Han blev i Nic\u00e6a indtil befolkningsudvekslingen, hvor den dav\u00e6rende patriark Konstantin VI ogs\u00e5 blev anerkendt som v\u00e6rende blevet udvekslet. Efter patriarkens afgang valgte encyklikaens synode Basilikum som hans efterf\u00f8lger den 13. juli 1925, da han var 79 \u00e5r gammel.<\/p>\n\n\n\n<p>Under hans patriarkat blev der underskrevet en befolkningsudveksling mellem Gr\u00e6kenland og Tyrkiet, som udelukkede synoden, biskopperne i patriarkatet og patriarken. I 1925 blev den patriarkalske v\u00e6rdighed givet til den autonome kirke i Rum\u00e6nien, men den tyrkiske regering forb\u00f8d indkaldelsen af en pan-ortodoks synode, der var planlagt til december 1925, om kalenderen og andre sp\u00f8rgsm\u00e5l. Der blev ogs\u00e5 indledt forhandlinger med den italienske regering om sp\u00f8rgsm\u00e5let om kirkelig jurisdiktion i det italiensk-besatte Dodekaneserne, og charteret for Athos-bjerget blev revideret. Den 4. september 1928 fik den gr\u00e6ske kirke til opgave at administrere den \u00f8kumeniske trones provinser, som nu l\u00e5 inden for gr\u00e6sk territorium (de s\u00e5kaldte nye territorier) i kraft af den patriarkalske og synodale lov, som detaljeret beskrev de ti betingelser, hvorunder indr\u00f8mmelsen blev gjort. Ogs\u00e5 i 1928 blev St Myra forberedt, og charteret for Kirken i Amerika blev ratificeret. Endelig blev patriarkatets tidsskrift, Orthodoxy, lanceret i hans tid.<\/p>\n\n\n\n<p>Basilius III d\u00f8de den 29. september 1929 i en alder af 83 \u00e5r og blev begravet den 2. oktober i patriarkalkirken.<\/p>\n\n\n\n<p>If\u00f8lge det officielle websted for Gr\u00e6kenlands storloge var han medlem af en frimurerloge. Hans patriarkat menes at have normaliseret og afbalanceret forholdet mellem patriarkatet og den nyetablerede tyrkiske stat efter de vanskeligheder, som forholdet mellem de to havde oplevet i de foreg\u00e5ende \u00e5r.<\/p>","protected":false},"excerpt":{"rendered":"<p>Bazyli III (ur. Basil Georgiades, 1846 &#8211; 29 wrze\u015bnia 1929) by\u0142 ekumenicznym patriarch\u0105 Konstantynopola w latach 1925-1929. Opisywano go jako m\u0105drego pra\u0142ata, &#8222;surowego w \u017cyciu, dobroczynnego, filantropa i elokwentnego pisarza&#8221;. Dane biograficzneUrodzi\u0142 si\u0119 w 1846 roku w Chrysoupoli (Skoutari), Chalkidona. Jego rodzicami byli George, duchowny, i Catherine. Studiowa\u0142 teologi\u0119 i literatur\u0119 na Uniwersytecie w Atenach, &hellip;<\/p>","protected":false},"author":1,"featured_media":0,"comment_status":"closed","ping_status":"closed","sticky":false,"template":"","format":"standard","meta":{"footnotes":""},"categories":[1],"tags":[],"class_list":["post-2362","post","type-post","status-publish","format-standard","hentry","category-uncategorized"],"yoast_head":"<!-- This site is optimized with the Yoast SEO plugin v27.5 - https:\/\/yoast.com\/product\/yoast-seo-wordpress\/ -->\n<title>Patriarcha Bazyli III - Chrystus<\/title>\n<meta name=\"description\" content=\"Bazyli III (ur. Basil Georgiades, 1846 - 29 wrze\u015bnia 1929) by\u0142 ekumenicznym patriarch\u0105 Konstantynopola w latach 1925-1929. Opisywano go jako m\u0105drego\" \/>\n<meta name=\"robots\" content=\"index, follow, max-snippet:-1, max-image-preview:large, max-video-preview:-1\" \/>\n<link rel=\"canonical\" href=\"https:\/\/chrystus.pl\/da\/patriark-basil-iii\/\" \/>\n<meta property=\"og:locale\" content=\"da_DK\" \/>\n<meta property=\"og:type\" content=\"article\" \/>\n<meta property=\"og:title\" content=\"Patriarcha Bazyli III - Chrystus\" \/>\n<meta property=\"og:description\" content=\"Bazyli III (ur. Basil Georgiades, 1846 - 29 wrze\u015bnia 1929) by\u0142 ekumenicznym patriarch\u0105 Konstantynopola w latach 1925-1929. Opisywano go jako m\u0105drego\" \/>\n<meta property=\"og:url\" content=\"https:\/\/chrystus.pl\/da\/patriark-basil-iii\/\" \/>\n<meta property=\"og:site_name\" content=\"Chrystus\" \/>\n<meta property=\"article:published_time\" content=\"2022-12-07T20:51:59+00:00\" \/>\n<meta property=\"article:modified_time\" content=\"2022-12-07T20:52:02+00:00\" \/>\n<meta name=\"author\" content=\"Samarytanka\" \/>\n<meta name=\"twitter:card\" content=\"summary_large_image\" \/>\n<meta name=\"twitter:label1\" content=\"Skrevet af\" \/>\n\t<meta name=\"twitter:data1\" content=\"Samarytanka\" \/>\n\t<meta name=\"twitter:label2\" content=\"Estimeret l\u00e6setid\" \/>\n\t<meta name=\"twitter:data2\" content=\"4 minutter\" \/>\n<!-- \/ Yoast SEO plugin. -->","yoast_head_json":{"title":"Patriark Basil III - Kristus","description":"Basil III (f\u00f8dt Basil Georgiades, 1846 - 29. september 1929) var \u00f8kumenisk patriark af Konstantinopel fra 1925 til 1929.Han blev beskrevet som en klog","robots":{"index":"index","follow":"follow","max-snippet":"max-snippet:-1","max-image-preview":"max-image-preview:large","max-video-preview":"max-video-preview:-1"},"canonical":"https:\/\/chrystus.pl\/da\/patriark-basil-iii\/","og_locale":"da_DK","og_type":"article","og_title":"Patriarcha Bazyli III - Chrystus","og_description":"Bazyli III (ur. Basil Georgiades, 1846 - 29 wrze\u015bnia 1929) by\u0142 ekumenicznym patriarch\u0105 Konstantynopola w latach 1925-1929. Opisywano go jako m\u0105drego","og_url":"https:\/\/chrystus.pl\/da\/patriark-basil-iii\/","og_site_name":"Chrystus","article_published_time":"2022-12-07T20:51:59+00:00","article_modified_time":"2022-12-07T20:52:02+00:00","author":"Samarytanka","twitter_card":"summary_large_image","twitter_misc":{"Skrevet af":"Samarytanka","Estimeret l\u00e6setid":"4 minutter"},"schema":{"@context":"https:\/\/schema.org","@graph":[{"@type":"Article","@id":"https:\/\/chrystus.pl\/en\/patriarch-basil-iii\/#article","isPartOf":{"@id":"https:\/\/chrystus.pl\/en\/patriarch-basil-iii\/"},"author":{"name":"Samarytanka","@id":"https:\/\/chrystus.pl\/#\/schema\/person\/e2e742452b8b7b2bcd23ea180671d27a"},"headline":"Patriarcha Bazyli III","datePublished":"2022-12-07T20:51:59+00:00","dateModified":"2022-12-07T20:52:02+00:00","mainEntityOfPage":{"@id":"https:\/\/chrystus.pl\/en\/patriarch-basil-iii\/"},"wordCount":640,"publisher":{"@id":"https:\/\/chrystus.pl\/#organization"},"articleSection":["Uncategorized"],"inLanguage":"da-DK"},{"@type":"WebPage","@id":"https:\/\/chrystus.pl\/en\/patriarch-basil-iii\/","url":"https:\/\/chrystus.pl\/en\/patriarch-basil-iii\/","name":"Patriark Basil III - Kristus","isPartOf":{"@id":"https:\/\/chrystus.pl\/#website"},"datePublished":"2022-12-07T20:51:59+00:00","dateModified":"2022-12-07T20:52:02+00:00","description":"Basil III (f\u00f8dt Basil Georgiades, 1846 - 29. september 1929) var \u00f8kumenisk patriark af Konstantinopel fra 1925 til 1929.Han blev beskrevet som en klog","breadcrumb":{"@id":"https:\/\/chrystus.pl\/en\/patriarch-basil-iii\/#breadcrumb"},"inLanguage":"da-DK","potentialAction":[{"@type":"ReadAction","target":["https:\/\/chrystus.pl\/en\/patriarch-basil-iii\/"]}]},{"@type":"BreadcrumbList","@id":"https:\/\/chrystus.pl\/en\/patriarch-basil-iii\/#breadcrumb","itemListElement":[{"@type":"ListItem","position":1,"name":"Strona g\u0142\u00f3wna","item":"https:\/\/chrystus.pl\/"},{"@type":"ListItem","position":2,"name":"Patriarcha Bazyli III"}]},{"@type":"WebSite","@id":"https:\/\/chrystus.pl\/#website","url":"https:\/\/chrystus.pl\/","name":"Kristus","description":"Gud, Maria, Jesus, nadver og meget mere","publisher":{"@id":"https:\/\/chrystus.pl\/#organization"},"potentialAction":[{"@type":"SearchAction","target":{"@type":"EntryPoint","urlTemplate":"https:\/\/chrystus.pl\/?s={search_term_string}"},"query-input":{"@type":"PropertyValueSpecification","valueRequired":true,"valueName":"search_term_string"}}],"inLanguage":"da-DK"},{"@type":"Organization","@id":"https:\/\/chrystus.pl\/#organization","name":"Christ.pl","url":"https:\/\/chrystus.pl\/","logo":{"@type":"ImageObject","inLanguage":"da-DK","@id":"https:\/\/chrystus.pl\/#\/schema\/logo\/image\/","url":"https:\/\/chrystus.pl\/wp-content\/uploads\/2019\/03\/chrystus-bog-maryja-komunia-bierzmowanie.jpg","contentUrl":"https:\/\/chrystus.pl\/wp-content\/uploads\/2019\/03\/chrystus-bog-maryja-komunia-bierzmowanie.jpg","width":1920,"height":1280,"caption":"Chrystus.pl"},"image":{"@id":"https:\/\/chrystus.pl\/#\/schema\/logo\/image\/"}},{"@type":"Person","@id":"https:\/\/chrystus.pl\/#\/schema\/person\/e2e742452b8b7b2bcd23ea180671d27a","name":"Samaritansk kvinde"}]}},"_links":{"self":[{"href":"https:\/\/chrystus.pl\/da\/wp-json\/wp\/v2\/posts\/2362","targetHints":{"allow":["GET"]}}],"collection":[{"href":"https:\/\/chrystus.pl\/da\/wp-json\/wp\/v2\/posts"}],"about":[{"href":"https:\/\/chrystus.pl\/da\/wp-json\/wp\/v2\/types\/post"}],"author":[{"embeddable":true,"href":"https:\/\/chrystus.pl\/da\/wp-json\/wp\/v2\/users\/1"}],"replies":[{"embeddable":true,"href":"https:\/\/chrystus.pl\/da\/wp-json\/wp\/v2\/comments?post=2362"}],"version-history":[{"count":0,"href":"https:\/\/chrystus.pl\/da\/wp-json\/wp\/v2\/posts\/2362\/revisions"}],"wp:attachment":[{"href":"https:\/\/chrystus.pl\/da\/wp-json\/wp\/v2\/media?parent=2362"}],"wp:term":[{"taxonomy":"category","embeddable":true,"href":"https:\/\/chrystus.pl\/da\/wp-json\/wp\/v2\/categories?post=2362"},{"taxonomy":"post_tag","embeddable":true,"href":"https:\/\/chrystus.pl\/da\/wp-json\/wp\/v2\/tags?post=2362"}],"curies":[{"name":"wp","href":"https:\/\/api.w.org\/{rel}","templated":true}]}}