{"id":1610,"date":"2020-04-29T20:07:24","date_gmt":"2020-04-29T20:07:24","guid":{"rendered":"https:\/\/chrystus.pl\/?p=1610"},"modified":"2020-05-09T20:40:04","modified_gmt":"2020-05-09T20:40:04","slug":"gdzie-urodzila-sie-i-mieszkali-jozef-i-maryja","status":"publish","type":"post","link":"https:\/\/chrystus.pl\/de\/gdzie-urodzila-sie-i-mieszkali-jozef-i-maryja\/","title":{"rendered":"Wo wurden Josef und Maria geboren und wo lebten sie?"},"content":{"rendered":"<p>Wo sie lebte <span id=\"urn:enhancement-9cc67072\" class=\"textannotation disambiguated wl-person\" itemid=\"http:\/\/data.wordlift.io\/wl02137\/entity\/maria_z_nazaretu\">Maria<\/span>? Wo haben sie gelebt <span id=\"urn:enhancement-6a6c256\" class=\"textannotation disambiguated wl-person\" itemid=\"http:\/\/data.wordlift.io\/wl02137\/entity\/jozef_z_nazaretu\"><a href=\"https:\/\/chrystus.pl\/de\/modlitwa-w-sprawach-trudnych-i-beznadziejnych-do-sw-jozefa\/\">Joseph<\/a><\/span> i <span id=\"urn:enhancement-d7739085\" class=\"textannotation disambiguated wl-person\" itemid=\"http:\/\/data.wordlift.io\/wl02137\/entity\/maria_z_nazaretu\">Maria<\/span>? Wo wurde sie geboren <span id=\"urn:enhancement-8625ba14\" class=\"textannotation disambiguated wl-person\" itemid=\"http:\/\/data.wordlift.io\/wl02137\/entity\/maria_z_nazaretu\">Maria<\/span>? <span id=\"urn:enhancement-9a482fb9\" class=\"textannotation disambiguated wl-person\" itemid=\"http:\/\/data.wordlift.io\/wl02137\/entity\/maria_z_nazaretu\">Maria<\/span>tats\u00e4chlich <span id=\"urn:enhancement-d8d61f78\" class=\"textannotation disambiguated wl-person\" itemid=\"http:\/\/data.wordlift.io\/wl02137\/entity\/maria_z_nazaretu\">Maria von Nazareth<\/span> sie wurde in einer Stadt geboren <span id=\"urn:enhancement-1e6eef06\" class=\"textannotation disambiguated wl-place\" itemid=\"http:\/\/data.wordlift.io\/wl02137\/entity\/jerozolima\">Jerusalem<\/span> (oder Seforis) im 20. Jahrhundert vor Christus. Maria ist eine der wichtigsten Figuren unserer <span id=\"urn:enhancement-bd4cf52b\" class=\"textannotation disambiguated wl-thing\" itemid=\"http:\/\/data.wordlift.io\/wl02137\/entity\/wiara_chrzescijanstwo\">Glaube<\/span>, stanowi\u0105ca niejako niezwyk\u0142y pomost pomi\u0119dzy \u015bwiatem ludzkim a Bogiem, kt\u00f3ra sw\u0105 rol\u0119 wype\u0142nia po dzi\u015b dzie\u0144, b\u0119d\u0105c <span id=\"urn:enhancement-5c65103e\" class=\"textannotation disambiguated wl-person\" itemid=\"http:\/\/data.wordlift.io\/wl02137\/entity\/maria_z_nazaretu\">Mutter Gottes<\/span> und ein F\u00fcrsprecher bei unserem Herrn.<\/p>\n<p>Bezeichnenderweise ist das Zeichen <span id=\"urn:enhancement-81712015\" class=\"textannotation disambiguated wl-person\" itemid=\"http:\/\/data.wordlift.io\/wl02137\/entity\/maria_z_nazaretu\">Maria<\/span> ist auch in anderen Religionen bekannt (z.B. im Islam, Bahaismus und Kaodaismus). <span id=\"urn:enhancement-241b9d4\" class=\"textannotation disambiguated wl-thing\" itemid=\"http:\/\/data.wordlift.io\/wl02137\/entity\/biblia\"><a href=\"https:\/\/chrystus.pl\/de\/biblia-jakuba-wujka\/\">Bibel<\/a><\/span> aber an keiner Stelle identifiziert er explizit den Ursprung oder die Wurzeln von <span id=\"urn:enhancement-5428807f\" class=\"textannotation disambiguated wl-person\" itemid=\"http:\/\/data.wordlift.io\/wl02137\/entity\/maria_z_nazaretu\">Maria<\/span>. Wir wissen nur, dass er aus einer Generation stammt <span id=\"urn:enhancement-f636c2f6\" class=\"textannotation disambiguated wl-thing\" itemid=\"http:\/\/data.wordlift.io\/wl02137\/entity\/juda_postac_biblijna\">Judy<\/span>. Wir wissen auch sehr wenig \u00fcber ihre Familie. Wir wissen, dass Maria von Anna und Joachim abstammte und 2 Schwestern hatte, jede von einem anderen Mann, Maria Kleofas und Maria Salomea. Sie ist auch eine entfernte Verwandte von Elizabeth, der Mutter von <span id=\"urn:enhancement-b1603864\" class=\"textannotation disambiguated wl-person\" itemid=\"http:\/\/data.wordlift.io\/wl02137\/entity\/jan_chrzciciel\">Der heilige Johannes der T\u00e4ufer<\/span>wie wir lernen von <span id=\"urn:enhancement-f3e354a9\" class=\"textannotation disambiguated wl-thing\" itemid=\"http:\/\/data.wordlift.io\/wl02137\/entity\/ewangelia\">Gospel<\/span> heilige <span id=\"urn:enhancement-93ab8649\" class=\"textannotation disambiguated wl-thing\" itemid=\"http:\/\/data.wordlift.io\/wl02137\/entity\/ewangelia_lukasza\">Lukas<\/span>. Die meisten Informationen \u00fcber den Ursprung und die Kindheit von <span id=\"urn:enhancement-1e9dd5d4\" class=\"textannotation disambiguated wl-person\" itemid=\"http:\/\/data.wordlift.io\/wl02137\/entity\/maria_z_nazaretu\">Maria<\/span> znajduje si\u0119 w przekazach pozabiblijnych takich jak Protoewangelia Jakuba i trzynastowieczna Z\u0142ota legenda.<\/p>\n<p>Was das weitere Schicksal betrifft <span id=\"urn:enhancement-8c111432\" class=\"textannotation disambiguated wl-person\" itemid=\"http:\/\/data.wordlift.io\/wl02137\/entity\/maria_z_nazaretu\">Maria<\/span> und ihr Leben mit <span id=\"urn:enhancement-c411d129\" class=\"textannotation disambiguated wl-person\" itemid=\"http:\/\/data.wordlift.io\/wl02137\/entity\/jozef_z_nazaretu\">Joseph<\/span> wissen wir jetzt ein wenig mehr. Nach <span id=\"urn:enhancement-6b3df5bb\" class=\"textannotation disambiguated wl-thing\" itemid=\"http:\/\/data.wordlift.io\/wl02137\/entity\/ewangelia\">Gospel<\/span> von Heiliger <span id=\"urn:enhancement-d31efa3\" class=\"textannotation disambiguated wl-thing\" itemid=\"http:\/\/data.wordlift.io\/wl02137\/entity\/ewangelia_lukasza\">Lukas<\/span> <span id=\"urn:enhancement-452b54a6\" class=\"textannotation disambiguated wl-person\" itemid=\"http:\/\/data.wordlift.io\/wl02137\/entity\/jozef_z_nazaretu\">Joseph<\/span> i <span id=\"urn:enhancement-f6a8ba13\" class=\"textannotation disambiguated wl-person\" itemid=\"http:\/\/data.wordlift.io\/wl02137\/entity\/maria_z_nazaretu\">Maria<\/span> sie lebten zusammen in einer galil\u00e4ischen Stadt <span id=\"urn:enhancement-5d6e7a81\" class=\"textannotation disambiguated wl-place\" itemid=\"http:\/\/data.wordlift.io\/wl02137\/entity\/nazaret\">Nazareth<\/span>. Es ist auch in <span id=\"urn:enhancement-9327d16\" class=\"textannotation disambiguated wl-place\" itemid=\"http:\/\/data.wordlift.io\/wl02137\/entity\/nazaret\">Nazareth<\/span> aufgetreten <span id=\"urn:enhancement-b9301643\" class=\"textannotation disambiguated wl-thing\" itemid=\"http:\/\/data.wordlift.io\/wl02137\/entity\/annunciation\">Verk\u00fcndigung des Herrn<\/span>. Nach der Geburt <span id=\"urn:enhancement-8dbd51d5\" class=\"textannotation disambiguated wl-person\" itemid=\"http:\/\/data.wordlift.io\/wl02137\/entity\/jezus_chrystus\">Christus<\/span> Familie <span id=\"urn:enhancement-c3315cc9\" class=\"textannotation disambiguated wl-thing\" itemid=\"http:\/\/data.wordlift.io\/wl02137\/entity\/swiety\">Feiertage<\/span> war sie gezwungen, sich zu <span id=\"urn:enhancement-3fe487ab\" class=\"textannotation disambiguated wl-thing\" itemid=\"http:\/\/data.wordlift.io\/wl02137\/entity\/starozytny_egipt\">\u00c4gypten<\/span>zum Schutz <span id=\"urn:enhancement-68f6f0da\" class=\"textannotation disambiguated wl-person\" itemid=\"http:\/\/data.wordlift.io\/wl02137\/entity\/jezus_chrystus\">Jesus<\/span> vor dem Abschlachten von Unschuldigen auf Befehl <span id=\"urn:enhancement-44c7ccb\" class=\"textannotation disambiguated wl-person\" itemid=\"http:\/\/data.wordlift.io\/wl02137\/entity\/herod_wielki\">Herodes<\/span>.<\/p>\n<p>In den biblischen Berichten, die den Zeitraum der T\u00e4tigkeit von <span id=\"urn:enhancement-73f4ded6\" class=\"textannotation disambiguated wl-person\" itemid=\"http:\/\/data.wordlift.io\/wl02137\/entity\/jezus_chrystus\">Jesus<\/span> im Erwachsenenalter, wird nicht viel dar\u00fcber geschrieben <span id=\"urn:enhancement-75f3301a\" class=\"textannotation disambiguated wl-person\" itemid=\"http:\/\/data.wordlift.io\/wl02137\/entity\/maria_z_nazaretu\">Maria<\/span>. Es ist bekannt, dass sie sich aktiv am Leben <span id=\"urn:enhancement-e85d827e\" class=\"textannotation disambiguated wl-person\" itemid=\"http:\/\/data.wordlift.io\/wl02137\/entity\/jezus_chrystus\">Jesus<\/span>sie war mit ihm in <span id=\"urn:enhancement-6df7cc48\" class=\"textannotation disambiguated wl-place\" itemid=\"http:\/\/data.wordlift.io\/wl02137\/entity\/kana_galilejska\">Kanie<\/span> Galil\u00e4a und w\u00e4hrend der Kreuzigung in <span id=\"urn:enhancement-63fe510e\" class=\"textannotation disambiguated wl-place\" itemid=\"http:\/\/data.wordlift.io\/wl02137\/entity\/golgota\">Golgatha<\/span>. Nach der Auferstehung und Himmelfahrt selbst <span id=\"urn:enhancement-f9544c69\" class=\"textannotation disambiguated wl-thing\" itemid=\"http:\/\/data.wordlift.io\/wl02137\/entity\/kyrios\">Herr<\/span> <span id=\"urn:enhancement-d753d1cb\" class=\"textannotation disambiguated wl-person\" itemid=\"http:\/\/data.wordlift.io\/wl02137\/entity\/jezus_chrystus\">Jesus<\/span>, <span id=\"urn:enhancement-24b546cb\" class=\"textannotation disambiguated wl-thing\" itemid=\"http:\/\/data.wordlift.io\/wl02137\/entity\/ewangelia\"><a href=\"https:\/\/chrystus.pl\/de\/co-to-jest-ewangelia\/\">Gospel<\/a><\/span> spricht \u00fcber das Bleiben <span id=\"urn:enhancement-3ec5f962\" class=\"textannotation disambiguated wl-person\" itemid=\"http:\/\/data.wordlift.io\/wl02137\/entity\/maria_z_nazaretu\">Maria<\/span> zusammen mit den Aposteln und anderen geliebten Menschen <span id=\"urn:enhancement-2d753877\" class=\"textannotation disambiguated wl-thing\" itemid=\"http:\/\/data.wordlift.io\/wl02137\/entity\/apostol\">Studenten<\/span> <span id=\"urn:enhancement-9a9f267\" class=\"textannotation disambiguated wl-person\" itemid=\"http:\/\/data.wordlift.io\/wl02137\/entity\/jezus_chrystus\">Jesus<\/span> im Abendmahlssaal, in Erwartung von Pfingsten <span id=\"urn:enhancement-d6cdebe\" class=\"textannotation disambiguated wl-thing\" itemid=\"http:\/\/data.wordlift.io\/wl02137\/entity\/duch_swiety\">Heiliger Geist<\/span>. Der \u00dcberlieferung nach verbrachte sie die letzten Jahre ihres Lebens mit <span id=\"urn:enhancement-95cdbadc\" class=\"textannotation disambiguated wl-person\" itemid=\"http:\/\/data.wordlift.io\/wl02137\/entity\/jozef_z_nazaretu\">Joseph<\/span> in Ephesus.<\/p>","protected":false},"excerpt":{"rendered":"<p>Gdzie mieszka\u0142a Maryja? Gdzie mieszkali J\u00f3zef i Maryja? Gdzie urodzi\u0142a si\u0119 Maryja? Maryja, a w\u0142a\u015bciwie Maria z Nazaretu urodzi\u0142a si\u0119 w mie\u015bcie Jerozolima (lub Seforis) w 20 w p.n.e. Maria jest jedn\u0105 z najwa\u017cniejszych postaci naszej wiary, stanowi\u0105ca niejako niezwyk\u0142y pomost pomi\u0119dzy \u015bwiatem ludzkim a Bogiem, kt\u00f3ra sw\u0105 rol\u0119 wype\u0142nia po dzi\u015b dzie\u0144, b\u0119d\u0105c Matk\u0105 &hellip;<\/p>","protected":false},"author":1,"featured_media":1611,"comment_status":"closed","ping_status":"closed","sticky":false,"template":"","format":"standard","meta":{"footnotes":""},"categories":[64],"tags":[],"class_list":["post-1610","post","type-post","status-publish","format-standard","has-post-thumbnail","hentry","category-maryja"],"yoast_head":"<!-- This site is optimized with the Yoast SEO plugin v27.4 - https:\/\/yoast.com\/product\/yoast-seo-wordpress\/ -->\n<title>Gdzie urodzi\u0142a si\u0119 i mieszkali J\u00f3zef i Maryja? - Chrystus<\/title>\n<meta name=\"description\" content=\"Gdzie mieszka\u0142a Maryja? Gdzie mieszkali J\u00f3zef i Maryja? Gdzie urodzi\u0142a si\u0119 Maryja? Maryja, a w\u0142a\u015bciwie Maria z Nazaretu urodzi\u0142a si\u0119 w mie\u015bcie Jerozolima\" \/>\n<meta name=\"robots\" content=\"index, follow, max-snippet:-1, max-image-preview:large, max-video-preview:-1\" \/>\n<link rel=\"canonical\" href=\"https:\/\/chrystus.pl\/de\/wo-joseph-und-mary-geboren-wurden-und-lebten-2\/\" \/>\n<meta property=\"og:locale\" content=\"de_DE\" \/>\n<meta property=\"og:type\" content=\"article\" \/>\n<meta property=\"og:title\" content=\"Gdzie urodzi\u0142a si\u0119 i mieszkali J\u00f3zef i Maryja?\" \/>\n<meta property=\"og:description\" content=\"Gdzie mieszka\u0142a Maryja? Gdzie mieszkali J\u00f3zef i Maryja? Gdzie urodzi\u0142a si\u0119 Maryja? Maryja, a w\u0142a\u015bciwie Maria z Nazaretu urodzi\u0142a si\u0119 w mie\u015bcie Jerozolima\" \/>\n<meta property=\"og:url\" content=\"https:\/\/chrystus.pl\/de\/wo-joseph-und-mary-geboren-wurden-und-lebten-2\/\" \/>\n<meta property=\"og:site_name\" content=\"Chrystus\" \/>\n<meta property=\"article:published_time\" content=\"2020-04-29T20:07:24+00:00\" \/>\n<meta property=\"article:modified_time\" content=\"2020-05-09T20:40:04+00:00\" \/>\n<meta property=\"og:image\" content=\"https:\/\/chrystus.pl\/wp-content\/uploads\/2020\/04\/Gdzie-urodzi\u0142a-sie\u0328-i-mieszkali-Jo\u0301zef-i-Maryja.jpg\" \/>\n\t<meta property=\"og:image:width\" content=\"640\" \/>\n\t<meta property=\"og:image:height\" content=\"426\" \/>\n\t<meta property=\"og:image:type\" content=\"image\/jpeg\" \/>\n<meta name=\"author\" content=\"Samarytanka\" \/>\n<meta name=\"twitter:card\" content=\"summary_large_image\" \/>\n<meta name=\"twitter:title\" content=\"Gdzie urodzi\u0142a si\u0119 i mieszkali J\u00f3zef i Maryja?\" \/>\n<meta name=\"twitter:image\" content=\"https:\/\/chrystus.pl\/wp-content\/uploads\/2020\/04\/Gdzie-urodzi\u0142a-sie\u0328-i-mieszkali-Jo\u0301zef-i-Maryja.jpg\" \/>\n<meta name=\"twitter:label1\" content=\"Verfasst von\" \/>\n\t<meta name=\"twitter:data1\" content=\"Samarytanka\" \/>\n\t<meta name=\"twitter:label2\" content=\"Gesch\u00e4tzte Lesezeit\" \/>\n\t<meta name=\"twitter:data2\" content=\"2 Minuten\" \/>\n<!-- \/ Yoast SEO plugin. -->","yoast_head_json":{"title":"Wo wurden Josef und Maria geboren und wo lebten sie? - Christus","description":"Wo hat Maria gewohnt? Wo haben Josef und Maria gewohnt? Wo wurde Maria geboren? Maria, oder Maria von Nazareth, wurde in der Stadt Jerusalem geboren","robots":{"index":"index","follow":"follow","max-snippet":"max-snippet:-1","max-image-preview":"max-image-preview:large","max-video-preview":"max-video-preview:-1"},"canonical":"https:\/\/chrystus.pl\/de\/wo-joseph-und-mary-geboren-wurden-und-lebten-2\/","og_locale":"de_DE","og_type":"article","og_title":"Gdzie urodzi\u0142a si\u0119 i mieszkali J\u00f3zef i Maryja?","og_description":"Gdzie mieszka\u0142a Maryja? Gdzie mieszkali J\u00f3zef i Maryja? Gdzie urodzi\u0142a si\u0119 Maryja? Maryja, a w\u0142a\u015bciwie Maria z Nazaretu urodzi\u0142a si\u0119 w mie\u015bcie Jerozolima","og_url":"https:\/\/chrystus.pl\/de\/wo-joseph-und-mary-geboren-wurden-und-lebten-2\/","og_site_name":"Chrystus","article_published_time":"2020-04-29T20:07:24+00:00","article_modified_time":"2020-05-09T20:40:04+00:00","og_image":[{"width":640,"height":426,"url":"https:\/\/chrystus.pl\/wp-content\/uploads\/2020\/04\/Gdzie-urodzi\u0142a-sie\u0328-i-mieszkali-Jo\u0301zef-i-Maryja.jpg","type":"image\/jpeg"}],"author":"Samarytanka","twitter_card":"summary_large_image","twitter_title":"Gdzie urodzi\u0142a si\u0119 i mieszkali J\u00f3zef i Maryja?","twitter_image":"https:\/\/chrystus.pl\/wp-content\/uploads\/2020\/04\/Gdzie-urodzi\u0142a-sie\u0328-i-mieszkali-Jo\u0301zef-i-Maryja.jpg","twitter_misc":{"Verfasst von":"Samarytanka","Gesch\u00e4tzte Lesezeit":"2 Minuten"},"schema":{"@context":"https:\/\/schema.org","@graph":[{"@type":"Article","@id":"https:\/\/chrystus.pl\/gdzie-urodzila-sie-i-mieszkali-jozef-i-maryja\/#article","isPartOf":{"@id":"https:\/\/chrystus.pl\/gdzie-urodzila-sie-i-mieszkali-jozef-i-maryja\/"},"author":{"name":"Samarytanka","@id":"https:\/\/chrystus.pl\/#\/schema\/person\/e2e742452b8b7b2bcd23ea180671d27a"},"headline":"Gdzie urodzi\u0142a si\u0119 i mieszkali J\u00f3zef i Maryja?","datePublished":"2020-04-29T20:07:24+00:00","dateModified":"2020-05-09T20:40:04+00:00","mainEntityOfPage":{"@id":"https:\/\/chrystus.pl\/gdzie-urodzila-sie-i-mieszkali-jozef-i-maryja\/"},"wordCount":356,"publisher":{"@id":"https:\/\/chrystus.pl\/#organization"},"image":{"@id":"https:\/\/chrystus.pl\/gdzie-urodzila-sie-i-mieszkali-jozef-i-maryja\/#primaryimage"},"thumbnailUrl":"https:\/\/chrystus.pl\/wp-content\/uploads\/2020\/04\/Gdzie-urodzi\u0142a-sie\u0328-i-mieszkali-Jo\u0301zef-i-Maryja.jpg","articleSection":["Maryja"],"inLanguage":"de-DE"},{"@type":"WebPage","@id":"https:\/\/chrystus.pl\/gdzie-urodzila-sie-i-mieszkali-jozef-i-maryja\/","url":"https:\/\/chrystus.pl\/gdzie-urodzila-sie-i-mieszkali-jozef-i-maryja\/","name":"Wo wurden Josef und Maria geboren und wo lebten sie? - Christus","isPartOf":{"@id":"https:\/\/chrystus.pl\/#website"},"primaryImageOfPage":{"@id":"https:\/\/chrystus.pl\/gdzie-urodzila-sie-i-mieszkali-jozef-i-maryja\/#primaryimage"},"image":{"@id":"https:\/\/chrystus.pl\/gdzie-urodzila-sie-i-mieszkali-jozef-i-maryja\/#primaryimage"},"thumbnailUrl":"https:\/\/chrystus.pl\/wp-content\/uploads\/2020\/04\/Gdzie-urodzi\u0142a-sie\u0328-i-mieszkali-Jo\u0301zef-i-Maryja.jpg","datePublished":"2020-04-29T20:07:24+00:00","dateModified":"2020-05-09T20:40:04+00:00","description":"Wo hat Maria gewohnt? Wo haben Josef und Maria gewohnt? Wo wurde Maria geboren? Maria, oder Maria von Nazareth, wurde in der Stadt Jerusalem geboren","breadcrumb":{"@id":"https:\/\/chrystus.pl\/gdzie-urodzila-sie-i-mieszkali-jozef-i-maryja\/#breadcrumb"},"inLanguage":"de-DE","potentialAction":[{"@type":"ReadAction","target":["https:\/\/chrystus.pl\/gdzie-urodzila-sie-i-mieszkali-jozef-i-maryja\/"]}]},{"@type":"ImageObject","inLanguage":"de-DE","@id":"https:\/\/chrystus.pl\/gdzie-urodzila-sie-i-mieszkali-jozef-i-maryja\/#primaryimage","url":"https:\/\/chrystus.pl\/wp-content\/uploads\/2020\/04\/Gdzie-urodzi\u0142a-sie\u0328-i-mieszkali-Jo\u0301zef-i-Maryja.jpg","contentUrl":"https:\/\/chrystus.pl\/wp-content\/uploads\/2020\/04\/Gdzie-urodzi\u0142a-sie\u0328-i-mieszkali-Jo\u0301zef-i-Maryja.jpg","width":640,"height":426,"caption":"Gdzie urodzi\u0142a si\u0119 i mieszkali J\u00f3zef i Maryja?"},{"@type":"BreadcrumbList","@id":"https:\/\/chrystus.pl\/gdzie-urodzila-sie-i-mieszkali-jozef-i-maryja\/#breadcrumb","itemListElement":[{"@type":"ListItem","position":1,"name":"Strona g\u0142\u00f3wna","item":"https:\/\/chrystus.pl\/"},{"@type":"ListItem","position":2,"name":"Gdzie urodzi\u0142a si\u0119 i mieszkali J\u00f3zef i Maryja?"}]},{"@type":"WebSite","@id":"https:\/\/chrystus.pl\/#website","url":"https:\/\/chrystus.pl\/","name":"Christus","description":"Gott, Maria, Jesus, Kommunion und mehr","publisher":{"@id":"https:\/\/chrystus.pl\/#organization"},"potentialAction":[{"@type":"SearchAction","target":{"@type":"EntryPoint","urlTemplate":"https:\/\/chrystus.pl\/?s={search_term_string}"},"query-input":{"@type":"PropertyValueSpecification","valueRequired":true,"valueName":"search_term_string"}}],"inLanguage":"de-DE"},{"@type":"Organization","@id":"https:\/\/chrystus.pl\/#organization","name":"Christus.pl","url":"https:\/\/chrystus.pl\/","logo":{"@type":"ImageObject","inLanguage":"de-DE","@id":"https:\/\/chrystus.pl\/#\/schema\/logo\/image\/","url":"https:\/\/chrystus.pl\/wp-content\/uploads\/2019\/03\/chrystus-bog-maryja-komunia-bierzmowanie.jpg","contentUrl":"https:\/\/chrystus.pl\/wp-content\/uploads\/2019\/03\/chrystus-bog-maryja-komunia-bierzmowanie.jpg","width":1920,"height":1280,"caption":"Chrystus.pl"},"image":{"@id":"https:\/\/chrystus.pl\/#\/schema\/logo\/image\/"}},{"@type":"Person","@id":"https:\/\/chrystus.pl\/#\/schema\/person\/e2e742452b8b7b2bcd23ea180671d27a","name":"Samariterin"}]}},"_links":{"self":[{"href":"https:\/\/chrystus.pl\/de\/wp-json\/wp\/v2\/posts\/1610","targetHints":{"allow":["GET"]}}],"collection":[{"href":"https:\/\/chrystus.pl\/de\/wp-json\/wp\/v2\/posts"}],"about":[{"href":"https:\/\/chrystus.pl\/de\/wp-json\/wp\/v2\/types\/post"}],"author":[{"embeddable":true,"href":"https:\/\/chrystus.pl\/de\/wp-json\/wp\/v2\/users\/1"}],"replies":[{"embeddable":true,"href":"https:\/\/chrystus.pl\/de\/wp-json\/wp\/v2\/comments?post=1610"}],"version-history":[{"count":0,"href":"https:\/\/chrystus.pl\/de\/wp-json\/wp\/v2\/posts\/1610\/revisions"}],"wp:featuredmedia":[{"embeddable":true,"href":"https:\/\/chrystus.pl\/de\/wp-json\/wp\/v2\/media\/1611"}],"wp:attachment":[{"href":"https:\/\/chrystus.pl\/de\/wp-json\/wp\/v2\/media?parent=1610"}],"wp:term":[{"taxonomy":"category","embeddable":true,"href":"https:\/\/chrystus.pl\/de\/wp-json\/wp\/v2\/categories?post=1610"},{"taxonomy":"post_tag","embeddable":true,"href":"https:\/\/chrystus.pl\/de\/wp-json\/wp\/v2\/tags?post=1610"}],"curies":[{"name":"wp","href":"https:\/\/api.w.org\/{rel}","templated":true}]}}