{"id":2135,"date":"2021-09-21T05:29:05","date_gmt":"2021-09-21T05:29:05","guid":{"rendered":"https:\/\/chrystus.pl\/?p=2135"},"modified":"2021-09-21T05:29:08","modified_gmt":"2021-09-21T05:29:08","slug":"dlaczego-czarna-madonna","status":"publish","type":"post","link":"https:\/\/chrystus.pl\/de\/dlaczego-czarna-madonna\/","title":{"rendered":"Warum die Schwarze Madonna?"},"content":{"rendered":"<p>Es w\u00e4re schwierig, ein Bild der Mutter Gottes zu finden, das f\u00fcr die Polen bekannter ist als das von Tschenstochau. Unz\u00e4hlige Gnaden wurden durch ihre F\u00fcrsprache erlangt, ebenso wie durch ihre <a href=\"https:\/\/chrystus.pl\/de\/modlitwa-ktora-zawsze-pomaga\/\">Unterst\u00fctzung<\/a> sind viele Wunder geschehen. In einem Lied hei\u00dft es: \"Es gibt eine Ecke auf dieser Erde, wohin jeder zur\u00fcckkehren m\u00f6chte, wo ihr Gesicht herrscht, auf ihr sind zwei Z\u00fcge geschnitten\". In diesem Refrain steckt ein interessanter Begriff, auf den wir heute ein wenig n\u00e4her eingehen wollen. Warum die Schwarze Madonna?<\/p>\n\n\n\n<p>Das Bild der Muttergottes von Tschenstochau wird sehr h\u00e4ufig reproduziert. Es erscheint unter anderem h\u00e4ufig auf den Bildern, die von den Priestern bei Pastoralbesuchen verteilt werden. Wie wir wahrscheinlich gesehen haben, ist Marias Hautfarbe nicht typisch f\u00fcr slawische L\u00e4nder oder gar f\u00fcr europ\u00e4ische L\u00e4nder - sie ist dunkel und ausgepr\u00e4gt.<\/p>\n\n\n\n<p>Historikern zufolge k\u00f6nnte die Schaffung von Mariendarstellungen mit dunkler Hautfarbe auf die Kopie eines Bildnisses zur\u00fcckzuf\u00fchren sein, das nicht mehr existiert. Heute ist es unm\u00f6glich, die Geschichte des Bildes und die Beweggr\u00fcnde seiner Sch\u00f6pfer vollst\u00e4ndig zu erforschen, aber dank seines urspr\u00fcnglichen Aussehens reiht sich die Muttergottes von Tschenstochau in die Liste ihrer herausragenden Darstellungen ein. \u00c4hnliche Bilder gibt es in Montserrat in Spanien und in Italien in der Basilika Santa Maria Maggiore in Rom.<\/p>","protected":false},"excerpt":{"rendered":"<p>Trudno o bardziej rozpoznawalny dla Polak\u00f3w wizerunek Matki Bo\u017cej ni\u017c ten z Cz\u0119stochowy. Za jej wstawiennictwem wyproszono niezliczon\u0105 liczb\u0119 \u0142ask, jak r\u00f3wnie\u017c przez jej pomoc zaistnia\u0142o wiele cud\u00f3w. Jak \u015bpiewamy w jednej z pie\u015bni, \u201eJest zak\u0105tek na tej ziemi, gdzie powraca\u0107 ka\u017cdy chce, gdzie kr\u00f3luje jej oblicze, na nim ci\u0119te rysy dwie\u201d. W jej refrenie &hellip;<\/p>","protected":false},"author":1,"featured_media":0,"comment_status":"closed","ping_status":"closed","sticky":false,"template":"","format":"standard","meta":{"footnotes":""},"categories":[33,64],"tags":[],"class_list":["post-2135","post","type-post","status-publish","format-standard","hentry","category-kosciol","category-maryja"],"yoast_head":"<!-- This site is optimized with the Yoast SEO plugin v27.4 - https:\/\/yoast.com\/product\/yoast-seo-wordpress\/ -->\n<title>Dlaczego Czarna Madonna? - Chrystus<\/title>\n<meta name=\"description\" content=\"Trudno o bardziej rozpoznawalny dla Polak\u00f3w wizerunek Matki Bo\u017cej ni\u017c ten z Cz\u0119stochowy. Za jej wstawiennictwem wyproszono niezliczon\u0105 liczb\u0119 \u0142ask, jak\" \/>\n<meta name=\"robots\" content=\"index, follow, max-snippet:-1, max-image-preview:large, max-video-preview:-1\" \/>\n<link rel=\"canonical\" href=\"https:\/\/chrystus.pl\/de\/warum-schwarz-madonna\/\" \/>\n<meta property=\"og:locale\" content=\"de_DE\" \/>\n<meta property=\"og:type\" content=\"article\" \/>\n<meta property=\"og:title\" content=\"Dlaczego Czarna Madonna? - Chrystus\" \/>\n<meta property=\"og:description\" content=\"Trudno o bardziej rozpoznawalny dla Polak\u00f3w wizerunek Matki Bo\u017cej ni\u017c ten z Cz\u0119stochowy. Za jej wstawiennictwem wyproszono niezliczon\u0105 liczb\u0119 \u0142ask, jak\" \/>\n<meta property=\"og:url\" content=\"https:\/\/chrystus.pl\/de\/warum-schwarz-madonna\/\" \/>\n<meta property=\"og:site_name\" content=\"Chrystus\" \/>\n<meta property=\"article:published_time\" content=\"2021-09-21T05:29:05+00:00\" \/>\n<meta property=\"article:modified_time\" content=\"2021-09-21T05:29:08+00:00\" \/>\n<meta name=\"author\" content=\"Samarytanka\" \/>\n<meta name=\"twitter:card\" content=\"summary_large_image\" \/>\n<meta name=\"twitter:label1\" content=\"Verfasst von\" \/>\n\t<meta name=\"twitter:data1\" content=\"Samarytanka\" \/>\n\t<meta name=\"twitter:label2\" content=\"Gesch\u00e4tzte Lesezeit\" \/>\n\t<meta name=\"twitter:data2\" content=\"1 Minute\" \/>\n<!-- \/ Yoast SEO plugin. -->","yoast_head_json":{"title":"Warum die Schwarze Madonna? - Christus","description":"Es d\u00fcrfte schwer sein, in Polen ein bekannteres Bild der Muttergottes zu finden als das aus Tschenstochau. Unz\u00e4hlige Gnaden wurden durch ihre F\u00fcrsprache erlangt, wie zum Beispiel","robots":{"index":"index","follow":"follow","max-snippet":"max-snippet:-1","max-image-preview":"max-image-preview:large","max-video-preview":"max-video-preview:-1"},"canonical":"https:\/\/chrystus.pl\/de\/warum-schwarz-madonna\/","og_locale":"de_DE","og_type":"article","og_title":"Dlaczego Czarna Madonna? - Chrystus","og_description":"Trudno o bardziej rozpoznawalny dla Polak\u00f3w wizerunek Matki Bo\u017cej ni\u017c ten z Cz\u0119stochowy. Za jej wstawiennictwem wyproszono niezliczon\u0105 liczb\u0119 \u0142ask, jak","og_url":"https:\/\/chrystus.pl\/de\/warum-schwarz-madonna\/","og_site_name":"Chrystus","article_published_time":"2021-09-21T05:29:05+00:00","article_modified_time":"2021-09-21T05:29:08+00:00","author":"Samarytanka","twitter_card":"summary_large_image","twitter_misc":{"Verfasst von":"Samarytanka","Gesch\u00e4tzte Lesezeit":"1 Minute"},"schema":{"@context":"https:\/\/schema.org","@graph":[{"@type":"Article","@id":"https:\/\/chrystus.pl\/sk\/preco-cierna-madonna\/#article","isPartOf":{"@id":"https:\/\/chrystus.pl\/sk\/preco-cierna-madonna\/"},"author":{"name":"Samarytanka","@id":"https:\/\/chrystus.pl\/#\/schema\/person\/e2e742452b8b7b2bcd23ea180671d27a"},"headline":"Dlaczego Czarna Madonna?","datePublished":"2021-09-21T05:29:05+00:00","dateModified":"2021-09-21T05:29:08+00:00","mainEntityOfPage":{"@id":"https:\/\/chrystus.pl\/sk\/preco-cierna-madonna\/"},"wordCount":223,"publisher":{"@id":"https:\/\/chrystus.pl\/#organization"},"articleSection":["Ko\u015bci\u00f3\u0142","Maryja"],"inLanguage":"de-DE"},{"@type":"WebPage","@id":"https:\/\/chrystus.pl\/sk\/preco-cierna-madonna\/","url":"https:\/\/chrystus.pl\/sk\/preco-cierna-madonna\/","name":"Warum die Schwarze Madonna? - Christus","isPartOf":{"@id":"https:\/\/chrystus.pl\/#website"},"datePublished":"2021-09-21T05:29:05+00:00","dateModified":"2021-09-21T05:29:08+00:00","description":"Es d\u00fcrfte schwer sein, in Polen ein bekannteres Bild der Muttergottes zu finden als das aus Tschenstochau. Unz\u00e4hlige Gnaden wurden durch ihre F\u00fcrsprache erlangt, wie zum Beispiel","breadcrumb":{"@id":"https:\/\/chrystus.pl\/sk\/preco-cierna-madonna\/#breadcrumb"},"inLanguage":"de-DE","potentialAction":[{"@type":"ReadAction","target":["https:\/\/chrystus.pl\/sk\/preco-cierna-madonna\/"]}]},{"@type":"BreadcrumbList","@id":"https:\/\/chrystus.pl\/sk\/preco-cierna-madonna\/#breadcrumb","itemListElement":[{"@type":"ListItem","position":1,"name":"Strona g\u0142\u00f3wna","item":"https:\/\/chrystus.pl\/"},{"@type":"ListItem","position":2,"name":"Dlaczego Czarna Madonna?"}]},{"@type":"WebSite","@id":"https:\/\/chrystus.pl\/#website","url":"https:\/\/chrystus.pl\/","name":"Christus","description":"Gott, Maria, Jesus, Kommunion und mehr","publisher":{"@id":"https:\/\/chrystus.pl\/#organization"},"potentialAction":[{"@type":"SearchAction","target":{"@type":"EntryPoint","urlTemplate":"https:\/\/chrystus.pl\/?s={search_term_string}"},"query-input":{"@type":"PropertyValueSpecification","valueRequired":true,"valueName":"search_term_string"}}],"inLanguage":"de-DE"},{"@type":"Organization","@id":"https:\/\/chrystus.pl\/#organization","name":"Christus.pl","url":"https:\/\/chrystus.pl\/","logo":{"@type":"ImageObject","inLanguage":"de-DE","@id":"https:\/\/chrystus.pl\/#\/schema\/logo\/image\/","url":"https:\/\/chrystus.pl\/wp-content\/uploads\/2019\/03\/chrystus-bog-maryja-komunia-bierzmowanie.jpg","contentUrl":"https:\/\/chrystus.pl\/wp-content\/uploads\/2019\/03\/chrystus-bog-maryja-komunia-bierzmowanie.jpg","width":1920,"height":1280,"caption":"Chrystus.pl"},"image":{"@id":"https:\/\/chrystus.pl\/#\/schema\/logo\/image\/"}},{"@type":"Person","@id":"https:\/\/chrystus.pl\/#\/schema\/person\/e2e742452b8b7b2bcd23ea180671d27a","name":"Samariterin"}]}},"_links":{"self":[{"href":"https:\/\/chrystus.pl\/de\/wp-json\/wp\/v2\/posts\/2135","targetHints":{"allow":["GET"]}}],"collection":[{"href":"https:\/\/chrystus.pl\/de\/wp-json\/wp\/v2\/posts"}],"about":[{"href":"https:\/\/chrystus.pl\/de\/wp-json\/wp\/v2\/types\/post"}],"author":[{"embeddable":true,"href":"https:\/\/chrystus.pl\/de\/wp-json\/wp\/v2\/users\/1"}],"replies":[{"embeddable":true,"href":"https:\/\/chrystus.pl\/de\/wp-json\/wp\/v2\/comments?post=2135"}],"version-history":[{"count":0,"href":"https:\/\/chrystus.pl\/de\/wp-json\/wp\/v2\/posts\/2135\/revisions"}],"wp:attachment":[{"href":"https:\/\/chrystus.pl\/de\/wp-json\/wp\/v2\/media?parent=2135"}],"wp:term":[{"taxonomy":"category","embeddable":true,"href":"https:\/\/chrystus.pl\/de\/wp-json\/wp\/v2\/categories?post=2135"},{"taxonomy":"post_tag","embeddable":true,"href":"https:\/\/chrystus.pl\/de\/wp-json\/wp\/v2\/tags?post=2135"}],"curies":[{"name":"wp","href":"https:\/\/api.w.org\/{rel}","templated":true}]}}