{"id":1374,"date":"2020-03-01T13:21:33","date_gmt":"2020-03-01T13:21:33","guid":{"rendered":"https:\/\/chrystus.pl\/?p=1374"},"modified":"2020-03-01T13:21:33","modified_gmt":"2020-03-01T13:21:33","slug":"czy-litwa-przyjela-chrzest-za-posrednictwem-polski","status":"publish","type":"post","link":"https:\/\/chrystus.pl\/el\/czy-litwa-przyjela-chrzest-za-posrednictwem-polski\/","title":{"rendered":"\u0397 \u039b\u03b9\u03b8\u03bf\u03c5\u03b1\u03bd\u03af\u03b1 \u03ad\u03bb\u03b1\u03b2\u03b5 \u03c4\u03bf \u03b2\u03ac\u03c0\u03c4\u03b9\u03c3\u03bc\u03b1 \u03bc\u03ad\u03c3\u03c9 \u03c4\u03b7\u03c2 \u03a0\u03bf\u03bb\u03c9\u03bd\u03af\u03b1\u03c2;"},"content":{"rendered":"<p>Czy Litwa przyj\u0119\u0142a chrzest za po\u015brednictwem Polski? Chrzest Wielkiego Ksi\u0119stwa Litewskiego (bo tak w tamtych czasach nazywa\u0142o si\u0119 Litw\u0119) zosta\u0142 przeprowadzony du\u017co, du\u017co p\u00f3\u017aniej ni\u017c chrzest polski. Odby\u0142 si\u0119 on dopiero w latach 1387- 1388, a wi\u0119c prawie 400 lat po tym, jak Mieszko pierwszy raz uczyni\u0142 znak krzy\u017ca. Nale\u017cy przy tym zaznaczy\u0107, \u017ce nie od razu ca\u0142a Litwa przyj\u0119\u0142a chrzest, a dzia\u0142o si\u0119 to etapami. \u017bmud\u017a, czyli ostatni z 5 region\u00f3w etnograficznych \u00f3wczesnego Wielkiego Ksi\u0119stwa Litewskiego, na chrze\u015bcija\u0144stwo przesz\u0142a dopiero \u0107wier\u0107 wieku p\u00f3\u017aniej, bo w 1413 roku.<\/p>\n<p><span>\u0395\u03ba\u03b5\u03af\u03bd\u03b7 \u03c4\u03b7\u03bd \u03b5\u03c0\u03bf\u03c7\u03ae, \u03c4\u03bf \u039c\u03b5\u03b3\u03ac\u03bb\u03bf \u0394\u03bf\u03c5\u03ba\u03ac\u03c4\u03bf \u03c4\u03b7\u03c2 \u039b\u03b9\u03b8\u03bf\u03c5\u03b1\u03bd\u03af\u03b1\u03c2 \u03ae\u03c4\u03b1\u03bd \u03c4\u03bf \u03bc\u03bf\u03bd\u03b1\u03b4\u03b9\u03ba\u03cc \u03bc\u03b7 \u03c7\u03c1\u03b9\u03c3\u03c4\u03b9\u03b1\u03bd\u03b9\u03ba\u03cc \u03ba\u03c1\u03ac\u03c4\u03bf\u03c2 \u03c3\u03b5 \u03bf\u03bb\u03cc\u03ba\u03bb\u03b7\u03c1\u03b7 \u03c4\u03b7\u03bd \u0395\u03c5\u03c1\u03ce\u03c0\u03b7. \u03a9\u03c3\u03c4\u03cc\u03c3\u03bf, \u03b1\u03ba\u03cc\u03bc\u03b7 \u03ba\u03b1\u03b9 \u03b5\u03b4\u03ce \u03c5\u03c0\u03ac\u03c1\u03c7\u03bf\u03c5\u03bd \u03ba\u03ac\u03c0\u03bf\u03b9\u03b5\u03c2 \u03b1\u03bd\u03b1\u03ba\u03c1\u03af\u03b2\u03b5\u03b9\u03b5\u03c2, \u03b5\u03c0\u03b5\u03b9\u03b4\u03ae \u03bc\u03cc\u03bd\u03bf \u03c4\u03b1 \u03b3\u03b7\u03b3\u03b5\u03bd\u03ae \u03bb\u03b9\u03b8\u03bf\u03c5\u03b1\u03bd\u03b9\u03ba\u03ac \u03b5\u03b4\u03ac\u03c6\u03b7, \u03ae \u03c0\u03b5\u03c1\u03af\u03c0\u03bf\u03c5 10% \u03c4\u03bf\u03c5 \u03c3\u03c5\u03bd\u03cc\u03bb\u03bf\u03c5 \u03c4\u03b7\u03c2 \u03b5\u03c0\u03b9\u03ba\u03c1\u03ac\u03c4\u03b5\u03b9\u03b1\u03c2, \u03b8\u03b5\u03c9\u03c1\u03bf\u03cd\u03bd\u03c4\u03b1\u03b9 \u03c0\u03b1\u03b3\u03b1\u03bd\u03b9\u03c3\u03c4\u03b9\u03ba\u03cc \u03ba\u03c1\u03ac\u03c4\u03bf\u03c2 \u03b5\u03ba\u03b5\u03af\u03bd\u03b7 \u03c4\u03b7\u03bd \u03b5\u03c0\u03bf\u03c7\u03ae. \u038c\u03bb\u03b1 \u03c4\u03b1 \u03c5\u03c0\u03cc\u03bb\u03bf\u03b9\u03c0\u03b1 \u03b5\u03ba\u03c7\u03c1\u03b9\u03c3\u03c4\u03b9\u03b1\u03bd\u03af\u03c3\u03c4\u03b7\u03ba\u03b1\u03bd \u03bc\u03b1\u03b6\u03af \u03bc\u03b5 \u03c4\u03b1 \u03c1\u03bf\u03c5\u03b8\u03b7\u03bd\u03b1\u03ca\u03ba\u03ac \u03b5\u03b4\u03ac\u03c6\u03b7 \u03c4\u03bf 988 \u03bc\u03b5 \u03c4\u03bf \u03bf\u03c1\u03b8\u03cc\u03b4\u03bf\u03be\u03bf \u03c4\u03c5\u03c0\u03b9\u03ba\u03cc. \u0388\u03c4\u03c3\u03b9, \u03bc\u03cc\u03bd\u03bf \u03ad\u03bd\u03b1 \u03bc\u03b9\u03ba\u03c1\u03cc \u03bc\u03ad\u03c1\u03bf\u03c2 \u03c4\u03bf\u03c5 \u03bb\u03b9\u03b8\u03bf\u03c5\u03b1\u03bd\u03b9\u03ba\u03bf\u03cd \u03ba\u03c1\u03ac\u03c4\u03bf\u03c5\u03c2 \u03c0\u03b1\u03c1\u03ad\u03bc\u03b5\u03b9\u03bd\u03b5 \u03c0\u03b1\u03b3\u03b1\u03bd\u03b9\u03c3\u03c4\u03b9\u03ba\u03cc. \u039f \u03af\u03b4\u03b9\u03bf\u03c2 \u03bf \u03b7\u03b3\u03b5\u03bc\u03cc\u03bd\u03b1\u03c2 \u03c4\u03c9\u03bd \u03bb\u03b9\u03b8\u03bf\u03c5\u03b1\u03bd\u03b9\u03ba\u03ce\u03bd \u03b5\u03b4\u03b1\u03c6\u03ce\u03bd, \u03bf Ladislaus II Jagiello, \u03ae\u03c4\u03b1\u03bd \u03c7\u03c1\u03b9\u03c3\u03c4\u03b9\u03b1\u03bd\u03cc\u03c2 \u03b7\u03b3\u03b5\u03bc\u03cc\u03bd\u03b1\u03c2, \u03b4\u03b9\u03cc\u03c4\u03b9 \u03ad\u03bb\u03b1\u03b2\u03b5 \u03c4\u03bf \u03bf\u03c1\u03b8\u03cc\u03b4\u03bf\u03be\u03bf \u03b2\u03ac\u03c0\u03c4\u03b9\u03c3\u03bc\u03b1 \u03b1\u03bc\u03ad\u03c3\u03c9\u03c2 \u03bc\u03b5\u03c4\u03ac \u03c4\u03b7 \u03b3\u03ad\u03bd\u03bd\u03b7\u03c3\u03ae \u03c4\u03bf\u03c5. \u0391\u03c1\u03b3\u03cc\u03c4\u03b5\u03c1\u03b1 \u03b2\u03b1\u03c6\u03c4\u03af\u03c3\u03c4\u03b7\u03ba\u03b5 \u03b5\u03c0\u03af\u03c3\u03b7\u03c2 \u03c3\u03c4\u03b7\u03bd \u039a\u03b1\u03b8\u03bf\u03bb\u03b9\u03ba\u03ae \u0395\u03ba\u03ba\u03bb\u03b7\u03c3\u03af\u03b1. <\/span><\/p>\n<p><span>\u039b\u03ad\u03b3\u03b5\u03c4\u03b1\u03b9 \u03cc\u03c4\u03b9 \u03bf \u03ac\u03bc\u03b5\u03c3\u03bf\u03c2 \u03bb\u03cc\u03b3\u03bf\u03c2 \u03b3\u03b9\u03b1 \u03c4\u03bf\u03bd \u03bf\u03c0\u03bf\u03af\u03bf \u03b2\u03b1\u03c6\u03c4\u03af\u03c3\u03c4\u03b7\u03ba\u03b5 \u03c4\u03bf \u039c\u03b5\u03b3\u03ac\u03bb\u03bf \u0394\u03bf\u03c5\u03ba\u03ac\u03c4\u03bf \u03c4\u03b7\u03c2 \u039b\u03b9\u03b8\u03bf\u03c5\u03b1\u03bd\u03af\u03b1\u03c2 \u03ae\u03c4\u03b1\u03bd \u03b7 \u03b1\u03c0\u03b5\u03b9\u03bb\u03ae \u03b1\u03c0\u03cc \u03c4\u03bf \u03a4\u03b5\u03c5\u03c4\u03bf\u03bd\u03b9\u03ba\u03cc \u03a4\u03ac\u03b3\u03bc\u03b1. \u0397 \u039b\u03b9\u03b8\u03bf\u03c5\u03b1\u03bd\u03af\u03b1, \u03c9\u03c2 \u03b7 \u03bc\u03cc\u03bd\u03b7 \u03c0\u03b1\u03b3\u03b1\u03bd\u03b9\u03c3\u03c4\u03b9\u03ba\u03ae \u03c7\u03ce\u03c1\u03b1, \u03ae\u03c4\u03b1\u03bd \u03b5\u03cd\u03ba\u03bf\u03bb\u03bf\u03c2 \u03c3\u03c4\u03cc\u03c7\u03bf\u03c2 \u03b3\u03b9\u03b1 \u03c4\u03bf\u03c5\u03c2 \u03a4\u03b5\u03cd\u03c4\u03bf\u03bd\u03b5\u03c2 \u0399\u03c0\u03c0\u03cc\u03c4\u03b5\u03c2, \u03bf\u03b9 \u03bf\u03c0\u03bf\u03af\u03bf\u03b9 \u03b8\u03b5\u03c9\u03c1\u03bf\u03cd\u03c3\u03b1\u03bd \u03c4\u03bf\u03c5\u03c2 \u03b5\u03b1\u03c5\u03c4\u03bf\u03cd\u03c2 \u03c4\u03bf\u03c5\u03c2 \u03c5\u03c0\u03b5\u03c1\u03b1\u03c3\u03c0\u03b9\u03c3\u03c4\u03ad\u03c2 \u03c4\u03b7\u03c2 \u03c0\u03af\u03c3\u03c4\u03b7\u03c2 \u03ba\u03b1\u03b9 \u03c4\u03bf \u03c7\u03c1\u03b7\u03c3\u03b9\u03bc\u03bf\u03c0\u03bf\u03b9\u03bf\u03cd\u03c3\u03b1\u03bd \u03c9\u03c2 \u03ba\u03cd\u03c1\u03b9\u03bf \u03bb\u03cc\u03b3\u03bf \u03b3\u03b9\u03b1 \u03c4\u03b9\u03c2 \u03b5\u03c0\u03b9\u03b8\u03ad\u03c3\u03b5\u03b9\u03c2 \u03c4\u03bf\u03c5\u03c2. \u039f \u03c0\u03b1\u03b3\u03b1\u03bd\u03b9\u03c3\u03bc\u03cc\u03c2 \u03b4\u03b5\u03bd \u03ad\u03c6\u03b5\u03c1\u03b5 \u03c4\u03b7 \u039b\u03b9\u03b8\u03bf\u03c5\u03b1\u03bd\u03af\u03b1 \u03c3\u03b5 \u03b8\u03b5\u03c4\u03b9\u03ba\u03ae \u03b8\u03ad\u03c3\u03b7 \u03bf\u03cd\u03c4\u03b5 \u03c3\u03c4\u03b7\u03bd \u03c5\u03c0\u03cc\u03bb\u03bf\u03b9\u03c0\u03b7 \u03b4\u03c5\u03c4\u03b9\u03ba\u03ae \u0395\u03c5\u03c1\u03ce\u03c0\u03b7. \u0391\u03c5\u03c4\u03cc \u03ad\u03b3\u03b9\u03bd\u03b5 \u03c4\u03cc\u03c3\u03bf \u03b5\u03bd\u03bf\u03c7\u03bb\u03b7\u03c4\u03b9\u03ba\u03cc \u03c0\u03bf\u03c5 \u03bf\u03b9 \u039b\u03b9\u03b8\u03bf\u03c5\u03b1\u03bd\u03bf\u03af \u03b1\u03c0\u03bf\u03c6\u03ac\u03c3\u03b9\u03c3\u03b1\u03bd \u03bd\u03b1 \u03b2\u03b1\u03c0\u03c4\u03b9\u03c3\u03c4\u03bf\u03cd\u03bd \u03bc\u03ad\u03c3\u03c9 \u03c4\u03b7\u03c2 \u03a0\u03bf\u03bb\u03c9\u03bd\u03af\u03b1\u03c2. \u039f \u03b7\u03b3\u03b5\u03bc\u03cc\u03bd\u03b1\u03c2 \u03c4\u03bf\u03c5 \u03c0\u03c1\u03b9\u03b3\u03ba\u03b9\u03c0\u03ac\u03c4\u03bf\u03c5, \u03bf Ladislaus II Jagiello, \u03bc\u03b5 \u03c4\u03b7\u03bd \u0388\u03bd\u03c9\u03c3\u03b7 \u03c4\u03bf\u03c5 Krevo \u03c4\u03bf 1385 \u03b4\u03b5\u03c3\u03bc\u03b5\u03cd\u03c4\u03b7\u03ba\u03b5 \u03cc\u03c4\u03b9 \u03c4\u03bf \u039c\u03b5\u03b3\u03ac\u03bb\u03bf \u0394\u03bf\u03c5\u03ba\u03ac\u03c4\u03bf \u03c4\u03b7\u03c2 \u039b\u03b9\u03b8\u03bf\u03c5\u03b1\u03bd\u03af\u03b1\u03c2 \u03b8\u03b1 \u03b2\u03b1\u03c6\u03c4\u03b9\u03b6\u03cc\u03c4\u03b1\u03bd \u03bc\u03ad\u03c3\u03c9 \u03c4\u03b7\u03c2 \u03a0\u03bf\u03bb\u03c9\u03bd\u03af\u03b1\u03c2.<\/span><\/p>","protected":false},"excerpt":{"rendered":"<p>Czy Litwa przyj\u0119\u0142a chrzest za po\u015brednictwem Polski? Chrzest Wielkiego Ksi\u0119stwa Litewskiego (bo tak w tamtych czasach nazywa\u0142o si\u0119 Litw\u0119) zosta\u0142 przeprowadzony du\u017co, du\u017co p\u00f3\u017aniej ni\u017c chrzest polski. Odby\u0142 si\u0119 on dopiero w latach 1387- 1388, a wi\u0119c prawie 400 lat po tym, jak Mieszko pierwszy raz uczyni\u0142 znak krzy\u017ca. Nale\u017cy przy tym zaznaczy\u0107, \u017ce nie &hellip;<\/p>","protected":false},"author":1,"featured_media":1375,"comment_status":"open","ping_status":"closed","sticky":false,"template":"","format":"standard","meta":{"footnotes":""},"categories":[57],"tags":[],"class_list":["post-1374","post","type-post","status-publish","format-standard","has-post-thumbnail","hentry","category-chrzest-polski"],"yoast_head":"<!-- This site is optimized with the Yoast SEO plugin v27.4 - https:\/\/yoast.com\/product\/yoast-seo-wordpress\/ -->\n<title>Czy Litwa przyj\u0119\u0142a chrzest za po\u015brednictwem Polski? - Chrystus<\/title>\n<meta name=\"description\" content=\"Czy Litwa przyj\u0119\u0142a chrzest za po\u015brednictwem Polski? Chrzest Wielkiego Ksi\u0119stwa Litewskiego (bo tak w tamtych czasach nazywa\u0142o si\u0119 Litw\u0119) zosta\u0142 przeprowadzony...\" \/>\n<meta name=\"robots\" content=\"index, follow, max-snippet:-1, max-image-preview:large, max-video-preview:-1\" \/>\n<link rel=\"canonical\" href=\"https:\/\/chrystus.pl\/el\/\u03b4\u03ad\u03c7\u03b8\u03b7\u03ba\u03b5-\u03b7-\u03bb\u03b9\u03b8\u03bf\u03c5\u03b1\u03bd\u03af\u03b1-\u03c4\u03b7-\u03b2\u03ac\u03c0\u03c4\u03b9\u03c3\u03b7-\u03bc\u03ad\u03c3\u03c9-\u03c4\u03b7\/\" \/>\n<meta property=\"og:locale\" content=\"el_GR\" \/>\n<meta property=\"og:type\" content=\"article\" \/>\n<meta property=\"og:title\" content=\"Czy Litwa przyj\u0119\u0142a chrzest za po\u015brednictwem Polski?\" \/>\n<meta property=\"og:description\" content=\"Czy Litwa przyj\u0119\u0142a chrzest za po\u015brednictwem Polski? Chrzest Wielkiego Ksi\u0119stwa Litewskiego (bo tak w tamtych czasach nazywa\u0142o si\u0119 Litw\u0119) zosta\u0142 przeprowadzony...\" \/>\n<meta property=\"og:url\" content=\"https:\/\/chrystus.pl\/el\/\u03b4\u03ad\u03c7\u03b8\u03b7\u03ba\u03b5-\u03b7-\u03bb\u03b9\u03b8\u03bf\u03c5\u03b1\u03bd\u03af\u03b1-\u03c4\u03b7-\u03b2\u03ac\u03c0\u03c4\u03b9\u03c3\u03b7-\u03bc\u03ad\u03c3\u03c9-\u03c4\u03b7\/\" \/>\n<meta property=\"og:site_name\" content=\"Chrystus\" \/>\n<meta property=\"article:published_time\" content=\"2020-03-01T13:21:33+00:00\" \/>\n<meta property=\"og:image\" content=\"https:\/\/chrystus.pl\/wp-content\/uploads\/2020\/03\/Czy-Litwa-przyje\u0328\u0142a-chrzest-za-pos\u0301rednictwem-Polski.png\" \/>\n\t<meta property=\"og:image:width\" content=\"1520\" \/>\n\t<meta property=\"og:image:height\" content=\"866\" \/>\n\t<meta property=\"og:image:type\" content=\"image\/png\" \/>\n<meta name=\"author\" content=\"Samarytanka\" \/>\n<meta name=\"twitter:card\" content=\"summary_large_image\" \/>\n<meta name=\"twitter:title\" content=\"Czy Litwa przyj\u0119\u0142a chrzest za po\u015brednictwem Polski?\" \/>\n<meta name=\"twitter:description\" content=\"Czy Litwa przyj\u0119\u0142a chrzest za po\u015brednictwem Polski? Chrzest Wielkiego Ksi\u0119stwa Litewskiego (bo tak w tamtych czasach nazywa\u0142o si\u0119 Litw\u0119) zosta\u0142 przeprowadzony...\" \/>\n<meta name=\"twitter:image\" content=\"https:\/\/chrystus.pl\/wp-content\/uploads\/2020\/03\/Czy-Litwa-przyje\u0328\u0142a-chrzest-za-pos\u0301rednictwem-Polski.png\" \/>\n<meta name=\"twitter:label1\" content=\"\u03a3\u03c5\u03bd\u03c4\u03ac\u03c7\u03b8\u03b7\u03ba\u03b5 \u03b1\u03c0\u03cc\" \/>\n\t<meta name=\"twitter:data1\" content=\"Samarytanka\" \/>\n\t<meta name=\"twitter:label2\" content=\"\u0395\u03ba\u03c4\u03b9\u03bc\u03ce\u03bc\u03b5\u03bd\u03bf\u03c2 \u03c7\u03c1\u03cc\u03bd\u03bf\u03c2 \u03b1\u03bd\u03ac\u03b3\u03bd\u03c9\u03c3\u03b7\u03c2\" \/>\n\t<meta name=\"twitter:data2\" content=\"2 \u03bb\u03b5\u03c0\u03c4\u03ac\" \/>\n<!-- \/ Yoast SEO plugin. -->","yoast_head_json":{"title":"\u0397 \u039b\u03b9\u03b8\u03bf\u03c5\u03b1\u03bd\u03af\u03b1 \u03ad\u03bb\u03b1\u03b2\u03b5 \u03c4\u03bf \u03b2\u03ac\u03c0\u03c4\u03b9\u03c3\u03bc\u03b1 \u03bc\u03ad\u03c3\u03c9 \u03c4\u03b7\u03c2 \u03a0\u03bf\u03bb\u03c9\u03bd\u03af\u03b1\u03c2; - \u03a7\u03c1\u03b9\u03c3\u03c4\u03cc\u03c2","description":"\u0397 \u039b\u03b9\u03b8\u03bf\u03c5\u03b1\u03bd\u03af\u03b1 \u03b2\u03b1\u03c6\u03c4\u03af\u03c3\u03c4\u03b7\u03ba\u03b5 \u03bc\u03ad\u03c3\u03c9 \u03c4\u03b7\u03c2 \u03a0\u03bf\u03bb\u03c9\u03bd\u03af\u03b1\u03c2; \u0397 \u03b2\u03ac\u03c0\u03c4\u03b9\u03c3\u03b7 \u03c4\u03bf\u03c5 \u039c\u03b5\u03b3\u03ac\u03bb\u03bf\u03c5 \u0394\u03bf\u03c5\u03ba\u03ac\u03c4\u03bf\u03c5 \u03c4\u03b7\u03c2 \u039b\u03b9\u03b8\u03bf\u03c5\u03b1\u03bd\u03af\u03b1\u03c2 (\u03cc\u03c0\u03c9\u03c2 \u03bf\u03bd\u03bf\u03bc\u03b1\u03b6\u03cc\u03c4\u03b1\u03bd \u03c4\u03cc\u03c4\u03b5 \u03b7 \u039b\u03b9\u03b8\u03bf\u03c5\u03b1\u03bd\u03af\u03b1) \u03ad\u03b3\u03b9\u03bd\u03b5...","robots":{"index":"index","follow":"follow","max-snippet":"max-snippet:-1","max-image-preview":"max-image-preview:large","max-video-preview":"max-video-preview:-1"},"canonical":"https:\/\/chrystus.pl\/el\/\u03b4\u03ad\u03c7\u03b8\u03b7\u03ba\u03b5-\u03b7-\u03bb\u03b9\u03b8\u03bf\u03c5\u03b1\u03bd\u03af\u03b1-\u03c4\u03b7-\u03b2\u03ac\u03c0\u03c4\u03b9\u03c3\u03b7-\u03bc\u03ad\u03c3\u03c9-\u03c4\u03b7\/","og_locale":"el_GR","og_type":"article","og_title":"Czy Litwa przyj\u0119\u0142a chrzest za po\u015brednictwem Polski?","og_description":"Czy Litwa przyj\u0119\u0142a chrzest za po\u015brednictwem Polski? Chrzest Wielkiego Ksi\u0119stwa Litewskiego (bo tak w tamtych czasach nazywa\u0142o si\u0119 Litw\u0119) zosta\u0142 przeprowadzony...","og_url":"https:\/\/chrystus.pl\/el\/\u03b4\u03ad\u03c7\u03b8\u03b7\u03ba\u03b5-\u03b7-\u03bb\u03b9\u03b8\u03bf\u03c5\u03b1\u03bd\u03af\u03b1-\u03c4\u03b7-\u03b2\u03ac\u03c0\u03c4\u03b9\u03c3\u03b7-\u03bc\u03ad\u03c3\u03c9-\u03c4\u03b7\/","og_site_name":"Chrystus","article_published_time":"2020-03-01T13:21:33+00:00","og_image":[{"width":1520,"height":866,"url":"https:\/\/chrystus.pl\/wp-content\/uploads\/2020\/03\/Czy-Litwa-przyje\u0328\u0142a-chrzest-za-pos\u0301rednictwem-Polski.png","type":"image\/png"}],"author":"Samarytanka","twitter_card":"summary_large_image","twitter_title":"Czy Litwa przyj\u0119\u0142a chrzest za po\u015brednictwem Polski?","twitter_description":"Czy Litwa przyj\u0119\u0142a chrzest za po\u015brednictwem Polski? Chrzest Wielkiego Ksi\u0119stwa Litewskiego (bo tak w tamtych czasach nazywa\u0142o si\u0119 Litw\u0119) zosta\u0142 przeprowadzony...","twitter_image":"https:\/\/chrystus.pl\/wp-content\/uploads\/2020\/03\/Czy-Litwa-przyje\u0328\u0142a-chrzest-za-pos\u0301rednictwem-Polski.png","twitter_misc":{"\u03a3\u03c5\u03bd\u03c4\u03ac\u03c7\u03b8\u03b7\u03ba\u03b5 \u03b1\u03c0\u03cc":"Samarytanka","\u0395\u03ba\u03c4\u03b9\u03bc\u03ce\u03bc\u03b5\u03bd\u03bf\u03c2 \u03c7\u03c1\u03cc\u03bd\u03bf\u03c2 \u03b1\u03bd\u03ac\u03b3\u03bd\u03c9\u03c3\u03b7\u03c2":"2 \u03bb\u03b5\u03c0\u03c4\u03ac"},"schema":{"@context":"https:\/\/schema.org","@graph":[{"@type":"Article","@id":"https:\/\/chrystus.pl\/czy-litwa-przyjela-chrzest-za-posrednictwem-polski\/#article","isPartOf":{"@id":"https:\/\/chrystus.pl\/czy-litwa-przyjela-chrzest-za-posrednictwem-polski\/"},"author":{"name":"Samarytanka","@id":"https:\/\/chrystus.pl\/#\/schema\/person\/e2e742452b8b7b2bcd23ea180671d27a"},"headline":"Czy Litwa przyj\u0119\u0142a chrzest za po\u015brednictwem Polski?","datePublished":"2020-03-01T13:21:33+00:00","mainEntityOfPage":{"@id":"https:\/\/chrystus.pl\/czy-litwa-przyjela-chrzest-za-posrednictwem-polski\/"},"wordCount":353,"commentCount":0,"publisher":{"@id":"https:\/\/chrystus.pl\/#organization"},"image":{"@id":"https:\/\/chrystus.pl\/czy-litwa-przyjela-chrzest-za-posrednictwem-polski\/#primaryimage"},"thumbnailUrl":"https:\/\/chrystus.pl\/wp-content\/uploads\/2020\/03\/Czy-Litwa-przyje\u0328\u0142a-chrzest-za-pos\u0301rednictwem-Polski.png","articleSection":["Chrzest Polski"],"inLanguage":"el","potentialAction":[{"@type":"CommentAction","name":"Comment","target":["https:\/\/chrystus.pl\/czy-litwa-przyjela-chrzest-za-posrednictwem-polski\/#respond"]}]},{"@type":"WebPage","@id":"https:\/\/chrystus.pl\/czy-litwa-przyjela-chrzest-za-posrednictwem-polski\/","url":"https:\/\/chrystus.pl\/czy-litwa-przyjela-chrzest-za-posrednictwem-polski\/","name":"\u0397 \u039b\u03b9\u03b8\u03bf\u03c5\u03b1\u03bd\u03af\u03b1 \u03ad\u03bb\u03b1\u03b2\u03b5 \u03c4\u03bf \u03b2\u03ac\u03c0\u03c4\u03b9\u03c3\u03bc\u03b1 \u03bc\u03ad\u03c3\u03c9 \u03c4\u03b7\u03c2 \u03a0\u03bf\u03bb\u03c9\u03bd\u03af\u03b1\u03c2; - \u03a7\u03c1\u03b9\u03c3\u03c4\u03cc\u03c2","isPartOf":{"@id":"https:\/\/chrystus.pl\/#website"},"primaryImageOfPage":{"@id":"https:\/\/chrystus.pl\/czy-litwa-przyjela-chrzest-za-posrednictwem-polski\/#primaryimage"},"image":{"@id":"https:\/\/chrystus.pl\/czy-litwa-przyjela-chrzest-za-posrednictwem-polski\/#primaryimage"},"thumbnailUrl":"https:\/\/chrystus.pl\/wp-content\/uploads\/2020\/03\/Czy-Litwa-przyje\u0328\u0142a-chrzest-za-pos\u0301rednictwem-Polski.png","datePublished":"2020-03-01T13:21:33+00:00","description":"\u0397 \u039b\u03b9\u03b8\u03bf\u03c5\u03b1\u03bd\u03af\u03b1 \u03b2\u03b1\u03c6\u03c4\u03af\u03c3\u03c4\u03b7\u03ba\u03b5 \u03bc\u03ad\u03c3\u03c9 \u03c4\u03b7\u03c2 \u03a0\u03bf\u03bb\u03c9\u03bd\u03af\u03b1\u03c2; \u0397 \u03b2\u03ac\u03c0\u03c4\u03b9\u03c3\u03b7 \u03c4\u03bf\u03c5 \u039c\u03b5\u03b3\u03ac\u03bb\u03bf\u03c5 \u0394\u03bf\u03c5\u03ba\u03ac\u03c4\u03bf\u03c5 \u03c4\u03b7\u03c2 \u039b\u03b9\u03b8\u03bf\u03c5\u03b1\u03bd\u03af\u03b1\u03c2 (\u03cc\u03c0\u03c9\u03c2 \u03bf\u03bd\u03bf\u03bc\u03b1\u03b6\u03cc\u03c4\u03b1\u03bd \u03c4\u03cc\u03c4\u03b5 \u03b7 \u039b\u03b9\u03b8\u03bf\u03c5\u03b1\u03bd\u03af\u03b1) \u03ad\u03b3\u03b9\u03bd\u03b5...","breadcrumb":{"@id":"https:\/\/chrystus.pl\/czy-litwa-przyjela-chrzest-za-posrednictwem-polski\/#breadcrumb"},"inLanguage":"el","potentialAction":[{"@type":"ReadAction","target":["https:\/\/chrystus.pl\/czy-litwa-przyjela-chrzest-za-posrednictwem-polski\/"]}]},{"@type":"ImageObject","inLanguage":"el","@id":"https:\/\/chrystus.pl\/czy-litwa-przyjela-chrzest-za-posrednictwem-polski\/#primaryimage","url":"https:\/\/chrystus.pl\/wp-content\/uploads\/2020\/03\/Czy-Litwa-przyje\u0328\u0142a-chrzest-za-pos\u0301rednictwem-Polski.png","contentUrl":"https:\/\/chrystus.pl\/wp-content\/uploads\/2020\/03\/Czy-Litwa-przyje\u0328\u0142a-chrzest-za-pos\u0301rednictwem-Polski.png","width":1520,"height":866,"caption":"Czy Litwa przyj\u0119\u0142a chrzest za po\u015brednictwem Polski"},{"@type":"BreadcrumbList","@id":"https:\/\/chrystus.pl\/czy-litwa-przyjela-chrzest-za-posrednictwem-polski\/#breadcrumb","itemListElement":[{"@type":"ListItem","position":1,"name":"Strona g\u0142\u00f3wna","item":"https:\/\/chrystus.pl\/"},{"@type":"ListItem","position":2,"name":"Czy Litwa przyj\u0119\u0142a chrzest za po\u015brednictwem Polski?"}]},{"@type":"WebSite","@id":"https:\/\/chrystus.pl\/#website","url":"https:\/\/chrystus.pl\/","name":"\u03a7\u03c1\u03b9\u03c3\u03c4\u03cc\u03c2","description":"\u039f \u0398\u03b5\u03cc\u03c2, \u03b7 \u039c\u03b1\u03c1\u03af\u03b1, \u03bf \u0399\u03b7\u03c3\u03bf\u03cd\u03c2, \u03b7 \u0398\u03b5\u03af\u03b1 \u039a\u03bf\u03b9\u03bd\u03c9\u03bd\u03af\u03b1 \u03ba\u03b1\u03b9 \u03ac\u03bb\u03bb\u03b1","publisher":{"@id":"https:\/\/chrystus.pl\/#organization"},"potentialAction":[{"@type":"SearchAction","target":{"@type":"EntryPoint","urlTemplate":"https:\/\/chrystus.pl\/?s={search_term_string}"},"query-input":{"@type":"PropertyValueSpecification","valueRequired":true,"valueName":"search_term_string"}}],"inLanguage":"el"},{"@type":"Organization","@id":"https:\/\/chrystus.pl\/#organization","name":"Christ.pl","url":"https:\/\/chrystus.pl\/","logo":{"@type":"ImageObject","inLanguage":"el","@id":"https:\/\/chrystus.pl\/#\/schema\/logo\/image\/","url":"https:\/\/chrystus.pl\/wp-content\/uploads\/2019\/03\/chrystus-bog-maryja-komunia-bierzmowanie.jpg","contentUrl":"https:\/\/chrystus.pl\/wp-content\/uploads\/2019\/03\/chrystus-bog-maryja-komunia-bierzmowanie.jpg","width":1920,"height":1280,"caption":"Chrystus.pl"},"image":{"@id":"https:\/\/chrystus.pl\/#\/schema\/logo\/image\/"}},{"@type":"Person","@id":"https:\/\/chrystus.pl\/#\/schema\/person\/e2e742452b8b7b2bcd23ea180671d27a","name":"\u03a3\u03b1\u03bc\u03b1\u03c1\u03b5\u03af\u03c4\u03b9\u03b4\u03b1 \u03b3\u03c5\u03bd\u03b1\u03af\u03ba\u03b1"}]}},"_links":{"self":[{"href":"https:\/\/chrystus.pl\/el\/wp-json\/wp\/v2\/posts\/1374","targetHints":{"allow":["GET"]}}],"collection":[{"href":"https:\/\/chrystus.pl\/el\/wp-json\/wp\/v2\/posts"}],"about":[{"href":"https:\/\/chrystus.pl\/el\/wp-json\/wp\/v2\/types\/post"}],"author":[{"embeddable":true,"href":"https:\/\/chrystus.pl\/el\/wp-json\/wp\/v2\/users\/1"}],"replies":[{"embeddable":true,"href":"https:\/\/chrystus.pl\/el\/wp-json\/wp\/v2\/comments?post=1374"}],"version-history":[{"count":0,"href":"https:\/\/chrystus.pl\/el\/wp-json\/wp\/v2\/posts\/1374\/revisions"}],"wp:featuredmedia":[{"embeddable":true,"href":"https:\/\/chrystus.pl\/el\/wp-json\/wp\/v2\/media\/1375"}],"wp:attachment":[{"href":"https:\/\/chrystus.pl\/el\/wp-json\/wp\/v2\/media?parent=1374"}],"wp:term":[{"taxonomy":"category","embeddable":true,"href":"https:\/\/chrystus.pl\/el\/wp-json\/wp\/v2\/categories?post=1374"},{"taxonomy":"post_tag","embeddable":true,"href":"https:\/\/chrystus.pl\/el\/wp-json\/wp\/v2\/tags?post=1374"}],"curies":[{"name":"wp","href":"https:\/\/api.w.org\/{rel}","templated":true}]}}