{"id":1391,"date":"2020-03-01T13:56:24","date_gmt":"2020-03-01T13:56:24","guid":{"rendered":"https:\/\/chrystus.pl\/?p=1391"},"modified":"2020-03-02T00:38:35","modified_gmt":"2020-03-02T00:38:35","slug":"kto-i-kiedy-przyjal-chrzest-polski","status":"publish","type":"post","link":"https:\/\/chrystus.pl\/el\/kto-i-kiedy-przyjal-chrzest-polski\/","title":{"rendered":"\u03a0\u03bf\u03b9\u03bf\u03c2 \u03ba\u03b1\u03b9 \u03c0\u03cc\u03c4\u03b5 \u03b2\u03b1\u03c0\u03c4\u03af\u03c3\u03c4\u03b7\u03ba\u03b5 \u03c3\u03c4\u03b7\u03bd \u03a0\u03bf\u03bb\u03c9\u03bd\u03af\u03b1;"},"content":{"rendered":"<p><span>Kto i kiedy przyj\u0105\u0142 chrzest Polski? Jest to jedno z najwa\u017cniejszych pyta\u0144 dotycz\u0105cych ca\u0142ej historii naszego kraju. Wydarzenie to zapocz\u0105tkowa\u0142o przecie\u017c kolejny etap w rozwoju naszego kraju i by\u0142o punktem, od kt\u00f3rego zaczyna si\u0119 nasza pa\u0144stwowo\u015b\u0107 i kt\u00f3ry dawa\u0142 naszemu w\u0142adcy odpowiedni\u0105 pozycj\u0119 w \u00f3wczesnej Europie. Kto przyj\u0105\u0142 chrzest Polski? Na to pytanie ka\u017cdy powinien zna\u0107 odpowied\u017a. <\/span><\/p>\n<p><span>Chrzest Polski, jako pierwszy w naszym kraju przyj\u0105\u0142 w\u0142adca z dynastii Piast\u00f3w, Mieszko I. Mieszko by\u0142 synem Siemowita i wnukiem Lestka. Sprawowa\u0142 on w\u0142adz\u0119 od 960 roku i jest uwa\u017cany za pierwszego w\u0142adc\u0119 Polan i tw\u00f3rc\u0119 polskiej pa\u0144stwowo\u015bci. To za jego panowania wi\u0119kszo\u015b\u0107 plemion zjednoczy\u0142a si\u0119 i wytworzone zosta\u0142y pierwsze struktury pa\u0144stwowe. Kiedy Mieszko I przyj\u0105\u0142 chrzest Polski? By\u0142o to najprawdopodobniej w 966 r. kiedy to poprzez \u015blub i w\u0142a\u015bnie przyj\u0119cie chrztu w\u0142\u0105czy\u0142 nasze pa\u0144stwo w kr\u0105g zachodniej kultury chrze\u015bcija\u0144skiej.<\/span><\/p>","protected":false},"excerpt":{"rendered":"<p>Kto i kiedy przyj\u0105\u0142 chrzest Polski? Jest to jedno z najwa\u017cniejszych pyta\u0144 dotycz\u0105cych ca\u0142ej historii naszego kraju. Wydarzenie to zapocz\u0105tkowa\u0142o przecie\u017c kolejny etap w rozwoju naszego kraju i by\u0142o punktem, od kt\u00f3rego zaczyna si\u0119 nasza pa\u0144stwowo\u015b\u0107 i kt\u00f3ry dawa\u0142 naszemu w\u0142adcy odpowiedni\u0105 pozycj\u0119 w \u00f3wczesnej Europie. Kto przyj\u0105\u0142 chrzest Polski? Na to pytanie ka\u017cdy powinien &hellip;<\/p>","protected":false},"author":1,"featured_media":1372,"comment_status":"open","ping_status":"closed","sticky":false,"template":"","format":"standard","meta":{"footnotes":""},"categories":[57],"tags":[58],"class_list":["post-1391","post","type-post","status-publish","format-standard","has-post-thumbnail","hentry","category-chrzest-polski","tag-chrzest-polski"],"yoast_head":"<!-- This site is optimized with the Yoast SEO plugin v27.4 - https:\/\/yoast.com\/product\/yoast-seo-wordpress\/ -->\n<title>Kto i kiedy przyj\u0105\u0142 chrzest Polski? - Chrystus<\/title>\n<meta name=\"description\" content=\"Kto i kiedy przyj\u0105\u0142 chrzest Polski? Jest to jedno z najwa\u017cniejszych pyta\u0144 dotycz\u0105cych ca\u0142ej historii naszego kraju. Wydarzenie to zapocz\u0105tkowa\u0142o przecie\u017c\" \/>\n<meta name=\"robots\" content=\"index, follow, max-snippet:-1, max-image-preview:large, max-video-preview:-1\" \/>\n<link rel=\"canonical\" href=\"https:\/\/chrystus.pl\/el\/\u03c0\u03bf\u03b9\u03bf\u03c2-\u03ba\u03b1\u03b9-\u03c0\u03cc\u03c4\u03b5-\u03b2\u03ac\u03c6\u03c4\u03b9\u03c3\u03b5-\u03c4\u03b7\u03bd-\u03c0\u03bf\u03bb\u03c9\u03bd\u03af\u03b1\/\" \/>\n<meta property=\"og:locale\" content=\"el_GR\" \/>\n<meta property=\"og:type\" content=\"article\" \/>\n<meta property=\"og:title\" content=\"Kto i kiedy przyj\u0105\u0142 chrzest Polski?\" \/>\n<meta property=\"og:description\" content=\"Kto i kiedy przyj\u0105\u0142 chrzest Polski? Jest to jedno z najwa\u017cniejszych pyta\u0144 dotycz\u0105cych ca\u0142ej historii naszego kraju. Wydarzenie to zapocz\u0105tkowa\u0142o przecie\u017c kolejny etap w rozwoju naszego kraju i by\u0142o punktem...\" \/>\n<meta property=\"og:url\" content=\"https:\/\/chrystus.pl\/el\/\u03c0\u03bf\u03b9\u03bf\u03c2-\u03ba\u03b1\u03b9-\u03c0\u03cc\u03c4\u03b5-\u03b2\u03ac\u03c6\u03c4\u03b9\u03c3\u03b5-\u03c4\u03b7\u03bd-\u03c0\u03bf\u03bb\u03c9\u03bd\u03af\u03b1\/\" \/>\n<meta property=\"og:site_name\" content=\"Chrystus\" \/>\n<meta property=\"article:published_time\" content=\"2020-03-01T13:56:24+00:00\" \/>\n<meta property=\"article:modified_time\" content=\"2020-03-02T00:38:35+00:00\" \/>\n<meta property=\"og:image\" content=\"https:\/\/chrystus.pl\/wp-content\/uploads\/2020\/03\/Dlaczego-Mieszko-1-przyja\u0328\u0142-chrzest-polski-1024x810.png\" \/>\n\t<meta property=\"og:image:width\" content=\"1024\" \/>\n\t<meta property=\"og:image:height\" content=\"810\" \/>\n\t<meta property=\"og:image:type\" content=\"image\/png\" \/>\n<meta name=\"author\" content=\"Samarytanka\" \/>\n<meta name=\"twitter:card\" content=\"summary_large_image\" \/>\n<meta name=\"twitter:title\" content=\"Kto i kiedy przyj\u0105\u0142 chrzest Polski?\" \/>\n<meta name=\"twitter:description\" content=\"Kto i kiedy przyj\u0105\u0142 chrzest Polski? Jest to jedno z najwa\u017cniejszych pyta\u0144 dotycz\u0105cych ca\u0142ej historii naszego kraju. Wydarzenie to zapocz\u0105tkowa\u0142o przecie\u017c kolejny etap w rozwoju naszego kraju i by\u0142o punktem...\" \/>\n<meta name=\"twitter:image\" content=\"https:\/\/chrystus.pl\/wp-content\/uploads\/2020\/03\/Dlaczego-Mieszko-1-przyja\u0328\u0142-chrzest-polski.png\" \/>\n<meta name=\"twitter:label1\" content=\"\u03a3\u03c5\u03bd\u03c4\u03ac\u03c7\u03b8\u03b7\u03ba\u03b5 \u03b1\u03c0\u03cc\" \/>\n\t<meta name=\"twitter:data1\" content=\"Samarytanka\" \/>\n\t<meta name=\"twitter:label2\" content=\"\u0395\u03ba\u03c4\u03b9\u03bc\u03ce\u03bc\u03b5\u03bd\u03bf\u03c2 \u03c7\u03c1\u03cc\u03bd\u03bf\u03c2 \u03b1\u03bd\u03ac\u03b3\u03bd\u03c9\u03c3\u03b7\u03c2\" \/>\n\t<meta name=\"twitter:data2\" content=\"1 \u03bb\u03b5\u03c0\u03c4\u03cc\" \/>\n<!-- \/ Yoast SEO plugin. -->","yoast_head_json":{"title":"\u03a0\u03bf\u03b9\u03bf\u03c2 \u03ba\u03b1\u03b9 \u03c0\u03cc\u03c4\u03b5 \u03b2\u03b1\u03c0\u03c4\u03af\u03c3\u03c4\u03b7\u03ba\u03b5 \u03c3\u03c4\u03b7\u03bd \u03a0\u03bf\u03bb\u03c9\u03bd\u03af\u03b1; - \u03a7\u03c1\u03b9\u03c3\u03c4\u03cc\u03c2","description":"\u03a0\u03bf\u03b9\u03bf\u03c2 \u03ba\u03b1\u03b9 \u03c0\u03cc\u03c4\u03b5 \u03b2\u03b1\u03c0\u03c4\u03af\u03c3\u03c4\u03b7\u03ba\u03b5 \u03c3\u03c4\u03b7\u03bd \u03a0\u03bf\u03bb\u03c9\u03bd\u03af\u03b1; \u03a0\u03c1\u03cc\u03ba\u03b5\u03b9\u03c4\u03b1\u03b9 \u03b3\u03b9\u03b1 \u03ad\u03bd\u03b1 \u03b1\u03c0\u03cc \u03c4\u03b1 \u03c3\u03b7\u03bc\u03b1\u03bd\u03c4\u03b9\u03ba\u03cc\u03c4\u03b5\u03c1\u03b1 \u03b6\u03b7\u03c4\u03ae\u03bc\u03b1\u03c4\u03b1 \u03c0\u03bf\u03c5 \u03b1\u03c6\u03bf\u03c1\u03bf\u03cd\u03bd \u03bf\u03bb\u03cc\u03ba\u03bb\u03b7\u03c1\u03b7 \u03c4\u03b7\u03bd \u03b9\u03c3\u03c4\u03bf\u03c1\u03af\u03b1 \u03c4\u03b7\u03c2 \u03c7\u03ce\u03c1\u03b1\u03c2 \u03bc\u03b1\u03c2. \u0395\u03be\u03ac\u03bb\u03bb\u03bf\u03c5, \u03c4\u03bf \u03b3\u03b5\u03b3\u03bf\u03bd\u03cc\u03c2 \u03b1\u03c5\u03c4\u03cc \u03be\u03b5\u03ba\u03af\u03bd\u03b7\u03c3\u03b5","robots":{"index":"index","follow":"follow","max-snippet":"max-snippet:-1","max-image-preview":"max-image-preview:large","max-video-preview":"max-video-preview:-1"},"canonical":"https:\/\/chrystus.pl\/el\/\u03c0\u03bf\u03b9\u03bf\u03c2-\u03ba\u03b1\u03b9-\u03c0\u03cc\u03c4\u03b5-\u03b2\u03ac\u03c6\u03c4\u03b9\u03c3\u03b5-\u03c4\u03b7\u03bd-\u03c0\u03bf\u03bb\u03c9\u03bd\u03af\u03b1\/","og_locale":"el_GR","og_type":"article","og_title":"Kto i kiedy przyj\u0105\u0142 chrzest Polski?","og_description":"Kto i kiedy przyj\u0105\u0142 chrzest Polski? Jest to jedno z najwa\u017cniejszych pyta\u0144 dotycz\u0105cych ca\u0142ej historii naszego kraju. Wydarzenie to zapocz\u0105tkowa\u0142o przecie\u017c kolejny etap w rozwoju naszego kraju i by\u0142o punktem...","og_url":"https:\/\/chrystus.pl\/el\/\u03c0\u03bf\u03b9\u03bf\u03c2-\u03ba\u03b1\u03b9-\u03c0\u03cc\u03c4\u03b5-\u03b2\u03ac\u03c6\u03c4\u03b9\u03c3\u03b5-\u03c4\u03b7\u03bd-\u03c0\u03bf\u03bb\u03c9\u03bd\u03af\u03b1\/","og_site_name":"Chrystus","article_published_time":"2020-03-01T13:56:24+00:00","article_modified_time":"2020-03-02T00:38:35+00:00","og_image":[{"width":1024,"height":810,"url":"https:\/\/chrystus.pl\/wp-content\/uploads\/2020\/03\/Dlaczego-Mieszko-1-przyja\u0328\u0142-chrzest-polski-1024x810.png","type":"image\/png"}],"author":"Samarytanka","twitter_card":"summary_large_image","twitter_title":"Kto i kiedy przyj\u0105\u0142 chrzest Polski?","twitter_description":"Kto i kiedy przyj\u0105\u0142 chrzest Polski? Jest to jedno z najwa\u017cniejszych pyta\u0144 dotycz\u0105cych ca\u0142ej historii naszego kraju. Wydarzenie to zapocz\u0105tkowa\u0142o przecie\u017c kolejny etap w rozwoju naszego kraju i by\u0142o punktem...","twitter_image":"https:\/\/chrystus.pl\/wp-content\/uploads\/2020\/03\/Dlaczego-Mieszko-1-przyja\u0328\u0142-chrzest-polski.png","twitter_misc":{"\u03a3\u03c5\u03bd\u03c4\u03ac\u03c7\u03b8\u03b7\u03ba\u03b5 \u03b1\u03c0\u03cc":"Samarytanka","\u0395\u03ba\u03c4\u03b9\u03bc\u03ce\u03bc\u03b5\u03bd\u03bf\u03c2 \u03c7\u03c1\u03cc\u03bd\u03bf\u03c2 \u03b1\u03bd\u03ac\u03b3\u03bd\u03c9\u03c3\u03b7\u03c2":"1 \u03bb\u03b5\u03c0\u03c4\u03cc"},"schema":{"@context":"https:\/\/schema.org","@graph":[{"@type":"Article","@id":"https:\/\/chrystus.pl\/kto-i-kiedy-przyjal-chrzest-polski\/#article","isPartOf":{"@id":"https:\/\/chrystus.pl\/kto-i-kiedy-przyjal-chrzest-polski\/"},"author":{"name":"Samarytanka","@id":"https:\/\/chrystus.pl\/#\/schema\/person\/e2e742452b8b7b2bcd23ea180671d27a"},"headline":"Kto i kiedy przyj\u0105\u0142 chrzest Polski?","datePublished":"2020-03-01T13:56:24+00:00","dateModified":"2020-03-02T00:38:35+00:00","mainEntityOfPage":{"@id":"https:\/\/chrystus.pl\/kto-i-kiedy-przyjal-chrzest-polski\/"},"wordCount":173,"commentCount":0,"publisher":{"@id":"https:\/\/chrystus.pl\/#organization"},"image":{"@id":"https:\/\/chrystus.pl\/kto-i-kiedy-przyjal-chrzest-polski\/#primaryimage"},"thumbnailUrl":"https:\/\/chrystus.pl\/wp-content\/uploads\/2020\/03\/Kto-pierwszy-przyjal-chrzest.jpg","keywords":["chrzest polski"],"articleSection":["Chrzest Polski"],"inLanguage":"el","potentialAction":[{"@type":"CommentAction","name":"Comment","target":["https:\/\/chrystus.pl\/kto-i-kiedy-przyjal-chrzest-polski\/#respond"]}]},{"@type":"WebPage","@id":"https:\/\/chrystus.pl\/kto-i-kiedy-przyjal-chrzest-polski\/","url":"https:\/\/chrystus.pl\/kto-i-kiedy-przyjal-chrzest-polski\/","name":"\u03a0\u03bf\u03b9\u03bf\u03c2 \u03ba\u03b1\u03b9 \u03c0\u03cc\u03c4\u03b5 \u03b2\u03b1\u03c0\u03c4\u03af\u03c3\u03c4\u03b7\u03ba\u03b5 \u03c3\u03c4\u03b7\u03bd \u03a0\u03bf\u03bb\u03c9\u03bd\u03af\u03b1; - \u03a7\u03c1\u03b9\u03c3\u03c4\u03cc\u03c2","isPartOf":{"@id":"https:\/\/chrystus.pl\/#website"},"primaryImageOfPage":{"@id":"https:\/\/chrystus.pl\/kto-i-kiedy-przyjal-chrzest-polski\/#primaryimage"},"image":{"@id":"https:\/\/chrystus.pl\/kto-i-kiedy-przyjal-chrzest-polski\/#primaryimage"},"thumbnailUrl":"https:\/\/chrystus.pl\/wp-content\/uploads\/2020\/03\/Kto-pierwszy-przyjal-chrzest.jpg","datePublished":"2020-03-01T13:56:24+00:00","dateModified":"2020-03-02T00:38:35+00:00","description":"\u03a0\u03bf\u03b9\u03bf\u03c2 \u03ba\u03b1\u03b9 \u03c0\u03cc\u03c4\u03b5 \u03b2\u03b1\u03c0\u03c4\u03af\u03c3\u03c4\u03b7\u03ba\u03b5 \u03c3\u03c4\u03b7\u03bd \u03a0\u03bf\u03bb\u03c9\u03bd\u03af\u03b1; \u03a0\u03c1\u03cc\u03ba\u03b5\u03b9\u03c4\u03b1\u03b9 \u03b3\u03b9\u03b1 \u03ad\u03bd\u03b1 \u03b1\u03c0\u03cc \u03c4\u03b1 \u03c3\u03b7\u03bc\u03b1\u03bd\u03c4\u03b9\u03ba\u03cc\u03c4\u03b5\u03c1\u03b1 \u03b6\u03b7\u03c4\u03ae\u03bc\u03b1\u03c4\u03b1 \u03c0\u03bf\u03c5 \u03b1\u03c6\u03bf\u03c1\u03bf\u03cd\u03bd \u03bf\u03bb\u03cc\u03ba\u03bb\u03b7\u03c1\u03b7 \u03c4\u03b7\u03bd \u03b9\u03c3\u03c4\u03bf\u03c1\u03af\u03b1 \u03c4\u03b7\u03c2 \u03c7\u03ce\u03c1\u03b1\u03c2 \u03bc\u03b1\u03c2. \u0395\u03be\u03ac\u03bb\u03bb\u03bf\u03c5, \u03c4\u03bf \u03b3\u03b5\u03b3\u03bf\u03bd\u03cc\u03c2 \u03b1\u03c5\u03c4\u03cc \u03be\u03b5\u03ba\u03af\u03bd\u03b7\u03c3\u03b5","breadcrumb":{"@id":"https:\/\/chrystus.pl\/kto-i-kiedy-przyjal-chrzest-polski\/#breadcrumb"},"inLanguage":"el","potentialAction":[{"@type":"ReadAction","target":["https:\/\/chrystus.pl\/kto-i-kiedy-przyjal-chrzest-polski\/"]}]},{"@type":"ImageObject","inLanguage":"el","@id":"https:\/\/chrystus.pl\/kto-i-kiedy-przyjal-chrzest-polski\/#primaryimage","url":"https:\/\/chrystus.pl\/wp-content\/uploads\/2020\/03\/Kto-pierwszy-przyjal-chrzest.jpg","contentUrl":"https:\/\/chrystus.pl\/wp-content\/uploads\/2020\/03\/Kto-pierwszy-przyjal-chrzest.jpg","width":463,"height":600},{"@type":"BreadcrumbList","@id":"https:\/\/chrystus.pl\/kto-i-kiedy-przyjal-chrzest-polski\/#breadcrumb","itemListElement":[{"@type":"ListItem","position":1,"name":"Strona g\u0142\u00f3wna","item":"https:\/\/chrystus.pl\/"},{"@type":"ListItem","position":2,"name":"Kto i kiedy przyj\u0105\u0142 chrzest Polski?"}]},{"@type":"WebSite","@id":"https:\/\/chrystus.pl\/#website","url":"https:\/\/chrystus.pl\/","name":"\u03a7\u03c1\u03b9\u03c3\u03c4\u03cc\u03c2","description":"\u039f \u0398\u03b5\u03cc\u03c2, \u03b7 \u039c\u03b1\u03c1\u03af\u03b1, \u03bf \u0399\u03b7\u03c3\u03bf\u03cd\u03c2, \u03b7 \u0398\u03b5\u03af\u03b1 \u039a\u03bf\u03b9\u03bd\u03c9\u03bd\u03af\u03b1 \u03ba\u03b1\u03b9 \u03ac\u03bb\u03bb\u03b1","publisher":{"@id":"https:\/\/chrystus.pl\/#organization"},"potentialAction":[{"@type":"SearchAction","target":{"@type":"EntryPoint","urlTemplate":"https:\/\/chrystus.pl\/?s={search_term_string}"},"query-input":{"@type":"PropertyValueSpecification","valueRequired":true,"valueName":"search_term_string"}}],"inLanguage":"el"},{"@type":"Organization","@id":"https:\/\/chrystus.pl\/#organization","name":"Christ.pl","url":"https:\/\/chrystus.pl\/","logo":{"@type":"ImageObject","inLanguage":"el","@id":"https:\/\/chrystus.pl\/#\/schema\/logo\/image\/","url":"https:\/\/chrystus.pl\/wp-content\/uploads\/2019\/03\/chrystus-bog-maryja-komunia-bierzmowanie.jpg","contentUrl":"https:\/\/chrystus.pl\/wp-content\/uploads\/2019\/03\/chrystus-bog-maryja-komunia-bierzmowanie.jpg","width":1920,"height":1280,"caption":"Chrystus.pl"},"image":{"@id":"https:\/\/chrystus.pl\/#\/schema\/logo\/image\/"}},{"@type":"Person","@id":"https:\/\/chrystus.pl\/#\/schema\/person\/e2e742452b8b7b2bcd23ea180671d27a","name":"\u03a3\u03b1\u03bc\u03b1\u03c1\u03b5\u03af\u03c4\u03b9\u03b4\u03b1 \u03b3\u03c5\u03bd\u03b1\u03af\u03ba\u03b1"}]}},"_links":{"self":[{"href":"https:\/\/chrystus.pl\/el\/wp-json\/wp\/v2\/posts\/1391","targetHints":{"allow":["GET"]}}],"collection":[{"href":"https:\/\/chrystus.pl\/el\/wp-json\/wp\/v2\/posts"}],"about":[{"href":"https:\/\/chrystus.pl\/el\/wp-json\/wp\/v2\/types\/post"}],"author":[{"embeddable":true,"href":"https:\/\/chrystus.pl\/el\/wp-json\/wp\/v2\/users\/1"}],"replies":[{"embeddable":true,"href":"https:\/\/chrystus.pl\/el\/wp-json\/wp\/v2\/comments?post=1391"}],"version-history":[{"count":0,"href":"https:\/\/chrystus.pl\/el\/wp-json\/wp\/v2\/posts\/1391\/revisions"}],"wp:featuredmedia":[{"embeddable":true,"href":"https:\/\/chrystus.pl\/el\/wp-json\/wp\/v2\/media\/1372"}],"wp:attachment":[{"href":"https:\/\/chrystus.pl\/el\/wp-json\/wp\/v2\/media?parent=1391"}],"wp:term":[{"taxonomy":"category","embeddable":true,"href":"https:\/\/chrystus.pl\/el\/wp-json\/wp\/v2\/categories?post=1391"},{"taxonomy":"post_tag","embeddable":true,"href":"https:\/\/chrystus.pl\/el\/wp-json\/wp\/v2\/tags?post=1391"}],"curies":[{"name":"wp","href":"https:\/\/api.w.org\/{rel}","templated":true}]}}