{"id":1587,"date":"2020-04-29T19:52:42","date_gmt":"2020-04-29T19:52:42","guid":{"rendered":"https:\/\/chrystus.pl\/?p=1587"},"modified":"2020-04-29T19:52:53","modified_gmt":"2020-04-29T19:52:53","slug":"dlaczego-maryja-jest-wzorem-adwentowego-czuwania","status":"publish","type":"post","link":"https:\/\/chrystus.pl\/el\/dlaczego-maryja-jest-wzorem-adwentowego-czuwania\/","title":{"rendered":"\u0393\u03b9\u03b1\u03c4\u03af \u03b7 \u03a0\u03b1\u03bd\u03b1\u03b3\u03af\u03b1 \u03b5\u03af\u03bd\u03b1\u03b9 \u03c4\u03bf \u03c0\u03c1\u03cc\u03c4\u03c5\u03c0\u03bf \u03c4\u03b7\u03c2 \u03b1\u03b3\u03c1\u03c5\u03c0\u03bd\u03af\u03b1\u03c2 \u03c4\u03b7\u03c2 \u03a0\u03c1\u03c9\u03c4\u03bf\u03c7\u03c1\u03bf\u03bd\u03b9\u03ac\u03c2;"},"content":{"rendered":"<p>\u0393\u03b9\u03b1\u03c4\u03af \u03b7 \u03a0\u03b1\u03bd\u03b1\u03b3\u03af\u03b1 \u03b5\u03af\u03bd\u03b1\u03b9 \u03c4\u03bf \u03c0\u03c1\u03cc\u03c4\u03c5\u03c0\u03bf \u03c4\u03b7\u03c2 \u03b1\u03b3\u03c1\u03c5\u03c0\u03bd\u03af\u03b1\u03c2 \u03c4\u03b7\u03c2 \u03a0\u03c1\u03c9\u03c4\u03bf\u03c7\u03c1\u03bf\u03bd\u03b9\u03ac\u03c2; \u0397 \u03b1\u03c0\u03ac\u03bd\u03c4\u03b7\u03c3\u03b7 \u03c3\u03b5 \u03b1\u03c5\u03c4\u03cc \u03c4\u03bf \u03b5\u03c1\u03ce\u03c4\u03b7\u03bc\u03b1 \u03bc\u03c0\u03bf\u03c1\u03b5\u03af \u03bd\u03b1 \u03b2\u03c1\u03b5\u03b8\u03b5\u03af \u03c3\u03b5 \u03ad\u03bd\u03b1 \u03b1\u03c0\u03cc\u03c3\u03c0\u03b1\u03c3\u03bc\u03b1 \u03b1\u03c0\u03cc \u03c4\u03bf \u0395\u03c5\u03b1\u03b3\u03b3\u03ad\u03bb\u03b9\u03bf \u03c4\u03bf\u03c5 \u039b\u03bf\u03c5\u03ba\u03ac. \u03a3\u03c4\u03bf \u039b\u03bf\u03c5\u03ba\u03ac, \u03ba\u03b5\u03c6\u03ac\u03bb\u03b1\u03b9\u03bf 1, \u03c3\u03c4\u03af\u03c7\u03bf\u03b9 26 \u03ad\u03c9\u03c2 38, \u03c0\u03b5\u03c1\u03b9\u03b3\u03c1\u03ac\u03c6\u03b5\u03b9 \u03c4\u03bf\u03bd \u0395\u03c5\u03b1\u03b3\u03b3\u03b5\u03bb\u03b9\u03c3\u03bc\u03cc \u03ba\u03b1\u03b9 \u03c4\u03bf \u03b3\u03b5\u03b3\u03bf\u03bd\u03cc\u03c2 \u03cc\u03c0\u03bf\u03c5 \u03b7 \u039c\u03b1\u03c1\u03af\u03b1 \u03bc\u03b1\u03b8\u03b1\u03af\u03bd\u03b5\u03b9 \u03b3\u03b9\u03b1 \u03c4\u03bf\u03bd \u03b9\u03b4\u03b9\u03b1\u03af\u03c4\u03b5\u03c1\u03bf \u03c1\u03cc\u03bb\u03bf \u03c4\u03b7\u03c2 \u03b1\u03c0\u03cc \u03c4\u03bf\u03bd \u03ac\u03b3\u03b3\u03b5\u03bb\u03bf \u0393\u03b1\u03b2\u03c1\u03b9\u03ae\u03bb, \u03bf \u03bf\u03c0\u03bf\u03af\u03bf\u03c2 \u03c3\u03c4\u03ac\u03bb\u03b8\u03b7\u03ba\u03b5 \u03b1\u03c0\u03cc \u03c4\u03bf\u03bd \u0398\u03b5\u03cc.<\/p>\n<p>\u0397 \u039c\u03b1\u03c1\u03af\u03b1 \u03ac\u03ba\u03bf\u03c5\u03c3\u03b5 \u03c0\u03c1\u03bf\u03c3\u03b5\u03ba\u03c4\u03b9\u03ba\u03ac \u03c4\u03bf \u03c1\u03cc\u03bb\u03bf \u03c0\u03bf\u03c5 \u03bf \u0398\u03b5\u03cc\u03c2 \u03c3\u03c7\u03b5\u03b4\u03af\u03b1\u03b6\u03b5 \u03b3\u03b9' \u03b1\u03c5\u03c4\u03ae\u03bd \u03ba\u03b1\u03b9 \u03c3\u03c4\u03b7 \u03c3\u03c5\u03bd\u03ad\u03c7\u03b5\u03b9\u03b1, \u03c7\u03c9\u03c1\u03af\u03c2 \u03c4\u03bf\u03bd \u03c0\u03b1\u03c1\u03b1\u03bc\u03b9\u03ba\u03c1\u03cc \u03b4\u03b9\u03c3\u03c4\u03b1\u03b3\u03bc\u03cc, \u03a4\u03bf\u03c5 \u03b5\u03bc\u03c0\u03b9\u03c3\u03c4\u03b5\u03cd\u03c4\u03b7\u03ba\u03b5 \u03c4\u03b7 \u03b6\u03c9\u03ae \u03c4\u03b7\u03c2. \u0397 \u039c\u03b1\u03c1\u03af\u03b1 \u03be\u03b5\u03ba\u03b9\u03bd\u03ac \u03c4\u03b7\u03bd \u03c0\u03b5\u03c1\u03af\u03bf\u03b4\u03bf \u03c4\u03b7\u03c2 \u03b1\u03bd\u03b1\u03bc\u03bf\u03bd\u03ae\u03c2 \u03b3\u03b9\u03b1 \u03c4\u03bf\u03bd \u03b5\u03c1\u03c7\u03bf\u03bc\u03cc \u03c4\u03bf\u03c5 \u03a5\u03b9\u03bf\u03cd \u03c4\u03b7\u03c2, \u03c4\u03b7\u03bd \u03af\u03b4\u03b9\u03b1 \u03c3\u03c4\u03b9\u03b3\u03bc\u03ae \u03c0\u03bf\u03c5 \u03be\u03b5\u03ba\u03b9\u03bd\u03ac \u03c4\u03bf\u03bd \u03c1\u03cc\u03bb\u03bf \u03c4\u03b7\u03c2.<\/p>\n<p>\u03a4\u03b9 \u03b5\u03af\u03bd\u03b1\u03b9 \u03b7 \u0391\u03b3\u03c1\u03c5\u03c0\u03bd\u03af\u03b1 \u03c4\u03b7\u03c2 \u03a0\u03c1\u03c9\u03c4\u03bf\u03c7\u03c1\u03bf\u03bd\u03b9\u03ac\u03c2; \u0395\u03af\u03bd\u03b1\u03b9 \u03b7 \u03c0\u03b5\u03c1\u03af\u03bf\u03b4\u03bf\u03c2 \u03b1\u03c0\u03cc \u03c4\u03bf\u03bd \u03a0\u03c1\u03ce\u03c4\u03bf \u0395\u03c3\u03c0\u03b5\u03c1\u03b9\u03bd\u03cc \u03c4\u03b7\u03c2 \u03c4\u03ad\u03c4\u03b1\u03c1\u03c4\u03b7\u03c2 \u039a\u03c5\u03c1\u03b9\u03b1\u03ba\u03ae\u03c2 \u03c0\u03c1\u03b9\u03bd \u03b1\u03c0\u03cc \u03c4\u03b1 \u03a7\u03c1\u03b9\u03c3\u03c4\u03bf\u03cd\u03b3\u03b5\u03bd\u03bd\u03b1 \u03bc\u03ad\u03c7\u03c1\u03b9 \u03c4\u03bf \u03c3\u03bf\u03cd\u03c1\u03bf\u03c5\u03c0\u03bf \u03c4\u03b7\u03c2 24\u03b7\u03c2 \u0394\u03b5\u03ba\u03b5\u03bc\u03b2\u03c1\u03af\u03bf\u03c5. \u03a3\u03b7\u03bc\u03b1\u03c4\u03bf\u03b4\u03bf\u03c4\u03b5\u03af \u03c4\u03b7\u03bd \u03c0\u03b5\u03c1\u03af\u03bf\u03b4\u03bf \u03b1\u03bd\u03b1\u03bc\u03bf\u03bd\u03ae\u03c2 \u03b3\u03b9\u03b1 <a href=\"https:\/\/chrystus.pl\/el\/co-to-jest-paruzja-i-co-znaczy\/\">\u03c3\u03c7\u03b5\u03c4\u03b9\u03ba\u03ac \u03bc\u03b5 \u03c4\u03bf<\/a> przyj\u015bcie na Ziemi\u0119 Jezusa Chrystusa, stanowi\u0105cy jednocze\u015bnie pami\u0105tk\u0119 Jego pierwszego przyj\u015bcia na ziemi\u0119, czyli narodzin Chrystusa. Tak wi\u0119c Maryja jest tutaj szczeg\u00f3lnym wzorem do na\u015bladowania, poniewa\u017c to Ona jako pierwsza pos\u0142usznie przyj\u0119\u0142a swoj\u0105 rol\u0119 i pokaza\u0142a nam wszystkim jak nale\u017cy si\u0119 do przyj\u015bcia naszego Pana przygotowa\u0107. To ona ca\u0142kowicie odda\u0142a si\u0119 tej roli, stawiaj\u0105c na pierwszym miejscu Boga, co powinien zrobi\u0107 ka\u017cdy chrze\u015bcijanin, szczeg\u00f3lnie w trakcie adwentowego czuwania. Niechaj w tym szczeg\u00f3lnym okresie ka\u017cdy z nas odda si\u0119 pod opiek\u0119 Matki Boskiej i powierzy jej w pe\u0142ni swoje \u017cycie.<\/p>","protected":false},"excerpt":{"rendered":"<p>Dlaczego Maryja jest wzorem adwentowego czuwania? Odpowied\u017a na to pytanie znajdziemy we fragmencie Ewangelii \u015bwi\u0119tego \u0141ukasza. Chodzi dok\u0142adnie o rozdzia\u0142 1 tej Ewangelii, wersety od 26 do 38, w kt\u00f3rym to \u015bw. \u0141ukasz opisuje Zwiastowanie Maryjne i wydarzenie w trakcie, kt\u00f3rych Maryja dowiaduje si\u0119 o swojej szczeg\u00f3lnej roli od pos\u0142anego przez Boga, anio\u0142a Gabriela. Maryja &hellip;<\/p>","protected":false},"author":1,"featured_media":1588,"comment_status":"closed","ping_status":"closed","sticky":false,"template":"","format":"standard","meta":{"footnotes":""},"categories":[64],"tags":[],"class_list":["post-1587","post","type-post","status-publish","format-standard","has-post-thumbnail","hentry","category-maryja"],"yoast_head":"<!-- This site is optimized with the Yoast SEO plugin v27.5 - https:\/\/yoast.com\/product\/yoast-seo-wordpress\/ -->\n<title>Dlaczego Maryja jest wzorem adwentowego czuwania? - Chrystus<\/title>\n<meta name=\"description\" content=\"Dlaczego Maryja jest wzorem adwentowego czuwania? Odpowied\u017a na to pytanie znajdziemy we fragmencie Ewangelii \u015bwi\u0119tego \u0141ukasza. Chodzi dok\u0142adnie o rozdzia\u0142\" \/>\n<meta name=\"robots\" content=\"index, follow, max-snippet:-1, max-image-preview:large, max-video-preview:-1\" \/>\n<link rel=\"canonical\" href=\"https:\/\/chrystus.pl\/el\/\u03b3\u03b9\u03b1\u03c4\u03af-\u03c4\u03bf-\u03bc\u03b1\u03c1\u03af-\u03b5\u03af\u03bd\u03b1\u03b9-\u03ad\u03bd\u03b1-\u03bc\u03bf\u03bd\u03c4\u03ad\u03bb\u03bf-\u03c4\u03bf\u03c5-\u03b5\u03c5\u03c7\/\" \/>\n<meta property=\"og:locale\" content=\"el_GR\" \/>\n<meta property=\"og:type\" content=\"article\" \/>\n<meta property=\"og:title\" content=\"Dlaczego Maryja jest wzorem adwentowego czuwania?\" \/>\n<meta property=\"og:description\" content=\"Maryja uwa\u017cnie wys\u0142ucha\u0142a roli jak\u0105 przeznaczy\u0142 dla niej Pan B\u00f3g po czym bez najmniejszego zawahania zaufa\u0142a Mu oddaj\u0105c w pe\u0142ni swoje \u017cycie. Maryja zaczyna okres oczekiwania na przyj\u015bcie swojego Syna, jednocze\u015bnie rozpoczynaj\u0105c swoj\u0105 rol\u0119.\" \/>\n<meta property=\"og:url\" content=\"https:\/\/chrystus.pl\/el\/\u03b3\u03b9\u03b1\u03c4\u03af-\u03c4\u03bf-\u03bc\u03b1\u03c1\u03af-\u03b5\u03af\u03bd\u03b1\u03b9-\u03ad\u03bd\u03b1-\u03bc\u03bf\u03bd\u03c4\u03ad\u03bb\u03bf-\u03c4\u03bf\u03c5-\u03b5\u03c5\u03c7\/\" \/>\n<meta property=\"og:site_name\" content=\"Chrystus\" \/>\n<meta property=\"article:published_time\" content=\"2020-04-29T19:52:42+00:00\" \/>\n<meta property=\"article:modified_time\" content=\"2020-04-29T19:52:53+00:00\" \/>\n<meta property=\"og:image\" content=\"https:\/\/chrystus.pl\/wp-content\/uploads\/2020\/04\/Dlaczego-Maryja-jest-wzorem-adwentowego-czuwania.jpg\" \/>\n\t<meta property=\"og:image:width\" content=\"640\" \/>\n\t<meta property=\"og:image:height\" content=\"426\" \/>\n\t<meta property=\"og:image:type\" content=\"image\/jpeg\" \/>\n<meta name=\"author\" content=\"Samarytanka\" \/>\n<meta name=\"twitter:card\" content=\"summary_large_image\" \/>\n<meta name=\"twitter:title\" content=\"Dlaczego Maryja jest wzorem adwentowego czuwania?\" \/>\n<meta name=\"twitter:description\" content=\"Maryja uwa\u017cnie wys\u0142ucha\u0142a roli jak\u0105 przeznaczy\u0142 dla niej Pan B\u00f3g po czym bez najmniejszego zawahania zaufa\u0142a Mu oddaj\u0105c w pe\u0142ni swoje \u017cycie. Maryja zaczyna okres oczekiwania na przyj\u015bcie swojego Syna, jednocze\u015bnie rozpoczynaj\u0105c swoj\u0105 rol\u0119.\" \/>\n<meta name=\"twitter:image\" content=\"https:\/\/chrystus.pl\/wp-content\/uploads\/2020\/04\/Dlaczego-Maryja-jest-wzorem-adwentowego-czuwania.jpg\" \/>\n<meta name=\"twitter:label1\" content=\"\u03a3\u03c5\u03bd\u03c4\u03ac\u03c7\u03b8\u03b7\u03ba\u03b5 \u03b1\u03c0\u03cc\" \/>\n\t<meta name=\"twitter:data1\" content=\"Samarytanka\" \/>\n\t<meta name=\"twitter:label2\" content=\"\u0395\u03ba\u03c4\u03b9\u03bc\u03ce\u03bc\u03b5\u03bd\u03bf\u03c2 \u03c7\u03c1\u03cc\u03bd\u03bf\u03c2 \u03b1\u03bd\u03ac\u03b3\u03bd\u03c9\u03c3\u03b7\u03c2\" \/>\n\t<meta name=\"twitter:data2\" content=\"1 \u03bb\u03b5\u03c0\u03c4\u03cc\" \/>\n<!-- \/ Yoast SEO plugin. -->","yoast_head_json":{"title":"\u0393\u03b9\u03b1\u03c4\u03af \u03b7 \u03a0\u03b1\u03bd\u03b1\u03b3\u03af\u03b1 \u03b5\u03af\u03bd\u03b1\u03b9 \u03c4\u03bf \u03c0\u03c1\u03cc\u03c4\u03c5\u03c0\u03bf \u03c4\u03b7\u03c2 \u03b1\u03b3\u03c1\u03c5\u03c0\u03bd\u03af\u03b1\u03c2 \u03c4\u03b7\u03c2 \u03a0\u03c1\u03c9\u03c4\u03bf\u03c7\u03c1\u03bf\u03bd\u03b9\u03ac\u03c2; - \u03a7\u03c1\u03b9\u03c3\u03c4\u03cc\u03c2","description":"\u0393\u03b9\u03b1\u03c4\u03af \u03b7 \u03a0\u03b1\u03bd\u03b1\u03b3\u03af\u03b1 \u03b5\u03af\u03bd\u03b1\u03b9 \u03c4\u03bf \u03c0\u03c1\u03cc\u03c4\u03c5\u03c0\u03bf \u03c4\u03b7\u03c2 \u03b1\u03b3\u03c1\u03c5\u03c0\u03bd\u03af\u03b1\u03c2 \u03c4\u03b7\u03c2 \u03a0\u03c1\u03c9\u03c4\u03bf\u03c7\u03c1\u03bf\u03bd\u03b9\u03ac\u03c2; \u0397 \u03b1\u03c0\u03ac\u03bd\u03c4\u03b7\u03c3\u03b7 \u03c3\u03b5 \u03b1\u03c5\u03c4\u03cc \u03c4\u03bf \u03b5\u03c1\u03ce\u03c4\u03b7\u03bc\u03b1 \u03b2\u03c1\u03af\u03c3\u03ba\u03b5\u03c4\u03b1\u03b9 \u03c3\u03b5 \u03ad\u03bd\u03b1 \u03b1\u03c0\u03cc\u03c3\u03c0\u03b1\u03c3\u03bc\u03b1 \u03b1\u03c0\u03cc \u03c4\u03bf \u0395\u03c5\u03b1\u03b3\u03b3\u03ad\u03bb\u03b9\u03bf \u03c4\u03bf\u03c5 \u039b\u03bf\u03c5\u03ba\u03ac. \u0395\u03af\u03bd\u03b1\u03b9 \u03b1\u03ba\u03c1\u03b9\u03b2\u03ce\u03c2 \u03c4\u03bf \u03ba\u03b5\u03c6\u03ac\u03bb\u03b1\u03b9\u03bf","robots":{"index":"index","follow":"follow","max-snippet":"max-snippet:-1","max-image-preview":"max-image-preview:large","max-video-preview":"max-video-preview:-1"},"canonical":"https:\/\/chrystus.pl\/el\/\u03b3\u03b9\u03b1\u03c4\u03af-\u03c4\u03bf-\u03bc\u03b1\u03c1\u03af-\u03b5\u03af\u03bd\u03b1\u03b9-\u03ad\u03bd\u03b1-\u03bc\u03bf\u03bd\u03c4\u03ad\u03bb\u03bf-\u03c4\u03bf\u03c5-\u03b5\u03c5\u03c7\/","og_locale":"el_GR","og_type":"article","og_title":"Dlaczego Maryja jest wzorem adwentowego czuwania?","og_description":"Maryja uwa\u017cnie wys\u0142ucha\u0142a roli jak\u0105 przeznaczy\u0142 dla niej Pan B\u00f3g po czym bez najmniejszego zawahania zaufa\u0142a Mu oddaj\u0105c w pe\u0142ni swoje \u017cycie. Maryja zaczyna okres oczekiwania na przyj\u015bcie swojego Syna, jednocze\u015bnie rozpoczynaj\u0105c swoj\u0105 rol\u0119.","og_url":"https:\/\/chrystus.pl\/el\/\u03b3\u03b9\u03b1\u03c4\u03af-\u03c4\u03bf-\u03bc\u03b1\u03c1\u03af-\u03b5\u03af\u03bd\u03b1\u03b9-\u03ad\u03bd\u03b1-\u03bc\u03bf\u03bd\u03c4\u03ad\u03bb\u03bf-\u03c4\u03bf\u03c5-\u03b5\u03c5\u03c7\/","og_site_name":"Chrystus","article_published_time":"2020-04-29T19:52:42+00:00","article_modified_time":"2020-04-29T19:52:53+00:00","og_image":[{"width":640,"height":426,"url":"https:\/\/chrystus.pl\/wp-content\/uploads\/2020\/04\/Dlaczego-Maryja-jest-wzorem-adwentowego-czuwania.jpg","type":"image\/jpeg"}],"author":"Samarytanka","twitter_card":"summary_large_image","twitter_title":"Dlaczego Maryja jest wzorem adwentowego czuwania?","twitter_description":"Maryja uwa\u017cnie wys\u0142ucha\u0142a roli jak\u0105 przeznaczy\u0142 dla niej Pan B\u00f3g po czym bez najmniejszego zawahania zaufa\u0142a Mu oddaj\u0105c w pe\u0142ni swoje \u017cycie. Maryja zaczyna okres oczekiwania na przyj\u015bcie swojego Syna, jednocze\u015bnie rozpoczynaj\u0105c swoj\u0105 rol\u0119.","twitter_image":"https:\/\/chrystus.pl\/wp-content\/uploads\/2020\/04\/Dlaczego-Maryja-jest-wzorem-adwentowego-czuwania.jpg","twitter_misc":{"\u03a3\u03c5\u03bd\u03c4\u03ac\u03c7\u03b8\u03b7\u03ba\u03b5 \u03b1\u03c0\u03cc":"Samarytanka","\u0395\u03ba\u03c4\u03b9\u03bc\u03ce\u03bc\u03b5\u03bd\u03bf\u03c2 \u03c7\u03c1\u03cc\u03bd\u03bf\u03c2 \u03b1\u03bd\u03ac\u03b3\u03bd\u03c9\u03c3\u03b7\u03c2":"1 \u03bb\u03b5\u03c0\u03c4\u03cc"},"schema":{"@context":"https:\/\/schema.org","@graph":[{"@type":"Article","@id":"https:\/\/chrystus.pl\/dlaczego-maryja-jest-wzorem-adwentowego-czuwania\/#article","isPartOf":{"@id":"https:\/\/chrystus.pl\/dlaczego-maryja-jest-wzorem-adwentowego-czuwania\/"},"author":{"name":"Samarytanka","@id":"https:\/\/chrystus.pl\/#\/schema\/person\/e2e742452b8b7b2bcd23ea180671d27a"},"headline":"Dlaczego Maryja jest wzorem adwentowego czuwania?","datePublished":"2020-04-29T19:52:42+00:00","dateModified":"2020-04-29T19:52:53+00:00","mainEntityOfPage":{"@id":"https:\/\/chrystus.pl\/dlaczego-maryja-jest-wzorem-adwentowego-czuwania\/"},"wordCount":253,"publisher":{"@id":"https:\/\/chrystus.pl\/#organization"},"image":{"@id":"https:\/\/chrystus.pl\/dlaczego-maryja-jest-wzorem-adwentowego-czuwania\/#primaryimage"},"thumbnailUrl":"https:\/\/chrystus.pl\/wp-content\/uploads\/2020\/04\/Dlaczego-Maryja-jest-wzorem-adwentowego-czuwania.jpg","articleSection":["Maryja"],"inLanguage":"el"},{"@type":"WebPage","@id":"https:\/\/chrystus.pl\/dlaczego-maryja-jest-wzorem-adwentowego-czuwania\/","url":"https:\/\/chrystus.pl\/dlaczego-maryja-jest-wzorem-adwentowego-czuwania\/","name":"\u0393\u03b9\u03b1\u03c4\u03af \u03b7 \u03a0\u03b1\u03bd\u03b1\u03b3\u03af\u03b1 \u03b5\u03af\u03bd\u03b1\u03b9 \u03c4\u03bf \u03c0\u03c1\u03cc\u03c4\u03c5\u03c0\u03bf \u03c4\u03b7\u03c2 \u03b1\u03b3\u03c1\u03c5\u03c0\u03bd\u03af\u03b1\u03c2 \u03c4\u03b7\u03c2 \u03a0\u03c1\u03c9\u03c4\u03bf\u03c7\u03c1\u03bf\u03bd\u03b9\u03ac\u03c2; - \u03a7\u03c1\u03b9\u03c3\u03c4\u03cc\u03c2","isPartOf":{"@id":"https:\/\/chrystus.pl\/#website"},"primaryImageOfPage":{"@id":"https:\/\/chrystus.pl\/dlaczego-maryja-jest-wzorem-adwentowego-czuwania\/#primaryimage"},"image":{"@id":"https:\/\/chrystus.pl\/dlaczego-maryja-jest-wzorem-adwentowego-czuwania\/#primaryimage"},"thumbnailUrl":"https:\/\/chrystus.pl\/wp-content\/uploads\/2020\/04\/Dlaczego-Maryja-jest-wzorem-adwentowego-czuwania.jpg","datePublished":"2020-04-29T19:52:42+00:00","dateModified":"2020-04-29T19:52:53+00:00","description":"\u0393\u03b9\u03b1\u03c4\u03af \u03b7 \u03a0\u03b1\u03bd\u03b1\u03b3\u03af\u03b1 \u03b5\u03af\u03bd\u03b1\u03b9 \u03c4\u03bf \u03c0\u03c1\u03cc\u03c4\u03c5\u03c0\u03bf \u03c4\u03b7\u03c2 \u03b1\u03b3\u03c1\u03c5\u03c0\u03bd\u03af\u03b1\u03c2 \u03c4\u03b7\u03c2 \u03a0\u03c1\u03c9\u03c4\u03bf\u03c7\u03c1\u03bf\u03bd\u03b9\u03ac\u03c2; \u0397 \u03b1\u03c0\u03ac\u03bd\u03c4\u03b7\u03c3\u03b7 \u03c3\u03b5 \u03b1\u03c5\u03c4\u03cc \u03c4\u03bf \u03b5\u03c1\u03ce\u03c4\u03b7\u03bc\u03b1 \u03b2\u03c1\u03af\u03c3\u03ba\u03b5\u03c4\u03b1\u03b9 \u03c3\u03b5 \u03ad\u03bd\u03b1 \u03b1\u03c0\u03cc\u03c3\u03c0\u03b1\u03c3\u03bc\u03b1 \u03b1\u03c0\u03cc \u03c4\u03bf \u0395\u03c5\u03b1\u03b3\u03b3\u03ad\u03bb\u03b9\u03bf \u03c4\u03bf\u03c5 \u039b\u03bf\u03c5\u03ba\u03ac. \u0395\u03af\u03bd\u03b1\u03b9 \u03b1\u03ba\u03c1\u03b9\u03b2\u03ce\u03c2 \u03c4\u03bf \u03ba\u03b5\u03c6\u03ac\u03bb\u03b1\u03b9\u03bf","breadcrumb":{"@id":"https:\/\/chrystus.pl\/dlaczego-maryja-jest-wzorem-adwentowego-czuwania\/#breadcrumb"},"inLanguage":"el","potentialAction":[{"@type":"ReadAction","target":["https:\/\/chrystus.pl\/dlaczego-maryja-jest-wzorem-adwentowego-czuwania\/"]}]},{"@type":"ImageObject","inLanguage":"el","@id":"https:\/\/chrystus.pl\/dlaczego-maryja-jest-wzorem-adwentowego-czuwania\/#primaryimage","url":"https:\/\/chrystus.pl\/wp-content\/uploads\/2020\/04\/Dlaczego-Maryja-jest-wzorem-adwentowego-czuwania.jpg","contentUrl":"https:\/\/chrystus.pl\/wp-content\/uploads\/2020\/04\/Dlaczego-Maryja-jest-wzorem-adwentowego-czuwania.jpg","width":640,"height":426,"caption":"Dlaczego Maryja jest wzorem adwentowego czuwania"},{"@type":"BreadcrumbList","@id":"https:\/\/chrystus.pl\/dlaczego-maryja-jest-wzorem-adwentowego-czuwania\/#breadcrumb","itemListElement":[{"@type":"ListItem","position":1,"name":"Strona g\u0142\u00f3wna","item":"https:\/\/chrystus.pl\/"},{"@type":"ListItem","position":2,"name":"Dlaczego Maryja jest wzorem adwentowego czuwania?"}]},{"@type":"WebSite","@id":"https:\/\/chrystus.pl\/#website","url":"https:\/\/chrystus.pl\/","name":"\u03a7\u03c1\u03b9\u03c3\u03c4\u03cc\u03c2","description":"\u039f \u0398\u03b5\u03cc\u03c2, \u03b7 \u039c\u03b1\u03c1\u03af\u03b1, \u03bf \u0399\u03b7\u03c3\u03bf\u03cd\u03c2, \u03b7 \u0398\u03b5\u03af\u03b1 \u039a\u03bf\u03b9\u03bd\u03c9\u03bd\u03af\u03b1 \u03ba\u03b1\u03b9 \u03ac\u03bb\u03bb\u03b1","publisher":{"@id":"https:\/\/chrystus.pl\/#organization"},"potentialAction":[{"@type":"SearchAction","target":{"@type":"EntryPoint","urlTemplate":"https:\/\/chrystus.pl\/?s={search_term_string}"},"query-input":{"@type":"PropertyValueSpecification","valueRequired":true,"valueName":"search_term_string"}}],"inLanguage":"el"},{"@type":"Organization","@id":"https:\/\/chrystus.pl\/#organization","name":"Christ.pl","url":"https:\/\/chrystus.pl\/","logo":{"@type":"ImageObject","inLanguage":"el","@id":"https:\/\/chrystus.pl\/#\/schema\/logo\/image\/","url":"https:\/\/chrystus.pl\/wp-content\/uploads\/2019\/03\/chrystus-bog-maryja-komunia-bierzmowanie.jpg","contentUrl":"https:\/\/chrystus.pl\/wp-content\/uploads\/2019\/03\/chrystus-bog-maryja-komunia-bierzmowanie.jpg","width":1920,"height":1280,"caption":"Chrystus.pl"},"image":{"@id":"https:\/\/chrystus.pl\/#\/schema\/logo\/image\/"}},{"@type":"Person","@id":"https:\/\/chrystus.pl\/#\/schema\/person\/e2e742452b8b7b2bcd23ea180671d27a","name":"\u03a3\u03b1\u03bc\u03b1\u03c1\u03b5\u03af\u03c4\u03b9\u03b4\u03b1 \u03b3\u03c5\u03bd\u03b1\u03af\u03ba\u03b1"}]}},"_links":{"self":[{"href":"https:\/\/chrystus.pl\/el\/wp-json\/wp\/v2\/posts\/1587","targetHints":{"allow":["GET"]}}],"collection":[{"href":"https:\/\/chrystus.pl\/el\/wp-json\/wp\/v2\/posts"}],"about":[{"href":"https:\/\/chrystus.pl\/el\/wp-json\/wp\/v2\/types\/post"}],"author":[{"embeddable":true,"href":"https:\/\/chrystus.pl\/el\/wp-json\/wp\/v2\/users\/1"}],"replies":[{"embeddable":true,"href":"https:\/\/chrystus.pl\/el\/wp-json\/wp\/v2\/comments?post=1587"}],"version-history":[{"count":0,"href":"https:\/\/chrystus.pl\/el\/wp-json\/wp\/v2\/posts\/1587\/revisions"}],"wp:featuredmedia":[{"embeddable":true,"href":"https:\/\/chrystus.pl\/el\/wp-json\/wp\/v2\/media\/1588"}],"wp:attachment":[{"href":"https:\/\/chrystus.pl\/el\/wp-json\/wp\/v2\/media?parent=1587"}],"wp:term":[{"taxonomy":"category","embeddable":true,"href":"https:\/\/chrystus.pl\/el\/wp-json\/wp\/v2\/categories?post=1587"},{"taxonomy":"post_tag","embeddable":true,"href":"https:\/\/chrystus.pl\/el\/wp-json\/wp\/v2\/tags?post=1587"}],"curies":[{"name":"wp","href":"https:\/\/api.w.org\/{rel}","templated":true}]}}