{"id":1841,"date":"2020-07-11T11:03:37","date_gmt":"2020-07-11T11:03:37","guid":{"rendered":"https:\/\/chrystus.pl\/?p=1841"},"modified":"2020-07-11T11:03:37","modified_gmt":"2020-07-11T11:03:37","slug":"czy-kosciol-placi-podatki-2","status":"publish","type":"post","link":"https:\/\/chrystus.pl\/el\/czy-kosciol-placi-podatki-2\/","title":{"rendered":"\u03a0\u03bb\u03b7\u03c1\u03ce\u03bd\u03b5\u03b9 \u03b7 \u03b5\u03ba\u03ba\u03bb\u03b7\u03c3\u03af\u03b1 \u03c6\u03cc\u03c1\u03bf\u03c5\u03c2"},"content":{"rendered":"<p>Opodatkowanie Ko\u015bcio\u0142a jest dosy\u0107 powszechnym tematem w debacie publicznej. Z jednej strony logicznym jest, \u017ce instytucja Ko\u015bcielna nie powinna mie\u0107 wp\u0142ywu na pa\u0144stwo, ani pa\u0144stwo nie powinno ingerowa\u0107 w \u017cycie wewn\u0119trzne wiernych. Jednak co <a href=\"https:\/\/chrystus.pl\/el\/jak-wyglada-pismo-swiete\/\">\u03b9\u03c3\u03c4\u03bf\u03c1\u03af\u03b1<\/a> \u03a4\u03b9 \u03b3\u03af\u03bd\u03b5\u03c4\u03b1\u03b9 \u03bc\u03b5 \u03c4\u03b1 \u03c7\u03c1\u03ae\u03bc\u03b1\u03c4\u03b1 \u03c0\u03bf\u03c5 \u03b4\u03af\u03bd\u03bf\u03c5\u03bd \u03bf\u03b9 \u03c0\u03b9\u03c3\u03c4\u03bf\u03af \u03c3\u03c4\u03b7\u03bd \u0395\u03ba\u03ba\u03bb\u03b7\u03c3\u03af\u03b1; \u0398\u03b1 \u03c0\u03c1\u03ad\u03c0\u03b5\u03b9 \u03bd\u03b1 \u03be\u03b5\u03ba\u03b9\u03bd\u03ae\u03c3\u03b5\u03b9 \u03bc\u03b5 \u03c4\u03bf \u03b3\u03b5\u03b3\u03bf\u03bd\u03cc\u03c2 \u03cc\u03c4\u03b9 \u03cc\u03bb\u03b5\u03c2 \u03bf\u03b9 \u03b8\u03c1\u03b7\u03c3\u03ba\u03b5\u03c5\u03c4\u03b9\u03ba\u03ad\u03c2 \u03b5\u03bd\u03ce\u03c3\u03b5\u03b9\u03c2 \u03b1\u03c0\u03b1\u03bb\u03bb\u03ac\u03c3\u03c3\u03bf\u03bd\u03c4\u03b1\u03b9 \u03b1\u03c0\u03cc \u03c4\u03b7\u03bd \u03c4\u03ae\u03c1\u03b7\u03c3\u03b7 \u03c6\u03bf\u03c1\u03bf\u03bb\u03bf\u03b3\u03b9\u03ba\u03ce\u03bd \u03c3\u03c4\u03bf\u03b9\u03c7\u03b5\u03af\u03c9\u03bd. \u0388\u03c4\u03c3\u03b9, \u03b4\u03b5\u03bd \u03b5\u03af\u03bd\u03b1\u03b9 \u03b1\u03ba\u03c1\u03b9\u03b2\u03ce\u03c2 \u03b3\u03bd\u03c9\u03c3\u03c4\u03cc \u03c0\u03cc\u03c3\u03b1 \u03c7\u03c1\u03ae\u03bc\u03b1\u03c4\u03b1 \u03b5\u03b9\u03c3\u03ad\u03c1\u03c7\u03bf\u03bd\u03c4\u03b1\u03b9 \u03ba\u03b1\u03b9 \u03c0\u03cc\u03c3\u03b1 \u03b5\u03be\u03ad\u03c1\u03c7\u03bf\u03bd\u03c4\u03b1\u03b9 \u03b1\u03c0\u03cc \u03c4\u03b1 \u03b5\u03ba\u03ba\u03bb\u03b7\u03c3\u03b9\u03b1\u03c3\u03c4\u03b9\u03ba\u03ac \u03b9\u03b4\u03c1\u03cd\u03bc\u03b1\u03c4\u03b1. \u03a4\u03b1 \u03bc\u03b5\u03c4\u03c1\u03b7\u03c4\u03ac, \u03c4\u03b1 \u03bf\u03c0\u03bf\u03af\u03b1 \u03c3\u03c5\u03b3\u03ba\u03b5\u03bd\u03c4\u03c1\u03ce\u03bd\u03bf\u03bd\u03c4\u03b1\u03b9 \u03ba\u03b1\u03c4\u03ac \u03c4\u03b7 \u03b4\u03b9\u03ac\u03c1\u03ba\u03b5\u03b9\u03b1 \u03ba\u03ac\u03b8\u03b5 \u03b5\u03af\u03b4\u03bf\u03c5\u03c2 \u03bb\u03b5\u03b9\u03c4\u03bf\u03c5\u03c1\u03b3\u03b9\u03ce\u03bd \u03ae \u03b1\u03ba\u03bf\u03bb\u03bf\u03c5\u03b8\u03b9\u03ce\u03bd, \u03b4\u03b5\u03bd \u03bc\u03c0\u03b1\u03af\u03bd\u03bf\u03c5\u03bd \u03c6\u03c5\u03c3\u03b9\u03ba\u03ac \u03c3\u03c4\u03b9\u03c2 \u03c4\u03c3\u03ad\u03c0\u03b5\u03c2 \u03c4\u03c9\u03bd \u03b9\u03b5\u03c1\u03ad\u03c9\u03bd. <\/p>\n<p>Nie jest ona r\u00f3wnie\u017c w \u017caden spos\u00f3b zewn\u0119trznie ewidencjonowania. Tak wi\u0119c logicznym jest, \u017ce s\u0105 to pieni\u0105dze, kt\u00f3re nie podlegaj\u0105 opodatkowaniu. Przeznaczane s\u0105 one na utrzymanie budynk\u00f3w ko\u015bcielnych, koszty w\u0142asne oraz cele charytatywne. <\/p>\n<p>\u03a4\u03b1 \u03ad\u03c3\u03bf\u03b4\u03b1 \u03b1\u03c5\u03c4\u03ac \u03b5\u03be\u03b1\u03c1\u03c4\u03ce\u03bd\u03c4\u03b1\u03b9 \u03ba\u03c5\u03c1\u03af\u03c9\u03c2 \u03b1\u03c0\u03cc \u03c4\u03bf \u03bc\u03ad\u03b3\u03b5\u03b8\u03bf\u03c2 \u03c4\u03b7\u03c2 \u03b5\u03bd\u03bf\u03c1\u03af\u03b1\u03c2 \u03ba\u03b1\u03b9 \u03c4\u03bf\u03bd \u03b1\u03c1\u03b9\u03b8\u03bc\u03cc \u03c4\u03c9\u03bd \u03c0\u03b9\u03c3\u03c4\u03ce\u03bd. \u03a4\u03b1 \u03c7\u03c1\u03ae\u03bc\u03b1\u03c4\u03b1 \u03b1\u03c5\u03c4\u03ac \u03b8\u03b1 \u03c0\u03c1\u03ad\u03c0\u03b5\u03b9 \u03bd\u03b1 \u03b8\u03b5\u03c9\u03c1\u03bf\u03cd\u03bd\u03c4\u03b1\u03b9 \u03c7\u03c1\u03ae\u03bc\u03b1\u03c4\u03b1 \u03c0\u03bf\u03c5 \u03bf\u03b9 \u03c0\u03b9\u03c3\u03c4\u03bf\u03af \u03c7\u03c1\u03b7\u03c3\u03b9\u03bc\u03bf\u03c0\u03bf\u03b9\u03bf\u03cd\u03bd \u03b3\u03b9\u03b1 \u03bd\u03b1 \u03c3\u03c4\u03b7\u03c1\u03af\u03be\u03bf\u03c5\u03bd \u03c4\u03b7\u03bd \u03ba\u03bf\u03b9\u03bd\u03cc\u03c4\u03b7\u03c4\u03ac \u03c4\u03bf\u03c5\u03c2, \u03c4\u03b1 \u03bf\u03c0\u03bf\u03af\u03b1 \u03b4\u03af\u03bd\u03bf\u03bd\u03c4\u03b1\u03b9 \u03b5\u03b8\u03b5\u03bb\u03bf\u03bd\u03c4\u03b9\u03ba\u03ac. \u0391\u03c0\u03cc \u03bd\u03bf\u03bc\u03b9\u03ba\u03ae\u03c2 \u03c0\u03bb\u03b5\u03c5\u03c1\u03ac\u03c2, \u03b1\u03c5\u03c4\u03cc \u03b8\u03b1 \u03c0\u03c1\u03ad\u03c0\u03b5\u03b9 \u03bd\u03b1 \u03b8\u03b5\u03c9\u03c1\u03b7\u03b8\u03b5\u03af \u03c9\u03c2 \u03ad\u03bd\u03b1 \u03b5\u03af\u03b4\u03bf\u03c2 \u03c6\u03bf\u03c1\u03bf\u03bb\u03bf\u03b3\u03b9\u03ba\u03ae\u03c2 \u03ad\u03ba\u03c0\u03c4\u03c9\u03c3\u03b7\u03c2. \u039f\u03b9 \u03c0\u03b9\u03c3\u03c4\u03bf\u03af \u03bc\u03c0\u03bf\u03c1\u03bf\u03cd\u03bd \u03b5\u03c0\u03af\u03c3\u03b7\u03c2 \u03bd\u03b1 \u03ba\u03ac\u03bd\u03bf\u03c5\u03bd \u03b4\u03c9\u03c1\u03b5\u03ad\u03c2 \u03c3\u03c4\u03b7\u03bd \u0395\u03ba\u03ba\u03bb\u03b7\u03c3\u03af\u03b1. \u039f\u03b9 \u03c0\u03b9\u03c3\u03c4\u03bf\u03af \u03b5\u03bd\u03b8\u03b1\u03c1\u03c1\u03cd\u03bd\u03bf\u03bd\u03c4\u03b1\u03b9 \u03bd\u03b1 \u03ba\u03ac\u03bd\u03bf\u03c5\u03bd \u03b4\u03c9\u03c1\u03b5\u03ad\u03c2 \u03bc\u03ad\u03c3\u03c9 \u03c4\u03c9\u03bd \u03b5\u03c0\u03b9\u03b4\u03bf\u03bc\u03ac\u03c4\u03c9\u03bd \u03c6\u03cc\u03c1\u03bf\u03c5 \u03b5\u03b9\u03c3\u03bf\u03b4\u03ae\u03bc\u03b1\u03c4\u03bf\u03c2 \u03c0\u03bf\u03c5 \u03c7\u03bf\u03c1\u03b7\u03b3\u03b5\u03af \u03c4\u03bf \u03ba\u03c1\u03ac\u03c4\u03bf\u03c2 \u03c3\u03b5 \u03ad\u03bd\u03b1 \u03ac\u03c4\u03bf\u03bc\u03bf \u03c0\u03bf\u03c5 \u03b5\u03c0\u03b9\u03b8\u03c5\u03bc\u03b5\u03af \u03bd\u03b1 \u03ba\u03ac\u03bd\u03b5\u03b9 \u03bc\u03b9\u03b1 \u03c4\u03ad\u03c4\u03bf\u03b9\u03b1 \u03b4\u03c9\u03c1\u03b5\u03ac. \u03a4\u03bf \u03cc\u03c1\u03b9\u03bf \u03c6\u03bf\u03c1\u03bf\u03bb\u03bf\u03b3\u03b9\u03ba\u03ae\u03c2 \u03b5\u03bb\u03ac\u03c6\u03c1\u03c5\u03bd\u03c3\u03b7\u03c2 \u03b5\u03af\u03bd\u03b1\u03b9 \u03c4\u03bf 6% \u03c4\u03bf\u03c5 \u03b5\u03c4\u03ae\u03c3\u03b9\u03bf\u03c5 \u03b5\u03b9\u03c3\u03bf\u03b4\u03ae\u03bc\u03b1\u03c4\u03bf\u03c2 \u03c4\u03bf\u03c5 \u03c6\u03bf\u03c1\u03bf\u03bb\u03bf\u03b3\u03bf\u03cd\u03bc\u03b5\u03bd\u03bf\u03c5. \u0391\u03c5\u03c4\u03cc \u03b5\u03af\u03bd\u03b1\u03b9 \u03b3\u03bd\u03c9\u03c3\u03c4\u03cc \u03c9\u03c2 \u03b4\u03c9\u03c1\u03b5\u03ac \u03b3\u03b9\u03b1 \u03c4\u03bf\u03c5\u03c2 \u03c3\u03ba\u03bf\u03c0\u03bf\u03cd\u03c2 \u03c4\u03b7\u03c2 \u03bb\u03b1\u03c4\u03c1\u03b5\u03af\u03b1\u03c2. <\/p>","protected":false},"excerpt":{"rendered":"<p>Opodatkowanie Ko\u015bcio\u0142a jest dosy\u0107 powszechnym tematem w debacie publicznej. Z jednej strony logicznym jest, \u017ce instytucja Ko\u015bcielna nie powinna mie\u0107 wp\u0142ywu na pa\u0144stwo, ani pa\u0144stwo nie powinno ingerowa\u0107 w \u017cycie wewn\u0119trzne wiernych. Jednak co dzieje si\u0119 z pieni\u0119dzmi jakie wierni przeznaczaj\u0105 na Ko\u015bci\u00f3\u0142? Nale\u017cy zacz\u0105\u0107 od tego, \u017ce wszystkie zwi\u0105zki wyznaniowe, zwolnione s\u0105 z obowi\u0105zku &hellip;<\/p>","protected":false},"author":1,"featured_media":1842,"comment_status":"closed","ping_status":"closed","sticky":false,"template":"","format":"standard","meta":{"footnotes":""},"categories":[33],"tags":[],"class_list":["post-1841","post","type-post","status-publish","format-standard","has-post-thumbnail","hentry","category-kosciol"],"yoast_head":"<!-- This site is optimized with the Yoast SEO plugin v27.5 - https:\/\/yoast.com\/product\/yoast-seo-wordpress\/ -->\n<title>Czy ko\u015bci\u00f3\u0142 p\u0142aci podatki - Chrystus<\/title>\n<meta name=\"description\" content=\"Opodatkowanie Ko\u015bcio\u0142a jest dosy\u0107 powszechnym tematem w debacie publicznej. Z jednej strony logicznym jest, \u017ce instytucja Ko\u015bcielna nie powinna mie\u0107\" \/>\n<meta name=\"robots\" content=\"index, follow, max-snippet:-1, max-image-preview:large, max-video-preview:-1\" \/>\n<link rel=\"canonical\" href=\"https:\/\/chrystus.pl\/el\/\u03b1\u03bd-\u03b7-\u03b5\u03ba\u03ba\u03bb\u03b7\u03c3\u03af\u03b1-\u03c0\u03bb\u03b7\u03c1\u03ce\u03bd\u03b5\u03b9-\u03c6\u03cc\u03c1\u03bf\u03c5\u03c2-2\/\" \/>\n<meta property=\"og:locale\" content=\"el_GR\" \/>\n<meta property=\"og:type\" content=\"article\" \/>\n<meta property=\"og:title\" content=\"Czy ko\u015bci\u00f3\u0142 p\u0142aci podatki\" \/>\n<meta property=\"og:description\" content=\"Opodatkowanie Ko\u015bcio\u0142a jest dosy\u0107 powszechnym tematem w debacie publicznej. Z jednej strony logicznym jest, \u017ce instytucja Ko\u015bcielna nie powinna mie\u0107 wp\u0142ywu na pa\u0144stwo\" \/>\n<meta property=\"og:url\" content=\"https:\/\/chrystus.pl\/el\/\u03b1\u03bd-\u03b7-\u03b5\u03ba\u03ba\u03bb\u03b7\u03c3\u03af\u03b1-\u03c0\u03bb\u03b7\u03c1\u03ce\u03bd\u03b5\u03b9-\u03c6\u03cc\u03c1\u03bf\u03c5\u03c2-2\/\" \/>\n<meta property=\"og:site_name\" content=\"Chrystus\" \/>\n<meta property=\"article:published_time\" content=\"2020-07-11T11:03:37+00:00\" \/>\n<meta property=\"og:image\" content=\"https:\/\/chrystus.pl\/wp-content\/uploads\/2020\/07\/Czy-kos\u0301cio\u0301\u0142-p\u0142aci-podatki.jpg\" \/>\n\t<meta property=\"og:image:width\" content=\"640\" \/>\n\t<meta property=\"og:image:height\" content=\"427\" \/>\n\t<meta property=\"og:image:type\" content=\"image\/jpeg\" \/>\n<meta name=\"author\" content=\"Samarytanka\" \/>\n<meta name=\"twitter:card\" content=\"summary_large_image\" \/>\n<meta name=\"twitter:title\" content=\"Czy ko\u015bci\u00f3\u0142 p\u0142aci podatki\" \/>\n<meta name=\"twitter:description\" content=\"Opodatkowanie Ko\u015bcio\u0142a jest dosy\u0107 powszechnym tematem w debacie publicznej. Z jednej strony logicznym jest, \u017ce instytucja Ko\u015bcielna nie powinna mie\u0107 wp\u0142ywu na pa\u0144stwo\" \/>\n<meta name=\"twitter:image\" content=\"https:\/\/chrystus.pl\/wp-content\/uploads\/2020\/07\/Czy-kos\u0301cio\u0301\u0142-p\u0142aci-podatki.jpg\" \/>\n<meta name=\"twitter:label1\" content=\"\u03a3\u03c5\u03bd\u03c4\u03ac\u03c7\u03b8\u03b7\u03ba\u03b5 \u03b1\u03c0\u03cc\" \/>\n\t<meta name=\"twitter:data1\" content=\"Samarytanka\" \/>\n\t<meta name=\"twitter:label2\" content=\"\u0395\u03ba\u03c4\u03b9\u03bc\u03ce\u03bc\u03b5\u03bd\u03bf\u03c2 \u03c7\u03c1\u03cc\u03bd\u03bf\u03c2 \u03b1\u03bd\u03ac\u03b3\u03bd\u03c9\u03c3\u03b7\u03c2\" \/>\n\t<meta name=\"twitter:data2\" content=\"1 \u03bb\u03b5\u03c0\u03c4\u03cc\" \/>\n<!-- \/ Yoast SEO plugin. -->","yoast_head_json":{"title":"\u03a0\u03bb\u03b7\u03c1\u03ce\u03bd\u03b5\u03b9 \u03b7 \u03b5\u03ba\u03ba\u03bb\u03b7\u03c3\u03af\u03b1 \u03c6\u03cc\u03c1\u03bf\u03c5\u03c2 - \u03a7\u03c1\u03b9\u03c3\u03c4\u03cc\u03c2","description":"\u0397 \u03c6\u03bf\u03c1\u03bf\u03bb\u03cc\u03b3\u03b7\u03c3\u03b7 \u03c4\u03b7\u03c2 \u03b5\u03ba\u03ba\u03bb\u03b7\u03c3\u03af\u03b1\u03c2 \u03b5\u03af\u03bd\u03b1\u03b9 \u03ad\u03bd\u03b1 \u03b1\u03c1\u03ba\u03b5\u03c4\u03ac \u03c3\u03c5\u03bd\u03b7\u03b8\u03b9\u03c3\u03bc\u03ad\u03bd\u03bf \u03b8\u03ad\u03bc\u03b1 \u03c3\u03c4\u03b7 \u03b4\u03b7\u03bc\u03cc\u03c3\u03b9\u03b1 \u03c3\u03c5\u03b6\u03ae\u03c4\u03b7\u03c3\u03b7. \u0391\u03c0\u03cc \u03c4\u03b7 \u03bc\u03af\u03b1 \u03c0\u03bb\u03b5\u03c5\u03c1\u03ac, \u03b5\u03af\u03bd\u03b1\u03b9 \u03bb\u03bf\u03b3\u03b9\u03ba\u03cc \u03ad\u03bd\u03b1 \u03b5\u03ba\u03ba\u03bb\u03b7\u03c3\u03b9\u03b1\u03c3\u03c4\u03b9\u03ba\u03cc \u03af\u03b4\u03c1\u03c5\u03bc\u03b1 \u03bd\u03b1 \u03bc\u03b7\u03bd \u03ad\u03c7\u03b5\u03b9","robots":{"index":"index","follow":"follow","max-snippet":"max-snippet:-1","max-image-preview":"max-image-preview:large","max-video-preview":"max-video-preview:-1"},"canonical":"https:\/\/chrystus.pl\/el\/\u03b1\u03bd-\u03b7-\u03b5\u03ba\u03ba\u03bb\u03b7\u03c3\u03af\u03b1-\u03c0\u03bb\u03b7\u03c1\u03ce\u03bd\u03b5\u03b9-\u03c6\u03cc\u03c1\u03bf\u03c5\u03c2-2\/","og_locale":"el_GR","og_type":"article","og_title":"Czy ko\u015bci\u00f3\u0142 p\u0142aci podatki","og_description":"Opodatkowanie Ko\u015bcio\u0142a jest dosy\u0107 powszechnym tematem w debacie publicznej. Z jednej strony logicznym jest, \u017ce instytucja Ko\u015bcielna nie powinna mie\u0107 wp\u0142ywu na pa\u0144stwo","og_url":"https:\/\/chrystus.pl\/el\/\u03b1\u03bd-\u03b7-\u03b5\u03ba\u03ba\u03bb\u03b7\u03c3\u03af\u03b1-\u03c0\u03bb\u03b7\u03c1\u03ce\u03bd\u03b5\u03b9-\u03c6\u03cc\u03c1\u03bf\u03c5\u03c2-2\/","og_site_name":"Chrystus","article_published_time":"2020-07-11T11:03:37+00:00","og_image":[{"width":640,"height":427,"url":"https:\/\/chrystus.pl\/wp-content\/uploads\/2020\/07\/Czy-kos\u0301cio\u0301\u0142-p\u0142aci-podatki.jpg","type":"image\/jpeg"}],"author":"Samarytanka","twitter_card":"summary_large_image","twitter_title":"Czy ko\u015bci\u00f3\u0142 p\u0142aci podatki","twitter_description":"Opodatkowanie Ko\u015bcio\u0142a jest dosy\u0107 powszechnym tematem w debacie publicznej. Z jednej strony logicznym jest, \u017ce instytucja Ko\u015bcielna nie powinna mie\u0107 wp\u0142ywu na pa\u0144stwo","twitter_image":"https:\/\/chrystus.pl\/wp-content\/uploads\/2020\/07\/Czy-kos\u0301cio\u0301\u0142-p\u0142aci-podatki.jpg","twitter_misc":{"\u03a3\u03c5\u03bd\u03c4\u03ac\u03c7\u03b8\u03b7\u03ba\u03b5 \u03b1\u03c0\u03cc":"Samarytanka","\u0395\u03ba\u03c4\u03b9\u03bc\u03ce\u03bc\u03b5\u03bd\u03bf\u03c2 \u03c7\u03c1\u03cc\u03bd\u03bf\u03c2 \u03b1\u03bd\u03ac\u03b3\u03bd\u03c9\u03c3\u03b7\u03c2":"1 \u03bb\u03b5\u03c0\u03c4\u03cc"},"schema":{"@context":"https:\/\/schema.org","@graph":[{"@type":"Article","@id":"https:\/\/chrystus.pl\/czy-kosciol-placi-podatki-2\/#article","isPartOf":{"@id":"https:\/\/chrystus.pl\/czy-kosciol-placi-podatki-2\/"},"author":{"name":"Samarytanka","@id":"https:\/\/chrystus.pl\/#\/schema\/person\/e2e742452b8b7b2bcd23ea180671d27a"},"headline":"Czy ko\u015bci\u00f3\u0142 p\u0142aci podatki","datePublished":"2020-07-11T11:03:37+00:00","mainEntityOfPage":{"@id":"https:\/\/chrystus.pl\/czy-kosciol-placi-podatki-2\/"},"wordCount":264,"publisher":{"@id":"https:\/\/chrystus.pl\/#organization"},"image":{"@id":"https:\/\/chrystus.pl\/czy-kosciol-placi-podatki-2\/#primaryimage"},"thumbnailUrl":"https:\/\/chrystus.pl\/wp-content\/uploads\/2020\/07\/Czy-kos\u0301cio\u0301\u0142-p\u0142aci-podatki.jpg","articleSection":["Ko\u015bci\u00f3\u0142"],"inLanguage":"el"},{"@type":"WebPage","@id":"https:\/\/chrystus.pl\/czy-kosciol-placi-podatki-2\/","url":"https:\/\/chrystus.pl\/czy-kosciol-placi-podatki-2\/","name":"\u03a0\u03bb\u03b7\u03c1\u03ce\u03bd\u03b5\u03b9 \u03b7 \u03b5\u03ba\u03ba\u03bb\u03b7\u03c3\u03af\u03b1 \u03c6\u03cc\u03c1\u03bf\u03c5\u03c2 - \u03a7\u03c1\u03b9\u03c3\u03c4\u03cc\u03c2","isPartOf":{"@id":"https:\/\/chrystus.pl\/#website"},"primaryImageOfPage":{"@id":"https:\/\/chrystus.pl\/czy-kosciol-placi-podatki-2\/#primaryimage"},"image":{"@id":"https:\/\/chrystus.pl\/czy-kosciol-placi-podatki-2\/#primaryimage"},"thumbnailUrl":"https:\/\/chrystus.pl\/wp-content\/uploads\/2020\/07\/Czy-kos\u0301cio\u0301\u0142-p\u0142aci-podatki.jpg","datePublished":"2020-07-11T11:03:37+00:00","description":"\u0397 \u03c6\u03bf\u03c1\u03bf\u03bb\u03cc\u03b3\u03b7\u03c3\u03b7 \u03c4\u03b7\u03c2 \u03b5\u03ba\u03ba\u03bb\u03b7\u03c3\u03af\u03b1\u03c2 \u03b5\u03af\u03bd\u03b1\u03b9 \u03ad\u03bd\u03b1 \u03b1\u03c1\u03ba\u03b5\u03c4\u03ac \u03c3\u03c5\u03bd\u03b7\u03b8\u03b9\u03c3\u03bc\u03ad\u03bd\u03bf \u03b8\u03ad\u03bc\u03b1 \u03c3\u03c4\u03b7 \u03b4\u03b7\u03bc\u03cc\u03c3\u03b9\u03b1 \u03c3\u03c5\u03b6\u03ae\u03c4\u03b7\u03c3\u03b7. \u0391\u03c0\u03cc \u03c4\u03b7 \u03bc\u03af\u03b1 \u03c0\u03bb\u03b5\u03c5\u03c1\u03ac, \u03b5\u03af\u03bd\u03b1\u03b9 \u03bb\u03bf\u03b3\u03b9\u03ba\u03cc \u03ad\u03bd\u03b1 \u03b5\u03ba\u03ba\u03bb\u03b7\u03c3\u03b9\u03b1\u03c3\u03c4\u03b9\u03ba\u03cc \u03af\u03b4\u03c1\u03c5\u03bc\u03b1 \u03bd\u03b1 \u03bc\u03b7\u03bd \u03ad\u03c7\u03b5\u03b9","breadcrumb":{"@id":"https:\/\/chrystus.pl\/czy-kosciol-placi-podatki-2\/#breadcrumb"},"inLanguage":"el","potentialAction":[{"@type":"ReadAction","target":["https:\/\/chrystus.pl\/czy-kosciol-placi-podatki-2\/"]}]},{"@type":"ImageObject","inLanguage":"el","@id":"https:\/\/chrystus.pl\/czy-kosciol-placi-podatki-2\/#primaryimage","url":"https:\/\/chrystus.pl\/wp-content\/uploads\/2020\/07\/Czy-kos\u0301cio\u0301\u0142-p\u0142aci-podatki.jpg","contentUrl":"https:\/\/chrystus.pl\/wp-content\/uploads\/2020\/07\/Czy-kos\u0301cio\u0301\u0142-p\u0142aci-podatki.jpg","width":640,"height":427,"caption":"Czy kos\u0301cio\u0301\u0142 p\u0142aci podatki"},{"@type":"BreadcrumbList","@id":"https:\/\/chrystus.pl\/czy-kosciol-placi-podatki-2\/#breadcrumb","itemListElement":[{"@type":"ListItem","position":1,"name":"Strona g\u0142\u00f3wna","item":"https:\/\/chrystus.pl\/"},{"@type":"ListItem","position":2,"name":"Czy ko\u015bci\u00f3\u0142 p\u0142aci podatki"}]},{"@type":"WebSite","@id":"https:\/\/chrystus.pl\/#website","url":"https:\/\/chrystus.pl\/","name":"\u03a7\u03c1\u03b9\u03c3\u03c4\u03cc\u03c2","description":"\u039f \u0398\u03b5\u03cc\u03c2, \u03b7 \u039c\u03b1\u03c1\u03af\u03b1, \u03bf \u0399\u03b7\u03c3\u03bf\u03cd\u03c2, \u03b7 \u0398\u03b5\u03af\u03b1 \u039a\u03bf\u03b9\u03bd\u03c9\u03bd\u03af\u03b1 \u03ba\u03b1\u03b9 \u03ac\u03bb\u03bb\u03b1","publisher":{"@id":"https:\/\/chrystus.pl\/#organization"},"potentialAction":[{"@type":"SearchAction","target":{"@type":"EntryPoint","urlTemplate":"https:\/\/chrystus.pl\/?s={search_term_string}"},"query-input":{"@type":"PropertyValueSpecification","valueRequired":true,"valueName":"search_term_string"}}],"inLanguage":"el"},{"@type":"Organization","@id":"https:\/\/chrystus.pl\/#organization","name":"Christ.pl","url":"https:\/\/chrystus.pl\/","logo":{"@type":"ImageObject","inLanguage":"el","@id":"https:\/\/chrystus.pl\/#\/schema\/logo\/image\/","url":"https:\/\/chrystus.pl\/wp-content\/uploads\/2019\/03\/chrystus-bog-maryja-komunia-bierzmowanie.jpg","contentUrl":"https:\/\/chrystus.pl\/wp-content\/uploads\/2019\/03\/chrystus-bog-maryja-komunia-bierzmowanie.jpg","width":1920,"height":1280,"caption":"Chrystus.pl"},"image":{"@id":"https:\/\/chrystus.pl\/#\/schema\/logo\/image\/"}},{"@type":"Person","@id":"https:\/\/chrystus.pl\/#\/schema\/person\/e2e742452b8b7b2bcd23ea180671d27a","name":"\u03a3\u03b1\u03bc\u03b1\u03c1\u03b5\u03af\u03c4\u03b9\u03b4\u03b1 \u03b3\u03c5\u03bd\u03b1\u03af\u03ba\u03b1"}]}},"_links":{"self":[{"href":"https:\/\/chrystus.pl\/el\/wp-json\/wp\/v2\/posts\/1841","targetHints":{"allow":["GET"]}}],"collection":[{"href":"https:\/\/chrystus.pl\/el\/wp-json\/wp\/v2\/posts"}],"about":[{"href":"https:\/\/chrystus.pl\/el\/wp-json\/wp\/v2\/types\/post"}],"author":[{"embeddable":true,"href":"https:\/\/chrystus.pl\/el\/wp-json\/wp\/v2\/users\/1"}],"replies":[{"embeddable":true,"href":"https:\/\/chrystus.pl\/el\/wp-json\/wp\/v2\/comments?post=1841"}],"version-history":[{"count":0,"href":"https:\/\/chrystus.pl\/el\/wp-json\/wp\/v2\/posts\/1841\/revisions"}],"wp:featuredmedia":[{"embeddable":true,"href":"https:\/\/chrystus.pl\/el\/wp-json\/wp\/v2\/media\/1842"}],"wp:attachment":[{"href":"https:\/\/chrystus.pl\/el\/wp-json\/wp\/v2\/media?parent=1841"}],"wp:term":[{"taxonomy":"category","embeddable":true,"href":"https:\/\/chrystus.pl\/el\/wp-json\/wp\/v2\/categories?post=1841"},{"taxonomy":"post_tag","embeddable":true,"href":"https:\/\/chrystus.pl\/el\/wp-json\/wp\/v2\/tags?post=1841"}],"curies":[{"name":"wp","href":"https:\/\/api.w.org\/{rel}","templated":true}]}}