{"id":1945,"date":"2021-01-19T09:45:20","date_gmt":"2021-01-19T09:45:20","guid":{"rendered":"https:\/\/chrystus.pl\/?p=1945"},"modified":"2021-01-19T09:45:26","modified_gmt":"2021-01-19T09:45:26","slug":"mysli-samobojcze-czy-to-grzech","status":"publish","type":"post","link":"https:\/\/chrystus.pl\/en\/mysli-samobojcze-czy-to-grzech\/","title":{"rendered":"Suicidal thoughts. Is it a sin?"},"content":{"rendered":"<p><strong>Both young and old people have to face many adversities in their lives. We are also surrounded by various images, many of which concern death, evil, failure. Unfortunately, the vicissitudes of life very often lead to difficult thoughts. Are suicidal thoughts a sin? How should they be avoided and what should be done so that they don't appear at all? The answers, as always, lie in God.<\/strong><\/p>\n\n\n\n<div id=\"ez-toc-container\" class=\"ez-toc-v2_0_82_2 counter-hierarchy ez-toc-counter ez-toc-custom ez-toc-container-direction\">\n<p class=\"ez-toc-title\" style=\"cursor:inherit\">Table of contents<\/p>\n<label for=\"ez-toc-cssicon-toggle-item-69ee2d0164849\" class=\"ez-toc-cssicon-toggle-label\"><span class=\"\"><span class=\"eztoc-hide\" style=\"display:none;\">Toggle<\/span><span class=\"ez-toc-icon-toggle-span\"><svg style=\"fill: #ffffff;color:#ffffff\" xmlns=\"http:\/\/www.w3.org\/2000\/svg\" class=\"list-377408\" width=\"20px\" height=\"20px\" viewbox=\"0 0 24 24\" fill=\"none\"><path d=\"M6 6H4v2h2V6zm14 0H8v2h12V6zM4 11h2v2H4v-2zm16 0H8v2h12v-2zM4 16h2v2H4v-2zm16 0H8v2h12v-2z\" fill=\"currentColor\"><\/path><\/svg><svg style=\"fill: #ffffff;color:#ffffff\" class=\"arrow-unsorted-368013\" xmlns=\"http:\/\/www.w3.org\/2000\/svg\" width=\"10px\" height=\"10px\" viewbox=\"0 0 24 24\" version=\"1.2\" baseprofile=\"tiny\"><path d=\"M18.2 9.3l-6.2-6.3-6.2 6.3c-.2.2-.3.4-.3.7s.1.5.3.7c.2.2.4.3.7.3h11c.3 0 .5-.1.7-.3.2-.2.3-.5.3-.7s-.1-.5-.3-.7zM5.8 14.7l6.2 6.3 6.2-6.3c.2-.2.3-.5.3-.7s-.1-.5-.3-.7c-.2-.2-.4-.3-.7-.3h-11c-.3 0-.5.1-.7.3-.2.2-.3.5-.3.7s.1.5.3.7z\"\/><\/svg><\/span><\/span><\/label><input type=\"checkbox\"  id=\"ez-toc-cssicon-toggle-item-69ee2d0164849\"  aria-label=\"Toggle\" \/><nav><ul class='ez-toc-list ez-toc-list-level-1' ><li class='ez-toc-page-1 ez-toc-heading-level-2'><a class=\"ez-toc-link ez-toc-heading-1\" href=\"https:\/\/chrystus.pl\/en\/mysli-samobojcze-czy-to-grzech\/#Czy_samobojstwo_to_grzech\" >Is suicide a sin<\/a><\/li><li class='ez-toc-page-1 ez-toc-heading-level-2'><a class=\"ez-toc-link ez-toc-heading-2\" href=\"https:\/\/chrystus.pl\/en\/mysli-samobojcze-czy-to-grzech\/#Czy_mysli_samobojcze_to_grzech_ciezki\" >Are suicidal thoughts a grave sin<\/a><\/li><li class='ez-toc-page-1 ez-toc-heading-level-2'><a class=\"ez-toc-link ez-toc-heading-3\" href=\"https:\/\/chrystus.pl\/en\/mysli-samobojcze-czy-to-grzech\/#Warto_sie_wyspowiadac\" >It's worth confessing<\/a><\/li><\/ul><\/nav><\/div>\n<h2 class=\"wp-block-heading\"><span class=\"ez-toc-section\" id=\"Czy_samobojstwo_to_grzech\"><\/span><strong>Is suicide a sin<\/strong><span class=\"ez-toc-section-end\"><\/span><\/h2>\n\n\n\n<p>In the case of a successful suicide, one must be aware that the whole thing is automatically qualified as a grave, mortal sin. For obvious reasons, there is no chance for remission in the earthly way, so the suicide should be aware of the importance of the action - in the context of eternal life, it may be a path of no return. Breaking <a href=\"https:\/\/chrystus.pl\/en\/ile-jest-przykazan-bozych\/\">commandments<\/a> \"Thou shalt not kill\" is one thing, but what about the thoughts themselves on the subject?<\/p>\n\n\n\n<h2 class=\"wp-block-heading\"><span class=\"ez-toc-section\" id=\"Czy_mysli_samobojcze_to_grzech_ciezki\"><\/span><strong>Are suicidal thoughts a grave sin<\/strong><span class=\"ez-toc-section-end\"><\/span><\/h2>\n\n\n\n<p>Thoughts about death - often also the one from own hands - trouble almost every person. They may be triggered by a train of thought, a suitably complicated life situation, or simply by an external inspiration. As long as they do not appear in an intentional form, recalled constantly and deliberately, there is no question of mortal sin. What direction their presence will take is another matter.<\/p>\n\n\n\n<p>Mocno wierz\u0105cy w mi\u0142osierdzie Boga katolik, jest w stanie wykorzysta\u0107 t\u0119 sytuacj\u0119 po to, aby jeszcze mocniej zbli\u017cy\u0107 si\u0119 do Chrystusa. Poprzez modlitw\u0119, powierzenie siebie w Jego r\u0119ce, a tak\u017ce koncentracj\u0119 na w\u0142asnej, ziemskiej misji i czynieniu dobra. Jednak o tym czy my\u015bli samob\u00f3jcze to grzech, decyduje w du\u017cej mierze podej\u015bcie i zachowanie danej jednostki.<\/p>\n\n\n\n<h2 class=\"wp-block-heading\"><span class=\"ez-toc-section\" id=\"Warto_sie_wyspowiadac\"><\/span><strong>It's worth confessing<\/strong><span class=\"ez-toc-section-end\"><\/span><\/h2>\n\n\n\n<p>Of course, in many cases there is no such necessity, but even if we are far from ending up in the form of an attempt on our life, it is worth talking about our thoughts with someone. Such a person can be a confessor who will assess in a conversation what consequences the whole situation has. Surely, this will also clear many doubts and at least partially close the way to similar problems in the future. During a visit to the confessional you can learn everything you need to know about whether suicide is a sin. It is always a good idea to react very quickly and decisively when suicidal thoughts arise. <\/p>\n\n\n\n<p>Is it a sin? In many cases not, but deliberately returning to the subject and stimulating your imagination in this direction is undoubtedly a sin. It is worth talking about it with a priest, and above all, start praying more and asking for grace in your search for the meaning of life.<\/p>","protected":false},"excerpt":{"rendered":"<p>Zar\u00f3wno m\u0142odzi ludzie, jak i starsze osoby musz\u0105 mierzy\u0107 si\u0119 w swoim \u017cyciu z wieloma przeciwno\u015bciami. Otaczaj\u0105 nas te\u017c przer\u00f3\u017cne obrazy, z czego bardzo wiele z nich dotyczy \u015bmierci, z\u0142a, pora\u017cki. Niestety, koleje losu bardzo cz\u0119sto prowadz\u0105 do trudnych przemy\u015ble\u0144. Czy my\u015bli samob\u00f3jcze to grzech? Jak nale\u017cy ich unika\u0107 i co zrobi\u0107, aby w og\u00f3le &hellip;<\/p>","protected":false},"author":1,"featured_media":1946,"comment_status":"closed","ping_status":"closed","sticky":false,"template":"","format":"standard","meta":{"footnotes":""},"categories":[150],"tags":[],"class_list":["post-1945","post","type-post","status-publish","format-standard","has-post-thumbnail","hentry","category-grzech"],"yoast_head":"<!-- This site is optimized with the Yoast SEO plugin v27.4 - https:\/\/yoast.com\/product\/yoast-seo-wordpress\/ -->\n<title>My\u015bli samob\u00f3jcze. Czy to grzech? - Chrystus<\/title>\n<meta name=\"description\" content=\"Zar\u00f3wno m\u0142odzi ludzie, jak i starsze osoby musz\u0105 mierzy\u0107 si\u0119 w swoim \u017cyciu z wieloma przeciwno\u015bciami. Otaczaj\u0105 nas te\u017c przer\u00f3\u017cne obrazy, z czego bardzo\" \/>\n<meta name=\"robots\" content=\"index, follow, max-snippet:-1, max-image-preview:large, max-video-preview:-1\" \/>\n<link rel=\"canonical\" href=\"https:\/\/chrystus.pl\/en\/suicidal-thoughts-what-a-sin\/\" \/>\n<meta property=\"og:locale\" content=\"en_US\" \/>\n<meta property=\"og:type\" content=\"article\" \/>\n<meta property=\"og:title\" content=\"My\u015bli samob\u00f3jcze. Czy to grzech?\" \/>\n<meta property=\"og:description\" content=\"W przypadku skutecznego czynu owocuj\u0105cego targni\u0119ciem si\u0119 na w\u0142asne \u017cycie, trzeba zdawa\u0107 sobie spraw\u0119, \u017ce ca\u0142o\u015b\u0107 jest automatycznie kwalifikowana jako grzech\" \/>\n<meta property=\"og:url\" content=\"https:\/\/chrystus.pl\/en\/suicidal-thoughts-what-a-sin\/\" \/>\n<meta property=\"og:site_name\" content=\"Chrystus\" \/>\n<meta property=\"article:published_time\" content=\"2021-01-19T09:45:20+00:00\" \/>\n<meta property=\"article:modified_time\" content=\"2021-01-19T09:45:26+00:00\" \/>\n<meta property=\"og:image\" content=\"https:\/\/chrystus.pl\/wp-content\/uploads\/2021\/01\/Mys\u0301li-samobo\u0301jcze.-Czy-to-grzech.jpg\" \/>\n\t<meta property=\"og:image:width\" content=\"640\" \/>\n\t<meta property=\"og:image:height\" content=\"426\" \/>\n\t<meta property=\"og:image:type\" content=\"image\/jpeg\" \/>\n<meta name=\"author\" content=\"Samarytanka\" \/>\n<meta name=\"twitter:card\" content=\"summary_large_image\" \/>\n<meta name=\"twitter:title\" content=\"My\u015bli samob\u00f3jcze. Czy to grzech?\" \/>\n<meta name=\"twitter:description\" content=\"W przypadku skutecznego czynu owocuj\u0105cego targni\u0119ciem si\u0119 na w\u0142asne \u017cycie, trzeba zdawa\u0107 sobie spraw\u0119, \u017ce ca\u0142o\u015b\u0107 jest automatycznie kwalifikowana jako grzech\" \/>\n<meta name=\"twitter:image\" content=\"https:\/\/chrystus.pl\/wp-content\/uploads\/2021\/01\/Mys\u0301li-samobo\u0301jcze.-Czy-to-grzech.jpg\" \/>\n<meta name=\"twitter:label1\" content=\"Written by\" \/>\n\t<meta name=\"twitter:data1\" content=\"Samarytanka\" \/>\n\t<meta name=\"twitter:label2\" content=\"Est. reading time\" \/>\n\t<meta name=\"twitter:data2\" content=\"2 minutes\" \/>\n<!-- \/ Yoast SEO plugin. -->","yoast_head_json":{"title":"Suicidal thoughts. Is it a sin? - Christ","description":"Both young and old people have to face many adversities in their lives. We are also surrounded by various images, of which very","robots":{"index":"index","follow":"follow","max-snippet":"max-snippet:-1","max-image-preview":"max-image-preview:large","max-video-preview":"max-video-preview:-1"},"canonical":"https:\/\/chrystus.pl\/en\/suicidal-thoughts-what-a-sin\/","og_locale":"en_US","og_type":"article","og_title":"My\u015bli samob\u00f3jcze. Czy to grzech?","og_description":"W przypadku skutecznego czynu owocuj\u0105cego targni\u0119ciem si\u0119 na w\u0142asne \u017cycie, trzeba zdawa\u0107 sobie spraw\u0119, \u017ce ca\u0142o\u015b\u0107 jest automatycznie kwalifikowana jako grzech","og_url":"https:\/\/chrystus.pl\/en\/suicidal-thoughts-what-a-sin\/","og_site_name":"Chrystus","article_published_time":"2021-01-19T09:45:20+00:00","article_modified_time":"2021-01-19T09:45:26+00:00","og_image":[{"width":640,"height":426,"url":"https:\/\/chrystus.pl\/wp-content\/uploads\/2021\/01\/Mys\u0301li-samobo\u0301jcze.-Czy-to-grzech.jpg","type":"image\/jpeg"}],"author":"Samarytanka","twitter_card":"summary_large_image","twitter_title":"My\u015bli samob\u00f3jcze. Czy to grzech?","twitter_description":"W przypadku skutecznego czynu owocuj\u0105cego targni\u0119ciem si\u0119 na w\u0142asne \u017cycie, trzeba zdawa\u0107 sobie spraw\u0119, \u017ce ca\u0142o\u015b\u0107 jest automatycznie kwalifikowana jako grzech","twitter_image":"https:\/\/chrystus.pl\/wp-content\/uploads\/2021\/01\/Mys\u0301li-samobo\u0301jcze.-Czy-to-grzech.jpg","twitter_misc":{"Written by":"Samarytanka","Est. reading time":"2 minutes"},"schema":{"@context":"https:\/\/schema.org","@graph":[{"@type":"Article","@id":"https:\/\/chrystus.pl\/mysli-samobojcze-czy-to-grzech\/#article","isPartOf":{"@id":"https:\/\/chrystus.pl\/mysli-samobojcze-czy-to-grzech\/"},"author":{"name":"Samarytanka","@id":"https:\/\/chrystus.pl\/#\/schema\/person\/e2e742452b8b7b2bcd23ea180671d27a"},"headline":"My\u015bli samob\u00f3jcze. Czy to grzech?","datePublished":"2021-01-19T09:45:20+00:00","dateModified":"2021-01-19T09:45:26+00:00","mainEntityOfPage":{"@id":"https:\/\/chrystus.pl\/mysli-samobojcze-czy-to-grzech\/"},"wordCount":514,"publisher":{"@id":"https:\/\/chrystus.pl\/#organization"},"image":{"@id":"https:\/\/chrystus.pl\/mysli-samobojcze-czy-to-grzech\/#primaryimage"},"thumbnailUrl":"https:\/\/chrystus.pl\/wp-content\/uploads\/2021\/01\/Mys\u0301li-samobo\u0301jcze.-Czy-to-grzech.jpg","articleSection":["Grzech"],"inLanguage":"en-US"},{"@type":"WebPage","@id":"https:\/\/chrystus.pl\/mysli-samobojcze-czy-to-grzech\/","url":"https:\/\/chrystus.pl\/mysli-samobojcze-czy-to-grzech\/","name":"Suicidal thoughts. Is it a sin? - Christ","isPartOf":{"@id":"https:\/\/chrystus.pl\/#website"},"primaryImageOfPage":{"@id":"https:\/\/chrystus.pl\/mysli-samobojcze-czy-to-grzech\/#primaryimage"},"image":{"@id":"https:\/\/chrystus.pl\/mysli-samobojcze-czy-to-grzech\/#primaryimage"},"thumbnailUrl":"https:\/\/chrystus.pl\/wp-content\/uploads\/2021\/01\/Mys\u0301li-samobo\u0301jcze.-Czy-to-grzech.jpg","datePublished":"2021-01-19T09:45:20+00:00","dateModified":"2021-01-19T09:45:26+00:00","description":"Both young and old people have to face many adversities in their lives. We are also surrounded by various images, of which very","breadcrumb":{"@id":"https:\/\/chrystus.pl\/mysli-samobojcze-czy-to-grzech\/#breadcrumb"},"inLanguage":"en-US","potentialAction":[{"@type":"ReadAction","target":["https:\/\/chrystus.pl\/mysli-samobojcze-czy-to-grzech\/"]}]},{"@type":"ImageObject","inLanguage":"en-US","@id":"https:\/\/chrystus.pl\/mysli-samobojcze-czy-to-grzech\/#primaryimage","url":"https:\/\/chrystus.pl\/wp-content\/uploads\/2021\/01\/Mys\u0301li-samobo\u0301jcze.-Czy-to-grzech.jpg","contentUrl":"https:\/\/chrystus.pl\/wp-content\/uploads\/2021\/01\/Mys\u0301li-samobo\u0301jcze.-Czy-to-grzech.jpg","width":640,"height":426,"caption":"Zar\u00f3wno m\u0142odzi ludzie, jak i starsze osoby musz\u0105 mierzy\u0107 si\u0119 w swoim \u017cyciu z wieloma przeciwno\u015bciami."},{"@type":"BreadcrumbList","@id":"https:\/\/chrystus.pl\/mysli-samobojcze-czy-to-grzech\/#breadcrumb","itemListElement":[{"@type":"ListItem","position":1,"name":"Strona g\u0142\u00f3wna","item":"https:\/\/chrystus.pl\/"},{"@type":"ListItem","position":2,"name":"My\u015bli samob\u00f3jcze. Czy to grzech?"}]},{"@type":"WebSite","@id":"https:\/\/chrystus.pl\/#website","url":"https:\/\/chrystus.pl\/","name":"Christ","description":"God, Mary, Jesus, Communion and more","publisher":{"@id":"https:\/\/chrystus.pl\/#organization"},"potentialAction":[{"@type":"SearchAction","target":{"@type":"EntryPoint","urlTemplate":"https:\/\/chrystus.pl\/?s={search_term_string}"},"query-input":{"@type":"PropertyValueSpecification","valueRequired":true,"valueName":"search_term_string"}}],"inLanguage":"en-US"},{"@type":"Organization","@id":"https:\/\/chrystus.pl\/#organization","name":"Christ.pl","url":"https:\/\/chrystus.pl\/","logo":{"@type":"ImageObject","inLanguage":"en-US","@id":"https:\/\/chrystus.pl\/#\/schema\/logo\/image\/","url":"https:\/\/chrystus.pl\/wp-content\/uploads\/2019\/03\/chrystus-bog-maryja-komunia-bierzmowanie.jpg","contentUrl":"https:\/\/chrystus.pl\/wp-content\/uploads\/2019\/03\/chrystus-bog-maryja-komunia-bierzmowanie.jpg","width":1920,"height":1280,"caption":"Chrystus.pl"},"image":{"@id":"https:\/\/chrystus.pl\/#\/schema\/logo\/image\/"}},{"@type":"Person","@id":"https:\/\/chrystus.pl\/#\/schema\/person\/e2e742452b8b7b2bcd23ea180671d27a","name":"Samaritan woman"}]}},"_links":{"self":[{"href":"https:\/\/chrystus.pl\/en\/wp-json\/wp\/v2\/posts\/1945","targetHints":{"allow":["GET"]}}],"collection":[{"href":"https:\/\/chrystus.pl\/en\/wp-json\/wp\/v2\/posts"}],"about":[{"href":"https:\/\/chrystus.pl\/en\/wp-json\/wp\/v2\/types\/post"}],"author":[{"embeddable":true,"href":"https:\/\/chrystus.pl\/en\/wp-json\/wp\/v2\/users\/1"}],"replies":[{"embeddable":true,"href":"https:\/\/chrystus.pl\/en\/wp-json\/wp\/v2\/comments?post=1945"}],"version-history":[{"count":0,"href":"https:\/\/chrystus.pl\/en\/wp-json\/wp\/v2\/posts\/1945\/revisions"}],"wp:featuredmedia":[{"embeddable":true,"href":"https:\/\/chrystus.pl\/en\/wp-json\/wp\/v2\/media\/1946"}],"wp:attachment":[{"href":"https:\/\/chrystus.pl\/en\/wp-json\/wp\/v2\/media?parent=1945"}],"wp:term":[{"taxonomy":"category","embeddable":true,"href":"https:\/\/chrystus.pl\/en\/wp-json\/wp\/v2\/categories?post=1945"},{"taxonomy":"post_tag","embeddable":true,"href":"https:\/\/chrystus.pl\/en\/wp-json\/wp\/v2\/tags?post=1945"}],"curies":[{"name":"wp","href":"https:\/\/api.w.org\/{rel}","templated":true}]}}