{"id":2103,"date":"2021-06-23T05:31:41","date_gmt":"2021-06-23T05:31:41","guid":{"rendered":"https:\/\/chrystus.pl\/?p=2103"},"modified":"2021-06-23T05:36:24","modified_gmt":"2021-06-23T05:36:24","slug":"w-ktorym-roku-urodzil-sie-jezus","status":"publish","type":"post","link":"https:\/\/chrystus.pl\/en\/w-ktorym-roku-urodzil-sie-jezus\/","title":{"rendered":"How tall was Jesus?"},"content":{"rendered":"<p>It's hard to say, because there are no paintings or sculptures from this period depicting the growth of Jesus.<\/p>\n\n\n\n<p>Many historians believe that Jesus, based on Old Testament passages and Jewish tradition, was between 5-foot-6 and 5-foot-8 at the time of his death. However, while being physically short in our era is not uncommon (in fact, some 23% people are shorter than we are), it would have been rare in Jesus' time - even if there is little evidence of what he actually looked like. He may also have been taller than we think, since he came from the royal line of David, which was known for its more substantial stature.<\/p>\n\n\n\n<p>The Jews who settled in Rome centuries after the life of Jesus were, again, usually six feet tall if they were men.<\/p>\n\n\n\n<p>Jesus is often depicted as tall. However, some depictions of Jesus differ - in some paintings he is shorter and more stocky than in modern interpretations, or he is depicted as extremely tall with a halo over his head. It is difficult to say which portrait is the correct one, since there are so many differences in the appearance of Jesus even within works of art depicting the story of the same narrative event.<\/p>","protected":false},"excerpt":{"rendered":"<p>It's hard to say, because there are no paintings or sculptures from this period depicting Jesus' height. Many historians believe that Jesus, based on Old Testament passages and Jewish tradition, was between 5-foot-6 and 5-foot-8 at the time of his death. However, while being physically short in our era is not uncommon (in fact ...<\/p>","protected":false},"author":1,"featured_media":0,"comment_status":"closed","ping_status":"closed","sticky":false,"template":"","format":"standard","meta":{"footnotes":""},"categories":[61],"tags":[],"class_list":["post-2103","post","type-post","status-publish","format-standard","hentry","category-chrystus"],"yoast_head":"<!-- This site is optimized with the Yoast SEO plugin v27.4 - https:\/\/yoast.com\/product\/yoast-seo-wordpress\/ -->\n<title>Jak wysoki by\u0142 Jezus? - Chrystus<\/title>\n<meta name=\"description\" content=\"Trudno powiedzie\u0107, bo z tego okresu nie ma \u017cadnych obraz\u00f3w ani rze\u017ab przedstawiaj\u0105cych wzrost Jezusa. Wielu historyk\u00f3w uwa\u017ca, \u017ce Jezus, opieraj\u0105c si\u0119 na\" \/>\n<meta name=\"robots\" content=\"index, follow, max-snippet:-1, max-image-preview:large, max-video-preview:-1\" \/>\n<link rel=\"canonical\" href=\"https:\/\/chrystus.pl\/en\/in-which-year-jeus-was-born\/\" \/>\n<meta property=\"og:locale\" content=\"en_US\" \/>\n<meta property=\"og:type\" content=\"article\" \/>\n<meta property=\"og:title\" content=\"Jak wysoki by\u0142 Jezus? - Chrystus\" \/>\n<meta property=\"og:description\" content=\"Trudno powiedzie\u0107, bo z tego okresu nie ma \u017cadnych obraz\u00f3w ani rze\u017ab przedstawiaj\u0105cych wzrost Jezusa. Wielu historyk\u00f3w uwa\u017ca, \u017ce Jezus, opieraj\u0105c si\u0119 na\" \/>\n<meta property=\"og:url\" content=\"https:\/\/chrystus.pl\/en\/in-which-year-jeus-was-born\/\" \/>\n<meta property=\"og:site_name\" content=\"Chrystus\" \/>\n<meta property=\"article:published_time\" content=\"2021-06-23T05:31:41+00:00\" \/>\n<meta property=\"article:modified_time\" content=\"2021-06-23T05:36:24+00:00\" \/>\n<meta name=\"author\" content=\"Samarytanka\" \/>\n<meta name=\"twitter:card\" content=\"summary_large_image\" \/>\n<meta name=\"twitter:label1\" content=\"Written by\" \/>\n\t<meta name=\"twitter:data1\" content=\"Samarytanka\" \/>\n\t<meta name=\"twitter:label2\" content=\"Est. reading time\" \/>\n\t<meta name=\"twitter:data2\" content=\"1 minute\" \/>\n<!-- \/ Yoast SEO plugin. -->","yoast_head_json":{"title":"How tall was Jesus? - Christ","description":"It's hard to say because there are no paintings or sculptures from this period that depict Jesus' growth. Many historians believe that Jesus, based on","robots":{"index":"index","follow":"follow","max-snippet":"max-snippet:-1","max-image-preview":"max-image-preview:large","max-video-preview":"max-video-preview:-1"},"canonical":"https:\/\/chrystus.pl\/en\/in-which-year-jeus-was-born\/","og_locale":"en_US","og_type":"article","og_title":"Jak wysoki by\u0142 Jezus? - Chrystus","og_description":"Trudno powiedzie\u0107, bo z tego okresu nie ma \u017cadnych obraz\u00f3w ani rze\u017ab przedstawiaj\u0105cych wzrost Jezusa. Wielu historyk\u00f3w uwa\u017ca, \u017ce Jezus, opieraj\u0105c si\u0119 na","og_url":"https:\/\/chrystus.pl\/en\/in-which-year-jeus-was-born\/","og_site_name":"Chrystus","article_published_time":"2021-06-23T05:31:41+00:00","article_modified_time":"2021-06-23T05:36:24+00:00","author":"Samarytanka","twitter_card":"summary_large_image","twitter_misc":{"Written by":"Samarytanka","Est. reading time":"1 minute"},"schema":{"@context":"https:\/\/schema.org","@graph":[{"@type":"Article","@id":"https:\/\/chrystus.pl\/ko-kr\/%ec%96%b4%eb%8a%90-%ed%95%b4%ec%97%90-%ec%98%88%ec%88%98%ea%b0%80-%ed%83%9c%ec%96%b4%eb%82%ac%eb%8a%94%ec%a7%80\/#article","isPartOf":{"@id":"https:\/\/chrystus.pl\/ko-kr\/%ec%96%b4%eb%8a%90-%ed%95%b4%ec%97%90-%ec%98%88%ec%88%98%ea%b0%80-%ed%83%9c%ec%96%b4%eb%82%ac%eb%8a%94%ec%a7%80\/"},"author":{"name":"Samarytanka","@id":"https:\/\/chrystus.pl\/#\/schema\/person\/e2e742452b8b7b2bcd23ea180671d27a"},"headline":"Jak wysoki by\u0142 Jezus?","datePublished":"2021-06-23T05:31:41+00:00","dateModified":"2021-06-23T05:36:24+00:00","mainEntityOfPage":{"@id":"https:\/\/chrystus.pl\/ko-kr\/%ec%96%b4%eb%8a%90-%ed%95%b4%ec%97%90-%ec%98%88%ec%88%98%ea%b0%80-%ed%83%9c%ec%96%b4%eb%82%ac%eb%8a%94%ec%a7%80\/"},"wordCount":228,"publisher":{"@id":"https:\/\/chrystus.pl\/#organization"},"articleSection":["Chrystus"],"inLanguage":"en-US"},{"@type":"WebPage","@id":"https:\/\/chrystus.pl\/ko-kr\/%ec%96%b4%eb%8a%90-%ed%95%b4%ec%97%90-%ec%98%88%ec%88%98%ea%b0%80-%ed%83%9c%ec%96%b4%eb%82%ac%eb%8a%94%ec%a7%80\/","url":"https:\/\/chrystus.pl\/ko-kr\/%ec%96%b4%eb%8a%90-%ed%95%b4%ec%97%90-%ec%98%88%ec%88%98%ea%b0%80-%ed%83%9c%ec%96%b4%eb%82%ac%eb%8a%94%ec%a7%80\/","name":"How tall was Jesus? - Christ","isPartOf":{"@id":"https:\/\/chrystus.pl\/#website"},"datePublished":"2021-06-23T05:31:41+00:00","dateModified":"2021-06-23T05:36:24+00:00","description":"It's hard to say because there are no paintings or sculptures from this period that depict Jesus' growth. Many historians believe that Jesus, based on","breadcrumb":{"@id":"https:\/\/chrystus.pl\/ko-kr\/%ec%96%b4%eb%8a%90-%ed%95%b4%ec%97%90-%ec%98%88%ec%88%98%ea%b0%80-%ed%83%9c%ec%96%b4%eb%82%ac%eb%8a%94%ec%a7%80\/#breadcrumb"},"inLanguage":"en-US","potentialAction":[{"@type":"ReadAction","target":["https:\/\/chrystus.pl\/ko-kr\/%ec%96%b4%eb%8a%90-%ed%95%b4%ec%97%90-%ec%98%88%ec%88%98%ea%b0%80-%ed%83%9c%ec%96%b4%eb%82%ac%eb%8a%94%ec%a7%80\/"]}]},{"@type":"BreadcrumbList","@id":"https:\/\/chrystus.pl\/ko-kr\/%ec%96%b4%eb%8a%90-%ed%95%b4%ec%97%90-%ec%98%88%ec%88%98%ea%b0%80-%ed%83%9c%ec%96%b4%eb%82%ac%eb%8a%94%ec%a7%80\/#breadcrumb","itemListElement":[{"@type":"ListItem","position":1,"name":"Strona g\u0142\u00f3wna","item":"https:\/\/chrystus.pl\/"},{"@type":"ListItem","position":2,"name":"Jak wysoki by\u0142 Jezus?"}]},{"@type":"WebSite","@id":"https:\/\/chrystus.pl\/#website","url":"https:\/\/chrystus.pl\/","name":"Christ","description":"God, Mary, Jesus, Communion and more","publisher":{"@id":"https:\/\/chrystus.pl\/#organization"},"potentialAction":[{"@type":"SearchAction","target":{"@type":"EntryPoint","urlTemplate":"https:\/\/chrystus.pl\/?s={search_term_string}"},"query-input":{"@type":"PropertyValueSpecification","valueRequired":true,"valueName":"search_term_string"}}],"inLanguage":"en-US"},{"@type":"Organization","@id":"https:\/\/chrystus.pl\/#organization","name":"Christ.pl","url":"https:\/\/chrystus.pl\/","logo":{"@type":"ImageObject","inLanguage":"en-US","@id":"https:\/\/chrystus.pl\/#\/schema\/logo\/image\/","url":"https:\/\/chrystus.pl\/wp-content\/uploads\/2019\/03\/chrystus-bog-maryja-komunia-bierzmowanie.jpg","contentUrl":"https:\/\/chrystus.pl\/wp-content\/uploads\/2019\/03\/chrystus-bog-maryja-komunia-bierzmowanie.jpg","width":1920,"height":1280,"caption":"Chrystus.pl"},"image":{"@id":"https:\/\/chrystus.pl\/#\/schema\/logo\/image\/"}},{"@type":"Person","@id":"https:\/\/chrystus.pl\/#\/schema\/person\/e2e742452b8b7b2bcd23ea180671d27a","name":"Samaritan woman"}]}},"_links":{"self":[{"href":"https:\/\/chrystus.pl\/en\/wp-json\/wp\/v2\/posts\/2103","targetHints":{"allow":["GET"]}}],"collection":[{"href":"https:\/\/chrystus.pl\/en\/wp-json\/wp\/v2\/posts"}],"about":[{"href":"https:\/\/chrystus.pl\/en\/wp-json\/wp\/v2\/types\/post"}],"author":[{"embeddable":true,"href":"https:\/\/chrystus.pl\/en\/wp-json\/wp\/v2\/users\/1"}],"replies":[{"embeddable":true,"href":"https:\/\/chrystus.pl\/en\/wp-json\/wp\/v2\/comments?post=2103"}],"version-history":[{"count":0,"href":"https:\/\/chrystus.pl\/en\/wp-json\/wp\/v2\/posts\/2103\/revisions"}],"wp:attachment":[{"href":"https:\/\/chrystus.pl\/en\/wp-json\/wp\/v2\/media?parent=2103"}],"wp:term":[{"taxonomy":"category","embeddable":true,"href":"https:\/\/chrystus.pl\/en\/wp-json\/wp\/v2\/categories?post=2103"},{"taxonomy":"post_tag","embeddable":true,"href":"https:\/\/chrystus.pl\/en\/wp-json\/wp\/v2\/tags?post=2103"}],"curies":[{"name":"wp","href":"https:\/\/api.w.org\/{rel}","templated":true}]}}