{"id":2132,"date":"2021-09-21T05:23:34","date_gmt":"2021-09-21T05:23:34","guid":{"rendered":"https:\/\/chrystus.pl\/?p=2132"},"modified":"2021-09-21T05:26:58","modified_gmt":"2021-09-21T05:26:58","slug":"dlaczego-msza-7-dni-po-smierci-2","status":"publish","type":"post","link":"https:\/\/chrystus.pl\/en\/dlaczego-msza-7-dni-po-smierci-2\/","title":{"rendered":"Is it possible to recite the breviary sitting down?"},"content":{"rendered":"<p>Some of us, perhaps even your friends, pray the breviary prayer regularly. It is made up of several parts, regularly repeated each day. It is connected to the Liturgy of the Hours, so the individual parts of the prayer must be recited at specific times. But is it necessary to kneel all the time? Is it possible to recite the breviary sitting down?<\/p>\n\n\n\n<p>Let's start from the fact that one can pray in any place and at any time - on the way to school, before going to bed, in church. There are no specific rules of \"praying more effectively\" if it is done on one's knees in front of a holy picture. Everything depends on the attitude of the heart. If it is open to God, His action and His Word, a person may as well stand, sit, lie down or kneel.<\/p>\n\n\n\n<p>The same is true of the breviary. It can be recited sitting down, although standing up is recommended for certain parts. In addition, it is advisable to take part in some of the services as a group, in church. <a href=\"https:\/\/chrystus.pl\/en\/modlitwa-ktora-zawsze-pomaga\/\">Helps<\/a> This in concentration and entry into the character of the liturgy. However, it is not an obligation. Therefore, if you are wondering whether it is possible to recite the breviary sitting down, the answer is simple - yes, you can.<\/p>","protected":false},"excerpt":{"rendered":"<p>Cz\u0119\u015b\u0107 z nas, by\u0107 mo\u017ce nawet Twoi znajomi, modl\u0105 si\u0119 regularnie modlitw\u0105 brewiarzow\u0105. Sk\u0142ada si\u0119 ona z kilku element\u00f3w, regularnie powtarzaj\u0105cych si\u0119 ka\u017cdego dnia. Jest powi\u0105zana z liturgi\u0105 godzin, dlatego poszczeg\u00f3lne cz\u0119\u015bci modlitwy nale\u017cy odmawia\u0107 w okre\u015blonych porach. Czy jednak ca\u0142y czas trzeba kl\u0119cze\u0107? Czy mo\u017cna odmawia\u0107 brewiarz na siedz\u0105co? Zacznijmy od tego, \u017ce modli\u0107 &hellip;<\/p>","protected":false},"author":1,"featured_media":0,"comment_status":"closed","ping_status":"closed","sticky":false,"template":"","format":"standard","meta":{"footnotes":""},"categories":[33],"tags":[],"class_list":["post-2132","post","type-post","status-publish","format-standard","hentry","category-kosciol"],"yoast_head":"<!-- This site is optimized with the Yoast SEO plugin v27.5 - https:\/\/yoast.com\/product\/yoast-seo-wordpress\/ -->\n<title>Czy mo\u017cna odmawia\u0107 brewiarz na siedz\u0105co? - Chrystus<\/title>\n<meta name=\"description\" content=\"Cz\u0119\u015b\u0107 z nas, by\u0107 mo\u017ce nawet Twoi znajomi, modl\u0105 si\u0119 regularnie modlitw\u0105 brewiarzow\u0105. Sk\u0142ada si\u0119 ona z kilku element\u00f3w, regularnie powtarzaj\u0105cych si\u0119\" \/>\n<meta name=\"robots\" content=\"index, follow, max-snippet:-1, max-image-preview:large, max-video-preview:-1\" \/>\n<link rel=\"canonical\" href=\"https:\/\/chrystus.pl\/en\/why-mass-7-days-after-death-2\/\" \/>\n<meta property=\"og:locale\" content=\"en_US\" \/>\n<meta property=\"og:type\" content=\"article\" \/>\n<meta property=\"og:title\" content=\"Czy mo\u017cna odmawia\u0107 brewiarz na siedz\u0105co? - Chrystus\" \/>\n<meta property=\"og:description\" content=\"Cz\u0119\u015b\u0107 z nas, by\u0107 mo\u017ce nawet Twoi znajomi, modl\u0105 si\u0119 regularnie modlitw\u0105 brewiarzow\u0105. Sk\u0142ada si\u0119 ona z kilku element\u00f3w, regularnie powtarzaj\u0105cych si\u0119\" \/>\n<meta property=\"og:url\" content=\"https:\/\/chrystus.pl\/en\/why-mass-7-days-after-death-2\/\" \/>\n<meta property=\"og:site_name\" content=\"Chrystus\" \/>\n<meta property=\"article:published_time\" content=\"2021-09-21T05:23:34+00:00\" \/>\n<meta property=\"article:modified_time\" content=\"2021-09-21T05:26:58+00:00\" \/>\n<meta name=\"author\" content=\"Samarytanka\" \/>\n<meta name=\"twitter:card\" content=\"summary_large_image\" \/>\n<meta name=\"twitter:label1\" content=\"Written by\" \/>\n\t<meta name=\"twitter:data1\" content=\"Samarytanka\" \/>\n\t<meta name=\"twitter:label2\" content=\"Est. reading time\" \/>\n\t<meta name=\"twitter:data2\" content=\"1 minute\" \/>\n<!-- \/ Yoast SEO plugin. -->","yoast_head_json":{"title":"Is it possible to recite the breviary sitting down? - Christ","description":"Some of us, perhaps even your friends, pray the breviary prayer regularly. It consists of several elements, regularly repeated","robots":{"index":"index","follow":"follow","max-snippet":"max-snippet:-1","max-image-preview":"max-image-preview:large","max-video-preview":"max-video-preview:-1"},"canonical":"https:\/\/chrystus.pl\/en\/why-mass-7-days-after-death-2\/","og_locale":"en_US","og_type":"article","og_title":"Czy mo\u017cna odmawia\u0107 brewiarz na siedz\u0105co? - Chrystus","og_description":"Cz\u0119\u015b\u0107 z nas, by\u0107 mo\u017ce nawet Twoi znajomi, modl\u0105 si\u0119 regularnie modlitw\u0105 brewiarzow\u0105. Sk\u0142ada si\u0119 ona z kilku element\u00f3w, regularnie powtarzaj\u0105cych si\u0119","og_url":"https:\/\/chrystus.pl\/en\/why-mass-7-days-after-death-2\/","og_site_name":"Chrystus","article_published_time":"2021-09-21T05:23:34+00:00","article_modified_time":"2021-09-21T05:26:58+00:00","author":"Samarytanka","twitter_card":"summary_large_image","twitter_misc":{"Written by":"Samarytanka","Est. reading time":"1 minute"},"schema":{"@context":"https:\/\/schema.org","@graph":[{"@type":"Article","@id":"https:\/\/chrystus.pl\/dlaczego-msza-7-dni-po-smierci-2\/#article","isPartOf":{"@id":"https:\/\/chrystus.pl\/dlaczego-msza-7-dni-po-smierci-2\/"},"author":{"name":"Samarytanka","@id":"https:\/\/chrystus.pl\/#\/schema\/person\/e2e742452b8b7b2bcd23ea180671d27a"},"headline":"Czy mo\u017cna odmawia\u0107 brewiarz na siedz\u0105co?","datePublished":"2021-09-21T05:23:34+00:00","dateModified":"2021-09-21T05:26:58+00:00","mainEntityOfPage":{"@id":"https:\/\/chrystus.pl\/dlaczego-msza-7-dni-po-smierci-2\/"},"wordCount":220,"publisher":{"@id":"https:\/\/chrystus.pl\/#organization"},"articleSection":["Ko\u015bci\u00f3\u0142"],"inLanguage":"en-US"},{"@type":"WebPage","@id":"https:\/\/chrystus.pl\/dlaczego-msza-7-dni-po-smierci-2\/","url":"https:\/\/chrystus.pl\/dlaczego-msza-7-dni-po-smierci-2\/","name":"Is it possible to recite the breviary sitting down? - Christ","isPartOf":{"@id":"https:\/\/chrystus.pl\/#website"},"datePublished":"2021-09-21T05:23:34+00:00","dateModified":"2021-09-21T05:26:58+00:00","description":"Some of us, perhaps even your friends, pray the breviary prayer regularly. It consists of several elements, regularly repeated","breadcrumb":{"@id":"https:\/\/chrystus.pl\/dlaczego-msza-7-dni-po-smierci-2\/#breadcrumb"},"inLanguage":"en-US","potentialAction":[{"@type":"ReadAction","target":["https:\/\/chrystus.pl\/dlaczego-msza-7-dni-po-smierci-2\/"]}]},{"@type":"BreadcrumbList","@id":"https:\/\/chrystus.pl\/dlaczego-msza-7-dni-po-smierci-2\/#breadcrumb","itemListElement":[{"@type":"ListItem","position":1,"name":"Strona g\u0142\u00f3wna","item":"https:\/\/chrystus.pl\/"},{"@type":"ListItem","position":2,"name":"Czy mo\u017cna odmawia\u0107 brewiarz na siedz\u0105co?"}]},{"@type":"WebSite","@id":"https:\/\/chrystus.pl\/#website","url":"https:\/\/chrystus.pl\/","name":"Christ","description":"God, Mary, Jesus, Communion and more","publisher":{"@id":"https:\/\/chrystus.pl\/#organization"},"potentialAction":[{"@type":"SearchAction","target":{"@type":"EntryPoint","urlTemplate":"https:\/\/chrystus.pl\/?s={search_term_string}"},"query-input":{"@type":"PropertyValueSpecification","valueRequired":true,"valueName":"search_term_string"}}],"inLanguage":"en-US"},{"@type":"Organization","@id":"https:\/\/chrystus.pl\/#organization","name":"Christ.pl","url":"https:\/\/chrystus.pl\/","logo":{"@type":"ImageObject","inLanguage":"en-US","@id":"https:\/\/chrystus.pl\/#\/schema\/logo\/image\/","url":"https:\/\/chrystus.pl\/wp-content\/uploads\/2019\/03\/chrystus-bog-maryja-komunia-bierzmowanie.jpg","contentUrl":"https:\/\/chrystus.pl\/wp-content\/uploads\/2019\/03\/chrystus-bog-maryja-komunia-bierzmowanie.jpg","width":1920,"height":1280,"caption":"Chrystus.pl"},"image":{"@id":"https:\/\/chrystus.pl\/#\/schema\/logo\/image\/"}},{"@type":"Person","@id":"https:\/\/chrystus.pl\/#\/schema\/person\/e2e742452b8b7b2bcd23ea180671d27a","name":"Samaritan woman"}]}},"_links":{"self":[{"href":"https:\/\/chrystus.pl\/en\/wp-json\/wp\/v2\/posts\/2132","targetHints":{"allow":["GET"]}}],"collection":[{"href":"https:\/\/chrystus.pl\/en\/wp-json\/wp\/v2\/posts"}],"about":[{"href":"https:\/\/chrystus.pl\/en\/wp-json\/wp\/v2\/types\/post"}],"author":[{"embeddable":true,"href":"https:\/\/chrystus.pl\/en\/wp-json\/wp\/v2\/users\/1"}],"replies":[{"embeddable":true,"href":"https:\/\/chrystus.pl\/en\/wp-json\/wp\/v2\/comments?post=2132"}],"version-history":[{"count":0,"href":"https:\/\/chrystus.pl\/en\/wp-json\/wp\/v2\/posts\/2132\/revisions"}],"wp:attachment":[{"href":"https:\/\/chrystus.pl\/en\/wp-json\/wp\/v2\/media?parent=2132"}],"wp:term":[{"taxonomy":"category","embeddable":true,"href":"https:\/\/chrystus.pl\/en\/wp-json\/wp\/v2\/categories?post=2132"},{"taxonomy":"post_tag","embeddable":true,"href":"https:\/\/chrystus.pl\/en\/wp-json\/wp\/v2\/tags?post=2132"}],"curies":[{"name":"wp","href":"https:\/\/api.w.org\/{rel}","templated":true}]}}