{"id":29,"date":"2019-03-24T23:56:35","date_gmt":"2019-03-24T23:56:35","guid":{"rendered":"https:\/\/chrystus.pl\/?p=29"},"modified":"2020-01-14T21:15:25","modified_gmt":"2020-01-14T21:15:25","slug":"co-bog-zlaczyl-czlowiek-niech-nie-rozdziela","status":"publish","type":"post","link":"https:\/\/chrystus.pl\/en\/co-bog-zlaczyl-czlowiek-niech-nie-rozdziela\/","title":{"rendered":"What God Joins Together, Man Shall Not Separate"},"content":{"rendered":"<p>Wtedy przyst\u0105pili do Niego <span id=\"urn:enhancement-bec5cf43\" class=\"textannotation disambiguated wl-other\" itemid=\"http:\/\/data.wordlift.io\/wl01857\/entity\/faryzeusze\">faryzeusze<\/span>, kt\u00f3rzy chcieli go wystawi\u0107 na pr\u00f3b\u0119, i zadali Mu pytanie: Czy wolno oddali\u0107 swoj\u0105 \u017con\u0119 z jakiegokolwiek powodu? On odpowiedzia\u0142: Czy nie czytali\u015bcie, \u017ce <span id=\"urn:enhancement-c866964b\" class=\"textannotation disambiguated wl-other\" itemid=\"http:\/\/data.wordlift.io\/wl01857\/entity\/stworca\">Stw\u00f3rca<\/span> od pocz\u0105tku stworzy\u0142 ich jako m\u0119\u017cczyzn\u0119 i kobiet\u0119?<\/p>\n<p>I rzek\u0142 <span id=\"urn:enhancement-5416ea48\" class=\"textannotation disambiguated wl-other\" itemid=\"http:\/\/data.wordlift.io\/wl01857\/entity\/postanowienie\">postanowienie<\/span>, \u017ce w\u0142a\u015bnie dlatego opu\u015bci swojego ojca i matk\u0119 i z\u0142\u0105czy si\u0119 ze swoj\u0105 \u017con\u0105, i b\u0119d\u0105 jednym <span id=\"urn:enhancement-ab64b2fa\" class=\"textannotation disambiguated wl-other\" itemid=\"http:\/\/data.wordlift.io\/wl01857\/entity\/cialo_ludzkie\">cia\u0142em<\/span>. Wi\u0119c s\u0105 ju\u017c nie dwoje, lecz jednym <span id=\"urn:enhancement-18f21139\" class=\"textannotation disambiguated wl-other\" itemid=\"http:\/\/data.wordlift.io\/wl01857\/entity\/cialo_ludzkie\">cia\u0142em<\/span>. \u00abCo wi\u0119c <span id=\"urn:enhancement-dd09e6b0\" class=\"textannotation disambiguated wl-other\" itemid=\"http:\/\/data.wordlift.io\/wl01378\/entity\/bog\">B\u00f3g<\/span> z\u0142\u0105czy\u0142, niech cz\u0142owiek nie rozdziela\u00bb [(Mt 19, 3-6)]<\/p>\n<p>W czasach konsumpcjonizmu, gdzie rodzin\u0119 coraz cz\u0119\u015bciej stawia si\u0119 na drugim albo nawet trzecim planie, coraz ci\u0119\u017cej zrozumie\u0107 prawdziwe znaczenie tych s\u0142\u00f3w. A przecie\u017c ka\u017cdy, a przynajmniej du\u017ca wi\u0119kszo\u015b\u0107 z nas, niejednokrotnie by\u0142a <span id=\"urn:enhancement-e50c6fe2\" class=\"textannotation disambiguated wl-other\" itemid=\"http:\/\/data.wordlift.io\/wl01857\/entity\/swiadek\">\u015bwiadkami<\/span> takiego zdania w trakcie ceremonii \u015blubnej. W tym momencie \u015blubu ka\u017cdy z nas zostaje powo\u0142any na <span id=\"urn:enhancement-38976632\" class=\"textannotation disambiguated wl-other\" itemid=\"http:\/\/data.wordlift.io\/wl01857\/entity\/swiadek\">\u015bwiadka<\/span>.<\/p>\n<p>S\u0142owa te potwierdzaj\u0105 nierozerwalno\u015b\u0107 zwi\u0105zku ma\u0142\u017ce\u0144skiego i <span id=\"urn:enhancement-4d57304b\" class=\"textannotation disambiguated wl-other\" itemid=\"http:\/\/data.wordlift.io\/wl01857\/entity\/przysiega\">przysi\u0119gi<\/span> z\u0142o\u017conej przed sob\u0105 i, co wa\u017cniejsze, przed <span id=\"urn:enhancement-bdf52e81\" class=\"textannotation disambiguated wl-other\" itemid=\"http:\/\/data.wordlift.io\/wl01378\/entity\/bog\">Bogiem<\/span>. Niestety, jak zosta\u0142o to ju\u017c wspomniane, wielu zapomina, a mo\u017ce nawet nie rozumie powagi danej <span id=\"urn:enhancement-98854e0a\" class=\"textannotation disambiguated wl-other\" itemid=\"http:\/\/data.wordlift.io\/wl01857\/entity\/przysiega\">przysi\u0119gi<\/span>.<\/p>\n<p>W dzisiejszych czasach szukamy coraz wi\u0119kszej ilo\u015bci furtek, prowadz\u0105cych do zako\u0144czenia ma\u0142\u017ce\u0144stwa, do uniewa\u017cnienia <span id=\"urn:enhancement-41868fcd\" class=\"textannotation disambiguated wl-other\" itemid=\"http:\/\/data.wordlift.io\/wl01857\/entity\/przysiega\">przysi\u0119gi<\/span> sk\u0142adanej przed o\u0142tarzem. W sprawach takich rozstrzyga <span id=\"urn:enhancement-779e933f\" class=\"textannotation disambiguated wl-other\" itemid=\"http:\/\/data.wordlift.io\/wl01857\/entity\/sad_koscielny\">s\u0105d ko\u015bcielny<\/span>, kt\u00f3ry jest zmuszony bra\u0107 pe\u0142n\u0105 <span id=\"urn:enhancement-62c8208c\" class=\"textannotation disambiguated wl-other\" itemid=\"http:\/\/data.wordlift.io\/wl01857\/entity\/powinnosc\">odpowiedzialno\u015b\u0107<\/span> za swoje decyzje.<\/p>\n<p>Pami\u0119tajmy wi\u0119c, \u017ce s\u0142owo dane Bogu, jest czym\u015b wielce istotnym. Zastan\u00f3wmy si\u0119 czy aby na pewno jeste\u015bmy \u015bwiadomi s\u0142\u00f3w, kt\u00f3re tak cz\u0119sto rzucamy na wiatr.<\/p>\n","protected":false},"excerpt":{"rendered":"<p>Then the Pharisees who wanted to put Him to the test approached Him, and asked Him the question, Is it permissible to dismiss one's wife for any reason? He answered, Have you not read that the Creator from the beginning created them male and female? And He said the provision that for this very reason He would leave His father and mother and be united to His wife, ...<\/p>","protected":false},"author":1,"featured_media":30,"comment_status":"open","ping_status":"open","sticky":false,"template":"","format":"standard","meta":{"footnotes":""},"categories":[5],"tags":[11],"class_list":["post-29","post","type-post","status-publish","format-standard","has-post-thumbnail","hentry","category-bog","tag-malzenstwo"],"yoast_head":"<!-- This site is optimized with the Yoast SEO plugin v27.5 - https:\/\/yoast.com\/product\/yoast-seo-wordpress\/ -->\n<title>Co B\u00f3g Z\u0142\u0105czy\u0142, Cz\u0142owiek Niech Nie Rozdziela - Chrystus<\/title>\n<meta name=\"description\" content=\"Wtedy przyst\u0105pili do Niego faryzeusze, kt\u00f3rzy chcieli go wystawi\u0107 na pr\u00f3b\u0119, i zadali Mu pytanie: Czy wolno oddali\u0107 swoj\u0105 \u017con\u0119 z jakiegokolwiek powodu? On\" \/>\n<meta name=\"robots\" content=\"index, follow, max-snippet:-1, max-image-preview:large, max-video-preview:-1\" \/>\n<link rel=\"canonical\" href=\"https:\/\/chrystus.pl\/en\/co-delivery-of-the-god-man-unit-man-unit-not-split\/\" \/>\n<meta property=\"og:locale\" content=\"en_US\" \/>\n<meta property=\"og:type\" content=\"article\" \/>\n<meta property=\"og:title\" content=\"Co B\u00f3g Z\u0142\u0105czy\u0142, Cz\u0142owiek Niech Nie Rozdziela - Chrystus\" \/>\n<meta property=\"og:description\" content=\"Wtedy przyst\u0105pili do Niego faryzeusze, kt\u00f3rzy chcieli go wystawi\u0107 na pr\u00f3b\u0119, i zadali Mu pytanie: Czy wolno oddali\u0107 swoj\u0105 \u017con\u0119 z jakiegokolwiek powodu? On\" \/>\n<meta property=\"og:url\" content=\"https:\/\/chrystus.pl\/en\/co-delivery-of-the-god-man-unit-man-unit-not-split\/\" \/>\n<meta property=\"og:site_name\" content=\"Chrystus\" \/>\n<meta property=\"article:published_time\" content=\"2019-03-24T23:56:35+00:00\" \/>\n<meta property=\"article:modified_time\" content=\"2020-01-14T21:15:25+00:00\" \/>\n<meta property=\"og:image\" content=\"https:\/\/chrystus.pl\/wp-content\/uploads\/2019\/03\/Co-Bo\u0301g-Z\u0142a\u0328czy\u0142-Cz\u0142owiek-Niech-Nie-Rozdziela.jpg\" \/>\n\t<meta property=\"og:image:width\" content=\"1280\" \/>\n\t<meta property=\"og:image:height\" content=\"847\" \/>\n\t<meta property=\"og:image:type\" content=\"image\/jpeg\" \/>\n<meta name=\"author\" content=\"Samarytanka\" \/>\n<meta name=\"twitter:card\" content=\"summary_large_image\" \/>\n<meta name=\"twitter:label1\" content=\"Written by\" \/>\n\t<meta name=\"twitter:data1\" content=\"Samarytanka\" \/>\n\t<meta name=\"twitter:label2\" content=\"Est. reading time\" \/>\n\t<meta name=\"twitter:data2\" content=\"1 minute\" \/>\n<!-- \/ Yoast SEO plugin. -->","yoast_head_json":{"title":"What God Has Joined Together, Man Shall Not Separate - Christ","description":"Then the Pharisees who wanted to put him to the test came to him and asked him, \"Is it lawful for you to leave your wife for any reason? He","robots":{"index":"index","follow":"follow","max-snippet":"max-snippet:-1","max-image-preview":"max-image-preview:large","max-video-preview":"max-video-preview:-1"},"canonical":"https:\/\/chrystus.pl\/en\/co-delivery-of-the-god-man-unit-man-unit-not-split\/","og_locale":"en_US","og_type":"article","og_title":"Co B\u00f3g Z\u0142\u0105czy\u0142, Cz\u0142owiek Niech Nie Rozdziela - Chrystus","og_description":"Wtedy przyst\u0105pili do Niego faryzeusze, kt\u00f3rzy chcieli go wystawi\u0107 na pr\u00f3b\u0119, i zadali Mu pytanie: Czy wolno oddali\u0107 swoj\u0105 \u017con\u0119 z jakiegokolwiek powodu? On","og_url":"https:\/\/chrystus.pl\/en\/co-delivery-of-the-god-man-unit-man-unit-not-split\/","og_site_name":"Chrystus","article_published_time":"2019-03-24T23:56:35+00:00","article_modified_time":"2020-01-14T21:15:25+00:00","og_image":[{"width":1280,"height":847,"url":"https:\/\/chrystus.pl\/wp-content\/uploads\/2019\/03\/Co-Bo\u0301g-Z\u0142a\u0328czy\u0142-Cz\u0142owiek-Niech-Nie-Rozdziela.jpg","type":"image\/jpeg"}],"author":"Samarytanka","twitter_card":"summary_large_image","twitter_misc":{"Written by":"Samarytanka","Est. reading time":"1 minute"},"schema":{"@context":"https:\/\/schema.org","@graph":[{"@type":"Article","@id":"https:\/\/chrystus.pl\/co-bog-zlaczyl-czlowiek-niech-nie-rozdziela\/#article","isPartOf":{"@id":"https:\/\/chrystus.pl\/co-bog-zlaczyl-czlowiek-niech-nie-rozdziela\/"},"author":{"name":"Samarytanka","@id":"https:\/\/chrystus.pl\/#\/schema\/person\/e2e742452b8b7b2bcd23ea180671d27a"},"headline":"Co B\u00f3g Z\u0142\u0105czy\u0142, Cz\u0142owiek Niech Nie Rozdziela","datePublished":"2019-03-24T23:56:35+00:00","dateModified":"2020-01-14T21:15:25+00:00","mainEntityOfPage":{"@id":"https:\/\/chrystus.pl\/co-bog-zlaczyl-czlowiek-niech-nie-rozdziela\/"},"wordCount":289,"commentCount":0,"publisher":{"@id":"https:\/\/chrystus.pl\/#organization"},"image":{"@id":"https:\/\/chrystus.pl\/co-bog-zlaczyl-czlowiek-niech-nie-rozdziela\/#primaryimage"},"thumbnailUrl":"https:\/\/chrystus.pl\/wp-content\/uploads\/2019\/03\/Co-Bo\u0301g-Z\u0142a\u0328czy\u0142-Cz\u0142owiek-Niech-Nie-Rozdziela.jpg","keywords":["ma\u0142\u017ce\u0144stwo"],"articleSection":["B\u00f3g"],"inLanguage":"en-US","potentialAction":[{"@type":"CommentAction","name":"Comment","target":["https:\/\/chrystus.pl\/co-bog-zlaczyl-czlowiek-niech-nie-rozdziela\/#respond"]}]},{"@type":"WebPage","@id":"https:\/\/chrystus.pl\/co-bog-zlaczyl-czlowiek-niech-nie-rozdziela\/","url":"https:\/\/chrystus.pl\/co-bog-zlaczyl-czlowiek-niech-nie-rozdziela\/","name":"What God Has Joined Together, Man Shall Not Separate - Christ","isPartOf":{"@id":"https:\/\/chrystus.pl\/#website"},"primaryImageOfPage":{"@id":"https:\/\/chrystus.pl\/co-bog-zlaczyl-czlowiek-niech-nie-rozdziela\/#primaryimage"},"image":{"@id":"https:\/\/chrystus.pl\/co-bog-zlaczyl-czlowiek-niech-nie-rozdziela\/#primaryimage"},"thumbnailUrl":"https:\/\/chrystus.pl\/wp-content\/uploads\/2019\/03\/Co-Bo\u0301g-Z\u0142a\u0328czy\u0142-Cz\u0142owiek-Niech-Nie-Rozdziela.jpg","datePublished":"2019-03-24T23:56:35+00:00","dateModified":"2020-01-14T21:15:25+00:00","description":"Then the Pharisees who wanted to put him to the test came to him and asked him, \"Is it lawful for you to leave your wife for any reason? He","breadcrumb":{"@id":"https:\/\/chrystus.pl\/co-bog-zlaczyl-czlowiek-niech-nie-rozdziela\/#breadcrumb"},"inLanguage":"en-US","potentialAction":[{"@type":"ReadAction","target":["https:\/\/chrystus.pl\/co-bog-zlaczyl-czlowiek-niech-nie-rozdziela\/"]}]},{"@type":"ImageObject","inLanguage":"en-US","@id":"https:\/\/chrystus.pl\/co-bog-zlaczyl-czlowiek-niech-nie-rozdziela\/#primaryimage","url":"https:\/\/chrystus.pl\/wp-content\/uploads\/2019\/03\/Co-Bo\u0301g-Z\u0142a\u0328czy\u0142-Cz\u0142owiek-Niech-Nie-Rozdziela.jpg","contentUrl":"https:\/\/chrystus.pl\/wp-content\/uploads\/2019\/03\/Co-Bo\u0301g-Z\u0142a\u0328czy\u0142-Cz\u0142owiek-Niech-Nie-Rozdziela.jpg","width":1280,"height":847,"caption":"Co Bo\u0301g Z\u0142a\u0328czy\u0142, Cz\u0142owiek Niech Nie Rozdziela"},{"@type":"BreadcrumbList","@id":"https:\/\/chrystus.pl\/co-bog-zlaczyl-czlowiek-niech-nie-rozdziela\/#breadcrumb","itemListElement":[{"@type":"ListItem","position":1,"name":"Strona g\u0142\u00f3wna","item":"https:\/\/chrystus.pl\/"},{"@type":"ListItem","position":2,"name":"Co B\u00f3g Z\u0142\u0105czy\u0142, Cz\u0142owiek Niech Nie Rozdziela"}]},{"@type":"WebSite","@id":"https:\/\/chrystus.pl\/#website","url":"https:\/\/chrystus.pl\/","name":"Christ","description":"God, Mary, Jesus, Communion and more","publisher":{"@id":"https:\/\/chrystus.pl\/#organization"},"potentialAction":[{"@type":"SearchAction","target":{"@type":"EntryPoint","urlTemplate":"https:\/\/chrystus.pl\/?s={search_term_string}"},"query-input":{"@type":"PropertyValueSpecification","valueRequired":true,"valueName":"search_term_string"}}],"inLanguage":"en-US"},{"@type":"Organization","@id":"https:\/\/chrystus.pl\/#organization","name":"Christ.pl","url":"https:\/\/chrystus.pl\/","logo":{"@type":"ImageObject","inLanguage":"en-US","@id":"https:\/\/chrystus.pl\/#\/schema\/logo\/image\/","url":"https:\/\/chrystus.pl\/wp-content\/uploads\/2019\/03\/chrystus-bog-maryja-komunia-bierzmowanie.jpg","contentUrl":"https:\/\/chrystus.pl\/wp-content\/uploads\/2019\/03\/chrystus-bog-maryja-komunia-bierzmowanie.jpg","width":1920,"height":1280,"caption":"Chrystus.pl"},"image":{"@id":"https:\/\/chrystus.pl\/#\/schema\/logo\/image\/"}},{"@type":"Person","@id":"https:\/\/chrystus.pl\/#\/schema\/person\/e2e742452b8b7b2bcd23ea180671d27a","name":"Samaritan woman"}]}},"_links":{"self":[{"href":"https:\/\/chrystus.pl\/en\/wp-json\/wp\/v2\/posts\/29","targetHints":{"allow":["GET"]}}],"collection":[{"href":"https:\/\/chrystus.pl\/en\/wp-json\/wp\/v2\/posts"}],"about":[{"href":"https:\/\/chrystus.pl\/en\/wp-json\/wp\/v2\/types\/post"}],"author":[{"embeddable":true,"href":"https:\/\/chrystus.pl\/en\/wp-json\/wp\/v2\/users\/1"}],"replies":[{"embeddable":true,"href":"https:\/\/chrystus.pl\/en\/wp-json\/wp\/v2\/comments?post=29"}],"version-history":[{"count":0,"href":"https:\/\/chrystus.pl\/en\/wp-json\/wp\/v2\/posts\/29\/revisions"}],"wp:featuredmedia":[{"embeddable":true,"href":"https:\/\/chrystus.pl\/en\/wp-json\/wp\/v2\/media\/30"}],"wp:attachment":[{"href":"https:\/\/chrystus.pl\/en\/wp-json\/wp\/v2\/media?parent=29"}],"wp:term":[{"taxonomy":"category","embeddable":true,"href":"https:\/\/chrystus.pl\/en\/wp-json\/wp\/v2\/categories?post=29"},{"taxonomy":"post_tag","embeddable":true,"href":"https:\/\/chrystus.pl\/en\/wp-json\/wp\/v2\/tags?post=29"}],"curies":[{"name":"wp","href":"https:\/\/api.w.org\/{rel}","templated":true}]}}