{"id":1747,"date":"2020-05-24T18:14:01","date_gmt":"2020-05-24T18:14:01","guid":{"rendered":"https:\/\/chrystus.pl\/?p=1747"},"modified":"2020-05-25T02:30:38","modified_gmt":"2020-05-25T02:30:38","slug":"co-to-jest-boze-narodzenie-i-dlaczego-obchodzimy-je-25-grudnia","status":"publish","type":"post","link":"https:\/\/chrystus.pl\/es\/co-to-jest-boze-narodzenie-i-dlaczego-obchodzimy-je-25-grudnia\/","title":{"rendered":"\u00bfQu\u00e9 es la Navidad y por qu\u00e9 la celebramos el 25 de diciembre?"},"content":{"rendered":"<p>\u00bfQu\u00e9 es la Navidad? La Navidad, o Fiesta de la Natividad, es una de las fiestas m\u00e1s importantes de la tradici\u00f3n cristiana. Pero, \u00bfqu\u00e9 es realmente la Navidad? La Navidad es una fiesta que conmemora el nacimiento de Jesucristo, el Hijo de Dios. La fiesta es permanente y se celebra todos los a\u00f1os, el 25 de diciembre. La Navidad va precedida de un periodo de espera de tres semanas, que llamamos Adviento.<\/p>\n<p>En la definici\u00f3n de las fiestas de la Iglesia, la Navidad es un llamado \"d\u00eda santo\" o fiesta lit\u00fargica en la Iglesia cat\u00f3lica, durante el cual los fieles est\u00e1n obligados a asistir a misa y a abstenerse de trabajar lo que no sea necesario. En el caso de las Iglesias orientales, greco-cat\u00f3lica y ortodoxa, la Navidad se celebra el 7 de enero, debido a las diferencias en los calendarios gregoriano y juliano. Seg\u00fan el calendario juliano, el 7 de enero coincide con el 25 de diciembre.<\/p>\n<p>Pero, \u00bfpor qu\u00e9 celebramos la Navidad el 25 de diciembre? El 25 de diciembre es la fecha oficial del nacimiento de Jesucristo. Aunque no se menciona en la Biblia, s\u00ed lo hace, entre otros, Hip\u00f3lito de Roma, que escribi\u00f3 que el primer <a href=\"https:\/\/chrystus.pl\/es\/co-to-jest-paruzja-i-co-znaczy\/\">llegada<\/a> El nacimiento de Nuestro Se\u00f1or encarnado en Bel\u00e9n tuvo lugar el octavo d\u00eda antes del calendario de enero (es decir, el 25 de diciembre). Este d\u00eda tambi\u00e9n lo indica el historiador cristiano Sectus Julius Africanus.<\/p>\n<p>Otros historiadores como Duchesne, Engberding, Fendt y Strobel, por ejemplo, creen que la elecci\u00f3n de la fecha se inspir\u00f3 en los ap\u00f3crifos del Nuevo Testamento, que dec\u00edan que la concepci\u00f3n de Cristo tuvo lugar el 25 de marzo. De ah\u00ed que se calculara que su nacimiento deb\u00eda producirse nueve meses despu\u00e9s: El 25 de diciembre. Probablemente sea por estas razones por las que celebramos la Navidad el 25 de diciembre<\/p>","protected":false},"excerpt":{"rendered":"<p>\u00bfQu\u00e9 es la Navidad? La Navidad, o Fiesta de la Natividad, es una de las fiestas m\u00e1s importantes de la tradici\u00f3n cristiana. Pero, \u00bfqu\u00e9 es realmente la Navidad? La Navidad es una fiesta que conmemora el nacimiento de Jesucristo, el Hijo de Dios. Es una fiesta fija y se celebra todos los a\u00f1os, el 25 de diciembre. La Navidad va precedida de ...<\/p>","protected":false},"author":1,"featured_media":1748,"comment_status":"closed","ping_status":"closed","sticky":false,"template":"","format":"standard","meta":{"footnotes":""},"categories":[67],"tags":[],"class_list":["post-1747","post","type-post","status-publish","format-standard","has-post-thumbnail","hentry","category-boze-narodzenie"],"yoast_head":"<!-- This site is optimized with the Yoast SEO plugin v27.5 - https:\/\/yoast.com\/product\/yoast-seo-wordpress\/ -->\n<title>Co to jest Bo\u017ce Narodzenie i dlaczego obchodzimy je 25 grudnia<\/title>\n<meta name=\"description\" content=\"Co to jest Bo\u017ce Narodzenie? \u015awi\u0119to Bo\u017cego Narodzenia lub inaczej \u015awi\u0119to Narodzenia Pa\u0144skiego jest to jedno z najwa\u017cniejszych \u015bwi\u0105t w tradycji\" \/>\n<meta name=\"robots\" content=\"index, follow, max-snippet:-1, max-image-preview:large, max-video-preview:-1\" \/>\n<link rel=\"canonical\" href=\"https:\/\/chrystus.pl\/es\/que-es-un-buen-cumpleanos-y-por-que-lo-celebramos-el-25-de-diciembre\/\" \/>\n<meta property=\"og:locale\" content=\"es_MX\" \/>\n<meta property=\"og:type\" content=\"article\" \/>\n<meta property=\"og:title\" content=\"Co to jest Bo\u017ce Narodzenie i dlaczego obchodzimy je 25 grudnia\" \/>\n<meta property=\"og:description\" content=\"Co to jest Bo\u017ce Narodzenie? \u015awi\u0119to Bo\u017cego Narodzenia lub inaczej \u015awi\u0119to Narodzenia Pa\u0144skiego jest to jedno z najwa\u017cniejszych \u015bwi\u0105t w tradycji\" \/>\n<meta property=\"og:url\" content=\"https:\/\/chrystus.pl\/es\/que-es-un-buen-cumpleanos-y-por-que-lo-celebramos-el-25-de-diciembre\/\" \/>\n<meta property=\"og:site_name\" content=\"Chrystus\" \/>\n<meta property=\"article:published_time\" content=\"2020-05-24T18:14:01+00:00\" \/>\n<meta property=\"article:modified_time\" content=\"2020-05-25T02:30:38+00:00\" \/>\n<meta property=\"og:image\" content=\"https:\/\/chrystus.pl\/wp-content\/uploads\/2020\/05\/Co-to-jest-Boz\u0307e-Narodzenie-i-dlaczego-obchodzimy-je-25-grudnia.jpg\" \/>\n\t<meta property=\"og:image:width\" content=\"640\" \/>\n\t<meta property=\"og:image:height\" content=\"639\" \/>\n\t<meta property=\"og:image:type\" content=\"image\/jpeg\" \/>\n<meta name=\"author\" content=\"Samarytanka\" \/>\n<meta name=\"twitter:card\" content=\"summary_large_image\" \/>\n<meta name=\"twitter:title\" content=\"Co to jest Bo\u017ce Narodzenie i dlaczego obchodzimy je 25 grudnia\" \/>\n<meta name=\"twitter:image\" content=\"https:\/\/chrystus.pl\/wp-content\/uploads\/2020\/05\/Co-to-jest-Boz\u0307e-Narodzenie-i-dlaczego-obchodzimy-je-25-grudnia.jpg\" \/>\n<meta name=\"twitter:label1\" content=\"Escrito por\" \/>\n\t<meta name=\"twitter:data1\" content=\"Samarytanka\" \/>\n\t<meta name=\"twitter:label2\" content=\"Tiempo de lectura\" \/>\n\t<meta name=\"twitter:data2\" content=\"2 minutos\" \/>\n<!-- \/ Yoast SEO plugin. -->","yoast_head_json":{"title":"Qu\u00e9 es la Navidad y por qu\u00e9 la celebramos el 25 de diciembre","description":"\u00bfQu\u00e9 es la Navidad? La Navidad, o fiesta de la Natividad, es una de las fiestas m\u00e1s importantes de la tradici\u00f3n","robots":{"index":"index","follow":"follow","max-snippet":"max-snippet:-1","max-image-preview":"max-image-preview:large","max-video-preview":"max-video-preview:-1"},"canonical":"https:\/\/chrystus.pl\/es\/que-es-un-buen-cumpleanos-y-por-que-lo-celebramos-el-25-de-diciembre\/","og_locale":"es_MX","og_type":"article","og_title":"Co to jest Bo\u017ce Narodzenie i dlaczego obchodzimy je 25 grudnia","og_description":"Co to jest Bo\u017ce Narodzenie? \u015awi\u0119to Bo\u017cego Narodzenia lub inaczej \u015awi\u0119to Narodzenia Pa\u0144skiego jest to jedno z najwa\u017cniejszych \u015bwi\u0105t w tradycji","og_url":"https:\/\/chrystus.pl\/es\/que-es-un-buen-cumpleanos-y-por-que-lo-celebramos-el-25-de-diciembre\/","og_site_name":"Chrystus","article_published_time":"2020-05-24T18:14:01+00:00","article_modified_time":"2020-05-25T02:30:38+00:00","og_image":[{"width":640,"height":639,"url":"https:\/\/chrystus.pl\/wp-content\/uploads\/2020\/05\/Co-to-jest-Boz\u0307e-Narodzenie-i-dlaczego-obchodzimy-je-25-grudnia.jpg","type":"image\/jpeg"}],"author":"Samarytanka","twitter_card":"summary_large_image","twitter_title":"Co to jest Bo\u017ce Narodzenie i dlaczego obchodzimy je 25 grudnia","twitter_image":"https:\/\/chrystus.pl\/wp-content\/uploads\/2020\/05\/Co-to-jest-Boz\u0307e-Narodzenie-i-dlaczego-obchodzimy-je-25-grudnia.jpg","twitter_misc":{"Escrito por":"Samarytanka","Tiempo de lectura":"2 minutos"},"schema":{"@context":"https:\/\/schema.org","@graph":[{"@type":"Article","@id":"https:\/\/chrystus.pl\/lt\/kas-yra-geras-gimtadienis-ir-kodel-ji-svenciame-gruodzio-25-d\/#article","isPartOf":{"@id":"https:\/\/chrystus.pl\/lt\/kas-yra-geras-gimtadienis-ir-kodel-ji-svenciame-gruodzio-25-d\/"},"author":{"name":"Samarytanka","@id":"https:\/\/chrystus.pl\/#\/schema\/person\/e2e742452b8b7b2bcd23ea180671d27a"},"headline":"Co to jest Bo\u017ce Narodzenie i dlaczego obchodzimy je 25 grudnia?","datePublished":"2020-05-24T18:14:01+00:00","dateModified":"2020-05-25T02:30:38+00:00","mainEntityOfPage":{"@id":"https:\/\/chrystus.pl\/lt\/kas-yra-geras-gimtadienis-ir-kodel-ji-svenciame-gruodzio-25-d\/"},"wordCount":312,"publisher":{"@id":"https:\/\/chrystus.pl\/#organization"},"image":{"@id":"https:\/\/chrystus.pl\/lt\/kas-yra-geras-gimtadienis-ir-kodel-ji-svenciame-gruodzio-25-d\/#primaryimage"},"thumbnailUrl":"https:\/\/chrystus.pl\/wp-content\/uploads\/2020\/05\/Co-to-jest-Boz\u0307e-Narodzenie-i-dlaczego-obchodzimy-je-25-grudnia.jpg","articleSection":["Bo\u017ce Narodzenie"],"inLanguage":"es"},{"@type":"WebPage","@id":"https:\/\/chrystus.pl\/lt\/kas-yra-geras-gimtadienis-ir-kodel-ji-svenciame-gruodzio-25-d\/","url":"https:\/\/chrystus.pl\/lt\/kas-yra-geras-gimtadienis-ir-kodel-ji-svenciame-gruodzio-25-d\/","name":"Qu\u00e9 es la Navidad y por qu\u00e9 la celebramos el 25 de diciembre","isPartOf":{"@id":"https:\/\/chrystus.pl\/#website"},"primaryImageOfPage":{"@id":"https:\/\/chrystus.pl\/lt\/kas-yra-geras-gimtadienis-ir-kodel-ji-svenciame-gruodzio-25-d\/#primaryimage"},"image":{"@id":"https:\/\/chrystus.pl\/lt\/kas-yra-geras-gimtadienis-ir-kodel-ji-svenciame-gruodzio-25-d\/#primaryimage"},"thumbnailUrl":"https:\/\/chrystus.pl\/wp-content\/uploads\/2020\/05\/Co-to-jest-Boz\u0307e-Narodzenie-i-dlaczego-obchodzimy-je-25-grudnia.jpg","datePublished":"2020-05-24T18:14:01+00:00","dateModified":"2020-05-25T02:30:38+00:00","description":"\u00bfQu\u00e9 es la Navidad? La Navidad, o fiesta de la Natividad, es una de las fiestas m\u00e1s importantes de la tradici\u00f3n","breadcrumb":{"@id":"https:\/\/chrystus.pl\/lt\/kas-yra-geras-gimtadienis-ir-kodel-ji-svenciame-gruodzio-25-d\/#breadcrumb"},"inLanguage":"es","potentialAction":[{"@type":"ReadAction","target":["https:\/\/chrystus.pl\/lt\/kas-yra-geras-gimtadienis-ir-kodel-ji-svenciame-gruodzio-25-d\/"]}]},{"@type":"ImageObject","inLanguage":"es","@id":"https:\/\/chrystus.pl\/lt\/kas-yra-geras-gimtadienis-ir-kodel-ji-svenciame-gruodzio-25-d\/#primaryimage","url":"https:\/\/chrystus.pl\/wp-content\/uploads\/2020\/05\/Co-to-jest-Boz\u0307e-Narodzenie-i-dlaczego-obchodzimy-je-25-grudnia.jpg","contentUrl":"https:\/\/chrystus.pl\/wp-content\/uploads\/2020\/05\/Co-to-jest-Boz\u0307e-Narodzenie-i-dlaczego-obchodzimy-je-25-grudnia.jpg","width":640,"height":639},{"@type":"BreadcrumbList","@id":"https:\/\/chrystus.pl\/lt\/kas-yra-geras-gimtadienis-ir-kodel-ji-svenciame-gruodzio-25-d\/#breadcrumb","itemListElement":[{"@type":"ListItem","position":1,"name":"Strona g\u0142\u00f3wna","item":"https:\/\/chrystus.pl\/"},{"@type":"ListItem","position":2,"name":"Co to jest Bo\u017ce Narodzenie i dlaczego obchodzimy je 25 grudnia?"}]},{"@type":"WebSite","@id":"https:\/\/chrystus.pl\/#website","url":"https:\/\/chrystus.pl\/","name":"Cristo","description":"Dios, Mar\u00eda, Jes\u00fas, la Comuni\u00f3n y m\u00e1s","publisher":{"@id":"https:\/\/chrystus.pl\/#organization"},"potentialAction":[{"@type":"SearchAction","target":{"@type":"EntryPoint","urlTemplate":"https:\/\/chrystus.pl\/?s={search_term_string}"},"query-input":{"@type":"PropertyValueSpecification","valueRequired":true,"valueName":"search_term_string"}}],"inLanguage":"es"},{"@type":"Organization","@id":"https:\/\/chrystus.pl\/#organization","name":"Cristo.pl","url":"https:\/\/chrystus.pl\/","logo":{"@type":"ImageObject","inLanguage":"es","@id":"https:\/\/chrystus.pl\/#\/schema\/logo\/image\/","url":"https:\/\/chrystus.pl\/wp-content\/uploads\/2019\/03\/chrystus-bog-maryja-komunia-bierzmowanie.jpg","contentUrl":"https:\/\/chrystus.pl\/wp-content\/uploads\/2019\/03\/chrystus-bog-maryja-komunia-bierzmowanie.jpg","width":1920,"height":1280,"caption":"Chrystus.pl"},"image":{"@id":"https:\/\/chrystus.pl\/#\/schema\/logo\/image\/"}},{"@type":"Person","@id":"https:\/\/chrystus.pl\/#\/schema\/person\/e2e742452b8b7b2bcd23ea180671d27a","name":"Mujer samaritana"}]}},"_links":{"self":[{"href":"https:\/\/chrystus.pl\/es\/wp-json\/wp\/v2\/posts\/1747","targetHints":{"allow":["GET"]}}],"collection":[{"href":"https:\/\/chrystus.pl\/es\/wp-json\/wp\/v2\/posts"}],"about":[{"href":"https:\/\/chrystus.pl\/es\/wp-json\/wp\/v2\/types\/post"}],"author":[{"embeddable":true,"href":"https:\/\/chrystus.pl\/es\/wp-json\/wp\/v2\/users\/1"}],"replies":[{"embeddable":true,"href":"https:\/\/chrystus.pl\/es\/wp-json\/wp\/v2\/comments?post=1747"}],"version-history":[{"count":0,"href":"https:\/\/chrystus.pl\/es\/wp-json\/wp\/v2\/posts\/1747\/revisions"}],"wp:featuredmedia":[{"embeddable":true,"href":"https:\/\/chrystus.pl\/es\/wp-json\/wp\/v2\/media\/1748"}],"wp:attachment":[{"href":"https:\/\/chrystus.pl\/es\/wp-json\/wp\/v2\/media?parent=1747"}],"wp:term":[{"taxonomy":"category","embeddable":true,"href":"https:\/\/chrystus.pl\/es\/wp-json\/wp\/v2\/categories?post=1747"},{"taxonomy":"post_tag","embeddable":true,"href":"https:\/\/chrystus.pl\/es\/wp-json\/wp\/v2\/tags?post=1747"}],"curies":[{"name":"wp","href":"https:\/\/api.w.org\/{rel}","templated":true}]}}