{"id":1818,"date":"2020-07-11T10:52:12","date_gmt":"2020-07-11T10:52:12","guid":{"rendered":"https:\/\/chrystus.pl\/?p=1818"},"modified":"2020-07-11T10:52:12","modified_gmt":"2020-07-11T10:52:12","slug":"czy-3-maja-trzeba-isc-do-kosciola","status":"publish","type":"post","link":"https:\/\/chrystus.pl\/es\/czy-3-maja-trzeba-isc-do-kosciola\/","title":{"rendered":"\u00bfEs necesario ir a la iglesia el 3 de mayo?"},"content":{"rendered":"<p>\u00bfEs necesario ir a la Iglesia el 3 de mayo? \u00bfQu\u00e9 fiesta cae el 3 de mayo? El 3 de mayo se celebra como fiesta nacional en Polonia. Marca el aniversario de la adopci\u00f3n de la Constituci\u00f3n del 3 de mayo, que, establecida en 1791, fue la segunda constituci\u00f3n de Europa y la tercera del mundo, despu\u00e9s de la estadounidense. En la instituci\u00f3n eclesi\u00e1stica, dividimos los d\u00edas festivos en los denominados festivos mandados y no mandados. El 3 de mayo es uno de los d\u00edas festivos no prescritos. Por lo tanto, no es necesario ir a la iglesia el 3 de mayo. Sin embargo, vale la pena celebrar este d\u00eda con el Se\u00f1or y con todos los seres queridos. Adem\u00e1s, todo cat\u00f3lico est\u00e1 obligado a visitar la Iglesia todos los domingos. Por lo tanto, si el 3 de mayo cae en domingo, estamos obligados a asistir a la misa.<\/p>","protected":false},"excerpt":{"rendered":"<p>\u00bfEs necesario ir a la Iglesia el 3 de mayo? \u00bfQu\u00e9 fiesta cae el 3 de mayo? El 3 de mayo es fiesta nacional en Polonia. Celebramos entonces el aniversario de la Constituci\u00f3n del 3 de mayo, que, establecida en 1791, fue la segunda constituci\u00f3n de Europa y la tercera del mundo, justo despu\u00e9s de la estadounidense. En la instituci\u00f3n eclesi\u00e1stica, los d\u00edas festivos se dividen en ...<\/p>","protected":false},"author":1,"featured_media":0,"comment_status":"closed","ping_status":"closed","sticky":false,"template":"","format":"standard","meta":{"footnotes":""},"categories":[69],"tags":[],"class_list":["post-1818","post","type-post","status-publish","format-standard","hentry","category-swieta"],"yoast_head":"<!-- This site is optimized with the Yoast SEO plugin v27.5 - https:\/\/yoast.com\/product\/yoast-seo-wordpress\/ -->\n<title>Czy 3 maja trzeba i\u015b\u0107 do ko\u015bcio\u0142a? - Chrystus<\/title>\n<meta name=\"description\" content=\"Czy 3 maja trzeba i\u015b\u0107 do Ko\u015bcio\u0142a? Jakie \u015bwi\u0119to przypada na 3 maja? 3 maja w Polsce obchodzone jest \u015awi\u0119to Narodowe. \u015awi\u0119tujemy wtedy rocznic\u0119 uchwalenia\" \/>\n<meta name=\"robots\" content=\"index, follow, max-snippet:-1, max-image-preview:large, max-video-preview:-1\" \/>\n<link rel=\"canonical\" href=\"https:\/\/chrystus.pl\/es\/si-3-tal-vez-necesitas-una-iglesia\/\" \/>\n<meta property=\"og:locale\" content=\"es_MX\" \/>\n<meta property=\"og:type\" content=\"article\" \/>\n<meta property=\"og:title\" content=\"Czy 3 maja trzeba i\u015b\u0107 do ko\u015bcio\u0142a? - Chrystus\" \/>\n<meta property=\"og:description\" content=\"Czy 3 maja trzeba i\u015b\u0107 do Ko\u015bcio\u0142a? Jakie \u015bwi\u0119to przypada na 3 maja? 3 maja w Polsce obchodzone jest \u015awi\u0119to Narodowe. \u015awi\u0119tujemy wtedy rocznic\u0119 uchwalenia\" \/>\n<meta property=\"og:url\" content=\"https:\/\/chrystus.pl\/es\/si-3-tal-vez-necesitas-una-iglesia\/\" \/>\n<meta property=\"og:site_name\" content=\"Chrystus\" \/>\n<meta property=\"article:published_time\" content=\"2020-07-11T10:52:12+00:00\" \/>\n<meta name=\"author\" content=\"Samarytanka\" \/>\n<meta name=\"twitter:card\" content=\"summary_large_image\" \/>\n<meta name=\"twitter:label1\" content=\"Escrito por\" \/>\n\t<meta name=\"twitter:data1\" content=\"Samarytanka\" \/>\n\t<meta name=\"twitter:label2\" content=\"Tiempo de lectura\" \/>\n\t<meta name=\"twitter:data2\" content=\"1 minuto\" \/>\n<!-- \/ Yoast SEO plugin. -->","yoast_head_json":{"title":"\u00bfEs necesario ir a la iglesia el 3 de mayo? - Cristo","description":"\u00bfEs necesario ir a la Iglesia el 3 de mayo? \u00bfQu\u00e9 d\u00eda es el 3 de mayo? El 3 de mayo se celebra como fiesta nacional en Polonia. Celebramos entonces el aniversario de la promulgaci\u00f3n","robots":{"index":"index","follow":"follow","max-snippet":"max-snippet:-1","max-image-preview":"max-image-preview:large","max-video-preview":"max-video-preview:-1"},"canonical":"https:\/\/chrystus.pl\/es\/si-3-tal-vez-necesitas-una-iglesia\/","og_locale":"es_MX","og_type":"article","og_title":"Czy 3 maja trzeba i\u015b\u0107 do ko\u015bcio\u0142a? - Chrystus","og_description":"Czy 3 maja trzeba i\u015b\u0107 do Ko\u015bcio\u0142a? Jakie \u015bwi\u0119to przypada na 3 maja? 3 maja w Polsce obchodzone jest \u015awi\u0119to Narodowe. \u015awi\u0119tujemy wtedy rocznic\u0119 uchwalenia","og_url":"https:\/\/chrystus.pl\/es\/si-3-tal-vez-necesitas-una-iglesia\/","og_site_name":"Chrystus","article_published_time":"2020-07-11T10:52:12+00:00","author":"Samarytanka","twitter_card":"summary_large_image","twitter_misc":{"Escrito por":"Samarytanka","Tiempo de lectura":"1 minuto"},"schema":{"@context":"https:\/\/schema.org","@graph":[{"@type":"Article","@id":"https:\/\/chrystus.pl\/czy-3-maja-trzeba-isc-do-kosciola\/#article","isPartOf":{"@id":"https:\/\/chrystus.pl\/czy-3-maja-trzeba-isc-do-kosciola\/"},"author":{"name":"Samarytanka","@id":"https:\/\/chrystus.pl\/#\/schema\/person\/e2e742452b8b7b2bcd23ea180671d27a"},"headline":"Czy 3 maja trzeba i\u015b\u0107 do ko\u015bcio\u0142a?","datePublished":"2020-07-11T10:52:12+00:00","mainEntityOfPage":{"@id":"https:\/\/chrystus.pl\/czy-3-maja-trzeba-isc-do-kosciola\/"},"wordCount":135,"publisher":{"@id":"https:\/\/chrystus.pl\/#organization"},"articleSection":["\u015awi\u0119ta"],"inLanguage":"es"},{"@type":"WebPage","@id":"https:\/\/chrystus.pl\/czy-3-maja-trzeba-isc-do-kosciola\/","url":"https:\/\/chrystus.pl\/czy-3-maja-trzeba-isc-do-kosciola\/","name":"\u00bfEs necesario ir a la iglesia el 3 de mayo? - Cristo","isPartOf":{"@id":"https:\/\/chrystus.pl\/#website"},"datePublished":"2020-07-11T10:52:12+00:00","description":"\u00bfEs necesario ir a la Iglesia el 3 de mayo? \u00bfQu\u00e9 d\u00eda es el 3 de mayo? El 3 de mayo se celebra como fiesta nacional en Polonia. Celebramos entonces el aniversario de la promulgaci\u00f3n","breadcrumb":{"@id":"https:\/\/chrystus.pl\/czy-3-maja-trzeba-isc-do-kosciola\/#breadcrumb"},"inLanguage":"es","potentialAction":[{"@type":"ReadAction","target":["https:\/\/chrystus.pl\/czy-3-maja-trzeba-isc-do-kosciola\/"]}]},{"@type":"BreadcrumbList","@id":"https:\/\/chrystus.pl\/czy-3-maja-trzeba-isc-do-kosciola\/#breadcrumb","itemListElement":[{"@type":"ListItem","position":1,"name":"Strona g\u0142\u00f3wna","item":"https:\/\/chrystus.pl\/"},{"@type":"ListItem","position":2,"name":"Czy 3 maja trzeba i\u015b\u0107 do ko\u015bcio\u0142a?"}]},{"@type":"WebSite","@id":"https:\/\/chrystus.pl\/#website","url":"https:\/\/chrystus.pl\/","name":"Cristo","description":"Dios, Mar\u00eda, Jes\u00fas, la Comuni\u00f3n y m\u00e1s","publisher":{"@id":"https:\/\/chrystus.pl\/#organization"},"potentialAction":[{"@type":"SearchAction","target":{"@type":"EntryPoint","urlTemplate":"https:\/\/chrystus.pl\/?s={search_term_string}"},"query-input":{"@type":"PropertyValueSpecification","valueRequired":true,"valueName":"search_term_string"}}],"inLanguage":"es"},{"@type":"Organization","@id":"https:\/\/chrystus.pl\/#organization","name":"Cristo.pl","url":"https:\/\/chrystus.pl\/","logo":{"@type":"ImageObject","inLanguage":"es","@id":"https:\/\/chrystus.pl\/#\/schema\/logo\/image\/","url":"https:\/\/chrystus.pl\/wp-content\/uploads\/2019\/03\/chrystus-bog-maryja-komunia-bierzmowanie.jpg","contentUrl":"https:\/\/chrystus.pl\/wp-content\/uploads\/2019\/03\/chrystus-bog-maryja-komunia-bierzmowanie.jpg","width":1920,"height":1280,"caption":"Chrystus.pl"},"image":{"@id":"https:\/\/chrystus.pl\/#\/schema\/logo\/image\/"}},{"@type":"Person","@id":"https:\/\/chrystus.pl\/#\/schema\/person\/e2e742452b8b7b2bcd23ea180671d27a","name":"Mujer samaritana"}]}},"_links":{"self":[{"href":"https:\/\/chrystus.pl\/es\/wp-json\/wp\/v2\/posts\/1818","targetHints":{"allow":["GET"]}}],"collection":[{"href":"https:\/\/chrystus.pl\/es\/wp-json\/wp\/v2\/posts"}],"about":[{"href":"https:\/\/chrystus.pl\/es\/wp-json\/wp\/v2\/types\/post"}],"author":[{"embeddable":true,"href":"https:\/\/chrystus.pl\/es\/wp-json\/wp\/v2\/users\/1"}],"replies":[{"embeddable":true,"href":"https:\/\/chrystus.pl\/es\/wp-json\/wp\/v2\/comments?post=1818"}],"version-history":[{"count":0,"href":"https:\/\/chrystus.pl\/es\/wp-json\/wp\/v2\/posts\/1818\/revisions"}],"wp:attachment":[{"href":"https:\/\/chrystus.pl\/es\/wp-json\/wp\/v2\/media?parent=1818"}],"wp:term":[{"taxonomy":"category","embeddable":true,"href":"https:\/\/chrystus.pl\/es\/wp-json\/wp\/v2\/categories?post=1818"},{"taxonomy":"post_tag","embeddable":true,"href":"https:\/\/chrystus.pl\/es\/wp-json\/wp\/v2\/tags?post=1818"}],"curies":[{"name":"wp","href":"https:\/\/api.w.org\/{rel}","templated":true}]}}