{"id":2024,"date":"2021-02-28T16:03:09","date_gmt":"2021-02-28T16:03:09","guid":{"rendered":"https:\/\/chrystus.pl\/?p=2024"},"modified":"2021-02-28T16:03:13","modified_gmt":"2021-02-28T16:03:13","slug":"co-sie-wydarzylo-w-medjugorie","status":"publish","type":"post","link":"https:\/\/chrystus.pl\/es\/co-sie-wydarzylo-w-medjugorie\/","title":{"rendered":"\u00bfQu\u00e9 pas\u00f3 en Medjugorie?"},"content":{"rendered":"<p>25 czerwca min\u0105 cztery dekady od pierwszego objawienia Maryjnego w Medziugorje. Co to oznacza?<\/p>\n\n\n\n<p>Objawienia w Medjugorje rozpocz\u0119\u0142y si\u0119 w 1981 r., kiedy grupa m\u0142odych ludzi z ma\u0142ego kraju Bo\u015bni i Hercegowiny potwierdzili, \u017ce widzieli Matk\u0119 Bo\u017c\u0105. Niekt\u00f3rzy z nich, po trzydziestu latach, twierdz\u0105, \u017ce nadal maj\u0105 jedno objawienie dziennie. <\/p>\n\n\n\n<p>El car\u00e1cter completamente nuevo de estas apariciones reside en el hecho de que la visi\u00f3n no est\u00e1 ligada a un lugar determinado, sino que tiene lugar all\u00ed donde los videntes se encuentran en un momento dado.<\/p>\n\n\n\n<p>Antes del 24 de junio de 1981, Medjugorje no era m\u00e1s que una peque\u00f1a aldea agr\u00edcola perdida en un rinc\u00f3n duro y desolado de la antigua Yugoslavia. Desde entonces, todo ha cambiado, y el pueblo se ha convertido en uno de los centros m\u00e1s importantes de la religi\u00f3n cristiana.<\/p>\n\n\n\n<div id=\"ez-toc-container\" class=\"ez-toc-v2_0_82_2 counter-hierarchy ez-toc-counter ez-toc-custom ez-toc-container-direction\">\n<p class=\"ez-toc-title\" style=\"cursor:inherit\">\u00cdndice de contenidos<\/p>\n<label for=\"ez-toc-cssicon-toggle-item-69f5e2b08b84d\" class=\"ez-toc-cssicon-toggle-label\"><span class=\"\"><span class=\"eztoc-hide\" style=\"display:none;\">Toggle<\/span><span class=\"ez-toc-icon-toggle-span\"><svg style=\"fill: #ffffff;color:#ffffff\" xmlns=\"http:\/\/www.w3.org\/2000\/svg\" class=\"list-377408\" width=\"20px\" height=\"20px\" viewbox=\"0 0 24 24\" fill=\"none\"><path d=\"M6 6H4v2h2V6zm14 0H8v2h12V6zM4 11h2v2H4v-2zm16 0H8v2h12v-2zM4 16h2v2H4v-2zm16 0H8v2h12v-2z\" fill=\"currentColor\"><\/path><\/svg><svg style=\"fill: #ffffff;color:#ffffff\" class=\"arrow-unsorted-368013\" xmlns=\"http:\/\/www.w3.org\/2000\/svg\" width=\"10px\" height=\"10px\" viewbox=\"0 0 24 24\" version=\"1.2\" baseprofile=\"tiny\"><path d=\"M18.2 9.3l-6.2-6.3-6.2 6.3c-.2.2-.3.4-.3.7s.1.5.3.7c.2.2.4.3.7.3h11c.3 0 .5-.1.7-.3.2-.2.3-.5.3-.7s-.1-.5-.3-.7zM5.8 14.7l6.2 6.3 6.2-6.3c.2-.2.3-.5.3-.7s-.1-.5-.3-.7c-.2-.2-.4-.3-.7-.3h-11c-.3 0-.5.1-.7.3-.2.2-.3.5-.3.7s.1.5.3.7z\"\/><\/svg><\/span><\/span><\/label><input type=\"checkbox\"  id=\"ez-toc-cssicon-toggle-item-69f5e2b08b84d\"  aria-label=\"Toggle\" \/><nav><ul class='ez-toc-list ez-toc-list-level-1' ><li class='ez-toc-page-1 ez-toc-heading-level-2'><a class=\"ez-toc-link ez-toc-heading-1\" href=\"https:\/\/chrystus.pl\/es\/co-sie-wydarzylo-w-medjugorie\/#Co_stalo_sie_w_Medjugorie_w_1981_r\" >\u00bfQu\u00e9 ocurri\u00f3 en Medjugorie en 1981?<\/a><\/li><li class='ez-toc-page-1 ez-toc-heading-level-2'><a class=\"ez-toc-link ez-toc-heading-2\" href=\"https:\/\/chrystus.pl\/es\/co-sie-wydarzylo-w-medjugorie\/#Objawienia_w_Medjugorie_dzien_pierwszy\" >Apariciones en Medjugorie, primer d\u00eda<\/a><\/li><li class='ez-toc-page-1 ez-toc-heading-level-2'><a class=\"ez-toc-link ez-toc-heading-3\" href=\"https:\/\/chrystus.pl\/es\/co-sie-wydarzylo-w-medjugorie\/#Objawienia_w_Medjugorie_dzien_drugi\" >Apariciones en Medjugorie, segundo d\u00eda<\/a><\/li><li class='ez-toc-page-1 ez-toc-heading-level-2'><a class=\"ez-toc-link ez-toc-heading-4\" href=\"https:\/\/chrystus.pl\/es\/co-sie-wydarzylo-w-medjugorie\/#Co_sie_wydarzylo_w_Medjugorie\" >Lo que ocurri\u00f3 en Medjugorje<\/a><\/li><\/ul><\/nav><\/div>\n<h2 class=\"wp-block-heading\"><span class=\"ez-toc-section\" id=\"Co_stalo_sie_w_Medjugorie_w_1981_r\"><\/span>\u00bfQu\u00e9 ocurri\u00f3 en Medjugorie en 1981?<span class=\"ez-toc-section-end\"><\/span><\/h2>\n\n\n\n<p>Co wydarzy\u0142o si\u0119 24 czerwca 1981 r. w Medjugorie? Po raz pierwszy (pierwszy z d\u0142ugiej serii, kt\u00f3ra wci\u0105\u017c trwa) Matka Bo\u017ca ukaza\u0142a si\u0119 grupie miejscowych dzieci, aby przekaza\u0107 \u015bwiatu or\u0119dzie pokoju i nawr\u00f3cenia poprzez modlitw\u0119 i post.<\/p>\n\n\n\n<h2 class=\"wp-block-heading\"><span class=\"ez-toc-section\" id=\"Objawienia_w_Medjugorie_dzien_pierwszy\"><\/span>Apariciones en Medjugorie, primer d\u00eda<span class=\"ez-toc-section-end\"><\/span><\/h2>\n\n\n\n<p>A \u00faltima hora de la tarde del mi\u00e9rcoles 24 de junio de 1981, fiesta de San Juan Bautista, seis ni\u00f1os de entre 12 y 20 a\u00f1os paseaban por el monte Crnica (hoy conocido como la colina de las apariciones) y en un lugar rocoso llamado Podbrdo observaron en el cielo la figura fugaz de una joven hermosa y luminosa con un ni\u00f1o en brazos. <\/p>\n\n\n\n<p>Los seis j\u00f3venes son Ivanka Ivankovi\u0107 (15 a\u00f1os), Mirjana Dragi\u0107evi\u0107 (16 a\u00f1os), Vicka Ivankovi\u0107 (16 a\u00f1os), Ivan Dragi\u0107evi\u0107 (16 a\u00f1os), e Ivan Ivankovi\u0107 (20 a\u00f1os) y Milka Pavlovi\u0107 (12 a\u00f1os). Inmediatamente comprenden que la figura es la Madre de Dios, aunque la figura de la aparici\u00f3n no les dice nada, sino que s\u00f3lo les hace una se\u00f1al para que se acerquen a ella. <\/p>\n\n\n\n<p>Los ni\u00f1os est\u00e1n muy asustados y huyen. En casa cuentan a sus padres lo sucedido, pero los adultos, asustados por las posibles consecuencias (no olvidemos que la Rep\u00fablica Federal Socialista de Yugoslavia era oficialmente atea), les dicen que se callen.<\/p>\n\n\n\n<h2 class=\"wp-block-heading\"><span class=\"ez-toc-section\" id=\"Objawienia_w_Medjugorie_dzien_drugi\"><\/span>Apariciones en Medjugorie, segundo d\u00eda<span class=\"ez-toc-section-end\"><\/span><\/h2>\n\n\n\n<p>Sin embargo, la noticia de la aparici\u00f3n es tan fuerte que se extiende r\u00e1pidamente por el pueblo y al d\u00eda siguiente, 25 de junio, un grupo de curiosos se re\u00fane en el mismo lugar y a la misma hora con la esperanza de una nueva aparici\u00f3n que, sin embargo, no llega a producirse. Entre ellos est\u00e1n los ni\u00f1os del d\u00eda anterior, a excepci\u00f3n de Ivan Ivankovi\u0107 y Milka, que ya no ver\u00e1n a la Virgen, aunque estuvieron presentes en las apariciones posteriores. <\/p>\n\n\n\n<p>Marija Pavlovi\u0107 (16), la hermana mayor de Milka, y Jakov \u010colo, de diez a\u00f1os, est\u00e1n all\u00ed para ver a la Virgen con los otros cuatro: esta vez aparece sobre una nube y sin ni\u00f1o, igual de hermosa y luminosa que el d\u00eda anterior. El grupo de los seis elegidos por la Sant\u00edsima Virgen se forma en este momento y por eso el aniversario de las apariciones se celebra precisamente el 25 de junio de cada a\u00f1o, seg\u00fan una decisi\u00f3n expl\u00edcita de la propia Mar\u00eda. Esta vez, a la se\u00f1al de la Madre, los seis j\u00f3venes videntes corrieron r\u00e1pidamente hacia la cima de la monta\u00f1a. A pesar de que el sendero no estaba se\u00f1alizado, no sufrieron ni un rasgu\u00f1o, y recientemente cuentan que se sintieron \"transportados\" por una fuerza misteriosa. <\/p>\n\n\n\n<p>La Virgen aparece sonriente, vestida con un resplandeciente vestido gris plateado, con un velo blanco que cubre su cabello negro; tiene unos hermosos ojos azules y est\u00e1 coronada con 12 estrellas. Su voz es dulce \"como la m\u00fasica\". Intercambia unas palabras con los j\u00f3venes, reza con ellos y promete volver.<\/p>\n\n\n\n<h2 class=\"wp-block-heading\"><span class=\"ez-toc-section\" id=\"Co_sie_wydarzylo_w_Medjugorie\"><\/span>Lo que ocurri\u00f3 en Medjugorje<span class=\"ez-toc-section-end\"><\/span><\/h2>\n\n\n\n<p>Mar\u00eda sigue apareci\u00e9ndose a los videntes hasta el d\u00eda de hoy con mayor o menor frecuencia. La Gospa se aparece a los videntes all\u00ed donde se encuentren en ese momento. Llama a todo el mundo a la oraci\u00f3n y a la conversi\u00f3n y da numerosos mensajes en los que anima a profundizar en la vida de fe y en la vida sacramental, a leer las Sagradas Escrituras y todas las pr\u00e1cticas piadosas, a hacer penitencia y a entregar la vida a Jes\u00fas. Ella comunica a los videntes los misterios relativos al destino futuro de la Iglesia y del mundo.<\/p>\n\n\n\n<p>Ko\u015bci\u00f3\u0142 katolicki w swoim oficjalnym stanowisku wobec wydarze\u0144 z Medziugoria (O\u015bwiadczenie Konferencji Episkopatu by\u0142ej Jugos\u0142awii z Zadaru z 1991 roku) wstrzymuje si\u0119 na razie z ostatecznym os\u0105dem objawie\u0144 \u2013 do tej pory ani nie uznaje ich jako prawdziwych, ani te\u017c nie odrzuca jako fa\u0142szywych. Spraw\u0119 bada specjalna komisja wyznaczona przez Ko\u015bci\u00f3\u0142.<\/p>","protected":false},"excerpt":{"rendered":"<p>25 czerwca min\u0105 cztery dekady od pierwszego objawienia Maryjnego w Medziugorje. Co to oznacza? Objawienia w Medjugorje rozpocz\u0119\u0142y si\u0119 w 1981 r., kiedy grupa m\u0142odych ludzi z ma\u0142ego kraju Bo\u015bni i Hercegowiny potwierdzili, \u017ce widzieli Matk\u0119 Bo\u017c\u0105. Niekt\u00f3rzy z nich, po trzydziestu latach, twierdz\u0105, \u017ce nadal maj\u0105 jedno objawienie dziennie. Zupe\u0142nie nowy charakter tych objawie\u0144 &hellip;<\/p>","protected":false},"author":1,"featured_media":2025,"comment_status":"closed","ping_status":"closed","sticky":false,"template":"","format":"standard","meta":{"footnotes":""},"categories":[64],"tags":[],"class_list":["post-2024","post","type-post","status-publish","format-standard","has-post-thumbnail","hentry","category-maryja"],"yoast_head":"<!-- This site is optimized with the Yoast SEO plugin v27.5 - https:\/\/yoast.com\/product\/yoast-seo-wordpress\/ -->\n<title>Co si\u0119 wydarzy\u0142o w Medjugorie? - Chrystus<\/title>\n<meta name=\"description\" content=\"25 czerwca min\u0105 cztery dekady od pierwszego objawienia Maryjnego w Medziugorje. Co to oznacza? Objawienia w Medjugorje rozpocz\u0119\u0142y si\u0119 w 1981 r., kiedy\" \/>\n<meta name=\"robots\" content=\"index, follow, max-snippet:-1, max-image-preview:large, max-video-preview:-1\" \/>\n<link rel=\"canonical\" href=\"https:\/\/chrystus.pl\/es\/que-si-wydarzalo-w-medjugorie\/\" \/>\n<meta property=\"og:locale\" content=\"es_MX\" \/>\n<meta property=\"og:type\" content=\"article\" \/>\n<meta property=\"og:title\" content=\"Co si\u0119 wydarzy\u0142o w Medjugorie? - Chrystus\" \/>\n<meta property=\"og:description\" content=\"25 czerwca min\u0105 cztery dekady od pierwszego objawienia Maryjnego w Medziugorje. Co to oznacza? Objawienia w Medjugorje rozpocz\u0119\u0142y si\u0119 w 1981 r., kiedy\" \/>\n<meta property=\"og:url\" content=\"https:\/\/chrystus.pl\/es\/que-si-wydarzalo-w-medjugorie\/\" \/>\n<meta property=\"og:site_name\" content=\"Chrystus\" \/>\n<meta property=\"article:published_time\" content=\"2021-02-28T16:03:09+00:00\" \/>\n<meta property=\"article:modified_time\" content=\"2021-02-28T16:03:13+00:00\" \/>\n<meta property=\"og:image\" content=\"https:\/\/chrystus.pl\/wp-content\/uploads\/2021\/02\/medjugorie-2997348_640.jpg\" \/>\n\t<meta property=\"og:image:width\" content=\"640\" \/>\n\t<meta property=\"og:image:height\" content=\"360\" \/>\n\t<meta property=\"og:image:type\" content=\"image\/jpeg\" \/>\n<meta name=\"author\" content=\"Samarytanka\" \/>\n<meta name=\"twitter:card\" content=\"summary_large_image\" \/>\n<meta name=\"twitter:label1\" content=\"Escrito por\" \/>\n\t<meta name=\"twitter:data1\" content=\"Samarytanka\" \/>\n\t<meta name=\"twitter:label2\" content=\"Tiempo de lectura\" \/>\n\t<meta name=\"twitter:data2\" content=\"3 minutos\" \/>\n<!-- \/ Yoast SEO plugin. -->","yoast_head_json":{"title":"\u00bfQu\u00e9 pas\u00f3 en Medjugorie? - Cristo","description":"El 25 de junio se cumplen cuatro d\u00e9cadas de la primera aparici\u00f3n mariana en Medjugorje. \u00bfQu\u00e9 significa esto? Las apariciones en Medjugorje comenzaron en 1981, cuando","robots":{"index":"index","follow":"follow","max-snippet":"max-snippet:-1","max-image-preview":"max-image-preview:large","max-video-preview":"max-video-preview:-1"},"canonical":"https:\/\/chrystus.pl\/es\/que-si-wydarzalo-w-medjugorie\/","og_locale":"es_MX","og_type":"article","og_title":"Co si\u0119 wydarzy\u0142o w Medjugorie? - Chrystus","og_description":"25 czerwca min\u0105 cztery dekady od pierwszego objawienia Maryjnego w Medziugorje. Co to oznacza? Objawienia w Medjugorje rozpocz\u0119\u0142y si\u0119 w 1981 r., kiedy","og_url":"https:\/\/chrystus.pl\/es\/que-si-wydarzalo-w-medjugorie\/","og_site_name":"Chrystus","article_published_time":"2021-02-28T16:03:09+00:00","article_modified_time":"2021-02-28T16:03:13+00:00","og_image":[{"width":640,"height":360,"url":"https:\/\/chrystus.pl\/wp-content\/uploads\/2021\/02\/medjugorie-2997348_640.jpg","type":"image\/jpeg"}],"author":"Samarytanka","twitter_card":"summary_large_image","twitter_misc":{"Escrito por":"Samarytanka","Tiempo de lectura":"3 minutos"},"schema":{"@context":"https:\/\/schema.org","@graph":[{"@type":"Article","@id":"https:\/\/chrystus.pl\/co-sie-wydarzylo-w-medjugorie\/#article","isPartOf":{"@id":"https:\/\/chrystus.pl\/co-sie-wydarzylo-w-medjugorie\/"},"author":{"name":"Samarytanka","@id":"https:\/\/chrystus.pl\/#\/schema\/person\/e2e742452b8b7b2bcd23ea180671d27a"},"headline":"Co si\u0119 wydarzy\u0142o w Medjugorie?","datePublished":"2021-02-28T16:03:09+00:00","dateModified":"2021-02-28T16:03:13+00:00","mainEntityOfPage":{"@id":"https:\/\/chrystus.pl\/co-sie-wydarzylo-w-medjugorie\/"},"wordCount":738,"publisher":{"@id":"https:\/\/chrystus.pl\/#organization"},"image":{"@id":"https:\/\/chrystus.pl\/co-sie-wydarzylo-w-medjugorie\/#primaryimage"},"thumbnailUrl":"https:\/\/chrystus.pl\/wp-content\/uploads\/2021\/02\/medjugorie-2997348_640.jpg","articleSection":["Maryja"],"inLanguage":"es"},{"@type":"WebPage","@id":"https:\/\/chrystus.pl\/co-sie-wydarzylo-w-medjugorie\/","url":"https:\/\/chrystus.pl\/co-sie-wydarzylo-w-medjugorie\/","name":"\u00bfQu\u00e9 pas\u00f3 en Medjugorie? - Cristo","isPartOf":{"@id":"https:\/\/chrystus.pl\/#website"},"primaryImageOfPage":{"@id":"https:\/\/chrystus.pl\/co-sie-wydarzylo-w-medjugorie\/#primaryimage"},"image":{"@id":"https:\/\/chrystus.pl\/co-sie-wydarzylo-w-medjugorie\/#primaryimage"},"thumbnailUrl":"https:\/\/chrystus.pl\/wp-content\/uploads\/2021\/02\/medjugorie-2997348_640.jpg","datePublished":"2021-02-28T16:03:09+00:00","dateModified":"2021-02-28T16:03:13+00:00","description":"El 25 de junio se cumplen cuatro d\u00e9cadas de la primera aparici\u00f3n mariana en Medjugorje. \u00bfQu\u00e9 significa esto? Las apariciones en Medjugorje comenzaron en 1981, cuando","breadcrumb":{"@id":"https:\/\/chrystus.pl\/co-sie-wydarzylo-w-medjugorie\/#breadcrumb"},"inLanguage":"es","potentialAction":[{"@type":"ReadAction","target":["https:\/\/chrystus.pl\/co-sie-wydarzylo-w-medjugorie\/"]}]},{"@type":"ImageObject","inLanguage":"es","@id":"https:\/\/chrystus.pl\/co-sie-wydarzylo-w-medjugorie\/#primaryimage","url":"https:\/\/chrystus.pl\/wp-content\/uploads\/2021\/02\/medjugorie-2997348_640.jpg","contentUrl":"https:\/\/chrystus.pl\/wp-content\/uploads\/2021\/02\/medjugorie-2997348_640.jpg","width":640,"height":360,"caption":"medjugorie-2997348_640"},{"@type":"BreadcrumbList","@id":"https:\/\/chrystus.pl\/co-sie-wydarzylo-w-medjugorie\/#breadcrumb","itemListElement":[{"@type":"ListItem","position":1,"name":"Strona g\u0142\u00f3wna","item":"https:\/\/chrystus.pl\/"},{"@type":"ListItem","position":2,"name":"Co si\u0119 wydarzy\u0142o w Medjugorie?"}]},{"@type":"WebSite","@id":"https:\/\/chrystus.pl\/#website","url":"https:\/\/chrystus.pl\/","name":"Cristo","description":"Dios, Mar\u00eda, Jes\u00fas, la Comuni\u00f3n y m\u00e1s","publisher":{"@id":"https:\/\/chrystus.pl\/#organization"},"potentialAction":[{"@type":"SearchAction","target":{"@type":"EntryPoint","urlTemplate":"https:\/\/chrystus.pl\/?s={search_term_string}"},"query-input":{"@type":"PropertyValueSpecification","valueRequired":true,"valueName":"search_term_string"}}],"inLanguage":"es"},{"@type":"Organization","@id":"https:\/\/chrystus.pl\/#organization","name":"Cristo.pl","url":"https:\/\/chrystus.pl\/","logo":{"@type":"ImageObject","inLanguage":"es","@id":"https:\/\/chrystus.pl\/#\/schema\/logo\/image\/","url":"https:\/\/chrystus.pl\/wp-content\/uploads\/2019\/03\/chrystus-bog-maryja-komunia-bierzmowanie.jpg","contentUrl":"https:\/\/chrystus.pl\/wp-content\/uploads\/2019\/03\/chrystus-bog-maryja-komunia-bierzmowanie.jpg","width":1920,"height":1280,"caption":"Chrystus.pl"},"image":{"@id":"https:\/\/chrystus.pl\/#\/schema\/logo\/image\/"}},{"@type":"Person","@id":"https:\/\/chrystus.pl\/#\/schema\/person\/e2e742452b8b7b2bcd23ea180671d27a","name":"Mujer samaritana"}]}},"_links":{"self":[{"href":"https:\/\/chrystus.pl\/es\/wp-json\/wp\/v2\/posts\/2024","targetHints":{"allow":["GET"]}}],"collection":[{"href":"https:\/\/chrystus.pl\/es\/wp-json\/wp\/v2\/posts"}],"about":[{"href":"https:\/\/chrystus.pl\/es\/wp-json\/wp\/v2\/types\/post"}],"author":[{"embeddable":true,"href":"https:\/\/chrystus.pl\/es\/wp-json\/wp\/v2\/users\/1"}],"replies":[{"embeddable":true,"href":"https:\/\/chrystus.pl\/es\/wp-json\/wp\/v2\/comments?post=2024"}],"version-history":[{"count":0,"href":"https:\/\/chrystus.pl\/es\/wp-json\/wp\/v2\/posts\/2024\/revisions"}],"wp:featuredmedia":[{"embeddable":true,"href":"https:\/\/chrystus.pl\/es\/wp-json\/wp\/v2\/media\/2025"}],"wp:attachment":[{"href":"https:\/\/chrystus.pl\/es\/wp-json\/wp\/v2\/media?parent=2024"}],"wp:term":[{"taxonomy":"category","embeddable":true,"href":"https:\/\/chrystus.pl\/es\/wp-json\/wp\/v2\/categories?post=2024"},{"taxonomy":"post_tag","embeddable":true,"href":"https:\/\/chrystus.pl\/es\/wp-json\/wp\/v2\/tags?post=2024"}],"curies":[{"name":"wp","href":"https:\/\/api.w.org\/{rel}","templated":true}]}}