{"id":646,"date":"2019-06-01T13:32:22","date_gmt":"2019-06-01T13:32:22","guid":{"rendered":"https:\/\/chrystus.pl\/?p=646"},"modified":"2020-01-13T07:58:34","modified_gmt":"2020-01-13T07:58:34","slug":"czy-jezus-byl-ciesla","status":"publish","type":"post","link":"https:\/\/chrystus.pl\/es\/czy-jezus-byl-ciesla\/","title":{"rendered":"\u00bfEra Jes\u00fas un carpintero?"},"content":{"rendered":"<p>\u00bfEra Jes\u00fas un carpintero? \u00bfJes\u00fas trabaj\u00f3 alguna vez y c\u00f3mo se mantuvo realmente? Como se ha mencionado en secciones anteriores de este art\u00edculo, se sabe poco sobre los primeros a\u00f1os de la vida de Jes\u00fas o su adolescencia. Lo que m\u00e1s se conoce es su actividad docente y espiritual, que inici\u00f3 a los 30 a\u00f1os.<\/p>\n<p>La mayor\u00eda de las veces se supone que Jes\u00fas, al igual que su Padre <span id=\"urn:enhancement-a8f2a584\" class=\"textannotation disambiguated wl-person\" itemid=\"http:\/\/data.wordlift.io\/wl01857\/entity\/jozef_z_nazaretu\"><a href=\"https:\/\/chrystus.pl\/es\/modlitwa-w-sprawach-trudnych-i-beznadziejnych-do-sw-jozefa\/\">Joseph<\/a><\/span>, z <span id=\"urn:enhancement-a08531c8\" class=\"textannotation disambiguated wl-other\" itemid=\"http:\/\/data.wordlift.io\/wl01857\/entity\/zawod\">profesi\u00f3n<\/span> era carpintero. <span id=\"urn:enhancement-257ee795\" class=\"textannotation disambiguated wl-other\" itemid=\"http:\/\/data.wordlift.io\/wl01857\/entity\/ciesla\">Carpintero<\/span> es decir <span id=\"urn:enhancement-fd005c07\" class=\"textannotation disambiguated wl-other\" itemid=\"http:\/\/data.wordlift.io\/wl01857\/entity\/zawod\">profesi\u00f3n<\/span> La carpinter\u00eda, que consiste en la fabricaci\u00f3n de elementos de construcci\u00f3n, partes de equipos y detalles de madera, conectados permanentemente con el objeto de la actividad (edificio, estructura, barco). Esta profesi\u00f3n, por su naturaleza, puede confundirse con la de carpintero. <span id=\"urn:enhancement-bef2b09\" class=\"textannotation disambiguated wl-other\" itemid=\"http:\/\/data.wordlift.io\/wl01857\/entity\/ciesla\">Carpintero<\/span> A diferencia de un carpintero, hace paredes de madera o incluso estructuras de techo, <span id=\"urn:enhancement-5f7c615b\" class=\"textannotation disambiguated wl-other\" itemid=\"http:\/\/data.wordlift.io\/wl01857\/entity\/stolarz\">carpintero<\/span> mientras \u00e9l hace los pisos, <span id=\"urn:enhancement-7bafe2c5\" class=\"textannotation disambiguated wl-other\" itemid=\"http:\/\/data.wordlift.io\/wl01857\/entity\/drzwi\">puertas<\/span> y ventanas. Para ello utiliza herramientas de carpinter\u00eda.<\/p>\n<p>Para responder a la pregunta \"\u00bffue Jes\u00fas un carpintero?\", es necesario considerar la cuesti\u00f3n del entorno en el que vivi\u00f3 durante los diecisiete a\u00f1os de su vida terrenal, del que no sabemos nada, pero sobre todo, necesitamos encontrar las premisas adecuadas que nos permitan determinar el car\u00e1cter social de ese entorno. Al igual que en el caso de la determinaci\u00f3n del aspecto y la vestimenta del Se\u00f1or Jes\u00fas, es muy importante tener en cuenta el entorno en el que viv\u00eda y cu\u00e1les eran las actividades t\u00edpicas de la gente que viv\u00eda en Jerusal\u00e9n en aquella \u00e9poca.<\/p>\n<p>Los motivos agr\u00edcolas ocupan un lugar destacado en las par\u00e1bolas b\u00edblicas, mientras que el <span id=\"urn:enhancement-2657dca0\" class=\"textannotation disambiguated wl-other\" itemid=\"http:\/\/data.wordlift.io\/wl01857\/entity\/praca_dzialalnosc_czlowieka\">trabajo<\/span> El carpintero se menciona s\u00f3lo unas pocas veces. Por ello, algunos estudiosos cuestionan la validez de la afirmaci\u00f3n de que Jes\u00fas era carpintero. Es muy probable, pues, que Jes\u00fas estuviera relacionado con el trabajo agr\u00edcola, ya que era muy versado en \u00e9l, como confirman los pasajes b\u00edblicos.<\/p>","protected":false},"excerpt":{"rendered":"<p>\u00bfEra Jes\u00fas un carpintero? \u00bfJes\u00fas trabaj\u00f3 alguna vez y c\u00f3mo se mantuvo realmente? Como se ha mencionado en secciones anteriores de este art\u00edculo, se sabe poco sobre los primeros a\u00f1os de la vida de Jes\u00fas o su adolescencia. Lo que m\u00e1s se conoce es su actividad docente y espiritual, que inici\u00f3 a los 30 a\u00f1os. Lo m\u00e1s com\u00fan es suponer que Jes\u00fas, al igual que ...<\/p>","protected":false},"author":1,"featured_media":647,"comment_status":"open","ping_status":"closed","sticky":false,"template":"","format":"standard","meta":{"footnotes":""},"categories":[52],"tags":[],"class_list":["post-646","post","type-post","status-publish","format-standard","has-post-thumbnail","hentry","category-jezus"],"yoast_head":"<!-- This site is optimized with the Yoast SEO plugin v27.5 - https:\/\/yoast.com\/product\/yoast-seo-wordpress\/ -->\n<title>Czy Jezus by\u0142 cie\u015bl\u0105? - Chrystus<\/title>\n<meta name=\"description\" content=\"Czy Jezus by\u0142 cie\u015bl\u0105? Czy Jezus wykonywa\u0142 kiedykolwiek jakie\u015b prace i jak w\u0142a\u015bciwie si\u0119 utrzymywa\u0142. Jak wspomniano we wcze\u015bniejszych cz\u0119\u015bciach artyku\u0142u,\" \/>\n<meta name=\"robots\" content=\"index, follow, max-snippet:-1, max-image-preview:large, max-video-preview:-1\" \/>\n<link rel=\"canonical\" href=\"https:\/\/chrystus.pl\/es\/si-jeus-fue-un-ciborg\/\" \/>\n<meta property=\"og:locale\" content=\"es_MX\" \/>\n<meta property=\"og:type\" content=\"article\" \/>\n<meta property=\"og:title\" content=\"Czy Jezus by\u0142 cie\u015bl\u0105? - Chrystus\" \/>\n<meta property=\"og:description\" content=\"Czy Jezus by\u0142 cie\u015bl\u0105? Czy Jezus wykonywa\u0142 kiedykolwiek jakie\u015b prace i jak w\u0142a\u015bciwie si\u0119 utrzymywa\u0142. Jak wspomniano we wcze\u015bniejszych cz\u0119\u015bciach artyku\u0142u,\" \/>\n<meta property=\"og:url\" content=\"https:\/\/chrystus.pl\/es\/si-jeus-fue-un-ciborg\/\" \/>\n<meta property=\"og:site_name\" content=\"Chrystus\" \/>\n<meta property=\"article:published_time\" content=\"2019-06-01T13:32:22+00:00\" \/>\n<meta property=\"article:modified_time\" content=\"2020-01-13T07:58:34+00:00\" \/>\n<meta property=\"og:image\" content=\"https:\/\/chrystus.pl\/wp-content\/uploads\/2019\/06\/hammer-1868956_640.jpg\" \/>\n\t<meta property=\"og:image:width\" content=\"640\" \/>\n\t<meta property=\"og:image:height\" content=\"426\" \/>\n\t<meta property=\"og:image:type\" content=\"image\/jpeg\" \/>\n<meta name=\"author\" content=\"Samarytanka\" \/>\n<meta name=\"twitter:card\" content=\"summary_large_image\" \/>\n<meta name=\"twitter:label1\" content=\"Escrito por\" \/>\n\t<meta name=\"twitter:data1\" content=\"Samarytanka\" \/>\n\t<meta name=\"twitter:label2\" content=\"Tiempo de lectura\" \/>\n\t<meta name=\"twitter:data2\" content=\"2 minutos\" \/>\n<!-- \/ Yoast SEO plugin. -->","yoast_head_json":{"title":"\u00bfEra Jes\u00fas un carpintero? - Cristo","description":"\u00bfEra Jes\u00fas un carpintero? \u00bfJes\u00fas trabaj\u00f3 alguna vez y c\u00f3mo se mantuvo realmente? Como se ha mencionado en partes anteriores de este art\u00edculo,","robots":{"index":"index","follow":"follow","max-snippet":"max-snippet:-1","max-image-preview":"max-image-preview:large","max-video-preview":"max-video-preview:-1"},"canonical":"https:\/\/chrystus.pl\/es\/si-jeus-fue-un-ciborg\/","og_locale":"es_MX","og_type":"article","og_title":"Czy Jezus by\u0142 cie\u015bl\u0105? - Chrystus","og_description":"Czy Jezus by\u0142 cie\u015bl\u0105? Czy Jezus wykonywa\u0142 kiedykolwiek jakie\u015b prace i jak w\u0142a\u015bciwie si\u0119 utrzymywa\u0142. Jak wspomniano we wcze\u015bniejszych cz\u0119\u015bciach artyku\u0142u,","og_url":"https:\/\/chrystus.pl\/es\/si-jeus-fue-un-ciborg\/","og_site_name":"Chrystus","article_published_time":"2019-06-01T13:32:22+00:00","article_modified_time":"2020-01-13T07:58:34+00:00","og_image":[{"width":640,"height":426,"url":"https:\/\/chrystus.pl\/wp-content\/uploads\/2019\/06\/hammer-1868956_640.jpg","type":"image\/jpeg"}],"author":"Samarytanka","twitter_card":"summary_large_image","twitter_misc":{"Escrito por":"Samarytanka","Tiempo de lectura":"2 minutos"},"schema":{"@context":"https:\/\/schema.org","@graph":[{"@type":"Article","@id":"https:\/\/chrystus.pl\/czy-jezus-byl-ciesla\/#article","isPartOf":{"@id":"https:\/\/chrystus.pl\/czy-jezus-byl-ciesla\/"},"author":{"name":"Samarytanka","@id":"https:\/\/chrystus.pl\/#\/schema\/person\/e2e742452b8b7b2bcd23ea180671d27a"},"headline":"Czy Jezus by\u0142 cie\u015bl\u0105?","datePublished":"2019-06-01T13:32:22+00:00","dateModified":"2020-01-13T07:58:34+00:00","mainEntityOfPage":{"@id":"https:\/\/chrystus.pl\/czy-jezus-byl-ciesla\/"},"wordCount":313,"commentCount":0,"publisher":{"@id":"https:\/\/chrystus.pl\/#organization"},"image":{"@id":"https:\/\/chrystus.pl\/czy-jezus-byl-ciesla\/#primaryimage"},"thumbnailUrl":"https:\/\/chrystus.pl\/wp-content\/uploads\/2019\/06\/hammer-1868956_640.jpg","articleSection":["Jezus"],"inLanguage":"es","potentialAction":[{"@type":"CommentAction","name":"Comment","target":["https:\/\/chrystus.pl\/czy-jezus-byl-ciesla\/#respond"]}]},{"@type":"WebPage","@id":"https:\/\/chrystus.pl\/czy-jezus-byl-ciesla\/","url":"https:\/\/chrystus.pl\/czy-jezus-byl-ciesla\/","name":"\u00bfEra Jes\u00fas un carpintero? - Cristo","isPartOf":{"@id":"https:\/\/chrystus.pl\/#website"},"primaryImageOfPage":{"@id":"https:\/\/chrystus.pl\/czy-jezus-byl-ciesla\/#primaryimage"},"image":{"@id":"https:\/\/chrystus.pl\/czy-jezus-byl-ciesla\/#primaryimage"},"thumbnailUrl":"https:\/\/chrystus.pl\/wp-content\/uploads\/2019\/06\/hammer-1868956_640.jpg","datePublished":"2019-06-01T13:32:22+00:00","dateModified":"2020-01-13T07:58:34+00:00","description":"\u00bfEra Jes\u00fas un carpintero? \u00bfJes\u00fas trabaj\u00f3 alguna vez y c\u00f3mo se mantuvo realmente? Como se ha mencionado en partes anteriores de este art\u00edculo,","breadcrumb":{"@id":"https:\/\/chrystus.pl\/czy-jezus-byl-ciesla\/#breadcrumb"},"inLanguage":"es","potentialAction":[{"@type":"ReadAction","target":["https:\/\/chrystus.pl\/czy-jezus-byl-ciesla\/"]}]},{"@type":"ImageObject","inLanguage":"es","@id":"https:\/\/chrystus.pl\/czy-jezus-byl-ciesla\/#primaryimage","url":"https:\/\/chrystus.pl\/wp-content\/uploads\/2019\/06\/hammer-1868956_640.jpg","contentUrl":"https:\/\/chrystus.pl\/wp-content\/uploads\/2019\/06\/hammer-1868956_640.jpg","width":640,"height":426,"caption":"Czy Jezus by\u0142 cie\u015bl\u0105?"},{"@type":"BreadcrumbList","@id":"https:\/\/chrystus.pl\/czy-jezus-byl-ciesla\/#breadcrumb","itemListElement":[{"@type":"ListItem","position":1,"name":"Strona g\u0142\u00f3wna","item":"https:\/\/chrystus.pl\/"},{"@type":"ListItem","position":2,"name":"Czy Jezus by\u0142 cie\u015bl\u0105?"}]},{"@type":"WebSite","@id":"https:\/\/chrystus.pl\/#website","url":"https:\/\/chrystus.pl\/","name":"Cristo","description":"Dios, Mar\u00eda, Jes\u00fas, la Comuni\u00f3n y m\u00e1s","publisher":{"@id":"https:\/\/chrystus.pl\/#organization"},"potentialAction":[{"@type":"SearchAction","target":{"@type":"EntryPoint","urlTemplate":"https:\/\/chrystus.pl\/?s={search_term_string}"},"query-input":{"@type":"PropertyValueSpecification","valueRequired":true,"valueName":"search_term_string"}}],"inLanguage":"es"},{"@type":"Organization","@id":"https:\/\/chrystus.pl\/#organization","name":"Cristo.pl","url":"https:\/\/chrystus.pl\/","logo":{"@type":"ImageObject","inLanguage":"es","@id":"https:\/\/chrystus.pl\/#\/schema\/logo\/image\/","url":"https:\/\/chrystus.pl\/wp-content\/uploads\/2019\/03\/chrystus-bog-maryja-komunia-bierzmowanie.jpg","contentUrl":"https:\/\/chrystus.pl\/wp-content\/uploads\/2019\/03\/chrystus-bog-maryja-komunia-bierzmowanie.jpg","width":1920,"height":1280,"caption":"Chrystus.pl"},"image":{"@id":"https:\/\/chrystus.pl\/#\/schema\/logo\/image\/"}},{"@type":"Person","@id":"https:\/\/chrystus.pl\/#\/schema\/person\/e2e742452b8b7b2bcd23ea180671d27a","name":"Mujer samaritana"}]}},"_links":{"self":[{"href":"https:\/\/chrystus.pl\/es\/wp-json\/wp\/v2\/posts\/646","targetHints":{"allow":["GET"]}}],"collection":[{"href":"https:\/\/chrystus.pl\/es\/wp-json\/wp\/v2\/posts"}],"about":[{"href":"https:\/\/chrystus.pl\/es\/wp-json\/wp\/v2\/types\/post"}],"author":[{"embeddable":true,"href":"https:\/\/chrystus.pl\/es\/wp-json\/wp\/v2\/users\/1"}],"replies":[{"embeddable":true,"href":"https:\/\/chrystus.pl\/es\/wp-json\/wp\/v2\/comments?post=646"}],"version-history":[{"count":0,"href":"https:\/\/chrystus.pl\/es\/wp-json\/wp\/v2\/posts\/646\/revisions"}],"wp:featuredmedia":[{"embeddable":true,"href":"https:\/\/chrystus.pl\/es\/wp-json\/wp\/v2\/media\/647"}],"wp:attachment":[{"href":"https:\/\/chrystus.pl\/es\/wp-json\/wp\/v2\/media?parent=646"}],"wp:term":[{"taxonomy":"category","embeddable":true,"href":"https:\/\/chrystus.pl\/es\/wp-json\/wp\/v2\/categories?post=646"},{"taxonomy":"post_tag","embeddable":true,"href":"https:\/\/chrystus.pl\/es\/wp-json\/wp\/v2\/tags?post=646"}],"curies":[{"name":"wp","href":"https:\/\/api.w.org\/{rel}","templated":true}]}}