{"id":772,"date":"2019-12-27T20:19:43","date_gmt":"2019-12-27T20:19:43","guid":{"rendered":"https:\/\/chrystus.pl\/?p=772"},"modified":"2019-12-27T20:24:03","modified_gmt":"2019-12-27T20:24:03","slug":"co-jesc-przed-wielkanoca","status":"publish","type":"post","link":"https:\/\/chrystus.pl\/es\/co-jesc-przed-wielkanoca\/","title":{"rendered":"\u00bfQu\u00e9 comer antes de Semana Santa?"},"content":{"rendered":"<p><span id=\"urn:enhancement-b0b89526\" class=\"textannotation disambiguated wl-other\" itemid=\"http:\/\/data.wordlift.io\/wl01857\/entity\/wielkanoc\">Pascua<\/span> es el m\u00e1s relevante y antiguo <span id=\"urn:enhancement-71611987\" class=\"textannotation disambiguated wl-other\" itemid=\"http:\/\/data.wordlift.io\/wl01378\/entity\/swieto\">fiesta<\/span> en la religi\u00f3n cristiana. <span id=\"urn:enhancement-1a6f3369\" class=\"textannotation disambiguated wl-other\" itemid=\"http:\/\/data.wordlift.io\/wl01857\/entity\/wielkanoc\">Pascua<\/span> Lo celebramos como conmemoraci\u00f3n de la pasi\u00f3n, muerte y resurrecci\u00f3n del hijo de Dios. Al principio <span id=\"urn:enhancement-c56447bf\" class=\"textannotation disambiguated wl-other\" itemid=\"http:\/\/data.wordlift.io\/wl01857\/entity\/wielkanoc\">Pascua<\/span> Se les rend\u00eda culto con un ayuno de tres d\u00edas que ten\u00eda lugar antes del domingo de Pascua. Durante estos d\u00edas de ayuno se ofrec\u00eda un supuesto sacrificio. M\u00e1s tarde, este ayuno se ampli\u00f3 a cuarenta d\u00edas.<\/p>\n<p>Post mo\u017cna podzieli\u0107 na dwa aspekty &#8211; post jako\u015bciowy, kt\u00f3ry m\u00f3wi o tym co mog\u0105 je\u015b\u0107 chrze\u015bcijanie oraz post ilo\u015bciowy, kt\u00f3ry m\u00f3wi o tym, ile jedzenia mog\u0105 spo\u017cy\u0107. Czym jest post \u015bcis\u0142y? <span id=\"urn:enhancement-2bc40a26\" class=\"textannotation disambiguated wl-other\" itemid=\"http:\/\/data.wordlift.io\/wl01857\/entity\/post\">Ayuno estricto<\/span> Combina el ayuno cualitativo y cuantitativo. El ayuno cualitativo excluye de la dieta la carne y todos los alimentos a base de carne, como el caldo. Seg\u00fan la religi\u00f3n cristiana, cada viernes es obligatorio un ayuno cualitativo para todos los mayores de siete a\u00f1os, el d\u00eda en que, seg\u00fan la religi\u00f3n cristiana, muri\u00f3 el Hijo de Dios.<\/p>\n<p>El ayuno cualitativo permite comer productos animales como huevos, productos l\u00e1cteos y pescado y marisco. El ayuno cuantitativo le permite hacer una comida al d\u00eda, que le saciar\u00e1, pero no le proh\u00edbe comer por la ma\u00f1ana y por la noche, sino peque\u00f1as porciones que no le permitir\u00e1n comer en exceso. El ayuno cuantitativo se aplica a los cristianos de dieciocho a sesenta a\u00f1os en <span id=\"urn:enhancement-a29bf8d6\" class=\"textannotation wl-other disambiguated wl-thing\" itemid=\"http:\/\/data.wordlift.io\/wl01857\/entity\/popielec\">Mi\u00e9rcoles de Ceniza<\/span> y <span id=\"urn:enhancement-4cbb2465\" class=\"textannotation disambiguated wl-other\" itemid=\"http:\/\/data.wordlift.io\/wl01857\/entity\/wielki_piatek\">Viernes Santo<\/span>.<\/p>\n<p>Durante el ayuno cuantitativo, se puede comer carne en una comida al d\u00eda, con la que se puede comer hasta la saciedad. Sin embargo, en el caso de las comidas peque\u00f1as, por la ma\u00f1ana y por la noche, el consumo de carne est\u00e1 prohibido. Para mantener el ayuno, lo m\u00e1s f\u00e1cil es seguir la regla de comer un tercio de lo que se suele comer en el desayuno o la cena.<\/p>\n<p>Post ilo\u015bciowy obowi\u0105zuje chrze\u015bcijan we wszystkie inne dni Wielkiego Postu z wy\u0142\u0105czeniem pi\u0105tk\u00f3w. Post ilo\u015bciowy obowi\u0105zuje w czasie Wielkiego Postu \u00a0w poniedzia\u0142ki, wtorki, \u015brody (z wyj\u0105tkiem popielcowej i suchodniowej, podczas kt\u00f3rych obowi\u0105zuje post \u015bcis\u0142y) i czwartki. Post ilo\u015bciowy obowi\u0105zuje chrze\u015bcijan, kt\u00f3rzy uko\u0144czyli 21.rok \u017cycia, a nie rozpocz\u0119li jeszcze 60. roku \u017cycia.<\/p>\n<div id=\"ez-toc-container\" class=\"ez-toc-v2_0_82_2 counter-hierarchy ez-toc-counter ez-toc-custom ez-toc-container-direction\">\n<p class=\"ez-toc-title\" style=\"cursor:inherit\">\u00cdndice de contenidos<\/p>\n<label for=\"ez-toc-cssicon-toggle-item-69f15d10ed3bf\" class=\"ez-toc-cssicon-toggle-label\"><span class=\"\"><span class=\"eztoc-hide\" style=\"display:none;\">Toggle<\/span><span class=\"ez-toc-icon-toggle-span\"><svg style=\"fill: #ffffff;color:#ffffff\" xmlns=\"http:\/\/www.w3.org\/2000\/svg\" class=\"list-377408\" width=\"20px\" height=\"20px\" viewbox=\"0 0 24 24\" fill=\"none\"><path d=\"M6 6H4v2h2V6zm14 0H8v2h12V6zM4 11h2v2H4v-2zm16 0H8v2h12v-2zM4 16h2v2H4v-2zm16 0H8v2h12v-2z\" fill=\"currentColor\"><\/path><\/svg><svg style=\"fill: #ffffff;color:#ffffff\" class=\"arrow-unsorted-368013\" xmlns=\"http:\/\/www.w3.org\/2000\/svg\" width=\"10px\" height=\"10px\" viewbox=\"0 0 24 24\" version=\"1.2\" baseprofile=\"tiny\"><path d=\"M18.2 9.3l-6.2-6.3-6.2 6.3c-.2.2-.3.4-.3.7s.1.5.3.7c.2.2.4.3.7.3h11c.3 0 .5-.1.7-.3.2-.2.3-.5.3-.7s-.1-.5-.3-.7zM5.8 14.7l6.2 6.3 6.2-6.3c.2-.2.3-.5.3-.7s-.1-.5-.3-.7c-.2-.2-.4-.3-.7-.3h-11c-.3 0-.5.1-.7.3-.2.2-.3.5-.3.7s.1.5.3.7z\"\/><\/svg><\/span><\/span><\/label><input type=\"checkbox\"  id=\"ez-toc-cssicon-toggle-item-69f15d10ed3bf\"  aria-label=\"Toggle\" \/><nav><ul class='ez-toc-list ez-toc-list-level-1' ><li class='ez-toc-page-1 ez-toc-heading-level-2'><a class=\"ez-toc-link ez-toc-heading-1\" href=\"https:\/\/chrystus.pl\/es\/co-jesc-przed-wielkanoca\/#Co_jesc_w_Wielkanoc_i_dlaczego_wlasnie_te_potrawy\" >\u00bfQu\u00e9 comer en Semana Santa y por qu\u00e9 estos platos en particular?<\/a><\/li><li class='ez-toc-page-1 ez-toc-heading-level-2'><a class=\"ez-toc-link ez-toc-heading-2\" href=\"https:\/\/chrystus.pl\/es\/co-jesc-przed-wielkanoca\/#Jakie_potrawy_musza_znalezc_sie_w_swieconce\" >\u00bfQu\u00e9 alimentos deben incluirse en un d\u00eda sagrado?<\/a><\/li><\/ul><\/nav><\/div>\n<h2><span class=\"ez-toc-section\" id=\"Co_jesc_w_Wielkanoc_i_dlaczego_wlasnie_te_potrawy\"><\/span>\u00bfQu\u00e9 comer en Semana Santa y por qu\u00e9 estos platos en particular?<span class=\"ez-toc-section-end\"><\/span><\/h2>\n<p>\u00bfQu\u00e9 pasa con <span id=\"urn:enhancement-6a6d3253\" class=\"textannotation disambiguated wl-other\" itemid=\"http:\/\/data.wordlift.io\/wl01857\/entity\/wielkanoc\">Pascua<\/span>? W <span id=\"urn:enhancement-19c10151\" class=\"textannotation disambiguated wl-other\" itemid=\"http:\/\/data.wordlift.io\/wl01857\/entity\/wielka_sobota\">S\u00e1bado Santo<\/span> Los cristianos bendicen los huevos y los alimentos navide\u00f1os. Durante la Semana Santa, todos los productos y alimentos que han sido colocados en <span id=\"urn:enhancement-ebeeb247\" class=\"textannotation disambiguated wl-other\" itemid=\"http:\/\/data.wordlift.io\/wl01857\/entity\/wielkanoc\">Semana Santa<\/span> la cesta, y que han sido consagrados, deben ser comidos, no se debe tirar nada de ellos, ni alimentar a los animales con ellos. Lo que debe estar en la cesta sagrada y comerse en la <span id=\"urn:enhancement-c5be580b\" class=\"textannotation disambiguated wl-other\" itemid=\"http:\/\/data.wordlift.io\/wl01857\/entity\/wielkanoc\">Pascua<\/span>?<\/p>\n<p>W\u015br\u00f3d pokarm\u00f3w przede wszystkim nie mo\u017ce zabrakn\u0105\u0107 chleba oraz soli. Chleb to pokarm zapewniaj\u0105cy przetrwanie, s\u00f3l natomiast to minera\u0142, kt\u00f3ry daje nam \u017cycie oraz podstaw\u0119 istnienia.<\/p>\n<h2><span class=\"ez-toc-section\" id=\"Jakie_potrawy_musza_znalezc_sie_w_swieconce\"><\/span>\u00bfQu\u00e9 alimentos deben incluirse en un d\u00eda sagrado?<span class=\"ez-toc-section-end\"><\/span><\/h2>\n<p>El alimento m\u00e1s b\u00e1sico que se encuentra en el sacramento es el pan, que para los cristianos es el s\u00edmbolo m\u00e1s importante, es una met\u00e1fora del cuerpo <span id=\"urn:enhancement-1eb81ae7\" class=\"textannotation disambiguated wl-other\" itemid=\"http:\/\/data.wordlift.io\/wl01378\/entity\/syn_bozy\">Hijo<\/span> <span id=\"urn:enhancement-895eeaa6\" class=\"textannotation disambiguated wl-other\" itemid=\"http:\/\/data.wordlift.io\/wl01378\/entity\/bog_ojciec\">De Dios<\/span>. Ponerlo en la cesta <span id=\"urn:enhancement-ec694fde\" class=\"textannotation disambiguated wl-other\" itemid=\"http:\/\/data.wordlift.io\/wl01857\/entity\/wielkanoc\">Semana Santa<\/span> nos garantiza a todos mucha prosperidad y buena fortuna para todo el a\u00f1o. En la cesta <span id=\"urn:enhancement-5a693a48\" class=\"textannotation disambiguated wl-other\" itemid=\"http:\/\/data.wordlift.io\/wl01857\/entity\/wielkanoc\">Semana Santa<\/span> tambi\u00e9n debe haber pimienta y sal, que es <span id=\"urn:enhancement-ff432a66\" class=\"textannotation disambiguated wl-other\" itemid=\"http:\/\/data.wordlift.io\/wl01857\/entity\/przyprawa\">especias<\/span>que se utilizan para dar sabor a los huevos y otros alimentos que se consumen en el desayuno en <span id=\"urn:enhancement-dee53632\" class=\"textannotation disambiguated wl-other\" itemid=\"http:\/\/data.wordlift.io\/wl01857\/entity\/wielkanoc\">Pascua<\/span>.<\/p>\n<p>Son un s\u00edmbolo de la preservaci\u00f3n del deterioro por el pecado y de la limpieza, que se hac\u00eda mediante el ayuno. La funci\u00f3n de la sal es proteger del deterioro, la sal purifica, y una vez se crey\u00f3 que puede alejar el mal. Para las personas <span id=\"urn:enhancement-ce99d12b\" class=\"textannotation disambiguated wl-other\" itemid=\"http:\/\/data.wordlift.io\/wl01378\/entity\/wiara_chrzescijanstwo\">creyentes<\/span> La sal significa vida y verdad, por eso se dice que es la llamada \"sal de la tierra\", t\u00e9rmino con el que <span id=\"urn:enhancement-a250be53\" class=\"textannotation disambiguated wl-other\" itemid=\"http:\/\/data.wordlift.io\/wl01378\/entity\/syn_bozy\">Hijo de<\/span> <span id=\"urn:enhancement-6ca41913\" class=\"textannotation disambiguated wl-other\" itemid=\"http:\/\/data.wordlift.io\/wl01378\/entity\/bog\">de Dios<\/span> Llam\u00f3 a los que le siguen. Los huevos tambi\u00e9n deber\u00edan formar parte de la cesta de Pascua, ya que son los huevos m\u00e1s asociados a la Pascua. La cesta debe contener huevos cocidos con fuerza.<\/p>\n<p>Al igual que el cordero, los huevos son un s\u00edmbolo del triunfo de la vida sobre la muerte. Tambi\u00e9n es un signo de vida renaciente, y al igual que el polluelo debe romper la c\u00e1scara del huevo para pasar a una nueva vida, as\u00ed <span id=\"urn:enhancement-d94e13d5\" class=\"textannotation disambiguated wl-person\" itemid=\"http:\/\/data.wordlift.io\/wl01378\/entity\/jezus_chrystus\">Cristo<\/span> rompi\u00f3 la \"c\u00e1scara\" de la tumba en la que estaba depositado y rod\u00f3 una gran piedra. En la cesta <span id=\"urn:enhancement-70999229\" class=\"textannotation disambiguated wl-other\" itemid=\"http:\/\/data.wordlift.io\/wl01857\/entity\/wielkanoc\">Semana Santa<\/span> tambi\u00e9n debemos colocar una ra\u00edz de r\u00e1bano picante, que simboliza la fuerza. Su funci\u00f3n es aportarnos salud y vigor. El r\u00e1bano picante, por su agudo sabor, es tambi\u00e9n un s\u00edmbolo de sufrimiento <span id=\"urn:enhancement-f0173a7\" class=\"textannotation disambiguated wl-person\" itemid=\"http:\/\/data.wordlift.io\/wl01378\/entity\/jezus_chrystus\">Jes\u00fas<\/span>su tormento y su cruel muerte. En la cesta <span id=\"urn:enhancement-91f59279\" class=\"textannotation disambiguated wl-other\" itemid=\"http:\/\/data.wordlift.io\/wl01857\/entity\/wielkanoc\">Semana Santa<\/span> Tambi\u00e9n podemos colocar queso, que simboliza la conexi\u00f3n entre el ser humano y la naturaleza. Seg\u00fan la tradici\u00f3n, el queso en la cesta de Pascua era para asegurar la salud y la prosperidad en la cr\u00eda de animales dom\u00e9sticos como vacas, cabras y ovejas, de las que procede la leche. En la cesta <span id=\"urn:enhancement-98ad3180\" class=\"textannotation disambiguated wl-other\" itemid=\"http:\/\/data.wordlift.io\/wl01857\/entity\/wielkanoc\">Semana Santa<\/span> debe haber carne fr\u00eda, generalmente jam\u00f3n o salchicha.<\/p>\n<p>Es un signo de sacrificio <span id=\"urn:enhancement-e62dc1fa\" class=\"textannotation disambiguated wl-person\" itemid=\"http:\/\/data.wordlift.io\/wl01378\/entity\/jezus_chrystus\">Cristo<\/span> puesto en la cruz, el cuerpo entregado por nosotros. Las cestas de Pascua tambi\u00e9n deben contener pastel, preferiblemente de levadura casero. Un s\u00edmbolo muy importante es tambi\u00e9n un cordero, que es un signo <span id=\"urn:enhancement-b6bcf058\" class=\"textannotation disambiguated wl-person\" itemid=\"http:\/\/data.wordlift.io\/wl01378\/entity\/jezus_chrystus\">Cristo<\/span>que los cat\u00f3licos llaman indistintamente \"Cordero de Dios\". Esto es una referencia tambi\u00e9n al cordero de Pascua sacrificado <span id=\"urn:enhancement-6964260d\" class=\"textannotation disambiguated wl-other\" itemid=\"http:\/\/data.wordlift.io\/wl01378\/entity\/bog\">Dios<\/span> en el sacrificio. Una figura hecha de pastel, glaseado o pan se refiere a <span id=\"urn:enhancement-e3f8949a\" class=\"textannotation disambiguated wl-other\" itemid=\"http:\/\/data.wordlift.io\/wl01857\/entity\/odkupienie\">redenci\u00f3n<\/span> pecadores, por la muerte <span id=\"urn:enhancement-3674ca4a\" class=\"textannotation disambiguated wl-person\" itemid=\"http:\/\/data.wordlift.io\/wl01378\/entity\/jezus_chrystus\">Jes\u00fas<\/span> en la cruz el Viernes Santo.<\/p>\n<p>Un cordero formado con masa de pan, az\u00facar, chocolate, mazap\u00e1n y mantequilla significa humildad y dulzura. Si el cordero lleva una bandera roja, es un s\u00edmbolo de <span id=\"urn:enhancement-23fdef6a\" class=\"textannotation disambiguated wl-other\" itemid=\"http:\/\/data.wordlift.io\/wl01378\/entity\/syn_bozy\">Hijo de Dios<\/span> con una pancarta para destacar su triunfo y victoria. <span id=\"urn:enhancement-2bff42ab\" class=\"textannotation disambiguated wl-other\" itemid=\"http:\/\/data.wordlift.io\/wl01378\/entity\/syn_bozy\">Hijo de Dios<\/span> sacrific\u00f3 su vida por nosotros para resucitar de entre los muertos, derrotando as\u00ed al pecado y al mal. En el desayuno de Pascua compartimos lo que encontramos en el bendito huevo de Pascua. <span id=\"urn:enhancement-7c239030\" class=\"textannotation disambiguated wl-other\" itemid=\"http:\/\/data.wordlift.io\/wl01857\/entity\/wielka_sobota\">S\u00e1bado<\/span> Celebramos la fiesta y degustamos platos especiales y tradicionales preparados para esta ocasi\u00f3n.<\/p>\n<p>&nbsp;<\/p>","protected":false},"excerpt":{"rendered":"<p>Wielkanoc to najbardziej istotne i najstarsze \u015bwi\u0119to w religii chrze\u015bcija\u0144skiej. Wielkanoc obchodzimy jako upami\u0119tnienie m\u0119ki, \u015bmierci oraz zmartwychwstania syna Boga. Na pocz\u0105tku Wielkanoc czczono trzy dniowym postem, kt\u00f3ry odbywa\u0142 si\u0119 przed Wielk\u0105 Niedziel\u0105. W czasie tych postnych dni sk\u0142adano tzw. ofiar\u0119. P\u00f3\u017aniej post ten przed\u0142u\u017cono do czterdziestu dni. Post mo\u017cna podzieli\u0107 na dwa aspekty &#8211; &hellip;<\/p>","protected":false},"author":1,"featured_media":774,"comment_status":"open","ping_status":"closed","sticky":false,"template":"","format":"standard","meta":{"footnotes":""},"categories":[53],"tags":[56],"class_list":["post-772","post","type-post","status-publish","format-standard","has-post-thumbnail","hentry","category-wielkanoc","tag-welkanoc"],"yoast_head":"<!-- This site is optimized with the Yoast SEO plugin v27.5 - https:\/\/yoast.com\/product\/yoast-seo-wordpress\/ -->\n<title>Co je\u015b\u0107 przed Wielkanoc\u0105? - Chrystus<\/title>\n<meta name=\"description\" content=\"Wielkanoc to najbardziej istotne i najstarsze \u015bwi\u0119to w religii chrze\u015bcija\u0144skiej. Wielkanoc obchodzimy jako upami\u0119tnienie m\u0119ki, \u015bmierci oraz\" \/>\n<meta name=\"robots\" content=\"index, follow, max-snippet:-1, max-image-preview:large, max-video-preview:-1\" \/>\n<link rel=\"canonical\" href=\"https:\/\/chrystus.pl\/es\/co-cena-antes-de-pascua-2\/\" \/>\n<meta property=\"og:locale\" content=\"es_MX\" \/>\n<meta property=\"og:type\" content=\"article\" \/>\n<meta property=\"og:title\" content=\"Co je\u015b\u0107 przed Wielkanoc\u0105? - Chrystus\" \/>\n<meta property=\"og:description\" content=\"Wielkanoc to najbardziej istotne i najstarsze \u015bwi\u0119to w religii chrze\u015bcija\u0144skiej. Wielkanoc obchodzimy jako upami\u0119tnienie m\u0119ki, \u015bmierci oraz\" \/>\n<meta property=\"og:url\" content=\"https:\/\/chrystus.pl\/es\/co-cena-antes-de-pascua-2\/\" \/>\n<meta property=\"og:site_name\" content=\"Chrystus\" \/>\n<meta property=\"article:published_time\" content=\"2019-12-27T20:19:43+00:00\" \/>\n<meta property=\"article:modified_time\" content=\"2019-12-27T20:24:03+00:00\" \/>\n<meta property=\"og:image\" content=\"https:\/\/chrystus.pl\/wp-content\/uploads\/2019\/12\/Co-jesc-przed-Wielkanoca.jpg\" \/>\n\t<meta property=\"og:image:width\" content=\"1280\" \/>\n\t<meta property=\"og:image:height\" content=\"810\" \/>\n\t<meta property=\"og:image:type\" content=\"image\/jpeg\" \/>\n<meta name=\"author\" content=\"Samarytanka\" \/>\n<meta name=\"twitter:card\" content=\"summary_large_image\" \/>\n<meta name=\"twitter:label1\" content=\"Escrito por\" \/>\n\t<meta name=\"twitter:data1\" content=\"Samarytanka\" \/>\n\t<meta name=\"twitter:label2\" content=\"Tiempo de lectura\" \/>\n\t<meta name=\"twitter:data2\" content=\"5 minutos\" \/>\n<!-- \/ Yoast SEO plugin. -->","yoast_head_json":{"title":"\u00bfQu\u00e9 comer antes de Semana Santa? - Cristo","description":"La Semana Santa es la fiesta m\u00e1s significativa y antigua de la religi\u00f3n cristiana. La Pascua se celebra como conmemoraci\u00f3n de la pasi\u00f3n, muerte y","robots":{"index":"index","follow":"follow","max-snippet":"max-snippet:-1","max-image-preview":"max-image-preview:large","max-video-preview":"max-video-preview:-1"},"canonical":"https:\/\/chrystus.pl\/es\/co-cena-antes-de-pascua-2\/","og_locale":"es_MX","og_type":"article","og_title":"Co je\u015b\u0107 przed Wielkanoc\u0105? - Chrystus","og_description":"Wielkanoc to najbardziej istotne i najstarsze \u015bwi\u0119to w religii chrze\u015bcija\u0144skiej. Wielkanoc obchodzimy jako upami\u0119tnienie m\u0119ki, \u015bmierci oraz","og_url":"https:\/\/chrystus.pl\/es\/co-cena-antes-de-pascua-2\/","og_site_name":"Chrystus","article_published_time":"2019-12-27T20:19:43+00:00","article_modified_time":"2019-12-27T20:24:03+00:00","og_image":[{"width":1280,"height":810,"url":"https:\/\/chrystus.pl\/wp-content\/uploads\/2019\/12\/Co-jesc-przed-Wielkanoca.jpg","type":"image\/jpeg"}],"author":"Samarytanka","twitter_card":"summary_large_image","twitter_misc":{"Escrito por":"Samarytanka","Tiempo de lectura":"5 minutos"},"schema":{"@context":"https:\/\/schema.org","@graph":[{"@type":"Article","@id":"https:\/\/chrystus.pl\/co-jesc-przed-wielkanoca\/#article","isPartOf":{"@id":"https:\/\/chrystus.pl\/co-jesc-przed-wielkanoca\/"},"author":{"name":"Samarytanka","@id":"https:\/\/chrystus.pl\/#\/schema\/person\/e2e742452b8b7b2bcd23ea180671d27a"},"headline":"Co je\u015b\u0107 przed Wielkanoc\u0105?","datePublished":"2019-12-27T20:19:43+00:00","dateModified":"2019-12-27T20:24:03+00:00","mainEntityOfPage":{"@id":"https:\/\/chrystus.pl\/co-jesc-przed-wielkanoca\/"},"wordCount":1030,"commentCount":0,"publisher":{"@id":"https:\/\/chrystus.pl\/#organization"},"image":{"@id":"https:\/\/chrystus.pl\/co-jesc-przed-wielkanoca\/#primaryimage"},"thumbnailUrl":"https:\/\/chrystus.pl\/wp-content\/uploads\/2019\/12\/Co-jesc-przed-Wielkanoca.jpg","keywords":["welkanoc"],"articleSection":["Wielkanoc"],"inLanguage":"es","potentialAction":[{"@type":"CommentAction","name":"Comment","target":["https:\/\/chrystus.pl\/co-jesc-przed-wielkanoca\/#respond"]}]},{"@type":"WebPage","@id":"https:\/\/chrystus.pl\/co-jesc-przed-wielkanoca\/","url":"https:\/\/chrystus.pl\/co-jesc-przed-wielkanoca\/","name":"\u00bfQu\u00e9 comer antes de Semana Santa? - Cristo","isPartOf":{"@id":"https:\/\/chrystus.pl\/#website"},"primaryImageOfPage":{"@id":"https:\/\/chrystus.pl\/co-jesc-przed-wielkanoca\/#primaryimage"},"image":{"@id":"https:\/\/chrystus.pl\/co-jesc-przed-wielkanoca\/#primaryimage"},"thumbnailUrl":"https:\/\/chrystus.pl\/wp-content\/uploads\/2019\/12\/Co-jesc-przed-Wielkanoca.jpg","datePublished":"2019-12-27T20:19:43+00:00","dateModified":"2019-12-27T20:24:03+00:00","description":"La Semana Santa es la fiesta m\u00e1s significativa y antigua de la religi\u00f3n cristiana. La Pascua se celebra como conmemoraci\u00f3n de la pasi\u00f3n, muerte y","breadcrumb":{"@id":"https:\/\/chrystus.pl\/co-jesc-przed-wielkanoca\/#breadcrumb"},"inLanguage":"es","potentialAction":[{"@type":"ReadAction","target":["https:\/\/chrystus.pl\/co-jesc-przed-wielkanoca\/"]}]},{"@type":"ImageObject","inLanguage":"es","@id":"https:\/\/chrystus.pl\/co-jesc-przed-wielkanoca\/#primaryimage","url":"https:\/\/chrystus.pl\/wp-content\/uploads\/2019\/12\/Co-jesc-przed-Wielkanoca.jpg","contentUrl":"https:\/\/chrystus.pl\/wp-content\/uploads\/2019\/12\/Co-jesc-przed-Wielkanoca.jpg","width":1280,"height":810,"caption":"Co jesc przed Wielkanoca"},{"@type":"BreadcrumbList","@id":"https:\/\/chrystus.pl\/co-jesc-przed-wielkanoca\/#breadcrumb","itemListElement":[{"@type":"ListItem","position":1,"name":"Strona g\u0142\u00f3wna","item":"https:\/\/chrystus.pl\/"},{"@type":"ListItem","position":2,"name":"Co je\u015b\u0107 przed Wielkanoc\u0105?"}]},{"@type":"WebSite","@id":"https:\/\/chrystus.pl\/#website","url":"https:\/\/chrystus.pl\/","name":"Cristo","description":"Dios, Mar\u00eda, Jes\u00fas, la Comuni\u00f3n y m\u00e1s","publisher":{"@id":"https:\/\/chrystus.pl\/#organization"},"potentialAction":[{"@type":"SearchAction","target":{"@type":"EntryPoint","urlTemplate":"https:\/\/chrystus.pl\/?s={search_term_string}"},"query-input":{"@type":"PropertyValueSpecification","valueRequired":true,"valueName":"search_term_string"}}],"inLanguage":"es"},{"@type":"Organization","@id":"https:\/\/chrystus.pl\/#organization","name":"Cristo.pl","url":"https:\/\/chrystus.pl\/","logo":{"@type":"ImageObject","inLanguage":"es","@id":"https:\/\/chrystus.pl\/#\/schema\/logo\/image\/","url":"https:\/\/chrystus.pl\/wp-content\/uploads\/2019\/03\/chrystus-bog-maryja-komunia-bierzmowanie.jpg","contentUrl":"https:\/\/chrystus.pl\/wp-content\/uploads\/2019\/03\/chrystus-bog-maryja-komunia-bierzmowanie.jpg","width":1920,"height":1280,"caption":"Chrystus.pl"},"image":{"@id":"https:\/\/chrystus.pl\/#\/schema\/logo\/image\/"}},{"@type":"Person","@id":"https:\/\/chrystus.pl\/#\/schema\/person\/e2e742452b8b7b2bcd23ea180671d27a","name":"Mujer samaritana"}]}},"_links":{"self":[{"href":"https:\/\/chrystus.pl\/es\/wp-json\/wp\/v2\/posts\/772","targetHints":{"allow":["GET"]}}],"collection":[{"href":"https:\/\/chrystus.pl\/es\/wp-json\/wp\/v2\/posts"}],"about":[{"href":"https:\/\/chrystus.pl\/es\/wp-json\/wp\/v2\/types\/post"}],"author":[{"embeddable":true,"href":"https:\/\/chrystus.pl\/es\/wp-json\/wp\/v2\/users\/1"}],"replies":[{"embeddable":true,"href":"https:\/\/chrystus.pl\/es\/wp-json\/wp\/v2\/comments?post=772"}],"version-history":[{"count":0,"href":"https:\/\/chrystus.pl\/es\/wp-json\/wp\/v2\/posts\/772\/revisions"}],"wp:featuredmedia":[{"embeddable":true,"href":"https:\/\/chrystus.pl\/es\/wp-json\/wp\/v2\/media\/774"}],"wp:attachment":[{"href":"https:\/\/chrystus.pl\/es\/wp-json\/wp\/v2\/media?parent=772"}],"wp:term":[{"taxonomy":"category","embeddable":true,"href":"https:\/\/chrystus.pl\/es\/wp-json\/wp\/v2\/categories?post=772"},{"taxonomy":"post_tag","embeddable":true,"href":"https:\/\/chrystus.pl\/es\/wp-json\/wp\/v2\/tags?post=772"}],"curies":[{"name":"wp","href":"https:\/\/api.w.org\/{rel}","templated":true}]}}