{"id":553,"date":"2019-04-16T00:03:23","date_gmt":"2019-04-16T00:03:23","guid":{"rendered":"https:\/\/chrystus.pl\/?p=553"},"modified":"2020-01-13T07:48:38","modified_gmt":"2020-01-13T07:48:38","slug":"gdzie-byl-mojzesz-jak-mu-zgasla-swieca","status":"publish","type":"post","link":"https:\/\/chrystus.pl\/et\/gdzie-byl-mojzesz-jak-mu-zgasla-swieca\/","title":{"rendered":"Kus oli Mooses, kui tema k\u00fc\u00fcnal kustus?"},"content":{"rendered":"<p>Kus oli <span id=\"urn:enhancement-fbfb3c28\" class=\"textannotation disambiguated wl-person\" itemid=\"http:\/\/data.wordlift.io\/wl01378\/entity\/mojzesz\">Moses<\/span> Kuidas tema k\u00fc\u00fcnal kustus? Oliivipuuaias? Majas? Veebilehel <span id=\"urn:enhancement-92a246e2\" class=\"textannotation disambiguated wl-other\" itemid=\"http:\/\/data.wordlift.io\/wl01857\/entity\/pustynia\">k\u00f5rbes<\/span>?<br \/>\nInternetis v\u00f5ite sattuda nalja, mis on juba pikka aega ringelnud. Selles sisalduv k\u00fcsimus on j\u00e4rgmine: \"Kus oli <span id=\"urn:enhancement-31f1602f\" class=\"textannotation disambiguated wl-person\" itemid=\"http:\/\/data.wordlift.io\/wl01378\/entity\/mojzesz\">Moses<\/span> hetkel, kui tema k\u00fc\u00fcnal kustus\".<\/p>\n<p>Kuid \u00e4rge laske end petta ja \u00e4rge alustage tohutut deduktsiooni, sest vastus sellele k\u00fcsimusele on v\u00e4ga proosaline.<\/p>\n<p>K\u00fcsimus: Kus oli <span id=\"urn:enhancement-611bc57b\" class=\"textannotation disambiguated wl-person\" itemid=\"http:\/\/data.wordlift.io\/wl01378\/entity\/mojzesz\">Moses<\/span> kuidas tema k\u00fc\u00fcnal kustus?<\/p>\n<p>Vastus: Hetk, mil tema k\u00fc\u00fcnal kustus, <span id=\"urn:enhancement-7f6b7218\" class=\"textannotation disambiguated wl-person\" itemid=\"http:\/\/data.wordlift.io\/wl01378\/entity\/mojzesz\">Moses<\/span> oli pimedas.<\/p>\n<p><span id=\"urn:enhancement-fc27e5e7\" class=\"textannotation disambiguated wl-person\" itemid=\"http:\/\/data.wordlift.io\/wl01378\/entity\/mojzesz\">Moses<\/span> oli prohvet vastavalt Aabrahami usundite \u00f5petustele. Teadlaste konsensus n\u00e4eb Moosest pigem legendaarse kui ajaloolise tegelasena, kuid s\u00e4ilitab siiski v\u00f5imaluse, et tegemist on Moosese sarnase tegelasega.<\/p>","protected":false},"excerpt":{"rendered":"<p>Kus oli Mooses, kui tema k\u00fc\u00fcnal kustus? Oliivipuuaias? Majas? K\u00f5rbes? V\u00f5ib-olla olete internetis kohanud nalja, mis on juba m\u00f5nda aega veebis ringlevaks saanud. Selles sisalduv k\u00fcsimus k\u00f5lab j\u00e4rgmiselt: \"Kus oli Mooses sel hetkel, kui tema k\u00fc\u00fcnal kustus\". Kuid \u00e4rge laske end petta ja alustage tohutut ...<\/p>","protected":false},"author":1,"featured_media":554,"comment_status":"open","ping_status":"closed","sticky":false,"template":"","format":"standard","meta":{"footnotes":""},"categories":[49],"tags":[],"class_list":["post-553","post","type-post","status-publish","format-standard","has-post-thumbnail","hentry","category-mojzesz"],"yoast_head":"<!-- This site is optimized with the Yoast SEO plugin v27.5 - https:\/\/yoast.com\/product\/yoast-seo-wordpress\/ -->\n<title>Gdzie by\u0142 Moj\u017cesz jak mu zgas\u0142a \u015bwieca? - Chrystus<\/title>\n<meta name=\"description\" content=\"Gdzie by\u0142 Moj\u017cesz jak mu zgas\u0142a \u015bwieca? W gaju oliwnym? W domu? Na pustyni? W internecie mo\u017cecie Pa\u0144stwo natkn\u0105\u0107 si\u0119 na \u017cart, kr\u0105\u017c\u0105cy po sieci od\" \/>\n<meta name=\"robots\" content=\"index, follow, max-snippet:-1, max-image-preview:large, max-video-preview:-1\" \/>\n<link rel=\"canonical\" href=\"https:\/\/chrystus.pl\/et\/kus-oli-mooses-kui-kuunal-kustus\/\" \/>\n<meta property=\"og:locale\" content=\"et_EE\" \/>\n<meta property=\"og:type\" content=\"article\" \/>\n<meta property=\"og:title\" content=\"Gdzie by\u0142 Moj\u017cesz jak mu zgas\u0142a \u015bwieca? - Chrystus\" \/>\n<meta property=\"og:description\" content=\"Gdzie by\u0142 Moj\u017cesz jak mu zgas\u0142a \u015bwieca? W gaju oliwnym? W domu? Na pustyni? W internecie mo\u017cecie Pa\u0144stwo natkn\u0105\u0107 si\u0119 na \u017cart, kr\u0105\u017c\u0105cy po sieci od\" \/>\n<meta property=\"og:url\" content=\"https:\/\/chrystus.pl\/et\/kus-oli-mooses-kui-kuunal-kustus\/\" \/>\n<meta property=\"og:site_name\" content=\"Chrystus\" \/>\n<meta property=\"article:published_time\" content=\"2019-04-16T00:03:23+00:00\" \/>\n<meta property=\"article:modified_time\" content=\"2020-01-13T07:48:38+00:00\" \/>\n<meta property=\"og:image\" content=\"https:\/\/chrystus.pl\/wp-content\/uploads\/2019\/04\/Gdzie-by\u0142-Mojz\u0307esz-jak-mu-zgas\u0142a-s\u0301wieca.jpg\" \/>\n\t<meta property=\"og:image:width\" content=\"1280\" \/>\n\t<meta property=\"og:image:height\" content=\"853\" \/>\n\t<meta property=\"og:image:type\" content=\"image\/jpeg\" \/>\n<meta name=\"author\" content=\"Samarytanka\" \/>\n<meta name=\"twitter:card\" content=\"summary_large_image\" \/>\n<meta name=\"twitter:label1\" content=\"Written by\" \/>\n\t<meta name=\"twitter:data1\" content=\"Samarytanka\" \/>\n\t<meta name=\"twitter:label2\" content=\"Est. reading time\" \/>\n\t<meta name=\"twitter:data2\" content=\"1 minut\" \/>\n<!-- \/ Yoast SEO plugin. -->","yoast_head_json":{"title":"Kus oli Mooses, kui tema k\u00fc\u00fcnal kustus? - Kristus","description":"Kus oli Mooses, kui tema k\u00fc\u00fcnal kustus? Oliivipuuaias? Majas? K\u00f5rbes? Internetis v\u00f5ite kohata nalja, mis ringleb v\u00f5rgus alates sellest ajast, kui","robots":{"index":"index","follow":"follow","max-snippet":"max-snippet:-1","max-image-preview":"max-image-preview:large","max-video-preview":"max-video-preview:-1"},"canonical":"https:\/\/chrystus.pl\/et\/kus-oli-mooses-kui-kuunal-kustus\/","og_locale":"et_EE","og_type":"article","og_title":"Gdzie by\u0142 Moj\u017cesz jak mu zgas\u0142a \u015bwieca? - Chrystus","og_description":"Gdzie by\u0142 Moj\u017cesz jak mu zgas\u0142a \u015bwieca? W gaju oliwnym? W domu? Na pustyni? W internecie mo\u017cecie Pa\u0144stwo natkn\u0105\u0107 si\u0119 na \u017cart, kr\u0105\u017c\u0105cy po sieci od","og_url":"https:\/\/chrystus.pl\/et\/kus-oli-mooses-kui-kuunal-kustus\/","og_site_name":"Chrystus","article_published_time":"2019-04-16T00:03:23+00:00","article_modified_time":"2020-01-13T07:48:38+00:00","og_image":[{"width":1280,"height":853,"url":"https:\/\/chrystus.pl\/wp-content\/uploads\/2019\/04\/Gdzie-by\u0142-Mojz\u0307esz-jak-mu-zgas\u0142a-s\u0301wieca.jpg","type":"image\/jpeg"}],"author":"Samarytanka","twitter_card":"summary_large_image","twitter_misc":{"Written by":"Samarytanka","Est. reading time":"1 minut"},"schema":{"@context":"https:\/\/schema.org","@graph":[{"@type":"Article","@id":"https:\/\/chrystus.pl\/gdzie-byl-mojzesz-jak-mu-zgasla-swieca\/#article","isPartOf":{"@id":"https:\/\/chrystus.pl\/gdzie-byl-mojzesz-jak-mu-zgasla-swieca\/"},"author":{"name":"Samarytanka","@id":"https:\/\/chrystus.pl\/#\/schema\/person\/e2e742452b8b7b2bcd23ea180671d27a"},"headline":"Gdzie by\u0142 Moj\u017cesz jak mu zgas\u0142a \u015bwieca?","datePublished":"2019-04-16T00:03:23+00:00","dateModified":"2020-01-13T07:48:38+00:00","mainEntityOfPage":{"@id":"https:\/\/chrystus.pl\/gdzie-byl-mojzesz-jak-mu-zgasla-swieca\/"},"wordCount":143,"commentCount":0,"publisher":{"@id":"https:\/\/chrystus.pl\/#organization"},"image":{"@id":"https:\/\/chrystus.pl\/gdzie-byl-mojzesz-jak-mu-zgasla-swieca\/#primaryimage"},"thumbnailUrl":"https:\/\/chrystus.pl\/wp-content\/uploads\/2019\/04\/Gdzie-by\u0142-Mojz\u0307esz-jak-mu-zgas\u0142a-s\u0301wieca.jpg","articleSection":["Moj\u017cesz"],"inLanguage":"et","potentialAction":[{"@type":"CommentAction","name":"Comment","target":["https:\/\/chrystus.pl\/gdzie-byl-mojzesz-jak-mu-zgasla-swieca\/#respond"]}]},{"@type":"WebPage","@id":"https:\/\/chrystus.pl\/gdzie-byl-mojzesz-jak-mu-zgasla-swieca\/","url":"https:\/\/chrystus.pl\/gdzie-byl-mojzesz-jak-mu-zgasla-swieca\/","name":"Kus oli Mooses, kui tema k\u00fc\u00fcnal kustus? - Kristus","isPartOf":{"@id":"https:\/\/chrystus.pl\/#website"},"primaryImageOfPage":{"@id":"https:\/\/chrystus.pl\/gdzie-byl-mojzesz-jak-mu-zgasla-swieca\/#primaryimage"},"image":{"@id":"https:\/\/chrystus.pl\/gdzie-byl-mojzesz-jak-mu-zgasla-swieca\/#primaryimage"},"thumbnailUrl":"https:\/\/chrystus.pl\/wp-content\/uploads\/2019\/04\/Gdzie-by\u0142-Mojz\u0307esz-jak-mu-zgas\u0142a-s\u0301wieca.jpg","datePublished":"2019-04-16T00:03:23+00:00","dateModified":"2020-01-13T07:48:38+00:00","description":"Kus oli Mooses, kui tema k\u00fc\u00fcnal kustus? Oliivipuuaias? Majas? K\u00f5rbes? Internetis v\u00f5ite kohata nalja, mis ringleb v\u00f5rgus alates sellest ajast, kui","breadcrumb":{"@id":"https:\/\/chrystus.pl\/gdzie-byl-mojzesz-jak-mu-zgasla-swieca\/#breadcrumb"},"inLanguage":"et","potentialAction":[{"@type":"ReadAction","target":["https:\/\/chrystus.pl\/gdzie-byl-mojzesz-jak-mu-zgasla-swieca\/"]}]},{"@type":"ImageObject","inLanguage":"et","@id":"https:\/\/chrystus.pl\/gdzie-byl-mojzesz-jak-mu-zgasla-swieca\/#primaryimage","url":"https:\/\/chrystus.pl\/wp-content\/uploads\/2019\/04\/Gdzie-by\u0142-Mojz\u0307esz-jak-mu-zgas\u0142a-s\u0301wieca.jpg","contentUrl":"https:\/\/chrystus.pl\/wp-content\/uploads\/2019\/04\/Gdzie-by\u0142-Mojz\u0307esz-jak-mu-zgas\u0142a-s\u0301wieca.jpg","width":1280,"height":853,"caption":"Gdzie by\u0142 Moj\u017cesz jak mu zgas\u0142a \u015bwieca"},{"@type":"BreadcrumbList","@id":"https:\/\/chrystus.pl\/gdzie-byl-mojzesz-jak-mu-zgasla-swieca\/#breadcrumb","itemListElement":[{"@type":"ListItem","position":1,"name":"Strona g\u0142\u00f3wna","item":"https:\/\/chrystus.pl\/"},{"@type":"ListItem","position":2,"name":"Gdzie by\u0142 Moj\u017cesz jak mu zgas\u0142a \u015bwieca?"}]},{"@type":"WebSite","@id":"https:\/\/chrystus.pl\/#website","url":"https:\/\/chrystus.pl\/","name":"Kristus","description":"Jumal, Maarja, Jeesus, armulaua ja palju muud.","publisher":{"@id":"https:\/\/chrystus.pl\/#organization"},"potentialAction":[{"@type":"SearchAction","target":{"@type":"EntryPoint","urlTemplate":"https:\/\/chrystus.pl\/?s={search_term_string}"},"query-input":{"@type":"PropertyValueSpecification","valueRequired":true,"valueName":"search_term_string"}}],"inLanguage":"et"},{"@type":"Organization","@id":"https:\/\/chrystus.pl\/#organization","name":"Christ.pl","url":"https:\/\/chrystus.pl\/","logo":{"@type":"ImageObject","inLanguage":"et","@id":"https:\/\/chrystus.pl\/#\/schema\/logo\/image\/","url":"https:\/\/chrystus.pl\/wp-content\/uploads\/2019\/03\/chrystus-bog-maryja-komunia-bierzmowanie.jpg","contentUrl":"https:\/\/chrystus.pl\/wp-content\/uploads\/2019\/03\/chrystus-bog-maryja-komunia-bierzmowanie.jpg","width":1920,"height":1280,"caption":"Chrystus.pl"},"image":{"@id":"https:\/\/chrystus.pl\/#\/schema\/logo\/image\/"}},{"@type":"Person","@id":"https:\/\/chrystus.pl\/#\/schema\/person\/e2e742452b8b7b2bcd23ea180671d27a","name":"Samaaria naine"}]}},"_links":{"self":[{"href":"https:\/\/chrystus.pl\/et\/wp-json\/wp\/v2\/posts\/553","targetHints":{"allow":["GET"]}}],"collection":[{"href":"https:\/\/chrystus.pl\/et\/wp-json\/wp\/v2\/posts"}],"about":[{"href":"https:\/\/chrystus.pl\/et\/wp-json\/wp\/v2\/types\/post"}],"author":[{"embeddable":true,"href":"https:\/\/chrystus.pl\/et\/wp-json\/wp\/v2\/users\/1"}],"replies":[{"embeddable":true,"href":"https:\/\/chrystus.pl\/et\/wp-json\/wp\/v2\/comments?post=553"}],"version-history":[{"count":0,"href":"https:\/\/chrystus.pl\/et\/wp-json\/wp\/v2\/posts\/553\/revisions"}],"wp:featuredmedia":[{"embeddable":true,"href":"https:\/\/chrystus.pl\/et\/wp-json\/wp\/v2\/media\/554"}],"wp:attachment":[{"href":"https:\/\/chrystus.pl\/et\/wp-json\/wp\/v2\/media?parent=553"}],"wp:term":[{"taxonomy":"category","embeddable":true,"href":"https:\/\/chrystus.pl\/et\/wp-json\/wp\/v2\/categories?post=553"},{"taxonomy":"post_tag","embeddable":true,"href":"https:\/\/chrystus.pl\/et\/wp-json\/wp\/v2\/tags?post=553"}],"curies":[{"name":"wp","href":"https:\/\/api.w.org\/{rel}","templated":true}]}}