{"id":832,"date":"2019-12-27T20:57:36","date_gmt":"2019-12-27T20:57:36","guid":{"rendered":"https:\/\/chrystus.pl\/?p=832"},"modified":"2019-12-27T20:57:41","modified_gmt":"2019-12-27T20:57:41","slug":"dlaczego-wielkanoc-jest-swietem-ruchomym","status":"publish","type":"post","link":"https:\/\/chrystus.pl\/et\/dlaczego-wielkanoc-jest-swietem-ruchomym\/","title":{"rendered":"Miks on lihav\u00f5tted liikuv p\u00fcha? Kuidas arvutada, millal see langeb?"},"content":{"rendered":"<p><strong>Miks <span id=\"urn:enhancement-adea0d2c\" class=\"textannotation disambiguated wl-other\" itemid=\"http:\/\/data.wordlift.io\/wl01857\/entity\/wielkanoc\">Lihav\u00f5tted<\/span> on erinevad kuup\u00e4evad?<\/strong><\/p>\n<p><strong>Kuidas arvutada <span id=\"urn:enhancement-55e4ae4c\" class=\"textannotation disambiguated wl-other\" itemid=\"http:\/\/data.wordlift.io\/wl01857\/entity\/wielkanoc\">Lihav\u00f5tted<\/span>?<\/strong><\/p>\n<p><strong>Kuidas m\u00e4\u00e4rata <span id=\"urn:enhancement-49d0468a\" class=\"textannotation disambiguated wl-other\" itemid=\"http:\/\/data.wordlift.io\/wl01857\/entity\/wielkanoc\">Lihav\u00f5tted<\/span>?<\/strong><\/p>\n<div id=\"ez-toc-container\" class=\"ez-toc-v2_0_82_2 counter-hierarchy ez-toc-counter ez-toc-custom ez-toc-container-direction\">\n<p class=\"ez-toc-title\" style=\"cursor:inherit\">Sisukord<\/p>\n<label for=\"ez-toc-cssicon-toggle-item-69f049d3acbcc\" class=\"ez-toc-cssicon-toggle-label\"><span class=\"\"><span class=\"eztoc-hide\" style=\"display:none;\">Toggle<\/span><span class=\"ez-toc-icon-toggle-span\"><svg style=\"fill: #ffffff;color:#ffffff\" xmlns=\"http:\/\/www.w3.org\/2000\/svg\" class=\"list-377408\" width=\"20px\" height=\"20px\" viewbox=\"0 0 24 24\" fill=\"none\"><path d=\"M6 6H4v2h2V6zm14 0H8v2h12V6zM4 11h2v2H4v-2zm16 0H8v2h12v-2zM4 16h2v2H4v-2zm16 0H8v2h12v-2z\" fill=\"currentColor\"><\/path><\/svg><svg style=\"fill: #ffffff;color:#ffffff\" class=\"arrow-unsorted-368013\" xmlns=\"http:\/\/www.w3.org\/2000\/svg\" width=\"10px\" height=\"10px\" viewbox=\"0 0 24 24\" version=\"1.2\" baseprofile=\"tiny\"><path d=\"M18.2 9.3l-6.2-6.3-6.2 6.3c-.2.2-.3.4-.3.7s.1.5.3.7c.2.2.4.3.7.3h11c.3 0 .5-.1.7-.3.2-.2.3-.5.3-.7s-.1-.5-.3-.7zM5.8 14.7l6.2 6.3 6.2-6.3c.2-.2.3-.5.3-.7s-.1-.5-.3-.7c-.2-.2-.4-.3-.7-.3h-11c-.3 0-.5.1-.7.3-.2.2-.3.5-.3.7s.1.5.3.7z\"\/><\/svg><\/span><\/span><\/label><input type=\"checkbox\"  id=\"ez-toc-cssicon-toggle-item-69f049d3acbcc\"  aria-label=\"Toggle\" \/><nav><ul class='ez-toc-list ez-toc-list-level-1' ><li class='ez-toc-page-1 ez-toc-heading-level-2'><a class=\"ez-toc-link ez-toc-heading-1\" href=\"https:\/\/chrystus.pl\/et\/dlaczego-wielkanoc-jest-swietem-ruchomym\/#Jak_obliczyc_Wielkanoc\" >Kuidas arvutatakse lihav\u00f5tteid?<\/a><\/li><li class='ez-toc-page-1 ez-toc-heading-level-2'><a class=\"ez-toc-link ez-toc-heading-2\" href=\"https:\/\/chrystus.pl\/et\/dlaczego-wielkanoc-jest-swietem-ruchomym\/#OBLICZENIA\" >KALKULATSIOONID<\/a><\/li><li class='ez-toc-page-1 ez-toc-heading-level-2'><a class=\"ez-toc-link ez-toc-heading-3\" href=\"https:\/\/chrystus.pl\/et\/dlaczego-wielkanoc-jest-swietem-ruchomym\/#Jak_obliczyc_Wielkanoc_w_danym_roku\" >Kuidas arvutatakse lihav\u00f5tted antud aastal?<\/a><\/li><li class='ez-toc-page-1 ez-toc-heading-level-2'><a class=\"ez-toc-link ez-toc-heading-4\" href=\"https:\/\/chrystus.pl\/et\/dlaczego-wielkanoc-jest-swietem-ruchomym\/#Wyjatki_w_Obliczaniu_dat_Wielkanocy\" >Erandid lihav\u00f5ttep\u00fchade arvutamisel<\/a><\/li><\/ul><\/nav><\/div>\n<h2><span class=\"ez-toc-section\" id=\"Jak_obliczyc_Wielkanoc\"><\/span>Kuidas arvutatakse lihav\u00f5tteid?<span class=\"ez-toc-section-end\"><\/span><\/h2>\n<p>Wyznaczanie daty wielkanocy. Dlaczego <span id=\"urn:enhancement-67ad85b0\" class=\"textannotation disambiguated wl-other\" itemid=\"http:\/\/data.wordlift.io\/wl01857\/entity\/wielkanoc\">Lihav\u00f5tted<\/span> on liikuv p\u00fcha? Miks <span id=\"urn:enhancement-77a864de\" class=\"textannotation disambiguated wl-other\" itemid=\"http:\/\/data.wordlift.io\/wl01857\/entity\/wielkanoc\">Lihav\u00f5tted<\/span> on erinevad kuup\u00e4evad? Kuidas m\u00e4\u00e4rata <span id=\"urn:enhancement-85bb890f\" class=\"textannotation disambiguated wl-other\" itemid=\"http:\/\/data.wordlift.io\/wl01857\/entity\/wielkanoc\">Lihav\u00f5tted<\/span>?<\/p>\n<p>Nagu me juba teame <span id=\"urn:enhancement-ad73dae1\" class=\"textannotation disambiguated wl-other\" itemid=\"http:\/\/data.wordlift.io\/wl01857\/entity\/wielkanoc\">Lihav\u00f5tted<\/span> kalendris on liikuv p\u00fcha. See kehtestati 325. aastal toimunud esimesel Nicea kontsiilil. Siis kehtestati, et lihav\u00f5ttep\u00fcha t\u00e4histatakse esimesel <span id=\"urn:enhancement-5a188182\" class=\"textannotation disambiguated wl-other\" itemid=\"http:\/\/data.wordlift.io\/wl01857\/entity\/niedziela\">P\u00fchap\u00e4ev<\/span> p\u00e4rast esimest kevadist t\u00e4iskuud. Selle kuup\u00e4eva m\u00e4\u00e4ramise eeskuju esimesel konsiiliumil tulenes p\u00f5him\u00f5tetest, mille kohaselt \u00fcks konkreetne kuup\u00e4ev heebrea usukalendris (kuup\u00e4ev 14. nisan - nisan on kuu nimi) t\u00f5lgiti p\u00e4ikesekalendrisse, Juliuse kalendrisse. Kuup\u00e4ev 14. nisan t\u00e4histab heebrea kalendris paasap\u00fcha algust.<\/p>\n<p>Sellest j\u00e4reldub, et <span id=\"urn:enhancement-8f1345aa\" class=\"textannotation disambiguated wl-other\" itemid=\"http:\/\/data.wordlift.io\/wl01857\/entity\/wielkanoc\">Lihav\u00f5tted<\/span> on liikuv p\u00fcha. Lihav\u00f5ttep\u00e4ev ise v\u00f5ib langeda k\u00f5ige varem 22. m\u00e4rtsile ja hiljemalt 25. aprillile. Teised p\u00fchad sel perioodil, mis on seotud lihav\u00f5tetega, on samuti teisaldatavad. <span id=\"urn:enhancement-eb0ed53a\" class=\"textannotation disambiguated wl-other\" itemid=\"http:\/\/data.wordlift.io\/wl01857\/entity\/uroczystosc_najswietszego_ciala_i_krwi_panskiej\">Corpus Christi<\/span>, <span id=\"urn:enhancement-e628c89a\" class=\"textannotation disambiguated wl-other\" itemid=\"http:\/\/data.wordlift.io\/wl01378\/entity\/zeslanie_ducha_swietego\">Nelip\u00fcha<\/span> (dok\u0142adnie 50 dni po Wielkanocy), <span id=\"urn:enhancement-a7b1d88e\" class=\"textannotation disambiguated wl-other\" itemid=\"http:\/\/data.wordlift.io\/wl01857\/entity\/feast_of_the_ascension\">Issanda taevaminek<\/span>, kogu <span id=\"urn:enhancement-57a139f1\" class=\"textannotation disambiguated wl-other\" itemid=\"http:\/\/data.wordlift.io\/wl01857\/entity\/triduum_paschalne\">Pascha Triduum<\/span> (<span id=\"urn:enhancement-ec70e2ad\" class=\"textannotation disambiguated wl-other\" itemid=\"http:\/\/data.wordlift.io\/wl01857\/entity\/wielki_czwartek\">Suur neljap\u00e4ev<\/span>, <span id=\"urn:enhancement-107287c9\" class=\"textannotation disambiguated wl-other\" itemid=\"http:\/\/data.wordlift.io\/wl01857\/entity\/wielki_piatek\">Suur reede<\/span>, <span id=\"urn:enhancement-97e092ed\" class=\"textannotation disambiguated wl-other\" itemid=\"http:\/\/data.wordlift.io\/wl01857\/entity\/wielka_sobota\">P\u00fcha laup\u00e4ev<\/span>, <span id=\"urn:enhancement-c8c5fbb\" class=\"textannotation disambiguated wl-other\" itemid=\"http:\/\/data.wordlift.io\/wl01857\/entity\/niedziela\">P\u00fchap\u00e4ev<\/span>), <span id=\"urn:enhancement-d372af4e\" class=\"textannotation disambiguated wl-other\" itemid=\"http:\/\/data.wordlift.io\/wl01857\/entity\/popielec\">Tuhk kolmap\u00e4ev<\/span> v\u00f5i l\u00f5puks paastuaeg. P\u00e4rast gregooriuse kalendri kasutuselev\u00f5ttu toimusid m\u00f5ned muudatused. Need ei h\u00f5lmanud aga \u00f5igeusu usku, mis t\u00e4histab j\u00e4tkuvalt p\u00fchi Juliuse kalendri j\u00e4rgi.<\/p>\n<p>L\u00e4bi kiriku ajaloo on p\u00fc\u00fctud lihav\u00f5tteid \u00fchtlustada ja m\u00e4\u00e4rata neile kindel kuup\u00e4ev.<\/p>\n<p>Selline katse tehti Pius X ajal. Eeln\u00f5u oli l\u00e4hedal vastuv\u00f5tmisele, kuna enamik piiskopiametnikke oli sellega n\u00f5us, kuid l\u00f5puks l\u00fckati muudatused tagasi p\u00e4rast proteste, milles s\u00fc\u00fcdistati katseid v\u00e4hendada Issanda \u00fclest\u00f5usmise t\u00e4htsust.<\/p>\n<p>Praeguseks on neid, kes pooldavad lihav\u00f5ttep\u00fchade t\u00e4histamise kuup\u00e4evade muutmist. Nende hulka kuuluvad alati aprilli teise p\u00fchap\u00e4eva valimine, mis annaks kuup\u00e4evad 8.-14. aprillini, v\u00f5i p\u00fchap\u00e4evade valimine p\u00fchade vahelisel ajal. <span id=\"urn:enhancement-4e0c98e0\" class=\"textannotation disambiguated wl-other\" itemid=\"http:\/\/data.wordlift.io\/wl01857\/entity\/objawienie_panskie\">Epifaania<\/span> a <span id=\"urn:enhancement-ef0065aa\" class=\"textannotation disambiguated wl-other\" itemid=\"http:\/\/data.wordlift.io\/wl01857\/entity\/popielec\">Tuhk kolmap\u00e4ev<\/span>mis langeb samuti kokku kuup\u00e4evadega 8-14 (v\u00e4lja arvatud kargusaastatel, mil see oleks 7-13. aprill). On t\u00e4iesti vastuv\u00f5etav, et kirik muudab kuup\u00e4eva.<\/p>\n<p>&nbsp;<\/p>\n<h2><span class=\"ez-toc-section\" id=\"OBLICZENIA\"><\/span>KALKULATSIOONID<span class=\"ez-toc-section-end\"><\/span><\/h2>\n<h2><span class=\"ez-toc-section\" id=\"Jak_obliczyc_Wielkanoc_w_danym_roku\"><\/span>Kuidas arvutatakse lihav\u00f5tted antud aastal?<span class=\"ez-toc-section-end\"><\/span><\/h2>\n<p>Lihav\u00f5ttep\u00fchade kuup\u00e4eva m\u00e4\u00e4ramisel on oluline meeles pidada p\u00f5hiprintsiipi, et <span id=\"urn:enhancement-768c9498\" class=\"textannotation disambiguated wl-other\" itemid=\"http:\/\/data.wordlift.io\/wl01857\/entity\/wielkanoc\">Lihav\u00f5tted<\/span> langeb alati esimesele <span id=\"urn:enhancement-1770e351\" class=\"textannotation disambiguated wl-other\" itemid=\"http:\/\/data.wordlift.io\/wl01857\/entity\/niedziela\">P\u00fchap\u00e4ev<\/span> p\u00e4rast esimest kevadist t\u00e4iskuud, mis toimub p\u00e4rast 21. m\u00e4rtsi. Seega langeb see 22. m\u00e4rtsi ja 25. aprilli vahele. Lihav\u00f5ttep\u00e4eva arvutamise meetodi andis saksa matemaatik C. F. Gauss. Sellisel juhul kasutatakse allj\u00e4rgnevat tabelit:<\/p>\n<table style=\"height: 922px;\" width=\"513\">\n<tbody>\n<tr>\n<td rowspan=\"2\">\n<pre><strong>Aastad<\/strong><\/pre>\n<\/td>\n<td rowspan=\"2\">\n<pre><strong>A<\/strong><\/pre>\n<\/td>\n<td rowspan=\"2\">\n<pre><strong>B<\/strong><\/pre>\n<\/td>\n<td colspan=\"2\">\n<pre><strong>Erandid (aasta)<\/strong><\/pre>\n<\/td>\n<\/tr>\n<tr>\n<td>\n<pre><strong>Ma nagu...<\/strong><\/pre>\n<\/td>\n<td>\n<pre><strong>II t\u00fc\u00fcp<\/strong><\/pre>\n<\/td>\n<\/tr>\n<tr>\n<td>\n<pre>33-1582<\/pre>\n<\/td>\n<td>\n<pre>15<\/pre>\n<\/td>\n<td>\n<pre>6<\/pre>\n<\/td>\n<td>\n<pre>ei<\/pre>\n<\/td>\n<td>\n<pre>ei<\/pre>\n<\/td>\n<\/tr>\n<tr>\n<td>\n<pre>1583-1699<\/pre>\n<\/td>\n<td>\n<pre>22<\/pre>\n<\/td>\n<td>\n<pre>2<\/pre>\n<\/td>\n<td>\n<pre>1609<\/pre>\n<\/td>\n<td>\n<pre>ei<\/pre>\n<\/td>\n<\/tr>\n<tr>\n<td>\n<pre>1700-1799<\/pre>\n<\/td>\n<td>\n<pre>23<\/pre>\n<\/td>\n<td>\n<pre>3<\/pre>\n<\/td>\n<td>\n<pre>ei<\/pre>\n<\/td>\n<td>\n<pre>ei<\/pre>\n<\/td>\n<\/tr>\n<tr>\n<td>\n<pre>1800-1899<\/pre>\n<\/td>\n<td>\n<pre>23<\/pre>\n<\/td>\n<td>\n<pre>4<\/pre>\n<\/td>\n<td>\n<pre>ei<\/pre>\n<\/td>\n<td>\n<pre>ei<\/pre>\n<\/td>\n<\/tr>\n<tr>\n<td>\n<pre>1900-2099<\/pre>\n<\/td>\n<td>\n<pre>24<\/pre>\n<\/td>\n<td>\n<pre>5<\/pre>\n<\/td>\n<td>\n<pre>1981, 2076<\/pre>\n<\/td>\n<td>\n<pre>1954, 2049<\/pre>\n<\/td>\n<\/tr>\n<tr>\n<td>\n<pre>2100-2199<\/pre>\n<\/td>\n<td>\n<pre>24<\/pre>\n<\/td>\n<td>\n<pre>6<\/pre>\n<\/td>\n<td>\n<pre>2133<\/pre>\n<\/td>\n<td>\n<pre>2106<\/pre>\n<\/td>\n<\/tr>\n<tr>\n<td>\n<pre>2200-2299<\/pre>\n<\/td>\n<td>\n<pre>25<\/pre>\n<\/td>\n<td>\n<pre>0<\/pre>\n<\/td>\n<td>\n<pre>2201, 2296<\/pre>\n<\/td>\n<td>\n<pre>ei<\/pre>\n<\/td>\n<\/tr>\n<tr>\n<td>\n<pre>2300-2399<\/pre>\n<\/td>\n<td>\n<pre>26<\/pre>\n<\/td>\n<td>\n<pre>1<\/pre>\n<\/td>\n<td>\n<pre>ei<\/pre>\n<\/td>\n<td>\n<pre>ei<\/pre>\n<\/td>\n<\/tr>\n<tr>\n<td>\n<pre>2400-2499<\/pre>\n<\/td>\n<td>\n<pre>25<\/pre>\n<\/td>\n<td>\n<pre>1<\/pre>\n<\/td>\n<td>\n<pre>2448<\/pre>\n<\/td>\n<td>\n<pre>ei<\/pre>\n<\/td>\n<\/tr>\n<tr>\n<td>\n<pre>2500-2599<\/pre>\n<\/td>\n<td>\n<pre>26<\/pre>\n<\/td>\n<td>\n<pre>2<\/pre>\n<\/td>\n<td>\n<pre>ei<\/pre>\n<\/td>\n<td>\n<pre>ei<\/pre>\n<\/td>\n<\/tr>\n<tr>\n<td>\n<pre>2600-2699<\/pre>\n<\/td>\n<td>\n<pre>27<\/pre>\n<\/td>\n<td>\n<pre>3<\/pre>\n<\/td>\n<td>\n<pre>2668<\/pre>\n<\/td>\n<td>\n<pre>ei<\/pre>\n<\/td>\n<\/tr>\n<tr>\n<td>\n<pre>2700-2899<\/pre>\n<\/td>\n<td>\n<pre>27<\/pre>\n<\/td>\n<td>\n<pre>4<\/pre>\n<\/td>\n<td>\n<pre>2725, 2820<\/pre>\n<\/td>\n<td>\n<pre>ei<\/pre>\n<\/td>\n<\/tr>\n<tr>\n<td>\n<pre>2900-2999<\/pre>\n<\/td>\n<td>\n<pre>28<\/pre>\n<\/td>\n<td>\n<pre>5<\/pre>\n<\/td>\n<td>\n<pre>ei<\/pre>\n<\/td>\n<td>\n<pre>ei<\/pre>\n<\/td>\n<\/tr>\n<\/tbody>\n<\/table>\n<p>&nbsp;<\/p>\n<p><strong>Kasutame arvutamiseks 6 sammu:<\/strong><\/p>\n<ol>\n<li>jagage aastaarv 19-ga ja leidke seej\u00e4rel j\u00e4\u00e4k. <em>a<\/em><\/li>\n<li>jaga aastaarv 4ga ja leia siis j\u00e4\u00e4k. <em>b<\/em><\/li>\n<li>jagage aastaarv 7-ga ja leidke seej\u00e4rel j\u00e4\u00e4k. <em>c<\/em><\/li>\n<li>\u00fclej\u00e4\u00e4nu, mis on m\u00e4\u00e4ratud j\u00e4rgmiselt <em>a,<\/em> korruta 19-ga, lisa tootele arv A, jaga summa 30-ga ja leia j\u00e4\u00e4k. <em>d<\/em><\/li>\n<li>2 toodete summa<em>b <\/em>+ 4<em>c<\/em> +6<em>d <\/em>+ B jagage 7-ga ja m\u00e4\u00e4rake j\u00e4\u00e4k <em>e<\/em><\/li>\n<li>J\u00e4\u00e4kide summa <em>e + d <\/em>lisada kuup\u00e4evale 22. m\u00e4rts<\/li>\n<\/ol>\n<p><strong>Nii saame me lihav\u00f5ttep\u00fchade kuup\u00e4eva.<\/strong><\/p>\n<p>Kui kuup\u00e4ev langeb \u00fcle 31. m\u00e4rtsi, tuleb see konverteerida vastavaks aprillip\u00e4evaks. Kui summa (d+e)&gt;10, siis on see kindlasti aprill. Vastupidisel juhul on m\u00e4rts.<\/p>\n<h2><span class=\"ez-toc-section\" id=\"Wyjatki_w_Obliczaniu_dat_Wielkanocy\"><\/span>Erandid lihav\u00f5ttep\u00fchade arvutamisel<span class=\"ez-toc-section-end\"><\/span><\/h2>\n<p>M\u00f5nel juhul esineb ka erandeid (esimese t\u00fc\u00fcbi erand, teise t\u00fc\u00fcbi erand).<\/p>\n<p>V\u00e4lja arvatud esimese t\u00fc\u00fcbi puhul on see nii, kui <em>d=29, <\/em>a <em>e=6 <\/em>ja nagu on arvutatud <span id=\"urn:enhancement-86fc98a\" class=\"textannotation disambiguated wl-other\" itemid=\"http:\/\/data.wordlift.io\/wl01857\/entity\/wielkanoc\">Lihav\u00f5tted<\/span> langeb 26. aprillil. Sel juhul t\u00e4histatakse seda n\u00e4dal varem, 19. aprillil (nt 1609 ja 1981).<\/p>\n<p>Teist liiki erandid esinevad siis, kui <em>d=28 <\/em>a <em>e=6, <\/em>ja jagades 11<em>A + <\/em>11 korda 30 annab j\u00e4\u00e4gi, mis on v\u00e4iksem kui 19. Sel juhul on <span id=\"urn:enhancement-5213e1df\" class=\"textannotation disambiguated wl-other\" itemid=\"http:\/\/data.wordlift.io\/wl01857\/entity\/wielkanoc\">Lihav\u00f5tted<\/span> langeb 5. aprillile ja seda t\u00e4histatakse 29. m\u00e4rtsil (1807 ja 1954).<\/p>\n<p>K\u00f5ik erandid, mis esinevad kuni aastani 2999, on loetletud \u00fclaltoodud tabelis.<\/p>\n<p><strong>N\u00c4IDE:<\/strong><\/p>\n<p>Arvutame v\u00e4lja lihav\u00f5ttep\u00fchade kuup\u00e4eva 2008. aastaks;<\/p>\n<ul>\n<li>1. samm: 2008:19=105, j\u00e4\u00e4k a=13<\/li>\n<li>2. samm: 2008:4=502, j\u00e4\u00e4k b=0<\/li>\n<li>3. samm: 2008:7=286, j\u00e4\u00e4k c=6<\/li>\n<li>4. samm: (19+a+A):30 v\u00f5i (19+13+24):30=271:30=9, j\u00e4\u00e4k d=1<\/li>\n<li>Samm 5: (2xb + 4xc + 6xd + B):7 st (2\u00d70 + 4\u00d76 + 6\u00d71 + 5):7=5, j\u00e4\u00e4k 0<\/li>\n<li>6. samm: d+e+22 st 1+0+22=23<\/li>\n<\/ul>\n<p>L\u00f5pptulemus on 23. See t\u00e4hendab, et 2008. aasta lihav\u00f5ttep\u00e4ev on 23. m\u00e4rts 2008. (gregooriuse kalendri puhul).<\/p>\n<p>Juliuse kalendri puhul on arvutused identsed, kuid A asendatakse A=15 ja B asendatakse B=6).<\/p>\n<p>Istnieje jeszcze jedna metoda obliczania daty Wielkanocy. Jest to metoda Meeusa\/Jonesa\/Butchera. Jest ona o tyle prostsza, \u017ce nie wymaga podawania liczb A i B, oraz nie ma w tym wypadku \u017cadnych wyj\u0105tk\u00f3w. Metoda ta przebiega nast\u0119puj\u0105co:<\/p>\n<ol>\n<li>Jagage k\u00f5igepealt aastaarv 19-ga ja m\u00e4\u00e4rake j\u00e4\u00e4k. <em>a<\/em>.<\/li>\n<li>Jagage aastate arv 100-ga, \u00fcmardage tulemus maha (l\u00f5igake murdosa \u00e4ra) ja saate arvu <em>b<\/em>.<\/li>\n<li>Jagage aastate arv 100-ga ja saate j\u00e4\u00e4gi. <em>c<\/em>.<\/li>\n<li>Me arvutame: <em>b<\/em> : 4 ja tulemus \u00fcmardatakse alla ja saame arvu <em>d<\/em>.<\/li>\n<li>Me arvutame: <em>b<\/em> : 4 ja m\u00e4\u00e4rata \u00fclej\u00e4\u00e4nud osa <em>e<\/em>.<\/li>\n<li>Me arvutame: (<em>b<\/em> + 8) : 25 ja tulemus \u00fcmardatakse alla ja saame arvu <em>f<\/em>.<\/li>\n<li>Me arvutame: (<em>b<\/em> - <em>f<\/em> + 1) : 3 ja tulemus \u00fcmardatakse alla ja saame arvu <em>g<\/em>.<\/li>\n<li>Me arvutame: (19 \u00d7 <em>a<\/em> + <em>b<\/em> - <em>d<\/em> - <em>g<\/em> + 15) : 30 ja m\u00e4\u00e4rata \u00fclej\u00e4\u00e4nud osa <em>h<\/em>.<\/li>\n<li>Me arvutame: <em>c<\/em> : 4 ja tulemus \u00fcmardatakse alla ja saame arvu <em>i<\/em>.<\/li>\n<li>Me arvutame: <em>c<\/em> : 4 ja m\u00e4\u00e4rata \u00fclej\u00e4\u00e4nud osa <em>k<\/em>.<\/li>\n<li>Me arvutame: (32 + 2 \u00d7 <em>e<\/em> + 2 \u00d7 <em>i<\/em> - <em>h<\/em> - <em>k<\/em>) : 7 ja saame j\u00e4\u00e4gi <em>l<\/em>.<\/li>\n<li>Teostame tegevuse (<em>a<\/em> + 11 \u00d7 <em>h<\/em> + 22 \u00d7 <em>l<\/em>) : 451 ja tulemus \u00fcmardatakse alla ja saame arvu <em>m<\/em>.<\/li>\n<li>Teeme toimingu: (<em>h<\/em> + <em>l<\/em> - 7 \u00d7 <em>m<\/em> + 114) : 31 ja saame \u00fclej\u00e4\u00e4nud osa <em>p<\/em>.<\/li>\n<li>Tulemuseks on x = <em>p<\/em> + 1 (see on lihav\u00f5ttep\u00fcha)<\/li>\n<li>Kuu = \u00dcmardamine jaotus (<em>h<\/em> + <em>l<\/em> - 7 \u00d7 <em>m<\/em> + 114) 31.<\/li>\n<\/ol>\n<p>Lihtsuse huvides toimub \u00fcmberarvestus gregooriuse ja julia kalendri vahel. Aastate 1900-2100 puhul lisame lihtsalt julia kalendri kuup\u00e4evadele arvu 13 ja saame gregooriuse kalendri kuup\u00e4eva.<\/p>","protected":false},"excerpt":{"rendered":"<p>Dlaczego Wielkanoc ma rozne daty? Jak obliczy\u0107 Wielkanoc? Jak wyznacza sie Wielkanoc? Jak obliczy\u0107 Wielkanoc? Wyznaczanie daty wielkanocy. Dlaczego Wielkanoc jest \u015bwi\u0119tem ruchomym? Dlaczego Wielkanoc ma r\u00f3\u017cne daty? Jak wyznaczy\u0107 Wielkanoc? Jak ju\u017c wiemy Wielkanoc w kalendarzu jest \u015bwi\u0119tem ruchomym. Zosta\u0142o to ustalone w trakcie trwania pierwszego soboru nicejskiego, kt\u00f3ry odby\u0142 si\u0119 w 325 roku. &hellip;<\/p>","protected":false},"author":1,"featured_media":833,"comment_status":"open","ping_status":"closed","sticky":false,"template":"","format":"standard","meta":{"footnotes":""},"categories":[53],"tags":[],"class_list":["post-832","post","type-post","status-publish","format-standard","has-post-thumbnail","hentry","category-wielkanoc"],"yoast_head":"<!-- This site is optimized with the Yoast SEO plugin v27.4 - https:\/\/yoast.com\/product\/yoast-seo-wordpress\/ -->\n<title>Dlaczego Wielkanoc jest \u015awi\u0119tem Ruchomym? Jak obliczy\u0107?<\/title>\n<meta name=\"description\" content=\"Dlaczego Wielkanoc ma rozne daty? Jak obliczy\u0107 Wielkanoc? Jak wyznacza sie Wielkanoc? Jak obliczy\u0107 Wielkanoc? Wyznaczanie daty wielkanocy. Dlaczego\" \/>\n<meta name=\"robots\" content=\"index, follow, max-snippet:-1, max-image-preview:large, max-video-preview:-1\" \/>\n<link rel=\"canonical\" href=\"https:\/\/chrystus.pl\/et\/miks-puha-on-liikumispuha-2\/\" \/>\n<meta property=\"og:locale\" content=\"et_EE\" \/>\n<meta property=\"og:type\" content=\"article\" \/>\n<meta property=\"og:title\" content=\"Dlaczego Wielkanoc jest \u015awi\u0119tem Ruchomym? Jak obliczy\u0107?\" \/>\n<meta property=\"og:description\" content=\"Dlaczego Wielkanoc ma rozne daty? Jak obliczy\u0107 Wielkanoc? Jak wyznacza sie Wielkanoc? Jak obliczy\u0107 Wielkanoc? Wyznaczanie daty wielkanocy. Dlaczego\" \/>\n<meta property=\"og:url\" content=\"https:\/\/chrystus.pl\/et\/miks-puha-on-liikumispuha-2\/\" \/>\n<meta property=\"og:site_name\" content=\"Chrystus\" \/>\n<meta property=\"article:published_time\" content=\"2019-12-27T20:57:36+00:00\" \/>\n<meta property=\"article:modified_time\" content=\"2019-12-27T20:57:41+00:00\" \/>\n<meta property=\"og:image\" content=\"https:\/\/chrystus.pl\/wp-content\/uploads\/2019\/12\/Dlaczego-Wielkanoc-jest-Swietem-Ruchomym.jpg\" \/>\n\t<meta property=\"og:image:width\" content=\"1280\" \/>\n\t<meta property=\"og:image:height\" content=\"853\" \/>\n\t<meta property=\"og:image:type\" content=\"image\/jpeg\" \/>\n<meta name=\"author\" content=\"Samarytanka\" \/>\n<meta name=\"twitter:card\" content=\"summary_large_image\" \/>\n<meta name=\"twitter:label1\" content=\"Written by\" \/>\n\t<meta name=\"twitter:data1\" content=\"Samarytanka\" \/>\n\t<meta name=\"twitter:label2\" content=\"Est. reading time\" \/>\n\t<meta name=\"twitter:data2\" content=\"5 minutit\" \/>\n<!-- \/ Yoast SEO plugin. -->","yoast_head_json":{"title":"Miks on lihav\u00f5tted liikuv p\u00fcha? Kuidas te arvutate?","description":"Miks on lihav\u00f5ttep\u00fchadel erinevad kuup\u00e4evad? Kuidas arvutatakse lihav\u00f5tteid? Kuidas arvutatakse lihav\u00f5tteid? Kuidas arvutatakse lihav\u00f5tteid? Lihav\u00f5ttep\u00fchade kuup\u00e4eva m\u00e4\u00e4ramine Miks","robots":{"index":"index","follow":"follow","max-snippet":"max-snippet:-1","max-image-preview":"max-image-preview:large","max-video-preview":"max-video-preview:-1"},"canonical":"https:\/\/chrystus.pl\/et\/miks-puha-on-liikumispuha-2\/","og_locale":"et_EE","og_type":"article","og_title":"Dlaczego Wielkanoc jest \u015awi\u0119tem Ruchomym? Jak obliczy\u0107?","og_description":"Dlaczego Wielkanoc ma rozne daty? Jak obliczy\u0107 Wielkanoc? Jak wyznacza sie Wielkanoc? Jak obliczy\u0107 Wielkanoc? Wyznaczanie daty wielkanocy. Dlaczego","og_url":"https:\/\/chrystus.pl\/et\/miks-puha-on-liikumispuha-2\/","og_site_name":"Chrystus","article_published_time":"2019-12-27T20:57:36+00:00","article_modified_time":"2019-12-27T20:57:41+00:00","og_image":[{"width":1280,"height":853,"url":"https:\/\/chrystus.pl\/wp-content\/uploads\/2019\/12\/Dlaczego-Wielkanoc-jest-Swietem-Ruchomym.jpg","type":"image\/jpeg"}],"author":"Samarytanka","twitter_card":"summary_large_image","twitter_misc":{"Written by":"Samarytanka","Est. reading time":"5 minutit"},"schema":{"@context":"https:\/\/schema.org","@graph":[{"@type":"Article","@id":"https:\/\/chrystus.pl\/dlaczego-wielkanoc-jest-swietem-ruchomym\/#article","isPartOf":{"@id":"https:\/\/chrystus.pl\/dlaczego-wielkanoc-jest-swietem-ruchomym\/"},"author":{"name":"Samarytanka","@id":"https:\/\/chrystus.pl\/#\/schema\/person\/e2e742452b8b7b2bcd23ea180671d27a"},"headline":"Dlaczego Wielkanoc jest \u015awi\u0119tem Ruchomym? Jak obliczy\u0107 kiedy przypada?","datePublished":"2019-12-27T20:57:36+00:00","dateModified":"2019-12-27T20:57:41+00:00","mainEntityOfPage":{"@id":"https:\/\/chrystus.pl\/dlaczego-wielkanoc-jest-swietem-ruchomym\/"},"wordCount":990,"commentCount":0,"publisher":{"@id":"https:\/\/chrystus.pl\/#organization"},"image":{"@id":"https:\/\/chrystus.pl\/dlaczego-wielkanoc-jest-swietem-ruchomym\/#primaryimage"},"thumbnailUrl":"https:\/\/chrystus.pl\/wp-content\/uploads\/2019\/12\/Dlaczego-Wielkanoc-jest-Swietem-Ruchomym.jpg","articleSection":["Wielkanoc"],"inLanguage":"et","potentialAction":[{"@type":"CommentAction","name":"Comment","target":["https:\/\/chrystus.pl\/dlaczego-wielkanoc-jest-swietem-ruchomym\/#respond"]}]},{"@type":"WebPage","@id":"https:\/\/chrystus.pl\/dlaczego-wielkanoc-jest-swietem-ruchomym\/","url":"https:\/\/chrystus.pl\/dlaczego-wielkanoc-jest-swietem-ruchomym\/","name":"Miks on lihav\u00f5tted liikuv p\u00fcha? Kuidas te arvutate?","isPartOf":{"@id":"https:\/\/chrystus.pl\/#website"},"primaryImageOfPage":{"@id":"https:\/\/chrystus.pl\/dlaczego-wielkanoc-jest-swietem-ruchomym\/#primaryimage"},"image":{"@id":"https:\/\/chrystus.pl\/dlaczego-wielkanoc-jest-swietem-ruchomym\/#primaryimage"},"thumbnailUrl":"https:\/\/chrystus.pl\/wp-content\/uploads\/2019\/12\/Dlaczego-Wielkanoc-jest-Swietem-Ruchomym.jpg","datePublished":"2019-12-27T20:57:36+00:00","dateModified":"2019-12-27T20:57:41+00:00","description":"Miks on lihav\u00f5ttep\u00fchadel erinevad kuup\u00e4evad? Kuidas arvutatakse lihav\u00f5tteid? Kuidas arvutatakse lihav\u00f5tteid? Kuidas arvutatakse lihav\u00f5tteid? Lihav\u00f5ttep\u00fchade kuup\u00e4eva m\u00e4\u00e4ramine Miks","breadcrumb":{"@id":"https:\/\/chrystus.pl\/dlaczego-wielkanoc-jest-swietem-ruchomym\/#breadcrumb"},"inLanguage":"et","potentialAction":[{"@type":"ReadAction","target":["https:\/\/chrystus.pl\/dlaczego-wielkanoc-jest-swietem-ruchomym\/"]}]},{"@type":"ImageObject","inLanguage":"et","@id":"https:\/\/chrystus.pl\/dlaczego-wielkanoc-jest-swietem-ruchomym\/#primaryimage","url":"https:\/\/chrystus.pl\/wp-content\/uploads\/2019\/12\/Dlaczego-Wielkanoc-jest-Swietem-Ruchomym.jpg","contentUrl":"https:\/\/chrystus.pl\/wp-content\/uploads\/2019\/12\/Dlaczego-Wielkanoc-jest-Swietem-Ruchomym.jpg","width":1280,"height":853,"caption":"Dlaczego Wielkanoc jest Swietem Ruchomym"},{"@type":"BreadcrumbList","@id":"https:\/\/chrystus.pl\/dlaczego-wielkanoc-jest-swietem-ruchomym\/#breadcrumb","itemListElement":[{"@type":"ListItem","position":1,"name":"Strona g\u0142\u00f3wna","item":"https:\/\/chrystus.pl\/"},{"@type":"ListItem","position":2,"name":"Dlaczego Wielkanoc jest \u015awi\u0119tem Ruchomym? Jak obliczy\u0107 kiedy przypada?"}]},{"@type":"WebSite","@id":"https:\/\/chrystus.pl\/#website","url":"https:\/\/chrystus.pl\/","name":"Kristus","description":"Jumal, Maarja, Jeesus, armulaua ja palju muud.","publisher":{"@id":"https:\/\/chrystus.pl\/#organization"},"potentialAction":[{"@type":"SearchAction","target":{"@type":"EntryPoint","urlTemplate":"https:\/\/chrystus.pl\/?s={search_term_string}"},"query-input":{"@type":"PropertyValueSpecification","valueRequired":true,"valueName":"search_term_string"}}],"inLanguage":"et"},{"@type":"Organization","@id":"https:\/\/chrystus.pl\/#organization","name":"Christ.pl","url":"https:\/\/chrystus.pl\/","logo":{"@type":"ImageObject","inLanguage":"et","@id":"https:\/\/chrystus.pl\/#\/schema\/logo\/image\/","url":"https:\/\/chrystus.pl\/wp-content\/uploads\/2019\/03\/chrystus-bog-maryja-komunia-bierzmowanie.jpg","contentUrl":"https:\/\/chrystus.pl\/wp-content\/uploads\/2019\/03\/chrystus-bog-maryja-komunia-bierzmowanie.jpg","width":1920,"height":1280,"caption":"Chrystus.pl"},"image":{"@id":"https:\/\/chrystus.pl\/#\/schema\/logo\/image\/"}},{"@type":"Person","@id":"https:\/\/chrystus.pl\/#\/schema\/person\/e2e742452b8b7b2bcd23ea180671d27a","name":"Samaaria naine"}]}},"_links":{"self":[{"href":"https:\/\/chrystus.pl\/et\/wp-json\/wp\/v2\/posts\/832","targetHints":{"allow":["GET"]}}],"collection":[{"href":"https:\/\/chrystus.pl\/et\/wp-json\/wp\/v2\/posts"}],"about":[{"href":"https:\/\/chrystus.pl\/et\/wp-json\/wp\/v2\/types\/post"}],"author":[{"embeddable":true,"href":"https:\/\/chrystus.pl\/et\/wp-json\/wp\/v2\/users\/1"}],"replies":[{"embeddable":true,"href":"https:\/\/chrystus.pl\/et\/wp-json\/wp\/v2\/comments?post=832"}],"version-history":[{"count":0,"href":"https:\/\/chrystus.pl\/et\/wp-json\/wp\/v2\/posts\/832\/revisions"}],"wp:featuredmedia":[{"embeddable":true,"href":"https:\/\/chrystus.pl\/et\/wp-json\/wp\/v2\/media\/833"}],"wp:attachment":[{"href":"https:\/\/chrystus.pl\/et\/wp-json\/wp\/v2\/media?parent=832"}],"wp:term":[{"taxonomy":"category","embeddable":true,"href":"https:\/\/chrystus.pl\/et\/wp-json\/wp\/v2\/categories?post=832"},{"taxonomy":"post_tag","embeddable":true,"href":"https:\/\/chrystus.pl\/et\/wp-json\/wp\/v2\/tags?post=832"}],"curies":[{"name":"wp","href":"https:\/\/api.w.org\/{rel}","templated":true}]}}