{"id":847,"date":"2019-12-27T20:59:40","date_gmt":"2019-12-27T20:59:40","guid":{"rendered":"https:\/\/chrystus.pl\/?p=847"},"modified":"2019-12-27T20:59:41","modified_gmt":"2019-12-27T20:59:41","slug":"do-kiedy-jest-wolne-w-wielkanoc","status":"publish","type":"post","link":"https:\/\/chrystus.pl\/et\/do-kiedy-jest-wolne-w-wielkanoc\/","title":{"rendered":"Kuni millal on lihav\u00f5tted vabad?"},"content":{"rendered":"<p><strong>Kuni millal on vaba <span id=\"urn:enhancement-ee95f3b1\" class=\"textannotation disambiguated wl-other\" itemid=\"http:\/\/data.wordlift.io\/wl01857\/entity\/wielkanoc\">Lihav\u00f5tted<\/span>?<\/strong><\/p>\n<p>Kuni millal on vaba <span id=\"urn:enhancement-4124b0a6\" class=\"textannotation disambiguated wl-other\" itemid=\"http:\/\/data.wordlift.io\/wl01857\/entity\/wielkanoc\">Lihav\u00f5tted<\/span>? Millistele p\u00e4evadele langeb lihav\u00f5ttepaus? Riiklikud p\u00fchad <span id=\"urn:enhancement-7e677732\" class=\"textannotation disambiguated wl-other\" itemid=\"http:\/\/data.wordlift.io\/wl01857\/entity\/wielkanoc\">Lihav\u00f5tted<\/span>.<\/p>\n<p>Nagu varem mainitud <span id=\"urn:enhancement-582a29dd\" class=\"textannotation disambiguated wl-other\" itemid=\"http:\/\/data.wordlift.io\/wl01857\/entity\/wielkanoc\">Lihav\u00f5tted<\/span> on p\u00fcha, mille kuup\u00e4evad on igal aastal erinevad. See on nn liikuv puhkus. Pole siis ime, et igal aastal tekib palju k\u00fcsimusi p\u00fchade kuup\u00e4evade kohta, mis langevad <span id=\"urn:enhancement-3c8ad617\" class=\"textannotation disambiguated wl-other\" itemid=\"http:\/\/data.wordlift.io\/wl01857\/entity\/wielkanoc\">Lihav\u00f5tted<\/span>Lihav\u00f5tted on v\u00e4ga eriline s\u00fcndmus, eriti inimestele, kes soovivad koolist v\u00f5i t\u00f6\u00f6lt puhata v\u00f5i kes lihtsalt tahavad ette planeerida ja oma kuup\u00e4evades kindel olla. Lihav\u00f5ttep\u00fchad koosnevad nn. <span id=\"urn:enhancement-98e0796\" class=\"textannotation disambiguated wl-other\" itemid=\"http:\/\/data.wordlift.io\/wl01857\/entity\/triduum_paschalne\">Pascha Triduum<\/span>. Me alustame t\u00e4histamist <span id=\"urn:enhancement-535ce052\" class=\"textannotation disambiguated wl-other\" itemid=\"http:\/\/data.wordlift.io\/wl01857\/entity\/wielki_czwartek\">Suur neljap\u00e4ev<\/span>, <span id=\"urn:enhancement-8c8be5e7\" class=\"textannotation disambiguated wl-other\" itemid=\"http:\/\/data.wordlift.io\/wl01857\/entity\/wielki_piatek\">Suur reede<\/span> i <span id=\"urn:enhancement-31e4ebae\" class=\"textannotation disambiguated wl-other\" itemid=\"http:\/\/data.wordlift.io\/wl01857\/entity\/wielka_sobota\">P\u00fcha laup\u00e4ev<\/span>millele j\u00e4rgneb tavap\u00e4rane p\u00fchap\u00e4evane <span id=\"urn:enhancement-b3accf65\" class=\"textannotation disambiguated wl-other\" itemid=\"http:\/\/data.wordlift.io\/wl01857\/entity\/wielkanoc\">Lihav\u00f5tted<\/span>. 2019. aastal <span id=\"urn:enhancement-b86d5fcf\" class=\"textannotation disambiguated wl-other\" itemid=\"http:\/\/data.wordlift.io\/wl01857\/entity\/wielkanoc\">Lihav\u00f5tted<\/span> langeb t\u00e4pselt 21. aprillile (<span id=\"urn:enhancement-932cdbcc\" class=\"textannotation disambiguated wl-other\" itemid=\"http:\/\/data.wordlift.io\/wl01857\/entity\/niedziela\">P\u00fchap\u00e4ev<\/span>). <span id=\"urn:enhancement-5c0f0e1\" class=\"textannotation disambiguated wl-other\" itemid=\"http:\/\/data.wordlift.io\/wl01857\/entity\/wielki_czwartek\">Suur neljap\u00e4ev<\/span>, <span id=\"urn:enhancement-f35b2636\" class=\"textannotation disambiguated wl-other\" itemid=\"http:\/\/data.wordlift.io\/wl01857\/entity\/wielki_piatek\">Suur reede<\/span> i <span id=\"urn:enhancement-61eb9167\" class=\"textannotation disambiguated wl-other\" itemid=\"http:\/\/data.wordlift.io\/wl01857\/entity\/wielka_sobota\">P\u00fcha laup\u00e4ev<\/span> langevad vastavalt 18., 19. ja 20. aprillil. Lihav\u00f5ttep\u00fchade koolivaheaeg algab seega neljap\u00e4eval, 18. aprillil 2019.<\/p>\n<p>p\u00e4ev p\u00e4rast lihav\u00f5ttep\u00fcha langeb <span id=\"urn:enhancement-8b4f4d16\" class=\"textannotation disambiguated wl-other\" itemid=\"http:\/\/data.wordlift.io\/wl01857\/entity\/poniedzialek_wielkanocny\">Lihav\u00f5ttep\u00fchade esmasp\u00e4ev<\/span>. See on tuntud kui \"Lany Monday\" (ka \"\u015amigus-Dyngus\"), p\u00e4ev, mil on kombeks inimesi \u00fcksteist veega piserdada ja mis on \u00fchtlasi koolivaheaeg. Teisip\u00e4ev, 23. aprill on samuti riigip\u00fcha.<\/p>\n<p>J\u00f5uluvaheaeg kestab seega 6 p\u00e4eva, sealhulgas 2 n\u00e4dalavahetuse p\u00e4eva, ja kestab 18. aprillist (neljap\u00e4ev) kuni 23. aprillini (teisip\u00e4ev).<\/p>\n<p>Kahjuks ei saa need, kes on juba koolihariduse omandanud, sellisele \u00f5nnele loota. <span id=\"urn:enhancement-7f78f55f\" class=\"textannotation disambiguated wl-other\" itemid=\"http:\/\/data.wordlift.io\/wl01857\/entity\/wielkanoc\">lihav\u00f5tted<\/span>Seaduse kohaselt on aga ainus riigip\u00fcha <span id=\"urn:enhancement-9a76478b\" class=\"textannotation disambiguated wl-other\" itemid=\"http:\/\/data.wordlift.io\/wl01857\/entity\/poniedzialek_wielkanocny\">Lihav\u00f5ttep\u00fchade esmasp\u00e4ev<\/span>, mis toimub 22. aprillil 2019.<\/p>","protected":false},"excerpt":{"rendered":"<p>Millal on lihav\u00f5ttep\u00e4ev vaba? Kuni millal on lihav\u00f5ttep\u00fchad? Millistel p\u00e4evadel on lihav\u00f5ttepaus? Lihav\u00f5ttep\u00fchad. Nagu varem mainitud, on lihav\u00f5ttep\u00fchad igal aastal erinevad kuup\u00e4evad. See on nn liikuv puhkus. Seet\u00f5ttu ei ole \u00fcllatav, et igal aastal tekib palju k\u00fcsimusi ...<\/p>","protected":false},"author":1,"featured_media":848,"comment_status":"open","ping_status":"closed","sticky":false,"template":"","format":"standard","meta":{"footnotes":""},"categories":[53],"tags":[],"class_list":["post-847","post","type-post","status-publish","format-standard","has-post-thumbnail","hentry","category-wielkanoc"],"yoast_head":"<!-- This site is optimized with the Yoast SEO plugin v27.4 - https:\/\/yoast.com\/product\/yoast-seo-wordpress\/ -->\n<title>Do kiedy jest wolne w Wielkanoc? - Chrystus<\/title>\n<meta name=\"description\" content=\"Do kiedy jest wolne w Wielkanoc? Do kiedy jest wolne w Wielkanoc? Na jakie dni przypada przerwa Wielkanocna? Dni wolne od pracy Wielkanoc. Jak zosta\u0142o\" \/>\n<meta name=\"robots\" content=\"index, follow, max-snippet:-1, max-image-preview:large, max-video-preview:-1\" \/>\n<link rel=\"canonical\" href=\"https:\/\/chrystus.pl\/et\/kuni-kui-kun-see-on-tahvli-tahvli-tahvli-tahvli-tahvli-2\/\" \/>\n<meta property=\"og:locale\" content=\"et_EE\" \/>\n<meta property=\"og:type\" content=\"article\" \/>\n<meta property=\"og:title\" content=\"Do kiedy jest wolne w Wielkanoc? - Chrystus\" \/>\n<meta property=\"og:description\" content=\"Do kiedy jest wolne w Wielkanoc? Do kiedy jest wolne w Wielkanoc? Na jakie dni przypada przerwa Wielkanocna? Dni wolne od pracy Wielkanoc. Jak zosta\u0142o\" \/>\n<meta property=\"og:url\" content=\"https:\/\/chrystus.pl\/et\/kuni-kui-kun-see-on-tahvli-tahvli-tahvli-tahvli-tahvli-2\/\" \/>\n<meta property=\"og:site_name\" content=\"Chrystus\" \/>\n<meta property=\"article:published_time\" content=\"2019-12-27T20:59:40+00:00\" \/>\n<meta property=\"article:modified_time\" content=\"2019-12-27T20:59:41+00:00\" \/>\n<meta property=\"og:image\" content=\"https:\/\/chrystus.pl\/wp-content\/uploads\/2019\/12\/do-kiedy-jest-wolne-w-wielkanoc.jpg\" \/>\n\t<meta property=\"og:image:width\" content=\"1280\" \/>\n\t<meta property=\"og:image:height\" content=\"853\" \/>\n\t<meta property=\"og:image:type\" content=\"image\/jpeg\" \/>\n<meta name=\"author\" content=\"Samarytanka\" \/>\n<meta name=\"twitter:card\" content=\"summary_large_image\" \/>\n<meta name=\"twitter:label1\" content=\"Written by\" \/>\n\t<meta name=\"twitter:data1\" content=\"Samarytanka\" \/>\n\t<meta name=\"twitter:label2\" content=\"Est. reading time\" \/>\n\t<meta name=\"twitter:data2\" content=\"1 minut\" \/>\n<!-- \/ Yoast SEO plugin. -->","yoast_head_json":{"title":"Kuni millal on lihav\u00f5tted vabad? - Kristus","description":"Millal on lihav\u00f5ttep\u00fchad? Millal on lihav\u00f5ttep\u00fchad? Millistel p\u00e4evadel on lihav\u00f5ttepaus? Riiklikud p\u00fchad lihav\u00f5tted. Kuidas oli","robots":{"index":"index","follow":"follow","max-snippet":"max-snippet:-1","max-image-preview":"max-image-preview:large","max-video-preview":"max-video-preview:-1"},"canonical":"https:\/\/chrystus.pl\/et\/kuni-kui-kun-see-on-tahvli-tahvli-tahvli-tahvli-tahvli-2\/","og_locale":"et_EE","og_type":"article","og_title":"Do kiedy jest wolne w Wielkanoc? - Chrystus","og_description":"Do kiedy jest wolne w Wielkanoc? Do kiedy jest wolne w Wielkanoc? Na jakie dni przypada przerwa Wielkanocna? Dni wolne od pracy Wielkanoc. Jak zosta\u0142o","og_url":"https:\/\/chrystus.pl\/et\/kuni-kui-kun-see-on-tahvli-tahvli-tahvli-tahvli-tahvli-2\/","og_site_name":"Chrystus","article_published_time":"2019-12-27T20:59:40+00:00","article_modified_time":"2019-12-27T20:59:41+00:00","og_image":[{"width":1280,"height":853,"url":"https:\/\/chrystus.pl\/wp-content\/uploads\/2019\/12\/do-kiedy-jest-wolne-w-wielkanoc.jpg","type":"image\/jpeg"}],"author":"Samarytanka","twitter_card":"summary_large_image","twitter_misc":{"Written by":"Samarytanka","Est. reading time":"1 minut"},"schema":{"@context":"https:\/\/schema.org","@graph":[{"@type":"Article","@id":"https:\/\/chrystus.pl\/do-kiedy-jest-wolne-w-wielkanoc\/#article","isPartOf":{"@id":"https:\/\/chrystus.pl\/do-kiedy-jest-wolne-w-wielkanoc\/"},"author":{"name":"Samarytanka","@id":"https:\/\/chrystus.pl\/#\/schema\/person\/e2e742452b8b7b2bcd23ea180671d27a"},"headline":"Do kiedy jest wolne w Wielkanoc?","datePublished":"2019-12-27T20:59:40+00:00","dateModified":"2019-12-27T20:59:41+00:00","mainEntityOfPage":{"@id":"https:\/\/chrystus.pl\/do-kiedy-jest-wolne-w-wielkanoc\/"},"wordCount":304,"commentCount":0,"publisher":{"@id":"https:\/\/chrystus.pl\/#organization"},"image":{"@id":"https:\/\/chrystus.pl\/do-kiedy-jest-wolne-w-wielkanoc\/#primaryimage"},"thumbnailUrl":"https:\/\/chrystus.pl\/wp-content\/uploads\/2019\/12\/do-kiedy-jest-wolne-w-wielkanoc.jpg","articleSection":["Wielkanoc"],"inLanguage":"et","potentialAction":[{"@type":"CommentAction","name":"Comment","target":["https:\/\/chrystus.pl\/do-kiedy-jest-wolne-w-wielkanoc\/#respond"]}]},{"@type":"WebPage","@id":"https:\/\/chrystus.pl\/do-kiedy-jest-wolne-w-wielkanoc\/","url":"https:\/\/chrystus.pl\/do-kiedy-jest-wolne-w-wielkanoc\/","name":"Kuni millal on lihav\u00f5tted vabad? - Kristus","isPartOf":{"@id":"https:\/\/chrystus.pl\/#website"},"primaryImageOfPage":{"@id":"https:\/\/chrystus.pl\/do-kiedy-jest-wolne-w-wielkanoc\/#primaryimage"},"image":{"@id":"https:\/\/chrystus.pl\/do-kiedy-jest-wolne-w-wielkanoc\/#primaryimage"},"thumbnailUrl":"https:\/\/chrystus.pl\/wp-content\/uploads\/2019\/12\/do-kiedy-jest-wolne-w-wielkanoc.jpg","datePublished":"2019-12-27T20:59:40+00:00","dateModified":"2019-12-27T20:59:41+00:00","description":"Millal on lihav\u00f5ttep\u00fchad? Millal on lihav\u00f5ttep\u00fchad? Millistel p\u00e4evadel on lihav\u00f5ttepaus? Riiklikud p\u00fchad lihav\u00f5tted. Kuidas oli","breadcrumb":{"@id":"https:\/\/chrystus.pl\/do-kiedy-jest-wolne-w-wielkanoc\/#breadcrumb"},"inLanguage":"et","potentialAction":[{"@type":"ReadAction","target":["https:\/\/chrystus.pl\/do-kiedy-jest-wolne-w-wielkanoc\/"]}]},{"@type":"ImageObject","inLanguage":"et","@id":"https:\/\/chrystus.pl\/do-kiedy-jest-wolne-w-wielkanoc\/#primaryimage","url":"https:\/\/chrystus.pl\/wp-content\/uploads\/2019\/12\/do-kiedy-jest-wolne-w-wielkanoc.jpg","contentUrl":"https:\/\/chrystus.pl\/wp-content\/uploads\/2019\/12\/do-kiedy-jest-wolne-w-wielkanoc.jpg","width":1280,"height":853,"caption":"do-kiedy-jest-wolne-w-wielkanoc"},{"@type":"BreadcrumbList","@id":"https:\/\/chrystus.pl\/do-kiedy-jest-wolne-w-wielkanoc\/#breadcrumb","itemListElement":[{"@type":"ListItem","position":1,"name":"Strona g\u0142\u00f3wna","item":"https:\/\/chrystus.pl\/"},{"@type":"ListItem","position":2,"name":"Do kiedy jest wolne w Wielkanoc?"}]},{"@type":"WebSite","@id":"https:\/\/chrystus.pl\/#website","url":"https:\/\/chrystus.pl\/","name":"Kristus","description":"Jumal, Maarja, Jeesus, armulaua ja palju muud.","publisher":{"@id":"https:\/\/chrystus.pl\/#organization"},"potentialAction":[{"@type":"SearchAction","target":{"@type":"EntryPoint","urlTemplate":"https:\/\/chrystus.pl\/?s={search_term_string}"},"query-input":{"@type":"PropertyValueSpecification","valueRequired":true,"valueName":"search_term_string"}}],"inLanguage":"et"},{"@type":"Organization","@id":"https:\/\/chrystus.pl\/#organization","name":"Christ.pl","url":"https:\/\/chrystus.pl\/","logo":{"@type":"ImageObject","inLanguage":"et","@id":"https:\/\/chrystus.pl\/#\/schema\/logo\/image\/","url":"https:\/\/chrystus.pl\/wp-content\/uploads\/2019\/03\/chrystus-bog-maryja-komunia-bierzmowanie.jpg","contentUrl":"https:\/\/chrystus.pl\/wp-content\/uploads\/2019\/03\/chrystus-bog-maryja-komunia-bierzmowanie.jpg","width":1920,"height":1280,"caption":"Chrystus.pl"},"image":{"@id":"https:\/\/chrystus.pl\/#\/schema\/logo\/image\/"}},{"@type":"Person","@id":"https:\/\/chrystus.pl\/#\/schema\/person\/e2e742452b8b7b2bcd23ea180671d27a","name":"Samaaria naine"}]}},"_links":{"self":[{"href":"https:\/\/chrystus.pl\/et\/wp-json\/wp\/v2\/posts\/847","targetHints":{"allow":["GET"]}}],"collection":[{"href":"https:\/\/chrystus.pl\/et\/wp-json\/wp\/v2\/posts"}],"about":[{"href":"https:\/\/chrystus.pl\/et\/wp-json\/wp\/v2\/types\/post"}],"author":[{"embeddable":true,"href":"https:\/\/chrystus.pl\/et\/wp-json\/wp\/v2\/users\/1"}],"replies":[{"embeddable":true,"href":"https:\/\/chrystus.pl\/et\/wp-json\/wp\/v2\/comments?post=847"}],"version-history":[{"count":0,"href":"https:\/\/chrystus.pl\/et\/wp-json\/wp\/v2\/posts\/847\/revisions"}],"wp:featuredmedia":[{"embeddable":true,"href":"https:\/\/chrystus.pl\/et\/wp-json\/wp\/v2\/media\/848"}],"wp:attachment":[{"href":"https:\/\/chrystus.pl\/et\/wp-json\/wp\/v2\/media?parent=847"}],"wp:term":[{"taxonomy":"category","embeddable":true,"href":"https:\/\/chrystus.pl\/et\/wp-json\/wp\/v2\/categories?post=847"},{"taxonomy":"post_tag","embeddable":true,"href":"https:\/\/chrystus.pl\/et\/wp-json\/wp\/v2\/tags?post=847"}],"curies":[{"name":"wp","href":"https:\/\/api.w.org\/{rel}","templated":true}]}}