{"id":1585,"date":"2020-04-29T19:50:52","date_gmt":"2020-04-29T19:50:52","guid":{"rendered":"https:\/\/chrystus.pl\/?p=1585"},"modified":"2020-04-29T19:54:12","modified_gmt":"2020-04-29T19:54:12","slug":"dlaczego-jozef-i-maryja-udali-sie-do-betlejem","status":"publish","type":"post","link":"https:\/\/chrystus.pl\/fi\/dlaczego-jozef-i-maryja-udali-sie-do-betlejem\/","title":{"rendered":"Miksi Joosef ja Maria meniv\u00e4t Betlehemiin?"},"content":{"rendered":"<p>Miksi <a href=\"https:\/\/chrystus.pl\/fi\/modlitwa-w-sprawach-trudnych-i-beznadziejnych-do-sw-jozefa\/\">Joseph<\/a> ja Maria meniv\u00e4t Betlehemiin? Mik\u00e4 liittyy pyh\u00e4n perheen matkaan, jonka aikana Vapahtaja syntyi? Sill\u00e4 on puhtaasti historiallinen tausta. Ensinn\u00e4kin ajanjakso, josta puhumme, sijoittuu Rooman valtakunnan valtakaudelle Israelin alueilla. Tuohon aikaan niin sanotut v\u00e4est\u00f6nlaskennat olivat n\u00e4ill\u00e4 alueilla yleisi\u00e4.<\/p>\n<p>Tuon ajan hallitsijan, keisari Augustuksen, m\u00e4\u00e4r\u00e4yksest\u00e4 t\u00e4llainen v\u00e4est\u00f6nlaskenta oli m\u00e4\u00e4r\u00e4 suorittaa Joosefin ja Marian valtiossa. Syyrian alueiden suuri hallitsija oli Quirinius. N\u00e4in ollen jokaisen asukkaan oli tiettyyn aikaan ment\u00e4v\u00e4 omaan kaupunkiinsa. Heid\u00e4n joukossaan oli my\u00f6s Joosef, joka l\u00e4hti Nasaretista Juudeaan, Daavidin kaupunkiin, jota kutsutaan Betlehemiksi. T\u00e4m\u00e4 m\u00e4\u00e4r\u00e4ytyi sen perusteella, ett\u00e4 Joosef oli kotoisin Daavidin suvusta. H\u00e4nen oli ment\u00e4v\u00e4 sinne aiemmin naimisissa olleen Marian kanssa, joka oli raskaana ja odotti lasta Jeesusta. Lis\u00e4ksi Joosef oli Pyh\u00e4n perheen vartija, joten h\u00e4n ei j\u00e4tt\u00e4nyt h\u00e4nt\u00e4. Heid\u00e4n oleskelunsa aikana Betlehemin kaupungissa tuli ratkaisu, ja Vapahtaja syntyi.<\/p>\n<p>T\u00e4st\u00e4 syyst\u00e4 kaikki kristityt yhdist\u00e4v\u00e4t Betlehemin t\u00e4n\u00e4 p\u00e4iv\u00e4n\u00e4 t\u00e4h\u00e4n suureen ja ihmeelliseen tapahtumaan, joka ep\u00e4ilem\u00e4tt\u00e4 oli Jeesuksen Kristuksen syntym\u00e4 ja josta Betlehem on saanut kuuluisuutensa. V\u00e4est\u00f6nlaskennan lis\u00e4ksi on my\u00f6s merkitt\u00e4v\u00e4\u00e4, ett\u00e4 Jumala itse halusi suojella Poikaansa niiden ihmisten vihamielisyydelt\u00e4, jotka olisivat saattaneet kohdata h\u00e4net Nasaretissa. T\u00e4m\u00e4 johtuu siit\u00e4, ett\u00e4 h\u00e4n halusi suojella pyh\u00e4\u00e4 perhett\u00e4 silloisen eliitin vihamielisyydelt\u00e4.<\/p>","protected":false},"excerpt":{"rendered":"<p>Miksi Joosef ja Maria meniv\u00e4t Betlehemiin? Mit\u00e4 kuuluu pyh\u00e4n perheen matkaan, jonka aikana Vapahtaja syntyi? Sill\u00e4 on puhtaasti historiallinen perusta. Aluksi, ajanjakso, josta puhumme, sijoittuu Rooman valtakunnan valtakaudelle Israelin alueella. Tuohon aikaan n\u00e4ill\u00e4 alueilla oli tavallista, ett\u00e4 t\u00e4llaiset ...<\/p>","protected":false},"author":1,"featured_media":0,"comment_status":"closed","ping_status":"closed","sticky":false,"template":"","format":"standard","meta":{"footnotes":""},"categories":[64],"tags":[],"class_list":["post-1585","post","type-post","status-publish","format-standard","hentry","category-maryja"],"yoast_head":"<!-- This site is optimized with the Yoast SEO plugin v27.5 - https:\/\/yoast.com\/product\/yoast-seo-wordpress\/ -->\n<title>Dlaczego J\u00f3zef i Maryja udali si\u0119 do Betlejem? - Chrystus<\/title>\n<meta name=\"description\" content=\"Dlaczego J\u00f3zef i Maryja udali si\u0119 do Betlejem? Z czym wi\u0105\u017ce si\u0119 podr\u00f3\u017c jak\u0105 odby\u0142a \u015awi\u0119ta Rodzina, w trakcie kt\u00f3rej przyszed\u0142 na \u015bwiat Zbawiciel? Ma to\" \/>\n<meta name=\"robots\" content=\"index, follow, max-snippet:-1, max-image-preview:large, max-video-preview:-1\" \/>\n<link rel=\"canonical\" href=\"https:\/\/chrystus.pl\/fi\/why-did-joseph-and-mary-go-to-betlehem\/\" \/>\n<meta property=\"og:locale\" content=\"fi_FI\" \/>\n<meta property=\"og:type\" content=\"article\" \/>\n<meta property=\"og:title\" content=\"Dlaczego J\u00f3zef i Maryja udali si\u0119 do Betlejem?\" \/>\n<meta property=\"og:description\" content=\"Dlaczego J\u00f3zef i Maryja udali si\u0119 do Betlejem? Z czym wi\u0105\u017ce si\u0119 podr\u00f3\u017c jak\u0105 odby\u0142a \u015awi\u0119ta Rodzina, w trakcie kt\u00f3rej przyszed\u0142 na \u015bwiat Zbawiciel?\" \/>\n<meta property=\"og:url\" content=\"https:\/\/chrystus.pl\/fi\/why-did-joseph-and-mary-go-to-betlehem\/\" \/>\n<meta property=\"og:site_name\" content=\"Chrystus\" \/>\n<meta property=\"article:published_time\" content=\"2020-04-29T19:50:52+00:00\" \/>\n<meta property=\"article:modified_time\" content=\"2020-04-29T19:54:12+00:00\" \/>\n<meta property=\"og:image\" content=\"https:\/\/chrystus.pl\/wp-content\/uploads\/2020\/04\/Czy-Maryja-umarla.jpg\" \/>\n\t<meta property=\"og:image:width\" content=\"640\" \/>\n\t<meta property=\"og:image:height\" content=\"480\" \/>\n\t<meta property=\"og:image:type\" content=\"image\/jpeg\" \/>\n<meta name=\"author\" content=\"Samarytanka\" \/>\n<meta name=\"twitter:card\" content=\"summary_large_image\" \/>\n<meta name=\"twitter:title\" content=\"Dlaczego J\u00f3zef i Maryja udali si\u0119 do Betlejem?\" \/>\n<meta name=\"twitter:description\" content=\"Dlaczego J\u00f3zef i Maryja udali si\u0119 do Betlejem? Z czym wi\u0105\u017ce si\u0119 podr\u00f3\u017c jak\u0105 odby\u0142a \u015awi\u0119ta Rodzina, w trakcie kt\u00f3rej przyszed\u0142 na \u015bwiat Zbawiciel?\" \/>\n<meta name=\"twitter:image\" content=\"https:\/\/chrystus.pl\/wp-content\/uploads\/2020\/04\/Czy-Maryja-umarla.jpg\" \/>\n<meta name=\"twitter:label1\" content=\"Kirjoittanut\" \/>\n\t<meta name=\"twitter:data1\" content=\"Samarytanka\" \/>\n\t<meta name=\"twitter:label2\" content=\"Arvioitu lukuaika\" \/>\n\t<meta name=\"twitter:data2\" content=\"1 minuutti\" \/>\n<!-- \/ Yoast SEO plugin. -->","yoast_head_json":{"title":"Miksi Joosef ja Maria meniv\u00e4t Betlehemiin? - Kristus","description":"Miksi Joosef ja Maria meniv\u00e4t Betlehemiin? Mink\u00e4 matkan pyh\u00e4 perhe teki, jonka aikana Vapahtaja syntyi? Se on","robots":{"index":"index","follow":"follow","max-snippet":"max-snippet:-1","max-image-preview":"max-image-preview:large","max-video-preview":"max-video-preview:-1"},"canonical":"https:\/\/chrystus.pl\/fi\/why-did-joseph-and-mary-go-to-betlehem\/","og_locale":"fi_FI","og_type":"article","og_title":"Dlaczego J\u00f3zef i Maryja udali si\u0119 do Betlejem?","og_description":"Dlaczego J\u00f3zef i Maryja udali si\u0119 do Betlejem? Z czym wi\u0105\u017ce si\u0119 podr\u00f3\u017c jak\u0105 odby\u0142a \u015awi\u0119ta Rodzina, w trakcie kt\u00f3rej przyszed\u0142 na \u015bwiat Zbawiciel?","og_url":"https:\/\/chrystus.pl\/fi\/why-did-joseph-and-mary-go-to-betlehem\/","og_site_name":"Chrystus","article_published_time":"2020-04-29T19:50:52+00:00","article_modified_time":"2020-04-29T19:54:12+00:00","og_image":[{"width":640,"height":480,"url":"https:\/\/chrystus.pl\/wp-content\/uploads\/2020\/04\/Czy-Maryja-umarla.jpg","type":"image\/jpeg"}],"author":"Samarytanka","twitter_card":"summary_large_image","twitter_title":"Dlaczego J\u00f3zef i Maryja udali si\u0119 do Betlejem?","twitter_description":"Dlaczego J\u00f3zef i Maryja udali si\u0119 do Betlejem? Z czym wi\u0105\u017ce si\u0119 podr\u00f3\u017c jak\u0105 odby\u0142a \u015awi\u0119ta Rodzina, w trakcie kt\u00f3rej przyszed\u0142 na \u015bwiat Zbawiciel?","twitter_image":"https:\/\/chrystus.pl\/wp-content\/uploads\/2020\/04\/Czy-Maryja-umarla.jpg","twitter_misc":{"Kirjoittanut":"Samarytanka","Arvioitu lukuaika":"1 minuutti"},"schema":{"@context":"https:\/\/schema.org","@graph":[{"@type":"Article","@id":"https:\/\/chrystus.pl\/dlaczego-jozef-i-maryja-udali-sie-do-betlejem\/#article","isPartOf":{"@id":"https:\/\/chrystus.pl\/dlaczego-jozef-i-maryja-udali-sie-do-betlejem\/"},"author":{"name":"Samarytanka","@id":"https:\/\/chrystus.pl\/#\/schema\/person\/e2e742452b8b7b2bcd23ea180671d27a"},"headline":"Dlaczego J\u00f3zef i Maryja udali si\u0119 do Betlejem?","datePublished":"2020-04-29T19:50:52+00:00","dateModified":"2020-04-29T19:54:12+00:00","mainEntityOfPage":{"@id":"https:\/\/chrystus.pl\/dlaczego-jozef-i-maryja-udali-sie-do-betlejem\/"},"wordCount":299,"publisher":{"@id":"https:\/\/chrystus.pl\/#organization"},"articleSection":["Maryja"],"inLanguage":"fi"},{"@type":"WebPage","@id":"https:\/\/chrystus.pl\/dlaczego-jozef-i-maryja-udali-sie-do-betlejem\/","url":"https:\/\/chrystus.pl\/dlaczego-jozef-i-maryja-udali-sie-do-betlejem\/","name":"Miksi Joosef ja Maria meniv\u00e4t Betlehemiin? - Kristus","isPartOf":{"@id":"https:\/\/chrystus.pl\/#website"},"datePublished":"2020-04-29T19:50:52+00:00","dateModified":"2020-04-29T19:54:12+00:00","description":"Miksi Joosef ja Maria meniv\u00e4t Betlehemiin? Mink\u00e4 matkan pyh\u00e4 perhe teki, jonka aikana Vapahtaja syntyi? Se on","breadcrumb":{"@id":"https:\/\/chrystus.pl\/dlaczego-jozef-i-maryja-udali-sie-do-betlejem\/#breadcrumb"},"inLanguage":"fi","potentialAction":[{"@type":"ReadAction","target":["https:\/\/chrystus.pl\/dlaczego-jozef-i-maryja-udali-sie-do-betlejem\/"]}]},{"@type":"BreadcrumbList","@id":"https:\/\/chrystus.pl\/dlaczego-jozef-i-maryja-udali-sie-do-betlejem\/#breadcrumb","itemListElement":[{"@type":"ListItem","position":1,"name":"Strona g\u0142\u00f3wna","item":"https:\/\/chrystus.pl\/"},{"@type":"ListItem","position":2,"name":"Dlaczego J\u00f3zef i Maryja udali si\u0119 do Betlejem?"}]},{"@type":"WebSite","@id":"https:\/\/chrystus.pl\/#website","url":"https:\/\/chrystus.pl\/","name":"Kristus","description":"Jumala, Maria, Jeesus, ehtoollinen ja paljon muuta.","publisher":{"@id":"https:\/\/chrystus.pl\/#organization"},"potentialAction":[{"@type":"SearchAction","target":{"@type":"EntryPoint","urlTemplate":"https:\/\/chrystus.pl\/?s={search_term_string}"},"query-input":{"@type":"PropertyValueSpecification","valueRequired":true,"valueName":"search_term_string"}}],"inLanguage":"fi"},{"@type":"Organization","@id":"https:\/\/chrystus.pl\/#organization","name":"Christ.pl","url":"https:\/\/chrystus.pl\/","logo":{"@type":"ImageObject","inLanguage":"fi","@id":"https:\/\/chrystus.pl\/#\/schema\/logo\/image\/","url":"https:\/\/chrystus.pl\/wp-content\/uploads\/2019\/03\/chrystus-bog-maryja-komunia-bierzmowanie.jpg","contentUrl":"https:\/\/chrystus.pl\/wp-content\/uploads\/2019\/03\/chrystus-bog-maryja-komunia-bierzmowanie.jpg","width":1920,"height":1280,"caption":"Chrystus.pl"},"image":{"@id":"https:\/\/chrystus.pl\/#\/schema\/logo\/image\/"}},{"@type":"Person","@id":"https:\/\/chrystus.pl\/#\/schema\/person\/e2e742452b8b7b2bcd23ea180671d27a","name":"Samarialainen nainen"}]}},"_links":{"self":[{"href":"https:\/\/chrystus.pl\/fi\/wp-json\/wp\/v2\/posts\/1585","targetHints":{"allow":["GET"]}}],"collection":[{"href":"https:\/\/chrystus.pl\/fi\/wp-json\/wp\/v2\/posts"}],"about":[{"href":"https:\/\/chrystus.pl\/fi\/wp-json\/wp\/v2\/types\/post"}],"author":[{"embeddable":true,"href":"https:\/\/chrystus.pl\/fi\/wp-json\/wp\/v2\/users\/1"}],"replies":[{"embeddable":true,"href":"https:\/\/chrystus.pl\/fi\/wp-json\/wp\/v2\/comments?post=1585"}],"version-history":[{"count":0,"href":"https:\/\/chrystus.pl\/fi\/wp-json\/wp\/v2\/posts\/1585\/revisions"}],"wp:attachment":[{"href":"https:\/\/chrystus.pl\/fi\/wp-json\/wp\/v2\/media?parent=1585"}],"wp:term":[{"taxonomy":"category","embeddable":true,"href":"https:\/\/chrystus.pl\/fi\/wp-json\/wp\/v2\/categories?post=1585"},{"taxonomy":"post_tag","embeddable":true,"href":"https:\/\/chrystus.pl\/fi\/wp-json\/wp\/v2\/tags?post=1585"}],"curies":[{"name":"wp","href":"https:\/\/api.w.org\/{rel}","templated":true}]}}