{"id":1592,"date":"2020-04-29T19:56:29","date_gmt":"2020-04-29T19:56:29","guid":{"rendered":"https:\/\/chrystus.pl\/?p=1592"},"modified":"2020-04-29T19:56:29","modified_gmt":"2020-04-29T19:56:29","slug":"dlaczego-maryja-ma-rysy-na-twarzy","status":"publish","type":"post","link":"https:\/\/chrystus.pl\/fi\/dlaczego-maryja-ma-rysy-na-twarzy\/","title":{"rendered":"Miksi Marian kasvoissa on piirteit\u00e4?"},"content":{"rendered":"<p>Miksi Marialla on kasvonpiirteit\u00e4? Luultavasti kaikki eiv\u00e4t ole tietoisia siit\u00e4, mit\u00e4 kasvonpiirteit\u00e4 Marialla saattaa olla? Kuten olemme selitt\u00e4neet aiemmissa artikkeleissa, Neitsyt Marialla on erityinen rooli puolalaisten uskovien syd\u00e4miss\u00e4.<\/p>\n<p>Maria on Puolan kuningatar, ja h\u00e4n rakasti erityisesti kansakuntaamme. Ei siis ihme, ett\u00e4 Marian kuva esiintyy niin runsaasti puolalaisten taiteilijoiden t\u00f6iss\u00e4. Yksi suosituimmista kuvista on Cz\u0119stochowan Jasna G\u00f3ran kappelissa sijaitseva Musta Madonna. T\u00e4m\u00e4 kuva on hyvin omaleimainen, ja jokainen katolilainen voi tunnistaa sen. Maalauksessa Neitsyt Maria on kuvattu vauva syliss\u00e4\u00e4n.<\/p>\n<p>Silmiinpist\u00e4v\u00e4\u00e4 on kuitenkin se, ett\u00e4 h\u00e4net on kuvattu tummana, tummaihoisena hahmona. Toinen tunnusmerkki on kaksi rinnakkaista naarmua, jotka riste\u00e4v\u00e4t kolmannen kanssa ja jotka kulkevat Neitsyt Marian poskessa. Kaulassa on puolestaan kuusi pienemp\u00e4\u00e4 ja v\u00e4hemm\u00e4n n\u00e4kyv\u00e4\u00e4 leikkausta. Miksi Marian kasvoissa on naarmuja? Itse naarmut ovat seurausta vuonna 1430 tapahtuneesta hy\u00f6kk\u00e4yksest\u00e4, jolloin maalausta leikattiin tikareilla.<\/p>\n<p>Kuningas W\u0142adys\u0142aw Jagie\u0142\u0142o m\u00e4\u00e4r\u00e4si sen restauroinnin, mutta tuon ajan restaurointitaidot eiv\u00e4t olleet kovin kehittyneit\u00e4. Leikkausj\u00e4lki\u00e4 ei poistettu, ja niit\u00e4 yritettiin maalata yli tuloksetta. Toisen version mukaan j\u00e4ljet on j\u00e4tetty tarkoituksella muistoksi hy\u00f6kk\u00e4yksest\u00e4. Arviolta naarmut paljastuivat vuonna 1434, kun maalauksen restaurointia viimeisteltiin.<\/p>","protected":false},"excerpt":{"rendered":"<p>Dlaczego Maryja ma rysy na twarzy? Pewnie nie ka\u017cdy zdaje sobie spraw\u0119 o jakie rysy na twarzy Maryi mo\u017ce chodzi\u0107? Jak wyja\u015bnili\u015bmy sobie w poprzednich artyku\u0142ach, Matka Boska odgrywa szczeg\u00f3ln\u0105 rol\u0119 w sercach polskich wiernych. Maryja jest Kr\u00f3low\u0105 Polski, a nasz nar\u00f3d szczeg\u00f3lnie sobie umi\u0142owa\u0142a. Nic wi\u0119c dziwnego, \u017ce wizerunek Maryjny wyst\u0119puje tak licznie w &hellip;<\/p>","protected":false},"author":1,"featured_media":1593,"comment_status":"closed","ping_status":"closed","sticky":false,"template":"","format":"standard","meta":{"footnotes":""},"categories":[64],"tags":[],"class_list":["post-1592","post","type-post","status-publish","format-standard","has-post-thumbnail","hentry","category-maryja"],"yoast_head":"<!-- This site is optimized with the Yoast SEO plugin v27.5 - https:\/\/yoast.com\/product\/yoast-seo-wordpress\/ -->\n<title>Dlaczego Maryja ma rysy na twarzy? - Chrystus<\/title>\n<meta name=\"description\" content=\"Dlaczego Maryja ma rysy na twarzy? Pewnie nie ka\u017cdy zdaje sobie spraw\u0119 o jakie rysy na twarzy Maryi mo\u017ce chodzi\u0107? Jak wyja\u015bnili\u015bmy sobie w poprzednich\" \/>\n<meta name=\"robots\" content=\"index, follow, max-snippet:-1, max-image-preview:large, max-video-preview:-1\" \/>\n<link rel=\"canonical\" href=\"https:\/\/chrystus.pl\/fi\/miksi-mary-has-fryer-on-her-face-2\/\" \/>\n<meta property=\"og:locale\" content=\"fi_FI\" \/>\n<meta property=\"og:type\" content=\"article\" \/>\n<meta property=\"og:title\" content=\"Dlaczego Maryja ma rysy na twarzy?\" \/>\n<meta property=\"og:description\" content=\"Dlaczego Maryja ma rysy na twarzy? Pewnie nie ka\u017cdy zdaje sobie spraw\u0119 o jakie rysy na twarzy Maryi mo\u017ce chodzi\u0107? Jak wyja\u015bnili\u015bmy sobie w poprzednich artyku\u0142ach, Matka Boska odgrywa szczeg\u00f3ln\u0105 rol\u0119 w sercach polskich wiernych.\" \/>\n<meta property=\"og:url\" content=\"https:\/\/chrystus.pl\/fi\/miksi-mary-has-fryer-on-her-face-2\/\" \/>\n<meta property=\"og:site_name\" content=\"Chrystus\" \/>\n<meta property=\"article:published_time\" content=\"2020-04-29T19:56:29+00:00\" \/>\n<meta property=\"og:image\" content=\"https:\/\/chrystus.pl\/wp-content\/uploads\/2020\/04\/Dlaczego-Maryja-ma-rysy-na-twarzy.jpg\" \/>\n\t<meta property=\"og:image:width\" content=\"688\" \/>\n\t<meta property=\"og:image:height\" content=\"1050\" \/>\n\t<meta property=\"og:image:type\" content=\"image\/jpeg\" \/>\n<meta name=\"author\" content=\"Samarytanka\" \/>\n<meta name=\"twitter:card\" content=\"summary_large_image\" \/>\n<meta name=\"twitter:title\" content=\"Dlaczego Maryja ma rysy na twarzy?\" \/>\n<meta name=\"twitter:description\" content=\"Dlaczego Maryja ma rysy na twarzy? Pewnie nie ka\u017cdy zdaje sobie spraw\u0119 o jakie rysy na twarzy Maryi mo\u017ce chodzi\u0107? Jak wyja\u015bnili\u015bmy sobie w poprzednich artyku\u0142ach, Matka Boska odgrywa szczeg\u00f3ln\u0105 rol\u0119 w sercach polskich wiernych.\" \/>\n<meta name=\"twitter:image\" content=\"https:\/\/chrystus.pl\/wp-content\/uploads\/2020\/04\/Dlaczego-Maryja-ma-rysy-na-twarzy.jpg\" \/>\n<meta name=\"twitter:label1\" content=\"Kirjoittanut\" \/>\n\t<meta name=\"twitter:data1\" content=\"Samarytanka\" \/>\n\t<meta name=\"twitter:label2\" content=\"Arvioitu lukuaika\" \/>\n\t<meta name=\"twitter:data2\" content=\"1 minuutti\" \/>\n<!-- \/ Yoast SEO plugin. -->","yoast_head_json":{"title":"Miksi Marian kasvoissa on piirteit\u00e4? - Kristus","description":"Miksi Marialla on kasvonpiirteit\u00e4? Luultavasti kaikki eiv\u00e4t ymm\u00e4rr\u00e4, mihin piirteisiin Marian kasvoissa h\u00e4n saattaa viitata? Kuten olemme selitt\u00e4neet edellisess\u00e4","robots":{"index":"index","follow":"follow","max-snippet":"max-snippet:-1","max-image-preview":"max-image-preview:large","max-video-preview":"max-video-preview:-1"},"canonical":"https:\/\/chrystus.pl\/fi\/miksi-mary-has-fryer-on-her-face-2\/","og_locale":"fi_FI","og_type":"article","og_title":"Dlaczego Maryja ma rysy na twarzy?","og_description":"Dlaczego Maryja ma rysy na twarzy? Pewnie nie ka\u017cdy zdaje sobie spraw\u0119 o jakie rysy na twarzy Maryi mo\u017ce chodzi\u0107? Jak wyja\u015bnili\u015bmy sobie w poprzednich artyku\u0142ach, Matka Boska odgrywa szczeg\u00f3ln\u0105 rol\u0119 w sercach polskich wiernych.","og_url":"https:\/\/chrystus.pl\/fi\/miksi-mary-has-fryer-on-her-face-2\/","og_site_name":"Chrystus","article_published_time":"2020-04-29T19:56:29+00:00","og_image":[{"width":688,"height":1050,"url":"https:\/\/chrystus.pl\/wp-content\/uploads\/2020\/04\/Dlaczego-Maryja-ma-rysy-na-twarzy.jpg","type":"image\/jpeg"}],"author":"Samarytanka","twitter_card":"summary_large_image","twitter_title":"Dlaczego Maryja ma rysy na twarzy?","twitter_description":"Dlaczego Maryja ma rysy na twarzy? Pewnie nie ka\u017cdy zdaje sobie spraw\u0119 o jakie rysy na twarzy Maryi mo\u017ce chodzi\u0107? Jak wyja\u015bnili\u015bmy sobie w poprzednich artyku\u0142ach, Matka Boska odgrywa szczeg\u00f3ln\u0105 rol\u0119 w sercach polskich wiernych.","twitter_image":"https:\/\/chrystus.pl\/wp-content\/uploads\/2020\/04\/Dlaczego-Maryja-ma-rysy-na-twarzy.jpg","twitter_misc":{"Kirjoittanut":"Samarytanka","Arvioitu lukuaika":"1 minuutti"},"schema":{"@context":"https:\/\/schema.org","@graph":[{"@type":"Article","@id":"https:\/\/chrystus.pl\/dlaczego-maryja-ma-rysy-na-twarzy\/#article","isPartOf":{"@id":"https:\/\/chrystus.pl\/dlaczego-maryja-ma-rysy-na-twarzy\/"},"author":{"name":"Samarytanka","@id":"https:\/\/chrystus.pl\/#\/schema\/person\/e2e742452b8b7b2bcd23ea180671d27a"},"headline":"Dlaczego Maryja ma rysy na twarzy?","datePublished":"2020-04-29T19:56:29+00:00","mainEntityOfPage":{"@id":"https:\/\/chrystus.pl\/dlaczego-maryja-ma-rysy-na-twarzy\/"},"wordCount":251,"publisher":{"@id":"https:\/\/chrystus.pl\/#organization"},"image":{"@id":"https:\/\/chrystus.pl\/dlaczego-maryja-ma-rysy-na-twarzy\/#primaryimage"},"thumbnailUrl":"https:\/\/chrystus.pl\/wp-content\/uploads\/2020\/04\/Dlaczego-Maryja-ma-rysy-na-twarzy.jpg","articleSection":["Maryja"],"inLanguage":"fi"},{"@type":"WebPage","@id":"https:\/\/chrystus.pl\/dlaczego-maryja-ma-rysy-na-twarzy\/","url":"https:\/\/chrystus.pl\/dlaczego-maryja-ma-rysy-na-twarzy\/","name":"Miksi Marian kasvoissa on piirteit\u00e4? - Kristus","isPartOf":{"@id":"https:\/\/chrystus.pl\/#website"},"primaryImageOfPage":{"@id":"https:\/\/chrystus.pl\/dlaczego-maryja-ma-rysy-na-twarzy\/#primaryimage"},"image":{"@id":"https:\/\/chrystus.pl\/dlaczego-maryja-ma-rysy-na-twarzy\/#primaryimage"},"thumbnailUrl":"https:\/\/chrystus.pl\/wp-content\/uploads\/2020\/04\/Dlaczego-Maryja-ma-rysy-na-twarzy.jpg","datePublished":"2020-04-29T19:56:29+00:00","description":"Miksi Marialla on kasvonpiirteit\u00e4? Luultavasti kaikki eiv\u00e4t ymm\u00e4rr\u00e4, mihin piirteisiin Marian kasvoissa h\u00e4n saattaa viitata? Kuten olemme selitt\u00e4neet edellisess\u00e4","breadcrumb":{"@id":"https:\/\/chrystus.pl\/dlaczego-maryja-ma-rysy-na-twarzy\/#breadcrumb"},"inLanguage":"fi","potentialAction":[{"@type":"ReadAction","target":["https:\/\/chrystus.pl\/dlaczego-maryja-ma-rysy-na-twarzy\/"]}]},{"@type":"ImageObject","inLanguage":"fi","@id":"https:\/\/chrystus.pl\/dlaczego-maryja-ma-rysy-na-twarzy\/#primaryimage","url":"https:\/\/chrystus.pl\/wp-content\/uploads\/2020\/04\/Dlaczego-Maryja-ma-rysy-na-twarzy.jpg","contentUrl":"https:\/\/chrystus.pl\/wp-content\/uploads\/2020\/04\/Dlaczego-Maryja-ma-rysy-na-twarzy.jpg","width":"688","height":"1050","caption":"Dlaczego Maryja ma rysy na twarzy"},{"@type":"BreadcrumbList","@id":"https:\/\/chrystus.pl\/dlaczego-maryja-ma-rysy-na-twarzy\/#breadcrumb","itemListElement":[{"@type":"ListItem","position":1,"name":"Strona g\u0142\u00f3wna","item":"https:\/\/chrystus.pl\/"},{"@type":"ListItem","position":2,"name":"Dlaczego Maryja ma rysy na twarzy?"}]},{"@type":"WebSite","@id":"https:\/\/chrystus.pl\/#website","url":"https:\/\/chrystus.pl\/","name":"Kristus","description":"Jumala, Maria, Jeesus, ehtoollinen ja paljon muuta.","publisher":{"@id":"https:\/\/chrystus.pl\/#organization"},"potentialAction":[{"@type":"SearchAction","target":{"@type":"EntryPoint","urlTemplate":"https:\/\/chrystus.pl\/?s={search_term_string}"},"query-input":{"@type":"PropertyValueSpecification","valueRequired":true,"valueName":"search_term_string"}}],"inLanguage":"fi"},{"@type":"Organization","@id":"https:\/\/chrystus.pl\/#organization","name":"Christ.pl","url":"https:\/\/chrystus.pl\/","logo":{"@type":"ImageObject","inLanguage":"fi","@id":"https:\/\/chrystus.pl\/#\/schema\/logo\/image\/","url":"https:\/\/chrystus.pl\/wp-content\/uploads\/2019\/03\/chrystus-bog-maryja-komunia-bierzmowanie.jpg","contentUrl":"https:\/\/chrystus.pl\/wp-content\/uploads\/2019\/03\/chrystus-bog-maryja-komunia-bierzmowanie.jpg","width":1920,"height":1280,"caption":"Chrystus.pl"},"image":{"@id":"https:\/\/chrystus.pl\/#\/schema\/logo\/image\/"}},{"@type":"Person","@id":"https:\/\/chrystus.pl\/#\/schema\/person\/e2e742452b8b7b2bcd23ea180671d27a","name":"Samarialainen nainen"}]}},"_links":{"self":[{"href":"https:\/\/chrystus.pl\/fi\/wp-json\/wp\/v2\/posts\/1592","targetHints":{"allow":["GET"]}}],"collection":[{"href":"https:\/\/chrystus.pl\/fi\/wp-json\/wp\/v2\/posts"}],"about":[{"href":"https:\/\/chrystus.pl\/fi\/wp-json\/wp\/v2\/types\/post"}],"author":[{"embeddable":true,"href":"https:\/\/chrystus.pl\/fi\/wp-json\/wp\/v2\/users\/1"}],"replies":[{"embeddable":true,"href":"https:\/\/chrystus.pl\/fi\/wp-json\/wp\/v2\/comments?post=1592"}],"version-history":[{"count":0,"href":"https:\/\/chrystus.pl\/fi\/wp-json\/wp\/v2\/posts\/1592\/revisions"}],"wp:featuredmedia":[{"embeddable":true,"href":"https:\/\/chrystus.pl\/fi\/wp-json\/wp\/v2\/media\/1593"}],"wp:attachment":[{"href":"https:\/\/chrystus.pl\/fi\/wp-json\/wp\/v2\/media?parent=1592"}],"wp:term":[{"taxonomy":"category","embeddable":true,"href":"https:\/\/chrystus.pl\/fi\/wp-json\/wp\/v2\/categories?post=1592"},{"taxonomy":"post_tag","embeddable":true,"href":"https:\/\/chrystus.pl\/fi\/wp-json\/wp\/v2\/tags?post=1592"}],"curies":[{"name":"wp","href":"https:\/\/api.w.org\/{rel}","templated":true}]}}