{"id":2144,"date":"2021-09-24T23:41:59","date_gmt":"2021-09-24T23:41:59","guid":{"rendered":"https:\/\/chrystus.pl\/?p=2144"},"modified":"2021-09-24T23:42:56","modified_gmt":"2021-09-24T23:42:56","slug":"czy-po-spowiedzi-trzeba-przyjac-komunie-swieta","status":"publish","type":"post","link":"https:\/\/chrystus.pl\/fi\/czy-po-spowiedzi-trzeba-przyjac-komunie-swieta\/","title":{"rendered":"Miksi sunnuntai on viikon ensimm\u00e4inen p\u00e4iv\u00e4?"},"content":{"rendered":"<p>Dlaczego niedziela jest pierwszym dniem tygodnia? Niedziela bez w\u0105tpienia jest szczeg\u00f3lnym dniem dla chrze\u015bcijan. To w\u00f3wczas Jezus Chrystus zmartwychwsta\u0142. W katolicyzmie niedziela jest uznawana za dzie\u0144 \u015bwi\u0119ty, w kt\u00f3ry nakazano nam odpoczywa\u0107 i czci\u0107 Boga. Jednak nie ka\u017cdy od\u0142am chrze\u015bcija\u0144stwa uznaje niedziel\u0119 za pierwszy dzie\u0144 tygodnia. W Judaizmie dniem \u015bwi\u0119tym pozostaje sobota.<\/p>\n\n\n\n<p>&nbsp;Biblijny opis stworzenia \u015bwiata m\u00f3wi nam o tym, \u017ce si\u00f3dmego dnia B\u00f3g odpoczywa\u0142. Z tym \u017ce wed\u0142ug Biblii si\u00f3dmym dniem tygodnia jest szabat, czyli sobota. \u201eW sze\u015bciu dniach bowiem uczyni\u0142 Pan <a href=\"https:\/\/chrystus.pl\/fi\/jak-wyglada-niebo\/\">taivas<\/a>maan ja meren ja kaiken, mit\u00e4 niiss\u00e4 on, ja seitsem\u00e4nten\u00e4 p\u00e4iv\u00e4n\u00e4 h\u00e4n lep\u00e4si. Sent\u00e4hden Herra siunasi sapatinp\u00e4iv\u00e4n ja julisti sen pyh\u00e4ksi\", luemme 2. Mooseksen kirjasta. T\u00e4m\u00e4n ajatuksen mukaan viikon ensimm\u00e4isen p\u00e4iv\u00e4n on oltava sunnuntai, koska se seuraa lauantaita, joka Raamatun mukaan on viikon seitsem\u00e4s p\u00e4iv\u00e4.<\/p>\n\n\n\n<p>Kolejny pow\u00f3d, dla kt\u00f3rego katolicy uznaj\u0105 niedziel\u0119 za pierwszy dzie\u0144 tygodnia, to fakt, i\u017c w\u0142a\u015bnie wtedy Jezus Chrystus zmartwychwsta\u0142. Jezus, powstaj\u0105c z martwych da\u0142 ludziom nadziej\u0119 na \u017cycie wieczne. Pokaza\u0142, \u017ce odt\u0105d \u015bmier\u0107 nie jest ju\u017c ko\u0144cem, lecz pocz\u0105tkiem. \u00d3w pocz\u0105tek to s\u0142owo klucz. W\u0142a\u015bnie na cze\u015b\u0107 zmartwychwstania Chrystusa, mo\u017cemy nazywa\u0107 niedziel\u0119 pierwszym dniem tygodnia, czyli pocz\u0105tkiem.<\/p>","protected":false},"excerpt":{"rendered":"<p>Dlaczego niedziela jest pierwszym dniem tygodnia? Niedziela bez w\u0105tpienia jest szczeg\u00f3lnym dniem dla chrze\u015bcijan. To w\u00f3wczas Jezus Chrystus zmartwychwsta\u0142. W katolicyzmie niedziela jest uznawana za dzie\u0144 \u015bwi\u0119ty, w kt\u00f3ry nakazano nam odpoczywa\u0107 i czci\u0107 Boga. Jednak nie ka\u017cdy od\u0142am chrze\u015bcija\u0144stwa uznaje niedziel\u0119 za pierwszy dzie\u0144 tygodnia. W Judaizmie dniem \u015bwi\u0119tym pozostaje sobota. &nbsp;Biblijny opis stworzenia &hellip;<\/p>","protected":false},"author":1,"featured_media":0,"comment_status":"closed","ping_status":"closed","sticky":false,"template":"","format":"standard","meta":{"footnotes":""},"categories":[33],"tags":[],"class_list":["post-2144","post","type-post","status-publish","format-standard","hentry","category-kosciol"],"yoast_head":"<!-- This site is optimized with the Yoast SEO plugin v27.5 - https:\/\/yoast.com\/product\/yoast-seo-wordpress\/ -->\n<title>Dlaczego niedziela jest pierwszym dniem tygodnia? - Chrystus<\/title>\n<meta name=\"description\" content=\"Dlaczego niedziela jest pierwszym dniem tygodnia? Niedziela bez w\u0105tpienia jest szczeg\u00f3lnym dniem dla chrze\u015bcijan. To w\u00f3wczas Jezus Chrystus\" \/>\n<meta name=\"robots\" content=\"index, follow, max-snippet:-1, max-image-preview:large, max-video-preview:-1\" \/>\n<link rel=\"canonical\" href=\"https:\/\/chrystus.pl\/fi\/tarvitseeko-ripittaytymisen-jalkeen-pyytaa-jouluaterialle-ehtoollinen\/\" \/>\n<meta property=\"og:locale\" content=\"fi_FI\" \/>\n<meta property=\"og:type\" content=\"article\" \/>\n<meta property=\"og:title\" content=\"Dlaczego niedziela jest pierwszym dniem tygodnia? - Chrystus\" \/>\n<meta property=\"og:description\" content=\"Dlaczego niedziela jest pierwszym dniem tygodnia? Niedziela bez w\u0105tpienia jest szczeg\u00f3lnym dniem dla chrze\u015bcijan. To w\u00f3wczas Jezus Chrystus\" \/>\n<meta property=\"og:url\" content=\"https:\/\/chrystus.pl\/fi\/tarvitseeko-ripittaytymisen-jalkeen-pyytaa-jouluaterialle-ehtoollinen\/\" \/>\n<meta property=\"og:site_name\" content=\"Chrystus\" \/>\n<meta property=\"article:published_time\" content=\"2021-09-24T23:41:59+00:00\" \/>\n<meta property=\"article:modified_time\" content=\"2021-09-24T23:42:56+00:00\" \/>\n<meta name=\"author\" content=\"Samarytanka\" \/>\n<meta name=\"twitter:card\" content=\"summary_large_image\" \/>\n<meta name=\"twitter:label1\" content=\"Kirjoittanut\" \/>\n\t<meta name=\"twitter:data1\" content=\"Samarytanka\" \/>\n\t<meta name=\"twitter:label2\" content=\"Arvioitu lukuaika\" \/>\n\t<meta name=\"twitter:data2\" content=\"1 minuutti\" \/>\n<!-- \/ Yoast SEO plugin. -->","yoast_head_json":{"title":"Miksi sunnuntai on viikon ensimm\u00e4inen p\u00e4iv\u00e4? - Kristus","description":"Miksi sunnuntai on viikon ensimm\u00e4inen p\u00e4iv\u00e4? Sunnuntai on ep\u00e4ilem\u00e4tt\u00e4 erityinen p\u00e4iv\u00e4 kristityille. Se on silloin, kun Jeesus Kristus","robots":{"index":"index","follow":"follow","max-snippet":"max-snippet:-1","max-image-preview":"max-image-preview:large","max-video-preview":"max-video-preview:-1"},"canonical":"https:\/\/chrystus.pl\/fi\/tarvitseeko-ripittaytymisen-jalkeen-pyytaa-jouluaterialle-ehtoollinen\/","og_locale":"fi_FI","og_type":"article","og_title":"Dlaczego niedziela jest pierwszym dniem tygodnia? - Chrystus","og_description":"Dlaczego niedziela jest pierwszym dniem tygodnia? Niedziela bez w\u0105tpienia jest szczeg\u00f3lnym dniem dla chrze\u015bcijan. To w\u00f3wczas Jezus Chrystus","og_url":"https:\/\/chrystus.pl\/fi\/tarvitseeko-ripittaytymisen-jalkeen-pyytaa-jouluaterialle-ehtoollinen\/","og_site_name":"Chrystus","article_published_time":"2021-09-24T23:41:59+00:00","article_modified_time":"2021-09-24T23:42:56+00:00","author":"Samarytanka","twitter_card":"summary_large_image","twitter_misc":{"Kirjoittanut":"Samarytanka","Arvioitu lukuaika":"1 minuutti"},"schema":{"@context":"https:\/\/schema.org","@graph":[{"@type":"Article","@id":"https:\/\/chrystus.pl\/czy-po-spowiedzi-trzeba-przyjac-komunie-swieta\/#article","isPartOf":{"@id":"https:\/\/chrystus.pl\/czy-po-spowiedzi-trzeba-przyjac-komunie-swieta\/"},"author":{"name":"Samarytanka","@id":"https:\/\/chrystus.pl\/#\/schema\/person\/e2e742452b8b7b2bcd23ea180671d27a"},"headline":"Dlaczego niedziela jest pierwszym dniem tygodnia?","datePublished":"2021-09-24T23:41:59+00:00","dateModified":"2021-09-24T23:42:56+00:00","mainEntityOfPage":{"@id":"https:\/\/chrystus.pl\/czy-po-spowiedzi-trzeba-przyjac-komunie-swieta\/"},"wordCount":240,"publisher":{"@id":"https:\/\/chrystus.pl\/#organization"},"articleSection":["Ko\u015bci\u00f3\u0142"],"inLanguage":"fi"},{"@type":"WebPage","@id":"https:\/\/chrystus.pl\/czy-po-spowiedzi-trzeba-przyjac-komunie-swieta\/","url":"https:\/\/chrystus.pl\/czy-po-spowiedzi-trzeba-przyjac-komunie-swieta\/","name":"Miksi sunnuntai on viikon ensimm\u00e4inen p\u00e4iv\u00e4? - Kristus","isPartOf":{"@id":"https:\/\/chrystus.pl\/#website"},"datePublished":"2021-09-24T23:41:59+00:00","dateModified":"2021-09-24T23:42:56+00:00","description":"Miksi sunnuntai on viikon ensimm\u00e4inen p\u00e4iv\u00e4? Sunnuntai on ep\u00e4ilem\u00e4tt\u00e4 erityinen p\u00e4iv\u00e4 kristityille. Se on silloin, kun Jeesus Kristus","breadcrumb":{"@id":"https:\/\/chrystus.pl\/czy-po-spowiedzi-trzeba-przyjac-komunie-swieta\/#breadcrumb"},"inLanguage":"fi","potentialAction":[{"@type":"ReadAction","target":["https:\/\/chrystus.pl\/czy-po-spowiedzi-trzeba-przyjac-komunie-swieta\/"]}]},{"@type":"BreadcrumbList","@id":"https:\/\/chrystus.pl\/czy-po-spowiedzi-trzeba-przyjac-komunie-swieta\/#breadcrumb","itemListElement":[{"@type":"ListItem","position":1,"name":"Strona g\u0142\u00f3wna","item":"https:\/\/chrystus.pl\/"},{"@type":"ListItem","position":2,"name":"Dlaczego niedziela jest pierwszym dniem tygodnia?"}]},{"@type":"WebSite","@id":"https:\/\/chrystus.pl\/#website","url":"https:\/\/chrystus.pl\/","name":"Kristus","description":"Jumala, Maria, Jeesus, ehtoollinen ja paljon muuta.","publisher":{"@id":"https:\/\/chrystus.pl\/#organization"},"potentialAction":[{"@type":"SearchAction","target":{"@type":"EntryPoint","urlTemplate":"https:\/\/chrystus.pl\/?s={search_term_string}"},"query-input":{"@type":"PropertyValueSpecification","valueRequired":true,"valueName":"search_term_string"}}],"inLanguage":"fi"},{"@type":"Organization","@id":"https:\/\/chrystus.pl\/#organization","name":"Christ.pl","url":"https:\/\/chrystus.pl\/","logo":{"@type":"ImageObject","inLanguage":"fi","@id":"https:\/\/chrystus.pl\/#\/schema\/logo\/image\/","url":"https:\/\/chrystus.pl\/wp-content\/uploads\/2019\/03\/chrystus-bog-maryja-komunia-bierzmowanie.jpg","contentUrl":"https:\/\/chrystus.pl\/wp-content\/uploads\/2019\/03\/chrystus-bog-maryja-komunia-bierzmowanie.jpg","width":1920,"height":1280,"caption":"Chrystus.pl"},"image":{"@id":"https:\/\/chrystus.pl\/#\/schema\/logo\/image\/"}},{"@type":"Person","@id":"https:\/\/chrystus.pl\/#\/schema\/person\/e2e742452b8b7b2bcd23ea180671d27a","name":"Samarialainen nainen"}]}},"_links":{"self":[{"href":"https:\/\/chrystus.pl\/fi\/wp-json\/wp\/v2\/posts\/2144","targetHints":{"allow":["GET"]}}],"collection":[{"href":"https:\/\/chrystus.pl\/fi\/wp-json\/wp\/v2\/posts"}],"about":[{"href":"https:\/\/chrystus.pl\/fi\/wp-json\/wp\/v2\/types\/post"}],"author":[{"embeddable":true,"href":"https:\/\/chrystus.pl\/fi\/wp-json\/wp\/v2\/users\/1"}],"replies":[{"embeddable":true,"href":"https:\/\/chrystus.pl\/fi\/wp-json\/wp\/v2\/comments?post=2144"}],"version-history":[{"count":0,"href":"https:\/\/chrystus.pl\/fi\/wp-json\/wp\/v2\/posts\/2144\/revisions"}],"wp:attachment":[{"href":"https:\/\/chrystus.pl\/fi\/wp-json\/wp\/v2\/media?parent=2144"}],"wp:term":[{"taxonomy":"category","embeddable":true,"href":"https:\/\/chrystus.pl\/fi\/wp-json\/wp\/v2\/categories?post=2144"},{"taxonomy":"post_tag","embeddable":true,"href":"https:\/\/chrystus.pl\/fi\/wp-json\/wp\/v2\/tags?post=2144"}],"curies":[{"name":"wp","href":"https:\/\/api.w.org\/{rel}","templated":true}]}}