{"id":562,"date":"2019-04-16T00:05:52","date_gmt":"2019-04-16T00:05:52","guid":{"rendered":"https:\/\/chrystus.pl\/?p=562"},"modified":"2020-01-13T07:56:50","modified_gmt":"2020-01-13T07:56:50","slug":"jak-mojzesz-nazwal-biblijna-manne-i-czym-byla-ona-dla-izraelitow","status":"publish","type":"post","link":"https:\/\/chrystus.pl\/fi\/jak-mojzesz-nazwal-biblijna-manne-i-czym-byla-ona-dla-izraelitow\/","title":{"rendered":"Miksi Mooses kutsui Raamatun Mannaa ja mit\u00e4 se oli israelilaisille?"},"content":{"rendered":"<p>Kuten <span id=\"urn:local-text-annotation-39pgwn0c3qtzigr7j1eu39sz22wa3mxo\" class=\"textannotation disambiguated wl-person\" itemid=\"\">Moses<\/span> nazwa\u0142 Mann\u0119? Czym by\u0142a Manna dla Moj\u017cesza oraz dla <span id=\"urn:local-text-annotation-kphru31prntose6u9zc3xl2b9cugwrco\" class=\"textannotation disambiguated wl-thing\" itemid=\"\">Israelilaiset<\/span>? Mist\u00e4 se edes tuli ja mik\u00e4 sen merkitys oli?<\/p>\n<p>Vaelluksen aikana <span id=\"urn:local-text-annotation-kqppbns71qevin8z5eysfck0wxkuzbcg\" class=\"textannotation disambiguated wl-thing\" itemid=\"\">Valitut ihmiset<\/span> Egyptin vankeudesta <span id=\"urn:local-text-annotation-enzmzdhxjzq8r0h8dkonee9zkrm83bup\" class=\"textannotation disambiguated wl-thing\" itemid=\"\">Luvattu maa<\/span> nie raz do\u015bwiadczali oni wielkich trud\u00f3w swojej w\u0119dr\u00f3wki. Niejednokrotnie znajdowali si\u0119 oni w skrajnie trudnych sytuacjach, odczuwaj\u0105c brak jedzenie czy brak wody.<\/p>\n<p>\u00c4lk\u00e4\u00e4mme unohtako, ett\u00e4 koko matka kesti jopa 40 vuotta. Lis\u00e4vaikeutena oli maasto, jonka l\u00e4pi israelilaiset kulkivat. Se oli <span id=\"urn:enhancement-d3017cd3\" class=\"textannotation disambiguated wl-other\" itemid=\"http:\/\/data.wordlift.io\/wl01857\/entity\/pustynia\">aavikko<\/span>. Voimme siis vain yritt\u00e4\u00e4 kuvitella, millaiset ankarat olosuhteet siell\u00e4 vallitsivat.<\/p>\n<p>Koko ajan h\u00e4n kuitenkin valvoi kansaansa, - <span id=\"urn:local-text-annotation-b861854qdyrt42pk2j1hc89jyt4zq2e6\" class=\"textannotation disambiguated wl-thing\" itemid=\"\">Herra<\/span>. H\u00e4n ei sallinut kansansa <a href=\"https:\/\/chrystus.pl\/fi\/czym-jest-cierpienie\/\">k\u00e4rsiv\u00e4t<\/a> riist\u00e4minen ilman n\u00e4kyv\u00e4\u00e4 syyt\u00e4 ja pyynn\u00f6st\u00e4 Mooseksen ja <span id=\"urn:local-text-annotation-tu4dqrqt3fncztpsjllphrm8qyhtadth\" class=\"textannotation disambiguated wl-thing\" itemid=\"\">israelilaiset<\/span> H\u00e4n auttoi heit\u00e4 toistuvasti heid\u00e4n vaelluksillaan.<\/p>\n<p>Yksi kuuluisimmista tapahtumista, joka todistaa kaitselmuksen ja <span id=\"urn:local-text-annotation-fymca2gisq9d1kxc98v7hahgrg562fxi\" class=\"textannotation disambiguated wl-thing\" itemid=\"\">Herra<\/span> oli Punaisen meren jakautuminen, kun h\u00e4n pakeni faraon armeijaa. <span id=\"urn:local-text-annotation-feom99toojdmd9nztyfli644hxlemqmb\" class=\"textannotation disambiguated wl-thing\" itemid=\"\">egyptil\u00e4inen<\/span>.<\/p>\n<p>Kuukausi orjuuden talosta l\u00e4htemisen j\u00e4lkeen ihmiset alkoivat valittaa ruoan niukkuudesta ja vaikeudesta l\u00f6yt\u00e4\u00e4 sit\u00e4. Se oli silloin <span id=\"urn:local-text-annotation-jexgw6suz2jmsl7hbfikclj5k1vbrabj\" class=\"textannotation disambiguated wl-thing\" itemid=\"\">Herra<\/span> H\u00e4n lupasi heille, ett\u00e4 ruokaa putoaisi taivaalta kuin sadetta, ja h\u00e4n piti sanansa. Seuraavana p\u00e4iv\u00e4n\u00e4 israelilaiset n\u00e4kiv\u00e4t maassa jotain valkoista. Se oli ruokaa, kuten h\u00e4n oli ilmoittanut heille, - <span id=\"urn:local-text-annotation-ovscx3gd1thyn5yku208rhb10448n9r4\" class=\"textannotation disambiguated wl-person\" itemid=\"\">Moses<\/span>. Se oli <span id=\"urn:local-text-annotation-n5921a6npuj2lny3uyhxlymmvcjcs6wl\" class=\"textannotation disambiguated wl-thing\" itemid=\"\">manna<\/span> taivaasta, joka maistui hunajahiutaleilta.<\/p>\n<p>He eiv\u00e4t kuitenkaan saaneet ker\u00e4t\u00e4 elintarvikkeita seuraavaa p\u00e4iv\u00e4\u00e4 varten (paitsi ett\u00e4 <span id=\"urn:enhancement-5207149\" class=\"textannotation disambiguated wl-other\" itemid=\"http:\/\/data.wordlift.io\/wl01857\/entity\/soboty\">Lauantaisin<\/span>), koska <span id=\"urn:local-text-annotation-rfcw4yyh5wqkx9c4r1iqssqxl0oi2nbw\" class=\"textannotation disambiguated wl-thing\" itemid=\"\">manna<\/span> putosi taivaalta joka p\u00e4iv\u00e4. Sitten se <span id=\"urn:local-text-annotation-4zzjwgys6cuduqrcuefe1n2h01yivvm8\" class=\"textannotation disambiguated wl-person\" itemid=\"\">Moses<\/span>ilmoittamalla ihmeellisen uutisen kansalleen, h\u00e4n kutsui <span id=\"urn:local-text-annotation-4zlml93yj9s3s1i35cwdbyszw4haqps8\" class=\"textannotation disambiguated wl-thing\" itemid=\"\">manna<\/span> leip\u00e4\u00e4.<\/p>\n<p>&nbsp;<\/p>","protected":false},"excerpt":{"rendered":"<p>Jak Moj\u017cesz nazwa\u0142 Mann\u0119? Czym by\u0142a Manna dla Moj\u017cesza oraz dla Izraelit\u00f3w? Sk\u0105d si\u0119 ona w og\u00f3le wzi\u0119\u0142a i jakie mia\u0142a znaczenie? W trakcie w\u0119dr\u00f3wki Narodu Wybranego z egipskiej niewoli do Ziemi Obiecanej nie raz do\u015bwiadczali oni wielkich trud\u00f3w swojej w\u0119dr\u00f3wki. Niejednokrotnie znajdowali si\u0119 oni w skrajnie trudnych sytuacjach, odczuwaj\u0105c brak jedzenie czy brak wody. &hellip;<\/p>","protected":false},"author":1,"featured_media":563,"comment_status":"open","ping_status":"closed","sticky":false,"template":"","format":"standard","meta":{"footnotes":""},"categories":[49],"tags":[],"class_list":["post-562","post","type-post","status-publish","format-standard","has-post-thumbnail","hentry","category-mojzesz"],"yoast_head":"<!-- This site is optimized with the Yoast SEO plugin v27.5 - https:\/\/yoast.com\/product\/yoast-seo-wordpress\/ -->\n<title>Jak Moj\u017cesz nazwa\u0142 Biblijn\u0105 Mann\u0119 i Czym by\u0142a ona dla Izraelit\u00f3w<\/title>\n<meta name=\"description\" content=\"Jak Moj\u017cesz nazwa\u0142 Mann\u0119? Czym by\u0142a Manna dla Moj\u017cesza oraz dla Izraelit\u00f3w? Sk\u0105d si\u0119 ona w og\u00f3le wzi\u0119\u0142a i jakie mia\u0142a znaczenie? W trakcie w\u0119dr\u00f3wki Narodu\" \/>\n<meta name=\"robots\" content=\"index, follow, max-snippet:-1, max-image-preview:large, max-video-preview:-1\" \/>\n<link rel=\"canonical\" href=\"https:\/\/chrystus.pl\/fi\/miten-mooses-nimettiin-raamatullinen-ihminen-ja-mita-se-oli-israelilaisille\/\" \/>\n<meta property=\"og:locale\" content=\"fi_FI\" \/>\n<meta property=\"og:type\" content=\"article\" \/>\n<meta property=\"og:title\" content=\"Jak Moj\u017cesz nazwa\u0142 Biblijn\u0105 Mann\u0119 i Czym by\u0142a ona dla Izraelit\u00f3w\" \/>\n<meta property=\"og:description\" content=\"Jak Moj\u017cesz nazwa\u0142 Mann\u0119? Czym by\u0142a Manna dla Moj\u017cesza oraz dla Izraelit\u00f3w? Sk\u0105d si\u0119 ona w og\u00f3le wzi\u0119\u0142a i jakie mia\u0142a znaczenie? W trakcie w\u0119dr\u00f3wki Narodu\" \/>\n<meta property=\"og:url\" content=\"https:\/\/chrystus.pl\/fi\/miten-mooses-nimettiin-raamatullinen-ihminen-ja-mita-se-oli-israelilaisille\/\" \/>\n<meta property=\"og:site_name\" content=\"Chrystus\" \/>\n<meta property=\"article:published_time\" content=\"2019-04-16T00:05:52+00:00\" \/>\n<meta property=\"article:modified_time\" content=\"2020-01-13T07:56:50+00:00\" \/>\n<meta property=\"og:image\" content=\"https:\/\/chrystus.pl\/wp-content\/uploads\/2019\/04\/Jak-Mojz\u0307esz-nazwa\u0142-Manne\u0328-i-Czym-by\u0142a-dla-Izraelito\u0301w.jpg\" \/>\n\t<meta property=\"og:image:width\" content=\"1280\" \/>\n\t<meta property=\"og:image:height\" content=\"1280\" \/>\n\t<meta property=\"og:image:type\" content=\"image\/jpeg\" \/>\n<meta name=\"author\" content=\"Samarytanka\" \/>\n<meta name=\"twitter:card\" content=\"summary_large_image\" \/>\n<meta name=\"twitter:label1\" content=\"Kirjoittanut\" \/>\n\t<meta name=\"twitter:data1\" content=\"Samarytanka\" \/>\n\t<meta name=\"twitter:label2\" content=\"Arvioitu lukuaika\" \/>\n\t<meta name=\"twitter:data2\" content=\"1 minuutti\" \/>\n<!-- \/ Yoast SEO plugin. -->","yoast_head_json":{"title":"Miten Mooses nimesi Raamatun Mannan ja mit\u00e4 se oli israelilaisille.","description":"Miksi Mooses kutsui Mannaa? Mit\u00e4 Manna oli Moosekselle ja israelilaisille? Mist\u00e4 se edes tuli ja mik\u00e4 sen merkitys oli? Kansan vaelluksen aikana","robots":{"index":"index","follow":"follow","max-snippet":"max-snippet:-1","max-image-preview":"max-image-preview:large","max-video-preview":"max-video-preview:-1"},"canonical":"https:\/\/chrystus.pl\/fi\/miten-mooses-nimettiin-raamatullinen-ihminen-ja-mita-se-oli-israelilaisille\/","og_locale":"fi_FI","og_type":"article","og_title":"Jak Moj\u017cesz nazwa\u0142 Biblijn\u0105 Mann\u0119 i Czym by\u0142a ona dla Izraelit\u00f3w","og_description":"Jak Moj\u017cesz nazwa\u0142 Mann\u0119? Czym by\u0142a Manna dla Moj\u017cesza oraz dla Izraelit\u00f3w? Sk\u0105d si\u0119 ona w og\u00f3le wzi\u0119\u0142a i jakie mia\u0142a znaczenie? W trakcie w\u0119dr\u00f3wki Narodu","og_url":"https:\/\/chrystus.pl\/fi\/miten-mooses-nimettiin-raamatullinen-ihminen-ja-mita-se-oli-israelilaisille\/","og_site_name":"Chrystus","article_published_time":"2019-04-16T00:05:52+00:00","article_modified_time":"2020-01-13T07:56:50+00:00","og_image":[{"width":1280,"height":1280,"url":"https:\/\/chrystus.pl\/wp-content\/uploads\/2019\/04\/Jak-Mojz\u0307esz-nazwa\u0142-Manne\u0328-i-Czym-by\u0142a-dla-Izraelito\u0301w.jpg","type":"image\/jpeg"}],"author":"Samarytanka","twitter_card":"summary_large_image","twitter_misc":{"Kirjoittanut":"Samarytanka","Arvioitu lukuaika":"1 minuutti"},"schema":{"@context":"https:\/\/schema.org","@graph":[{"@type":"Article","@id":"https:\/\/chrystus.pl\/jak-mojzesz-nazwal-biblijna-manne-i-czym-byla-ona-dla-izraelitow\/#article","isPartOf":{"@id":"https:\/\/chrystus.pl\/jak-mojzesz-nazwal-biblijna-manne-i-czym-byla-ona-dla-izraelitow\/"},"author":{"name":"Samarytanka","@id":"https:\/\/chrystus.pl\/#\/schema\/person\/e2e742452b8b7b2bcd23ea180671d27a"},"headline":"Jak Moj\u017cesz nazwa\u0142 Biblijn\u0105 Mann\u0119 i Czym by\u0142a ona dla Izraelit\u00f3w?","datePublished":"2019-04-16T00:05:52+00:00","dateModified":"2020-01-13T07:56:50+00:00","mainEntityOfPage":{"@id":"https:\/\/chrystus.pl\/jak-mojzesz-nazwal-biblijna-manne-i-czym-byla-ona-dla-izraelitow\/"},"wordCount":302,"commentCount":0,"publisher":{"@id":"https:\/\/chrystus.pl\/#organization"},"image":{"@id":"https:\/\/chrystus.pl\/jak-mojzesz-nazwal-biblijna-manne-i-czym-byla-ona-dla-izraelitow\/#primaryimage"},"thumbnailUrl":"https:\/\/chrystus.pl\/wp-content\/uploads\/2019\/04\/Jak-Mojz\u0307esz-nazwa\u0142-Manne\u0328-i-Czym-by\u0142a-dla-Izraelito\u0301w.jpg","articleSection":["Moj\u017cesz"],"inLanguage":"fi","potentialAction":[{"@type":"CommentAction","name":"Comment","target":["https:\/\/chrystus.pl\/jak-mojzesz-nazwal-biblijna-manne-i-czym-byla-ona-dla-izraelitow\/#respond"]}]},{"@type":"WebPage","@id":"https:\/\/chrystus.pl\/jak-mojzesz-nazwal-biblijna-manne-i-czym-byla-ona-dla-izraelitow\/","url":"https:\/\/chrystus.pl\/jak-mojzesz-nazwal-biblijna-manne-i-czym-byla-ona-dla-izraelitow\/","name":"Miten Mooses nimesi Raamatun Mannan ja mit\u00e4 se oli israelilaisille.","isPartOf":{"@id":"https:\/\/chrystus.pl\/#website"},"primaryImageOfPage":{"@id":"https:\/\/chrystus.pl\/jak-mojzesz-nazwal-biblijna-manne-i-czym-byla-ona-dla-izraelitow\/#primaryimage"},"image":{"@id":"https:\/\/chrystus.pl\/jak-mojzesz-nazwal-biblijna-manne-i-czym-byla-ona-dla-izraelitow\/#primaryimage"},"thumbnailUrl":"https:\/\/chrystus.pl\/wp-content\/uploads\/2019\/04\/Jak-Mojz\u0307esz-nazwa\u0142-Manne\u0328-i-Czym-by\u0142a-dla-Izraelito\u0301w.jpg","datePublished":"2019-04-16T00:05:52+00:00","dateModified":"2020-01-13T07:56:50+00:00","description":"Miksi Mooses kutsui Mannaa? Mit\u00e4 Manna oli Moosekselle ja israelilaisille? Mist\u00e4 se edes tuli ja mik\u00e4 sen merkitys oli? Kansan vaelluksen aikana","breadcrumb":{"@id":"https:\/\/chrystus.pl\/jak-mojzesz-nazwal-biblijna-manne-i-czym-byla-ona-dla-izraelitow\/#breadcrumb"},"inLanguage":"fi","potentialAction":[{"@type":"ReadAction","target":["https:\/\/chrystus.pl\/jak-mojzesz-nazwal-biblijna-manne-i-czym-byla-ona-dla-izraelitow\/"]}]},{"@type":"ImageObject","inLanguage":"fi","@id":"https:\/\/chrystus.pl\/jak-mojzesz-nazwal-biblijna-manne-i-czym-byla-ona-dla-izraelitow\/#primaryimage","url":"https:\/\/chrystus.pl\/wp-content\/uploads\/2019\/04\/Jak-Mojz\u0307esz-nazwa\u0142-Manne\u0328-i-Czym-by\u0142a-dla-Izraelito\u0301w.jpg","contentUrl":"https:\/\/chrystus.pl\/wp-content\/uploads\/2019\/04\/Jak-Mojz\u0307esz-nazwa\u0142-Manne\u0328-i-Czym-by\u0142a-dla-Izraelito\u0301w.jpg","width":1280,"height":1280,"caption":"Jak Mojz\u0307esz nazwa\u0142 Manne\u0328 i Czym by\u0142a dla Izraelito\u0301w"},{"@type":"BreadcrumbList","@id":"https:\/\/chrystus.pl\/jak-mojzesz-nazwal-biblijna-manne-i-czym-byla-ona-dla-izraelitow\/#breadcrumb","itemListElement":[{"@type":"ListItem","position":1,"name":"Strona g\u0142\u00f3wna","item":"https:\/\/chrystus.pl\/"},{"@type":"ListItem","position":2,"name":"Jak Moj\u017cesz nazwa\u0142 Biblijn\u0105 Mann\u0119 i Czym by\u0142a ona dla Izraelit\u00f3w?"}]},{"@type":"WebSite","@id":"https:\/\/chrystus.pl\/#website","url":"https:\/\/chrystus.pl\/","name":"Kristus","description":"Jumala, Maria, Jeesus, ehtoollinen ja paljon muuta.","publisher":{"@id":"https:\/\/chrystus.pl\/#organization"},"potentialAction":[{"@type":"SearchAction","target":{"@type":"EntryPoint","urlTemplate":"https:\/\/chrystus.pl\/?s={search_term_string}"},"query-input":{"@type":"PropertyValueSpecification","valueRequired":true,"valueName":"search_term_string"}}],"inLanguage":"fi"},{"@type":"Organization","@id":"https:\/\/chrystus.pl\/#organization","name":"Christ.pl","url":"https:\/\/chrystus.pl\/","logo":{"@type":"ImageObject","inLanguage":"fi","@id":"https:\/\/chrystus.pl\/#\/schema\/logo\/image\/","url":"https:\/\/chrystus.pl\/wp-content\/uploads\/2019\/03\/chrystus-bog-maryja-komunia-bierzmowanie.jpg","contentUrl":"https:\/\/chrystus.pl\/wp-content\/uploads\/2019\/03\/chrystus-bog-maryja-komunia-bierzmowanie.jpg","width":1920,"height":1280,"caption":"Chrystus.pl"},"image":{"@id":"https:\/\/chrystus.pl\/#\/schema\/logo\/image\/"}},{"@type":"Person","@id":"https:\/\/chrystus.pl\/#\/schema\/person\/e2e742452b8b7b2bcd23ea180671d27a","name":"Samarialainen nainen"}]}},"_links":{"self":[{"href":"https:\/\/chrystus.pl\/fi\/wp-json\/wp\/v2\/posts\/562","targetHints":{"allow":["GET"]}}],"collection":[{"href":"https:\/\/chrystus.pl\/fi\/wp-json\/wp\/v2\/posts"}],"about":[{"href":"https:\/\/chrystus.pl\/fi\/wp-json\/wp\/v2\/types\/post"}],"author":[{"embeddable":true,"href":"https:\/\/chrystus.pl\/fi\/wp-json\/wp\/v2\/users\/1"}],"replies":[{"embeddable":true,"href":"https:\/\/chrystus.pl\/fi\/wp-json\/wp\/v2\/comments?post=562"}],"version-history":[{"count":0,"href":"https:\/\/chrystus.pl\/fi\/wp-json\/wp\/v2\/posts\/562\/revisions"}],"wp:featuredmedia":[{"embeddable":true,"href":"https:\/\/chrystus.pl\/fi\/wp-json\/wp\/v2\/media\/563"}],"wp:attachment":[{"href":"https:\/\/chrystus.pl\/fi\/wp-json\/wp\/v2\/media?parent=562"}],"wp:term":[{"taxonomy":"category","embeddable":true,"href":"https:\/\/chrystus.pl\/fi\/wp-json\/wp\/v2\/categories?post=562"},{"taxonomy":"post_tag","embeddable":true,"href":"https:\/\/chrystus.pl\/fi\/wp-json\/wp\/v2\/tags?post=562"}],"curies":[{"name":"wp","href":"https:\/\/api.w.org\/{rel}","templated":true}]}}