{"id":1409,"date":"2020-03-30T18:08:36","date_gmt":"2020-03-30T18:08:36","guid":{"rendered":"https:\/\/chrystus.pl\/?p=1409"},"modified":"2020-03-30T18:08:36","modified_gmt":"2020-03-30T18:08:36","slug":"czy-mozna-odmawiac-rozaniec-na-lezaco","status":"publish","type":"post","link":"https:\/\/chrystus.pl\/fr\/czy-mozna-odmawiac-rozaniec-na-lezaco\/","title":{"rendered":"Est-il possible de prier le chapelet en \u00e9tant allong\u00e9 ?"},"content":{"rendered":"<p><span>Pouvez-vous refuser <a href=\"https:\/\/chrystus.pl\/fr\/jak-dobrze-odmawiac-rozaniec-swiety-krok-po-kroku\/\">chapelet<\/a> en position couch\u00e9e ? Comment prier le rosaire correctement ? Existe-t-il une seule fa\u00e7on correcte de prier le rosaire ? Ces questions ne sont pas tr\u00e8s compliqu\u00e9es, mais elles peuvent susciter une certaine incertitude. Il n'y a pas vraiment de r\u00e8gle disant dans quelle position le rosaire doit \u00eatre pri\u00e9. Rappelons-nous que le rosaire est une pri\u00e8re, mais surtout une conversation. <\/span><\/p>\n<p><span>C'est donc la m\u00eame chose que de demander : \"Est-il possible de parler \u00e0 un coll\u00e8gue en \u00e9tant allong\u00e9 ? \"Est-il possible de parler \u00e0 un coll\u00e8gue en \u00e9tant allong\u00e9 ?\". Bien s\u00fbr, tout est bas\u00e9 sur le bon sens et l'approche. Dans la plupart des cas, bien s\u00fbr, nous prierons la plupart des pri\u00e8res en position agenouill\u00e9e. Toutefois, il n'est pas dit qu'il n'est pas possible de prier le rosaire en position couch\u00e9e. Apr\u00e8s tout, il est possible de parler au Seigneur Dieu \u00e0 tout moment et en toutes circonstances. <\/span><\/p>\n<p><span>Dieu est avec nous toujours et partout. Et, bien s\u00fbr, il est m\u00eame conseill\u00e9 de lui parler \u00e0 chaque instant de notre vie. Si nous n'en profitons pas et si nous ne le faisons pas par paresse, par ignorance ou pour d'autres raisons, il est tout \u00e0 fait possible de r\u00e9citer le chapelet en position allong\u00e9e. Il est possible de r\u00e9citer le Rosaire dans toutes sortes de positions, mais l\u00e0 encore, le bon sens entre en jeu et, surtout, le respect que nous devons porter au Seigneur lorsque nous nous adressons \u00e0 lui. Pensons \u00e0 nous abstenir de toute plaisanterie, au moins pendant la pri\u00e8re.<\/span><\/p>","protected":false},"excerpt":{"rendered":"<p>Est-il possible de prier le rosaire en position allong\u00e9e ? Comment prier le rosaire correctement ? Existe-t-il une seule fa\u00e7on correcte de prier le rosaire ? Ces questions ne sont pas tr\u00e8s compliqu\u00e9es, mais elles peuvent \u00eatre source d'incertitude. Il n'existe pas vraiment de r\u00e8gle indiquant dans quelle position le rosaire doit \u00eatre pri\u00e9. Rappelons que le rosaire est une pri\u00e8re, mais surtout une conversation. Il est donc ...<\/p>","protected":false},"author":1,"featured_media":1410,"comment_status":"open","ping_status":"closed","sticky":false,"template":"","format":"standard","meta":{"footnotes":""},"categories":[59],"tags":[],"class_list":["post-1409","post","type-post","status-publish","format-standard","has-post-thumbnail","hentry","category-rozaniec"],"yoast_head":"<!-- This site is optimized with the Yoast SEO plugin v27.5 - https:\/\/yoast.com\/product\/yoast-seo-wordpress\/ -->\n<title>Czy mo\u017cna odmawia\u0107 r\u00f3\u017caniec na le\u017c\u0105co? - Chrystus<\/title>\n<meta name=\"description\" content=\"Czy mo\u017cna odmawia\u0107 r\u00f3\u017caniec na le\u017c\u0105co? Jak poprawnie odmawia\u0107 r\u00f3\u017caniec? Czy jest jedna, poprawna forma odmawiania r\u00f3\u017ca\u0144ca? Pytania te nie s\u0105 zbyt\" \/>\n<meta name=\"robots\" content=\"index, follow, max-snippet:-1, max-image-preview:large, max-video-preview:-1\" \/>\n<link rel=\"canonical\" href=\"https:\/\/chrystus.pl\/fr\/la-priere-peut-elle-etre-priee-sur-le-conge\/\" \/>\n<meta property=\"og:locale\" content=\"fr_FR\" \/>\n<meta property=\"og:type\" content=\"article\" \/>\n<meta property=\"og:title\" content=\"Czy mo\u017cna odmawia\u0107 r\u00f3\u017caniec na le\u017c\u0105co?\" \/>\n<meta property=\"og:description\" content=\"Czy mo\u017cna odmawia\u0107 r\u00f3\u017caniec na le\u017c\u0105co? Jak poprawnie odmawia\u0107 r\u00f3\u017caniec? Czy jest jedna, poprawna forma odmawiania r\u00f3\u017ca\u0144ca? Pytania te nie s\u0105 zbyt skomplikowane jednak mog\u0105 wywo\u0142a\u0107 w nas pewnego rodzaju niepewno\u015b\u0107.\" \/>\n<meta property=\"og:url\" content=\"https:\/\/chrystus.pl\/fr\/la-priere-peut-elle-etre-priee-sur-le-conge\/\" \/>\n<meta property=\"og:site_name\" content=\"Chrystus\" \/>\n<meta property=\"article:published_time\" content=\"2020-03-30T18:08:36+00:00\" \/>\n<meta property=\"og:image\" content=\"https:\/\/chrystus.pl\/wp-content\/uploads\/2020\/03\/czy-mozna-odmawiac-rozaniec-na-lezaco.jpg\" \/>\n\t<meta property=\"og:image:width\" content=\"640\" \/>\n\t<meta property=\"og:image:height\" content=\"423\" \/>\n\t<meta property=\"og:image:type\" content=\"image\/jpeg\" \/>\n<meta name=\"author\" content=\"Samarytanka\" \/>\n<meta name=\"twitter:card\" content=\"summary_large_image\" \/>\n<meta name=\"twitter:title\" content=\"Czy mo\u017cna odmawia\u0107 r\u00f3\u017caniec na le\u017c\u0105co?\" \/>\n<meta name=\"twitter:description\" content=\"Czy mo\u017cna odmawia\u0107 r\u00f3\u017caniec na le\u017c\u0105co? Jak poprawnie odmawia\u0107 r\u00f3\u017caniec? Czy jest jedna, poprawna forma odmawiania r\u00f3\u017ca\u0144ca? Pytania te nie s\u0105 zbyt skomplikowane jednak mog\u0105 wywo\u0142a\u0107 w nas pewnego rodzaju niepewno\u015b\u0107.\" \/>\n<meta name=\"twitter:label1\" content=\"\u00c9crit par\" \/>\n\t<meta name=\"twitter:data1\" content=\"Samarytanka\" \/>\n\t<meta name=\"twitter:label2\" content=\"Dur\u00e9e de lecture estim\u00e9e\" \/>\n\t<meta name=\"twitter:data2\" content=\"1 minute\" \/>\n<!-- \/ Yoast SEO plugin. -->","yoast_head_json":{"title":"Est-il possible de prier le chapelet en \u00e9tant allong\u00e9 ? - Le Christ","description":"Est-il possible de prier le chapelet en position couch\u00e9e ? Comment prier le chapelet correctement ? Existe-t-il une seule fa\u00e7on correcte de prier le rosaire ? Ces questions ne sont pas tr\u00e8s","robots":{"index":"index","follow":"follow","max-snippet":"max-snippet:-1","max-image-preview":"max-image-preview:large","max-video-preview":"max-video-preview:-1"},"canonical":"https:\/\/chrystus.pl\/fr\/la-priere-peut-elle-etre-priee-sur-le-conge\/","og_locale":"fr_FR","og_type":"article","og_title":"Czy mo\u017cna odmawia\u0107 r\u00f3\u017caniec na le\u017c\u0105co?","og_description":"Czy mo\u017cna odmawia\u0107 r\u00f3\u017caniec na le\u017c\u0105co? Jak poprawnie odmawia\u0107 r\u00f3\u017caniec? Czy jest jedna, poprawna forma odmawiania r\u00f3\u017ca\u0144ca? Pytania te nie s\u0105 zbyt skomplikowane jednak mog\u0105 wywo\u0142a\u0107 w nas pewnego rodzaju niepewno\u015b\u0107.","og_url":"https:\/\/chrystus.pl\/fr\/la-priere-peut-elle-etre-priee-sur-le-conge\/","og_site_name":"Chrystus","article_published_time":"2020-03-30T18:08:36+00:00","og_image":[{"width":640,"height":423,"url":"https:\/\/chrystus.pl\/wp-content\/uploads\/2020\/03\/czy-mozna-odmawiac-rozaniec-na-lezaco.jpg","type":"image\/jpeg"}],"author":"Samarytanka","twitter_card":"summary_large_image","twitter_title":"Czy mo\u017cna odmawia\u0107 r\u00f3\u017caniec na le\u017c\u0105co?","twitter_description":"Czy mo\u017cna odmawia\u0107 r\u00f3\u017caniec na le\u017c\u0105co? Jak poprawnie odmawia\u0107 r\u00f3\u017caniec? Czy jest jedna, poprawna forma odmawiania r\u00f3\u017ca\u0144ca? Pytania te nie s\u0105 zbyt skomplikowane jednak mog\u0105 wywo\u0142a\u0107 w nas pewnego rodzaju niepewno\u015b\u0107.","twitter_misc":{"\u00c9crit par":"Samarytanka","Dur\u00e9e de lecture estim\u00e9e":"1 minute"},"schema":{"@context":"https:\/\/schema.org","@graph":[{"@type":"Article","@id":"https:\/\/chrystus.pl\/czy-mozna-odmawiac-rozaniec-na-lezaco\/#article","isPartOf":{"@id":"https:\/\/chrystus.pl\/czy-mozna-odmawiac-rozaniec-na-lezaco\/"},"author":{"name":"Samarytanka","@id":"https:\/\/chrystus.pl\/#\/schema\/person\/e2e742452b8b7b2bcd23ea180671d27a"},"headline":"Czy mo\u017cna odmawia\u0107 r\u00f3\u017caniec na le\u017c\u0105co?","datePublished":"2020-03-30T18:08:36+00:00","mainEntityOfPage":{"@id":"https:\/\/chrystus.pl\/czy-mozna-odmawiac-rozaniec-na-lezaco\/"},"wordCount":255,"commentCount":0,"publisher":{"@id":"https:\/\/chrystus.pl\/#organization"},"image":{"@id":"https:\/\/chrystus.pl\/czy-mozna-odmawiac-rozaniec-na-lezaco\/#primaryimage"},"thumbnailUrl":"https:\/\/chrystus.pl\/wp-content\/uploads\/2020\/03\/czy-mozna-odmawiac-rozaniec-na-lezaco.jpg","articleSection":["R\u00f3\u017caniec"],"inLanguage":"fr-FR","potentialAction":[{"@type":"CommentAction","name":"Comment","target":["https:\/\/chrystus.pl\/czy-mozna-odmawiac-rozaniec-na-lezaco\/#respond"]}]},{"@type":"WebPage","@id":"https:\/\/chrystus.pl\/czy-mozna-odmawiac-rozaniec-na-lezaco\/","url":"https:\/\/chrystus.pl\/czy-mozna-odmawiac-rozaniec-na-lezaco\/","name":"Est-il possible de prier le chapelet en \u00e9tant allong\u00e9 ? - Le Christ","isPartOf":{"@id":"https:\/\/chrystus.pl\/#website"},"primaryImageOfPage":{"@id":"https:\/\/chrystus.pl\/czy-mozna-odmawiac-rozaniec-na-lezaco\/#primaryimage"},"image":{"@id":"https:\/\/chrystus.pl\/czy-mozna-odmawiac-rozaniec-na-lezaco\/#primaryimage"},"thumbnailUrl":"https:\/\/chrystus.pl\/wp-content\/uploads\/2020\/03\/czy-mozna-odmawiac-rozaniec-na-lezaco.jpg","datePublished":"2020-03-30T18:08:36+00:00","description":"Est-il possible de prier le chapelet en position couch\u00e9e ? Comment prier le chapelet correctement ? Existe-t-il une seule fa\u00e7on correcte de prier le rosaire ? Ces questions ne sont pas tr\u00e8s","breadcrumb":{"@id":"https:\/\/chrystus.pl\/czy-mozna-odmawiac-rozaniec-na-lezaco\/#breadcrumb"},"inLanguage":"fr-FR","potentialAction":[{"@type":"ReadAction","target":["https:\/\/chrystus.pl\/czy-mozna-odmawiac-rozaniec-na-lezaco\/"]}]},{"@type":"ImageObject","inLanguage":"fr-FR","@id":"https:\/\/chrystus.pl\/czy-mozna-odmawiac-rozaniec-na-lezaco\/#primaryimage","url":"https:\/\/chrystus.pl\/wp-content\/uploads\/2020\/03\/czy-mozna-odmawiac-rozaniec-na-lezaco.jpg","contentUrl":"https:\/\/chrystus.pl\/wp-content\/uploads\/2020\/03\/czy-mozna-odmawiac-rozaniec-na-lezaco.jpg","width":"640","height":"423","caption":"czy-mozna-odmawiac-rozaniec-na-lezaco"},{"@type":"BreadcrumbList","@id":"https:\/\/chrystus.pl\/czy-mozna-odmawiac-rozaniec-na-lezaco\/#breadcrumb","itemListElement":[{"@type":"ListItem","position":1,"name":"Strona g\u0142\u00f3wna","item":"https:\/\/chrystus.pl\/"},{"@type":"ListItem","position":2,"name":"Czy mo\u017cna odmawia\u0107 r\u00f3\u017caniec na le\u017c\u0105co?"}]},{"@type":"WebSite","@id":"https:\/\/chrystus.pl\/#website","url":"https:\/\/chrystus.pl\/","name":"Christ","description":"Dieu, Marie, J\u00e9sus, la communion et plus encore","publisher":{"@id":"https:\/\/chrystus.pl\/#organization"},"potentialAction":[{"@type":"SearchAction","target":{"@type":"EntryPoint","urlTemplate":"https:\/\/chrystus.pl\/?s={search_term_string}"},"query-input":{"@type":"PropertyValueSpecification","valueRequired":true,"valueName":"search_term_string"}}],"inLanguage":"fr-FR"},{"@type":"Organization","@id":"https:\/\/chrystus.pl\/#organization","name":"Christ.pl","url":"https:\/\/chrystus.pl\/","logo":{"@type":"ImageObject","inLanguage":"fr-FR","@id":"https:\/\/chrystus.pl\/#\/schema\/logo\/image\/","url":"https:\/\/chrystus.pl\/wp-content\/uploads\/2019\/03\/chrystus-bog-maryja-komunia-bierzmowanie.jpg","contentUrl":"https:\/\/chrystus.pl\/wp-content\/uploads\/2019\/03\/chrystus-bog-maryja-komunia-bierzmowanie.jpg","width":1920,"height":1280,"caption":"Chrystus.pl"},"image":{"@id":"https:\/\/chrystus.pl\/#\/schema\/logo\/image\/"}},{"@type":"Person","@id":"https:\/\/chrystus.pl\/#\/schema\/person\/e2e742452b8b7b2bcd23ea180671d27a","name":"La Samaritaine"}]}},"_links":{"self":[{"href":"https:\/\/chrystus.pl\/fr\/wp-json\/wp\/v2\/posts\/1409","targetHints":{"allow":["GET"]}}],"collection":[{"href":"https:\/\/chrystus.pl\/fr\/wp-json\/wp\/v2\/posts"}],"about":[{"href":"https:\/\/chrystus.pl\/fr\/wp-json\/wp\/v2\/types\/post"}],"author":[{"embeddable":true,"href":"https:\/\/chrystus.pl\/fr\/wp-json\/wp\/v2\/users\/1"}],"replies":[{"embeddable":true,"href":"https:\/\/chrystus.pl\/fr\/wp-json\/wp\/v2\/comments?post=1409"}],"version-history":[{"count":0,"href":"https:\/\/chrystus.pl\/fr\/wp-json\/wp\/v2\/posts\/1409\/revisions"}],"wp:featuredmedia":[{"embeddable":true,"href":"https:\/\/chrystus.pl\/fr\/wp-json\/wp\/v2\/media\/1410"}],"wp:attachment":[{"href":"https:\/\/chrystus.pl\/fr\/wp-json\/wp\/v2\/media?parent=1409"}],"wp:term":[{"taxonomy":"category","embeddable":true,"href":"https:\/\/chrystus.pl\/fr\/wp-json\/wp\/v2\/categories?post=1409"},{"taxonomy":"post_tag","embeddable":true,"href":"https:\/\/chrystus.pl\/fr\/wp-json\/wp\/v2\/tags?post=1409"}],"curies":[{"name":"wp","href":"https:\/\/api.w.org\/{rel}","templated":true}]}}