{"id":1498,"date":"2020-04-26T23:04:36","date_gmt":"2020-04-26T23:04:36","guid":{"rendered":"https:\/\/chrystus.pl\/?p=1498"},"modified":"2020-04-26T23:04:36","modified_gmt":"2020-04-26T23:04:36","slug":"co-chrystus-powiedzial-do-swietej-brygidy","status":"publish","type":"post","link":"https:\/\/chrystus.pl\/fr\/co-chrystus-powiedzial-do-swietej-brygidy\/","title":{"rendered":"Qu'a dit le Christ \u00e0 Sainte Brigide ?"},"content":{"rendered":"<p>Qu'a dit le Christ \u00e0 Sainte Brigide ?<\/p>\n<p>Na pocz\u0105tek wyja\u015bnijmy sobie kim by\u0142a \u015bwi\u0119ta Brygida. \u015aw. Brygida Szwedzka \u017cy\u0142a w latach 1303-1373. By\u0142a ona wykszta\u0142con\u0105, dobrze urodzon\u0105 arystokratk\u0105 z rodziny prawnik\u00f3w. Pocz\u0105tkowo wiod\u0105ca normalne \u017cycie u boku m\u0119\u017ca, matka o\u015bmiorga dzieci, w tym \u015bw. Katarzyny Szwedzkiej. Brygida po \u015bmierci m\u0119\u017ca w 1344 roku odkry\u0142a w sobie ogromn\u0105 potrzeb\u0119 zbli\u017cenia z Bogiem. Postanawia zosta\u0107 mniszk\u0105, p\u0105tniczk\u0105, misjonark\u0105.<\/p>\n<p>Aujourd'hui encore, elle est connue comme une excellente th\u00e9ologienne, ayant re\u00e7u de nombreuses visions concernant le salut des chr\u00e9tiens. Elle est devenue c\u00e9l\u00e8bre pour ses discours courageux aux pr\u00eatres et aux papes, n'\u00e9pargnant aucune r\u00e9primande s\u00e9v\u00e8re \u00e0 l'\u00e9gard de l'ensemble du clerg\u00e9. Sainte Brigitte est \u00e9galement connue aujourd'hui comme la fondatrice de l'ordre des Brigidines. Ses actions ont impressionn\u00e9 l'ensemble du monde chr\u00e9tien, si bien que le processus de sa canonisation a commenc\u00e9 d\u00e8s 1377. <span>et a abouti \u00e0 sa d\u00e9claration de saintet\u00e9 en 1391 par le pape Boniface IX. La saintet\u00e9 de Brigid a \u00e9galement \u00e9t\u00e9 confirm\u00e9e en 1415 lors du Concile de Constance. <\/span><\/p>\n<p><span>Plus r\u00e9cemment, cependant, Brigid a \u00e9t\u00e9 d\u00e9clar\u00e9e, avec Catherine de Sienne et Edith Stein, patronne de l'Europe en 1999, ce qui ne fait que confirmer ses r\u00e9alisations. Un excellent livre a \u00e9t\u00e9 \u00e9crit sur la vie et l'\u0153uvre de sainte Brigitte, d\u00e9crivant les r\u00e9v\u00e9lations qu'elle a v\u00e9cues. Il s'agit d'un ouvrage collectif intitul\u00e9 Ce que le Christ a dit \u00e0 sainte Brigitte. R\u00e9v\u00e9lations. <\/span><\/p>","protected":false},"excerpt":{"rendered":"<p>Co Chrystus powiedzia\u0142 do \u015bwi\u0119tej Brygidy? Na pocz\u0105tek wyja\u015bnijmy sobie kim by\u0142a \u015bwi\u0119ta Brygida. \u015aw. Brygida Szwedzka \u017cy\u0142a w latach 1303-1373. By\u0142a ona wykszta\u0142con\u0105, dobrze urodzon\u0105 arystokratk\u0105 z rodziny prawnik\u00f3w. Pocz\u0105tkowo wiod\u0105ca normalne \u017cycie u boku m\u0119\u017ca, matka o\u015bmiorga dzieci, w tym \u015bw. Katarzyny Szwedzkiej. Brygida po \u015bmierci m\u0119\u017ca w 1344 roku odkry\u0142a w sobie &hellip;<\/p>","protected":false},"author":1,"featured_media":1499,"comment_status":"closed","ping_status":"closed","sticky":false,"template":"","format":"standard","meta":{"footnotes":""},"categories":[61],"tags":[],"class_list":["post-1498","post","type-post","status-publish","format-standard","has-post-thumbnail","hentry","category-chrystus"],"yoast_head":"<!-- This site is optimized with the Yoast SEO plugin v27.4 - https:\/\/yoast.com\/product\/yoast-seo-wordpress\/ -->\n<title>Co Chrystus powiedzia\u0142 do \u015bwi\u0119tej Brygidy? - Chrystus<\/title>\n<meta name=\"description\" content=\"Co Chrystus powiedzia\u0142 do \u015bwi\u0119tej Brygidy? Na pocz\u0105tek wyja\u015bnijmy sobie kim by\u0142a \u015bwi\u0119ta Brygida. \u015aw. Brygida Szwedzka \u017cy\u0142a w latach 1303-1373. By\u0142a ona\" \/>\n<meta name=\"robots\" content=\"index, follow, max-snippet:-1, max-image-preview:large, max-video-preview:-1\" \/>\n<link rel=\"canonical\" href=\"https:\/\/chrystus.pl\/fr\/ce-que-le-christ-a-dit-au-saint-brigide\/\" \/>\n<meta property=\"og:locale\" content=\"fr_FR\" \/>\n<meta property=\"og:type\" content=\"article\" \/>\n<meta property=\"og:title\" content=\"Co Chrystus powiedzia\u0142 do \u015bwi\u0119tej Brygidy?\" \/>\n<meta property=\"og:description\" content=\"Na podstawie \u017cycia i dokona\u0144 \u015bwi\u0119tej Brygidy powsta\u0142a znakomita ksi\u0105\u017cka opisuj\u0105ca objawienia jakich dozna\u0142a. Jest to praca zbiorowa pod tytu\u0142em: Co Chrystus powiedzia\u0142 do \u015bwi\u0119tej Brygidy. Objawienia.\" \/>\n<meta property=\"og:url\" content=\"https:\/\/chrystus.pl\/fr\/ce-que-le-christ-a-dit-au-saint-brigide\/\" \/>\n<meta property=\"og:site_name\" content=\"Chrystus\" \/>\n<meta property=\"article:published_time\" content=\"2020-04-26T23:04:36+00:00\" \/>\n<meta property=\"og:image\" content=\"https:\/\/chrystus.pl\/wp-content\/uploads\/2020\/04\/Co-Chrystus-powiedzia\u0142-do-s\u0301wie\u0328tej-Brygidy.jpg\" \/>\n\t<meta property=\"og:image:width\" content=\"1920\" \/>\n\t<meta property=\"og:image:height\" content=\"1634\" \/>\n\t<meta property=\"og:image:type\" content=\"image\/jpeg\" \/>\n<meta name=\"author\" content=\"Samarytanka\" \/>\n<meta name=\"twitter:card\" content=\"summary_large_image\" \/>\n<meta name=\"twitter:title\" content=\"Co Chrystus powiedzia\u0142 do \u015bwi\u0119tej Brygidy?\" \/>\n<meta name=\"twitter:description\" content=\"Na podstawie \u017cycia i dokona\u0144 \u015bwi\u0119tej Brygidy powsta\u0142a znakomita ksi\u0105\u017cka opisuj\u0105ca objawienia jakich dozna\u0142a. Jest to praca zbiorowa pod tytu\u0142em: Co Chrystus powiedzia\u0142 do \u015bwi\u0119tej Brygidy. Objawienia.\" \/>\n<meta name=\"twitter:image\" content=\"https:\/\/chrystus.pl\/wp-content\/uploads\/2020\/04\/Co-Chrystus-powiedzia\u0142-do-s\u0301wie\u0328tej-Brygidy.jpg\" \/>\n<meta name=\"twitter:label1\" content=\"\u00c9crit par\" \/>\n\t<meta name=\"twitter:data1\" content=\"Samarytanka\" \/>\n\t<meta name=\"twitter:label2\" content=\"Dur\u00e9e de lecture estim\u00e9e\" \/>\n\t<meta name=\"twitter:data2\" content=\"1 minute\" \/>\n<!-- \/ Yoast SEO plugin. -->","yoast_head_json":{"title":"Qu'a dit le Christ \u00e0 sainte Brigitte ? - Le Christ","description":"Qu'a dit le Christ \u00e0 sainte Brigitte ? Pour commencer, expliquons qui \u00e9tait sainte Brigitte. Sainte Brigitte de Su\u00e8de a v\u00e9cu de 1303 \u00e0 1373.","robots":{"index":"index","follow":"follow","max-snippet":"max-snippet:-1","max-image-preview":"max-image-preview:large","max-video-preview":"max-video-preview:-1"},"canonical":"https:\/\/chrystus.pl\/fr\/ce-que-le-christ-a-dit-au-saint-brigide\/","og_locale":"fr_FR","og_type":"article","og_title":"Co Chrystus powiedzia\u0142 do \u015bwi\u0119tej Brygidy?","og_description":"Na podstawie \u017cycia i dokona\u0144 \u015bwi\u0119tej Brygidy powsta\u0142a znakomita ksi\u0105\u017cka opisuj\u0105ca objawienia jakich dozna\u0142a. Jest to praca zbiorowa pod tytu\u0142em: Co Chrystus powiedzia\u0142 do \u015bwi\u0119tej Brygidy. Objawienia.","og_url":"https:\/\/chrystus.pl\/fr\/ce-que-le-christ-a-dit-au-saint-brigide\/","og_site_name":"Chrystus","article_published_time":"2020-04-26T23:04:36+00:00","og_image":[{"width":1920,"height":1634,"url":"https:\/\/chrystus.pl\/wp-content\/uploads\/2020\/04\/Co-Chrystus-powiedzia\u0142-do-s\u0301wie\u0328tej-Brygidy.jpg","type":"image\/jpeg"}],"author":"Samarytanka","twitter_card":"summary_large_image","twitter_title":"Co Chrystus powiedzia\u0142 do \u015bwi\u0119tej Brygidy?","twitter_description":"Na podstawie \u017cycia i dokona\u0144 \u015bwi\u0119tej Brygidy powsta\u0142a znakomita ksi\u0105\u017cka opisuj\u0105ca objawienia jakich dozna\u0142a. Jest to praca zbiorowa pod tytu\u0142em: Co Chrystus powiedzia\u0142 do \u015bwi\u0119tej Brygidy. Objawienia.","twitter_image":"https:\/\/chrystus.pl\/wp-content\/uploads\/2020\/04\/Co-Chrystus-powiedzia\u0142-do-s\u0301wie\u0328tej-Brygidy.jpg","twitter_misc":{"\u00c9crit par":"Samarytanka","Dur\u00e9e de lecture estim\u00e9e":"1 minute"},"schema":{"@context":"https:\/\/schema.org","@graph":[{"@type":"Article","@id":"https:\/\/chrystus.pl\/de\/was-christus-gesagt-hat-zu-der-heiligen-brigid\/#article","isPartOf":{"@id":"https:\/\/chrystus.pl\/de\/was-christus-gesagt-hat-zu-der-heiligen-brigid\/"},"author":{"name":"Samarytanka","@id":"https:\/\/chrystus.pl\/#\/schema\/person\/e2e742452b8b7b2bcd23ea180671d27a"},"headline":"Co Chrystus powiedzia\u0142 do \u015bwi\u0119tej Brygidy?","datePublished":"2020-04-26T23:04:36+00:00","mainEntityOfPage":{"@id":"https:\/\/chrystus.pl\/de\/was-christus-gesagt-hat-zu-der-heiligen-brigid\/"},"wordCount":259,"publisher":{"@id":"https:\/\/chrystus.pl\/#organization"},"image":{"@id":"https:\/\/chrystus.pl\/de\/was-christus-gesagt-hat-zu-der-heiligen-brigid\/#primaryimage"},"thumbnailUrl":"https:\/\/chrystus.pl\/wp-content\/uploads\/2020\/04\/Co-Chrystus-powiedzia\u0142-do-s\u0301wie\u0328tej-Brygidy.jpg","articleSection":["Chrystus"],"inLanguage":"fr-FR"},{"@type":"WebPage","@id":"https:\/\/chrystus.pl\/de\/was-christus-gesagt-hat-zu-der-heiligen-brigid\/","url":"https:\/\/chrystus.pl\/de\/was-christus-gesagt-hat-zu-der-heiligen-brigid\/","name":"Qu'a dit le Christ \u00e0 sainte Brigitte ? - Le Christ","isPartOf":{"@id":"https:\/\/chrystus.pl\/#website"},"primaryImageOfPage":{"@id":"https:\/\/chrystus.pl\/de\/was-christus-gesagt-hat-zu-der-heiligen-brigid\/#primaryimage"},"image":{"@id":"https:\/\/chrystus.pl\/de\/was-christus-gesagt-hat-zu-der-heiligen-brigid\/#primaryimage"},"thumbnailUrl":"https:\/\/chrystus.pl\/wp-content\/uploads\/2020\/04\/Co-Chrystus-powiedzia\u0142-do-s\u0301wie\u0328tej-Brygidy.jpg","datePublished":"2020-04-26T23:04:36+00:00","description":"Qu'a dit le Christ \u00e0 sainte Brigitte ? Pour commencer, expliquons qui \u00e9tait sainte Brigitte. Sainte Brigitte de Su\u00e8de a v\u00e9cu de 1303 \u00e0 1373.","breadcrumb":{"@id":"https:\/\/chrystus.pl\/de\/was-christus-gesagt-hat-zu-der-heiligen-brigid\/#breadcrumb"},"inLanguage":"fr-FR","potentialAction":[{"@type":"ReadAction","target":["https:\/\/chrystus.pl\/de\/was-christus-gesagt-hat-zu-der-heiligen-brigid\/"]}]},{"@type":"ImageObject","inLanguage":"fr-FR","@id":"https:\/\/chrystus.pl\/de\/was-christus-gesagt-hat-zu-der-heiligen-brigid\/#primaryimage","url":"https:\/\/chrystus.pl\/wp-content\/uploads\/2020\/04\/Co-Chrystus-powiedzia\u0142-do-s\u0301wie\u0328tej-Brygidy.jpg","contentUrl":"https:\/\/chrystus.pl\/wp-content\/uploads\/2020\/04\/Co-Chrystus-powiedzia\u0142-do-s\u0301wie\u0328tej-Brygidy.jpg","width":1920,"height":1634,"caption":"Co Chrystus powiedzia\u0142 do \u015bwi\u0119tej Brygidy"},{"@type":"BreadcrumbList","@id":"https:\/\/chrystus.pl\/de\/was-christus-gesagt-hat-zu-der-heiligen-brigid\/#breadcrumb","itemListElement":[{"@type":"ListItem","position":1,"name":"Strona g\u0142\u00f3wna","item":"https:\/\/chrystus.pl\/"},{"@type":"ListItem","position":2,"name":"Co Chrystus powiedzia\u0142 do \u015bwi\u0119tej Brygidy?"}]},{"@type":"WebSite","@id":"https:\/\/chrystus.pl\/#website","url":"https:\/\/chrystus.pl\/","name":"Christ","description":"Dieu, Marie, J\u00e9sus, la communion et plus encore","publisher":{"@id":"https:\/\/chrystus.pl\/#organization"},"potentialAction":[{"@type":"SearchAction","target":{"@type":"EntryPoint","urlTemplate":"https:\/\/chrystus.pl\/?s={search_term_string}"},"query-input":{"@type":"PropertyValueSpecification","valueRequired":true,"valueName":"search_term_string"}}],"inLanguage":"fr-FR"},{"@type":"Organization","@id":"https:\/\/chrystus.pl\/#organization","name":"Christ.pl","url":"https:\/\/chrystus.pl\/","logo":{"@type":"ImageObject","inLanguage":"fr-FR","@id":"https:\/\/chrystus.pl\/#\/schema\/logo\/image\/","url":"https:\/\/chrystus.pl\/wp-content\/uploads\/2019\/03\/chrystus-bog-maryja-komunia-bierzmowanie.jpg","contentUrl":"https:\/\/chrystus.pl\/wp-content\/uploads\/2019\/03\/chrystus-bog-maryja-komunia-bierzmowanie.jpg","width":1920,"height":1280,"caption":"Chrystus.pl"},"image":{"@id":"https:\/\/chrystus.pl\/#\/schema\/logo\/image\/"}},{"@type":"Person","@id":"https:\/\/chrystus.pl\/#\/schema\/person\/e2e742452b8b7b2bcd23ea180671d27a","name":"La Samaritaine"}]}},"_links":{"self":[{"href":"https:\/\/chrystus.pl\/fr\/wp-json\/wp\/v2\/posts\/1498","targetHints":{"allow":["GET"]}}],"collection":[{"href":"https:\/\/chrystus.pl\/fr\/wp-json\/wp\/v2\/posts"}],"about":[{"href":"https:\/\/chrystus.pl\/fr\/wp-json\/wp\/v2\/types\/post"}],"author":[{"embeddable":true,"href":"https:\/\/chrystus.pl\/fr\/wp-json\/wp\/v2\/users\/1"}],"replies":[{"embeddable":true,"href":"https:\/\/chrystus.pl\/fr\/wp-json\/wp\/v2\/comments?post=1498"}],"version-history":[{"count":0,"href":"https:\/\/chrystus.pl\/fr\/wp-json\/wp\/v2\/posts\/1498\/revisions"}],"wp:featuredmedia":[{"embeddable":true,"href":"https:\/\/chrystus.pl\/fr\/wp-json\/wp\/v2\/media\/1499"}],"wp:attachment":[{"href":"https:\/\/chrystus.pl\/fr\/wp-json\/wp\/v2\/media?parent=1498"}],"wp:term":[{"taxonomy":"category","embeddable":true,"href":"https:\/\/chrystus.pl\/fr\/wp-json\/wp\/v2\/categories?post=1498"},{"taxonomy":"post_tag","embeddable":true,"href":"https:\/\/chrystus.pl\/fr\/wp-json\/wp\/v2\/tags?post=1498"}],"curies":[{"name":"wp","href":"https:\/\/api.w.org\/{rel}","templated":true}]}}