{"id":1587,"date":"2020-04-29T19:52:42","date_gmt":"2020-04-29T19:52:42","guid":{"rendered":"https:\/\/chrystus.pl\/?p=1587"},"modified":"2020-04-29T19:52:53","modified_gmt":"2020-04-29T19:52:53","slug":"dlaczego-maryja-jest-wzorem-adwentowego-czuwania","status":"publish","type":"post","link":"https:\/\/chrystus.pl\/fr\/dlaczego-maryja-jest-wzorem-adwentowego-czuwania\/","title":{"rendered":"Pourquoi Marie est-elle un mod\u00e8le de veille de l'Avent ?"},"content":{"rendered":"<p>Pourquoi Marie est-elle un mod\u00e8le pour la veill\u00e9e de l'Avent ? La r\u00e9ponse \u00e0 cette question se trouve dans un passage de l'\u00c9vangile de saint Luc. Il s'agit pr\u00e9cis\u00e9ment du chapitre 1 de cet \u00c9vangile, versets 26 \u00e0 38, dans lequel saint Luc d\u00e9crit l'Annonciation de Marie et l'\u00e9v\u00e9nement au cours duquel Marie apprend son r\u00f4le particulier de l'ange Gabriel, envoy\u00e9 par Dieu.<\/p>\n<p>Marie a \u00e9cout\u00e9 attentivement le r\u00f4le que Dieu lui destinait et puis, sans la moindre h\u00e9sitation, elle lui a fait confiance en lui donnant pleinement sa vie. Marie commence la p\u00e9riode d'attente de la venue de son Fils, en m\u00eame temps qu'elle commence son r\u00f4le.<\/p>\n<p>Qu'est-ce que la Veill\u00e9e de l'Avent ? C'est la p\u00e9riode qui s'\u00e9tend des premi\u00e8res v\u00eapres du quatri\u00e8me dimanche avant No\u00ebl jusqu'au cr\u00e9puscule du 24 d\u00e9cembre. Elle marque la p\u00e9riode d'attente de <a href=\"https:\/\/chrystus.pl\/fr\/co-to-jest-paruzja-i-co-znaczy\/\">r\u00e9p\u00e9ter<\/a> la venue sur terre de J\u00e9sus-Christ, qui comm\u00e9more en m\u00eame temps sa premi\u00e8re venue sur terre, c'est-\u00e0-dire la naissance du Christ. Marie est donc un mod\u00e8le particulier, car c'est elle qui, la premi\u00e8re, a accept\u00e9 avec ob\u00e9issance son r\u00f4le et nous a montr\u00e9 comment nous pr\u00e9parer \u00e0 la venue de notre Seigneur. C'est elle qui s'est donn\u00e9e enti\u00e8rement \u00e0 ce r\u00f4le, en mettant Dieu \u00e0 la premi\u00e8re place, ce que tout chr\u00e9tien devrait faire, en particulier pendant la veill\u00e9e de l'Avent. Puissions-nous tous nous placer sous la protection de la Vierge pendant cette p\u00e9riode sp\u00e9ciale et lui confier pleinement notre vie.<\/p>","protected":false},"excerpt":{"rendered":"<p>Pourquoi Marie est-elle un mod\u00e8le pour la veill\u00e9e de l'Avent ? La r\u00e9ponse \u00e0 cette question se trouve dans un passage de l'\u00c9vangile de saint Luc. Il s'agit pr\u00e9cis\u00e9ment du chapitre 1 de cet \u00e9vangile, versets 26 \u00e0 38, dans lequel saint Luc d\u00e9crit l'Annonciation de Marie et l'\u00e9v\u00e9nement au cours duquel Marie apprend de l'ange Gabriel, envoy\u00e9 par Dieu, le r\u00f4le particulier qui est le sien. Marie ...<\/p>","protected":false},"author":1,"featured_media":1588,"comment_status":"closed","ping_status":"closed","sticky":false,"template":"","format":"standard","meta":{"footnotes":""},"categories":[64],"tags":[],"class_list":["post-1587","post","type-post","status-publish","format-standard","has-post-thumbnail","hentry","category-maryja"],"yoast_head":"<!-- This site is optimized with the Yoast SEO plugin v27.5 - https:\/\/yoast.com\/product\/yoast-seo-wordpress\/ -->\n<title>Dlaczego Maryja jest wzorem adwentowego czuwania? - Chrystus<\/title>\n<meta name=\"description\" content=\"Dlaczego Maryja jest wzorem adwentowego czuwania? Odpowied\u017a na to pytanie znajdziemy we fragmencie Ewangelii \u015bwi\u0119tego \u0141ukasza. Chodzi dok\u0142adnie o rozdzia\u0142\" \/>\n<meta name=\"robots\" content=\"index, follow, max-snippet:-1, max-image-preview:large, max-video-preview:-1\" \/>\n<link rel=\"canonical\" href=\"https:\/\/chrystus.pl\/fr\/pourquoi-mary-est-un-modele-de-sentiment-agreable\/\" \/>\n<meta property=\"og:locale\" content=\"fr_FR\" \/>\n<meta property=\"og:type\" content=\"article\" \/>\n<meta property=\"og:title\" content=\"Dlaczego Maryja jest wzorem adwentowego czuwania?\" \/>\n<meta property=\"og:description\" content=\"Maryja uwa\u017cnie wys\u0142ucha\u0142a roli jak\u0105 przeznaczy\u0142 dla niej Pan B\u00f3g po czym bez najmniejszego zawahania zaufa\u0142a Mu oddaj\u0105c w pe\u0142ni swoje \u017cycie. Maryja zaczyna okres oczekiwania na przyj\u015bcie swojego Syna, jednocze\u015bnie rozpoczynaj\u0105c swoj\u0105 rol\u0119.\" \/>\n<meta property=\"og:url\" content=\"https:\/\/chrystus.pl\/fr\/pourquoi-mary-est-un-modele-de-sentiment-agreable\/\" \/>\n<meta property=\"og:site_name\" content=\"Chrystus\" \/>\n<meta property=\"article:published_time\" content=\"2020-04-29T19:52:42+00:00\" \/>\n<meta property=\"article:modified_time\" content=\"2020-04-29T19:52:53+00:00\" \/>\n<meta property=\"og:image\" content=\"https:\/\/chrystus.pl\/wp-content\/uploads\/2020\/04\/Dlaczego-Maryja-jest-wzorem-adwentowego-czuwania.jpg\" \/>\n\t<meta property=\"og:image:width\" content=\"640\" \/>\n\t<meta property=\"og:image:height\" content=\"426\" \/>\n\t<meta property=\"og:image:type\" content=\"image\/jpeg\" \/>\n<meta name=\"author\" content=\"Samarytanka\" \/>\n<meta name=\"twitter:card\" content=\"summary_large_image\" \/>\n<meta name=\"twitter:title\" content=\"Dlaczego Maryja jest wzorem adwentowego czuwania?\" \/>\n<meta name=\"twitter:description\" content=\"Maryja uwa\u017cnie wys\u0142ucha\u0142a roli jak\u0105 przeznaczy\u0142 dla niej Pan B\u00f3g po czym bez najmniejszego zawahania zaufa\u0142a Mu oddaj\u0105c w pe\u0142ni swoje \u017cycie. Maryja zaczyna okres oczekiwania na przyj\u015bcie swojego Syna, jednocze\u015bnie rozpoczynaj\u0105c swoj\u0105 rol\u0119.\" \/>\n<meta name=\"twitter:image\" content=\"https:\/\/chrystus.pl\/wp-content\/uploads\/2020\/04\/Dlaczego-Maryja-jest-wzorem-adwentowego-czuwania.jpg\" \/>\n<meta name=\"twitter:label1\" content=\"\u00c9crit par\" \/>\n\t<meta name=\"twitter:data1\" content=\"Samarytanka\" \/>\n\t<meta name=\"twitter:label2\" content=\"Dur\u00e9e de lecture estim\u00e9e\" \/>\n\t<meta name=\"twitter:data2\" content=\"1 minute\" \/>\n<!-- \/ Yoast SEO plugin. -->","yoast_head_json":{"title":"Pourquoi Marie est-elle un mod\u00e8le de veille de l'Avent ? - Le Christ","description":"Pourquoi Marie est-elle un mod\u00e8le pour la veill\u00e9e de l'Avent ? La r\u00e9ponse \u00e0 cette question se trouve dans un passage de l'\u00c9vangile de saint Luc. Il s'agit pr\u00e9cis\u00e9ment du chapitre","robots":{"index":"index","follow":"follow","max-snippet":"max-snippet:-1","max-image-preview":"max-image-preview:large","max-video-preview":"max-video-preview:-1"},"canonical":"https:\/\/chrystus.pl\/fr\/pourquoi-mary-est-un-modele-de-sentiment-agreable\/","og_locale":"fr_FR","og_type":"article","og_title":"Dlaczego Maryja jest wzorem adwentowego czuwania?","og_description":"Maryja uwa\u017cnie wys\u0142ucha\u0142a roli jak\u0105 przeznaczy\u0142 dla niej Pan B\u00f3g po czym bez najmniejszego zawahania zaufa\u0142a Mu oddaj\u0105c w pe\u0142ni swoje \u017cycie. Maryja zaczyna okres oczekiwania na przyj\u015bcie swojego Syna, jednocze\u015bnie rozpoczynaj\u0105c swoj\u0105 rol\u0119.","og_url":"https:\/\/chrystus.pl\/fr\/pourquoi-mary-est-un-modele-de-sentiment-agreable\/","og_site_name":"Chrystus","article_published_time":"2020-04-29T19:52:42+00:00","article_modified_time":"2020-04-29T19:52:53+00:00","og_image":[{"width":640,"height":426,"url":"https:\/\/chrystus.pl\/wp-content\/uploads\/2020\/04\/Dlaczego-Maryja-jest-wzorem-adwentowego-czuwania.jpg","type":"image\/jpeg"}],"author":"Samarytanka","twitter_card":"summary_large_image","twitter_title":"Dlaczego Maryja jest wzorem adwentowego czuwania?","twitter_description":"Maryja uwa\u017cnie wys\u0142ucha\u0142a roli jak\u0105 przeznaczy\u0142 dla niej Pan B\u00f3g po czym bez najmniejszego zawahania zaufa\u0142a Mu oddaj\u0105c w pe\u0142ni swoje \u017cycie. Maryja zaczyna okres oczekiwania na przyj\u015bcie swojego Syna, jednocze\u015bnie rozpoczynaj\u0105c swoj\u0105 rol\u0119.","twitter_image":"https:\/\/chrystus.pl\/wp-content\/uploads\/2020\/04\/Dlaczego-Maryja-jest-wzorem-adwentowego-czuwania.jpg","twitter_misc":{"\u00c9crit par":"Samarytanka","Dur\u00e9e de lecture estim\u00e9e":"1 minute"},"schema":{"@context":"https:\/\/schema.org","@graph":[{"@type":"Article","@id":"https:\/\/chrystus.pl\/dlaczego-maryja-jest-wzorem-adwentowego-czuwania\/#article","isPartOf":{"@id":"https:\/\/chrystus.pl\/dlaczego-maryja-jest-wzorem-adwentowego-czuwania\/"},"author":{"name":"Samarytanka","@id":"https:\/\/chrystus.pl\/#\/schema\/person\/e2e742452b8b7b2bcd23ea180671d27a"},"headline":"Dlaczego Maryja jest wzorem adwentowego czuwania?","datePublished":"2020-04-29T19:52:42+00:00","dateModified":"2020-04-29T19:52:53+00:00","mainEntityOfPage":{"@id":"https:\/\/chrystus.pl\/dlaczego-maryja-jest-wzorem-adwentowego-czuwania\/"},"wordCount":253,"publisher":{"@id":"https:\/\/chrystus.pl\/#organization"},"image":{"@id":"https:\/\/chrystus.pl\/dlaczego-maryja-jest-wzorem-adwentowego-czuwania\/#primaryimage"},"thumbnailUrl":"https:\/\/chrystus.pl\/wp-content\/uploads\/2020\/04\/Dlaczego-Maryja-jest-wzorem-adwentowego-czuwania.jpg","articleSection":["Maryja"],"inLanguage":"fr-FR"},{"@type":"WebPage","@id":"https:\/\/chrystus.pl\/dlaczego-maryja-jest-wzorem-adwentowego-czuwania\/","url":"https:\/\/chrystus.pl\/dlaczego-maryja-jest-wzorem-adwentowego-czuwania\/","name":"Pourquoi Marie est-elle un mod\u00e8le de veille de l'Avent ? - Le Christ","isPartOf":{"@id":"https:\/\/chrystus.pl\/#website"},"primaryImageOfPage":{"@id":"https:\/\/chrystus.pl\/dlaczego-maryja-jest-wzorem-adwentowego-czuwania\/#primaryimage"},"image":{"@id":"https:\/\/chrystus.pl\/dlaczego-maryja-jest-wzorem-adwentowego-czuwania\/#primaryimage"},"thumbnailUrl":"https:\/\/chrystus.pl\/wp-content\/uploads\/2020\/04\/Dlaczego-Maryja-jest-wzorem-adwentowego-czuwania.jpg","datePublished":"2020-04-29T19:52:42+00:00","dateModified":"2020-04-29T19:52:53+00:00","description":"Pourquoi Marie est-elle un mod\u00e8le pour la veill\u00e9e de l'Avent ? La r\u00e9ponse \u00e0 cette question se trouve dans un passage de l'\u00c9vangile de saint Luc. Il s'agit pr\u00e9cis\u00e9ment du chapitre","breadcrumb":{"@id":"https:\/\/chrystus.pl\/dlaczego-maryja-jest-wzorem-adwentowego-czuwania\/#breadcrumb"},"inLanguage":"fr-FR","potentialAction":[{"@type":"ReadAction","target":["https:\/\/chrystus.pl\/dlaczego-maryja-jest-wzorem-adwentowego-czuwania\/"]}]},{"@type":"ImageObject","inLanguage":"fr-FR","@id":"https:\/\/chrystus.pl\/dlaczego-maryja-jest-wzorem-adwentowego-czuwania\/#primaryimage","url":"https:\/\/chrystus.pl\/wp-content\/uploads\/2020\/04\/Dlaczego-Maryja-jest-wzorem-adwentowego-czuwania.jpg","contentUrl":"https:\/\/chrystus.pl\/wp-content\/uploads\/2020\/04\/Dlaczego-Maryja-jest-wzorem-adwentowego-czuwania.jpg","width":640,"height":426,"caption":"Dlaczego Maryja jest wzorem adwentowego czuwania"},{"@type":"BreadcrumbList","@id":"https:\/\/chrystus.pl\/dlaczego-maryja-jest-wzorem-adwentowego-czuwania\/#breadcrumb","itemListElement":[{"@type":"ListItem","position":1,"name":"Strona g\u0142\u00f3wna","item":"https:\/\/chrystus.pl\/"},{"@type":"ListItem","position":2,"name":"Dlaczego Maryja jest wzorem adwentowego czuwania?"}]},{"@type":"WebSite","@id":"https:\/\/chrystus.pl\/#website","url":"https:\/\/chrystus.pl\/","name":"Christ","description":"Dieu, Marie, J\u00e9sus, la communion et plus encore","publisher":{"@id":"https:\/\/chrystus.pl\/#organization"},"potentialAction":[{"@type":"SearchAction","target":{"@type":"EntryPoint","urlTemplate":"https:\/\/chrystus.pl\/?s={search_term_string}"},"query-input":{"@type":"PropertyValueSpecification","valueRequired":true,"valueName":"search_term_string"}}],"inLanguage":"fr-FR"},{"@type":"Organization","@id":"https:\/\/chrystus.pl\/#organization","name":"Christ.pl","url":"https:\/\/chrystus.pl\/","logo":{"@type":"ImageObject","inLanguage":"fr-FR","@id":"https:\/\/chrystus.pl\/#\/schema\/logo\/image\/","url":"https:\/\/chrystus.pl\/wp-content\/uploads\/2019\/03\/chrystus-bog-maryja-komunia-bierzmowanie.jpg","contentUrl":"https:\/\/chrystus.pl\/wp-content\/uploads\/2019\/03\/chrystus-bog-maryja-komunia-bierzmowanie.jpg","width":1920,"height":1280,"caption":"Chrystus.pl"},"image":{"@id":"https:\/\/chrystus.pl\/#\/schema\/logo\/image\/"}},{"@type":"Person","@id":"https:\/\/chrystus.pl\/#\/schema\/person\/e2e742452b8b7b2bcd23ea180671d27a","name":"La Samaritaine"}]}},"_links":{"self":[{"href":"https:\/\/chrystus.pl\/fr\/wp-json\/wp\/v2\/posts\/1587","targetHints":{"allow":["GET"]}}],"collection":[{"href":"https:\/\/chrystus.pl\/fr\/wp-json\/wp\/v2\/posts"}],"about":[{"href":"https:\/\/chrystus.pl\/fr\/wp-json\/wp\/v2\/types\/post"}],"author":[{"embeddable":true,"href":"https:\/\/chrystus.pl\/fr\/wp-json\/wp\/v2\/users\/1"}],"replies":[{"embeddable":true,"href":"https:\/\/chrystus.pl\/fr\/wp-json\/wp\/v2\/comments?post=1587"}],"version-history":[{"count":0,"href":"https:\/\/chrystus.pl\/fr\/wp-json\/wp\/v2\/posts\/1587\/revisions"}],"wp:featuredmedia":[{"embeddable":true,"href":"https:\/\/chrystus.pl\/fr\/wp-json\/wp\/v2\/media\/1588"}],"wp:attachment":[{"href":"https:\/\/chrystus.pl\/fr\/wp-json\/wp\/v2\/media?parent=1587"}],"wp:term":[{"taxonomy":"category","embeddable":true,"href":"https:\/\/chrystus.pl\/fr\/wp-json\/wp\/v2\/categories?post=1587"},{"taxonomy":"post_tag","embeddable":true,"href":"https:\/\/chrystus.pl\/fr\/wp-json\/wp\/v2\/tags?post=1587"}],"curies":[{"name":"wp","href":"https:\/\/api.w.org\/{rel}","templated":true}]}}