{"id":2147,"date":"2021-09-24T23:46:19","date_gmt":"2021-09-24T23:46:19","guid":{"rendered":"https:\/\/chrystus.pl\/?p=2147"},"modified":"2021-09-24T23:46:22","modified_gmt":"2021-09-24T23:46:22","slug":"czy-medytacja-jest-grzechem","status":"publish","type":"post","link":"https:\/\/chrystus.pl\/fr\/czy-medytacja-jest-grzechem\/","title":{"rendered":"La m\u00e9ditation est-elle un p\u00e9ch\u00e9 ?"},"content":{"rendered":"<p>La m\u00e9ditation est-elle un p\u00e9ch\u00e9 ? R\u00e9cemment, nous avons assist\u00e9 \u00e0 un afflux de diverses pratiques de l'Est vers l'Europe. Cette tendance apporte avec elle de nombreuses perspectives int\u00e9ressantes, mais aussi des dangers. Apr\u00e8s tout, il n'y a rien de mal \u00e0 essayer de nouvelles choses et \u00e0 d\u00e9velopper sa sph\u00e8re spirituelle. Cependant, la t\u00e2che d'un catholique est de faire une sorte de s\u00e9lection qui choisit le bon et rejette le mauvais.<\/p>\n\n\n\n<p>L'expression \"m\u00e9ditation\" vient de l'expression latine <em>meditatio<\/em>ce qui signifie r\u00e9flexion\/intention. La m\u00e9ditation est un ensemble de pratiques visant \u00e0 exercer l'esprit ou \u00e0 l'amener dans un \u00e9tat modifi\u00e9 de conscience pour un effet b\u00e9n\u00e9fique. La m\u00e9ditation trouve son origine dans les religions orientales. Elle est le plus souvent identifi\u00e9e au bouddhisme.<\/p>\n\n\n\n<p>W takim razie, czy dla katolika medytacja jest grzechem? Wszystko jest uzale\u017cnione od tego, jaki rodzaj medytacji mamy na my\u015bli. Medytacja chrze\u015bcija\u0144ska polegaj\u0105ca na modlitwie; spotkaniu z Bogiem, jest jak najbardziej dozwolona i traktowana jak normalna katolicka praktyka religijna. Zakazane jest z kolei uprawianie medytacji buddyjskiej. Jest ona \u015bci\u015ble powi\u0105zana z idea\u0142ami i za\u0142o\u017ceniami filozofii buddyjskiej, kt\u00f3ra stoi w sprzeczno\u015bci z nauk\u0105 Ko\u015bcio\u0142a Katolickiego. Medytacja buddyjska skupia si\u0119 na odci\u0119ciu od \u015bwiata; wyzbyciu pragnie\u0144. Medytuj\u0105c w ten spos\u00f3b, pr\u00f3bujemy wyzby\u0107 si\u0119 w\u0142asnej osobowo\u015bci, co jest uznawane za grzech.<\/p>","protected":false},"excerpt":{"rendered":"<p>Czy medytacja jest grzechem? W ostatnim czasie obserwujemy nap\u0142yw do Europy r\u00f3\u017cnych praktyk ze Wschodu. Ta tendencja niesie za sob\u0105 wiele ciekawych perspektyw, ale r\u00f3wnie\u017c niebezpiecze\u0144stw. W ko\u0144cu nie ma nic z\u0142ego w pr\u00f3bowaniu nowych rzeczy i rozwijaniu swojej sfery duchowej. Jednak zadaniem katolika jest dokonywanie swoistej selekcji, kt\u00f3ra wybiera dobro i odrzuca z\u0142o. Sformu\u0142owanie &hellip;<\/p>","protected":false},"author":1,"featured_media":0,"comment_status":"closed","ping_status":"closed","sticky":false,"template":"","format":"standard","meta":{"footnotes":""},"categories":[33],"tags":[],"class_list":["post-2147","post","type-post","status-publish","format-standard","hentry","category-kosciol"],"yoast_head":"<!-- This site is optimized with the Yoast SEO plugin v27.5 - https:\/\/yoast.com\/product\/yoast-seo-wordpress\/ -->\n<title>Czy medytacja jest grzechem? - Chrystus<\/title>\n<meta name=\"description\" content=\"Czy medytacja jest grzechem? W ostatnim czasie obserwujemy nap\u0142yw do Europy r\u00f3\u017cnych praktyk ze Wschodu. Ta tendencja niesie za sob\u0105 wiele ciekawych\" \/>\n<meta name=\"robots\" content=\"index, follow, max-snippet:-1, max-image-preview:large, max-video-preview:-1\" \/>\n<link rel=\"canonical\" href=\"https:\/\/chrystus.pl\/fr\/si-meditation-est-un-sin\/\" \/>\n<meta property=\"og:locale\" content=\"fr_FR\" \/>\n<meta property=\"og:type\" content=\"article\" \/>\n<meta property=\"og:title\" content=\"Czy medytacja jest grzechem? - Chrystus\" \/>\n<meta property=\"og:description\" content=\"Czy medytacja jest grzechem? W ostatnim czasie obserwujemy nap\u0142yw do Europy r\u00f3\u017cnych praktyk ze Wschodu. Ta tendencja niesie za sob\u0105 wiele ciekawych\" \/>\n<meta property=\"og:url\" content=\"https:\/\/chrystus.pl\/fr\/si-meditation-est-un-sin\/\" \/>\n<meta property=\"og:site_name\" content=\"Chrystus\" \/>\n<meta property=\"article:published_time\" content=\"2021-09-24T23:46:19+00:00\" \/>\n<meta property=\"article:modified_time\" content=\"2021-09-24T23:46:22+00:00\" \/>\n<meta name=\"author\" content=\"Samarytanka\" \/>\n<meta name=\"twitter:card\" content=\"summary_large_image\" \/>\n<meta name=\"twitter:label1\" content=\"\u00c9crit par\" \/>\n\t<meta name=\"twitter:data1\" content=\"Samarytanka\" \/>\n\t<meta name=\"twitter:label2\" content=\"Dur\u00e9e de lecture estim\u00e9e\" \/>\n\t<meta name=\"twitter:data2\" content=\"1 minute\" \/>\n<!-- \/ Yoast SEO plugin. -->","yoast_head_json":{"title":"La m\u00e9ditation est-elle un p\u00e9ch\u00e9 ? - Le Christ","description":"La m\u00e9ditation est-elle un p\u00e9ch\u00e9 ? R\u00e9cemment, nous avons assist\u00e9 \u00e0 un afflux de diverses pratiques de l'Est vers l'Europe. Cette tendance apporte avec elle de nombreux","robots":{"index":"index","follow":"follow","max-snippet":"max-snippet:-1","max-image-preview":"max-image-preview:large","max-video-preview":"max-video-preview:-1"},"canonical":"https:\/\/chrystus.pl\/fr\/si-meditation-est-un-sin\/","og_locale":"fr_FR","og_type":"article","og_title":"Czy medytacja jest grzechem? - Chrystus","og_description":"Czy medytacja jest grzechem? W ostatnim czasie obserwujemy nap\u0142yw do Europy r\u00f3\u017cnych praktyk ze Wschodu. Ta tendencja niesie za sob\u0105 wiele ciekawych","og_url":"https:\/\/chrystus.pl\/fr\/si-meditation-est-un-sin\/","og_site_name":"Chrystus","article_published_time":"2021-09-24T23:46:19+00:00","article_modified_time":"2021-09-24T23:46:22+00:00","author":"Samarytanka","twitter_card":"summary_large_image","twitter_misc":{"\u00c9crit par":"Samarytanka","Dur\u00e9e de lecture estim\u00e9e":"1 minute"},"schema":{"@context":"https:\/\/schema.org","@graph":[{"@type":"Article","@id":"https:\/\/chrystus.pl\/de\/ob-meditation-ist-sunde\/#article","isPartOf":{"@id":"https:\/\/chrystus.pl\/de\/ob-meditation-ist-sunde\/"},"author":{"name":"Samarytanka","@id":"https:\/\/chrystus.pl\/#\/schema\/person\/e2e742452b8b7b2bcd23ea180671d27a"},"headline":"Czy medytacja jest grzechem?","datePublished":"2021-09-24T23:46:19+00:00","dateModified":"2021-09-24T23:46:22+00:00","mainEntityOfPage":{"@id":"https:\/\/chrystus.pl\/de\/ob-meditation-ist-sunde\/"},"wordCount":225,"publisher":{"@id":"https:\/\/chrystus.pl\/#organization"},"articleSection":["Ko\u015bci\u00f3\u0142"],"inLanguage":"fr-FR"},{"@type":"WebPage","@id":"https:\/\/chrystus.pl\/de\/ob-meditation-ist-sunde\/","url":"https:\/\/chrystus.pl\/de\/ob-meditation-ist-sunde\/","name":"La m\u00e9ditation est-elle un p\u00e9ch\u00e9 ? - Le Christ","isPartOf":{"@id":"https:\/\/chrystus.pl\/#website"},"datePublished":"2021-09-24T23:46:19+00:00","dateModified":"2021-09-24T23:46:22+00:00","description":"La m\u00e9ditation est-elle un p\u00e9ch\u00e9 ? R\u00e9cemment, nous avons assist\u00e9 \u00e0 un afflux de diverses pratiques de l'Est vers l'Europe. Cette tendance apporte avec elle de nombreux","breadcrumb":{"@id":"https:\/\/chrystus.pl\/de\/ob-meditation-ist-sunde\/#breadcrumb"},"inLanguage":"fr-FR","potentialAction":[{"@type":"ReadAction","target":["https:\/\/chrystus.pl\/de\/ob-meditation-ist-sunde\/"]}]},{"@type":"BreadcrumbList","@id":"https:\/\/chrystus.pl\/de\/ob-meditation-ist-sunde\/#breadcrumb","itemListElement":[{"@type":"ListItem","position":1,"name":"Strona g\u0142\u00f3wna","item":"https:\/\/chrystus.pl\/"},{"@type":"ListItem","position":2,"name":"Czy medytacja jest grzechem?"}]},{"@type":"WebSite","@id":"https:\/\/chrystus.pl\/#website","url":"https:\/\/chrystus.pl\/","name":"Christ","description":"Dieu, Marie, J\u00e9sus, la communion et plus encore","publisher":{"@id":"https:\/\/chrystus.pl\/#organization"},"potentialAction":[{"@type":"SearchAction","target":{"@type":"EntryPoint","urlTemplate":"https:\/\/chrystus.pl\/?s={search_term_string}"},"query-input":{"@type":"PropertyValueSpecification","valueRequired":true,"valueName":"search_term_string"}}],"inLanguage":"fr-FR"},{"@type":"Organization","@id":"https:\/\/chrystus.pl\/#organization","name":"Christ.pl","url":"https:\/\/chrystus.pl\/","logo":{"@type":"ImageObject","inLanguage":"fr-FR","@id":"https:\/\/chrystus.pl\/#\/schema\/logo\/image\/","url":"https:\/\/chrystus.pl\/wp-content\/uploads\/2019\/03\/chrystus-bog-maryja-komunia-bierzmowanie.jpg","contentUrl":"https:\/\/chrystus.pl\/wp-content\/uploads\/2019\/03\/chrystus-bog-maryja-komunia-bierzmowanie.jpg","width":1920,"height":1280,"caption":"Chrystus.pl"},"image":{"@id":"https:\/\/chrystus.pl\/#\/schema\/logo\/image\/"}},{"@type":"Person","@id":"https:\/\/chrystus.pl\/#\/schema\/person\/e2e742452b8b7b2bcd23ea180671d27a","name":"La Samaritaine"}]}},"_links":{"self":[{"href":"https:\/\/chrystus.pl\/fr\/wp-json\/wp\/v2\/posts\/2147","targetHints":{"allow":["GET"]}}],"collection":[{"href":"https:\/\/chrystus.pl\/fr\/wp-json\/wp\/v2\/posts"}],"about":[{"href":"https:\/\/chrystus.pl\/fr\/wp-json\/wp\/v2\/types\/post"}],"author":[{"embeddable":true,"href":"https:\/\/chrystus.pl\/fr\/wp-json\/wp\/v2\/users\/1"}],"replies":[{"embeddable":true,"href":"https:\/\/chrystus.pl\/fr\/wp-json\/wp\/v2\/comments?post=2147"}],"version-history":[{"count":0,"href":"https:\/\/chrystus.pl\/fr\/wp-json\/wp\/v2\/posts\/2147\/revisions"}],"wp:attachment":[{"href":"https:\/\/chrystus.pl\/fr\/wp-json\/wp\/v2\/media?parent=2147"}],"wp:term":[{"taxonomy":"category","embeddable":true,"href":"https:\/\/chrystus.pl\/fr\/wp-json\/wp\/v2\/categories?post=2147"},{"taxonomy":"post_tag","embeddable":true,"href":"https:\/\/chrystus.pl\/fr\/wp-json\/wp\/v2\/tags?post=2147"}],"curies":[{"name":"wp","href":"https:\/\/api.w.org\/{rel}","templated":true}]}}