{"id":2361,"date":"2022-12-07T20:51:18","date_gmt":"2022-12-07T20:51:18","guid":{"rendered":"https:\/\/chrystus.pl\/?p=2361"},"modified":"2022-12-07T20:51:21","modified_gmt":"2022-12-07T20:51:21","slug":"patriarcha-benjamin","status":"publish","type":"post","link":"https:\/\/chrystus.pl\/fr\/patriarcha-benjamin\/","title":{"rendered":"Patriarche Benjamin"},"content":{"rendered":"<p><br>Benjamin (n\u00e9 Psomas ou Kyriakou, 1871 - 17 f\u00e9vrier 1946) a \u00e9t\u00e9 patriarche \u0153cum\u00e9nique de Constantinople du 18 janvier 1936 au 17 f\u00e9vrier 1946.<\/p>\n\n\n\n<p>Donn\u00e9es biographiques<br>Urodzi\u0142 si\u0119 rodzicom pochodzenia lesbijskiego we wsi Zeytinli (Eleonas) w prowincji Adramyttium w Azji Mniejszej w 1871 roku. Pierwszych liter nauczono go w ojczy\u017anie i w Kydonii. W 1888 roku zosta\u0142 wy\u015bwi\u0119cony na diakona. Studiowa\u0142 w Szkole Teologicznej w Halkach, kt\u00f3r\u0105 uko\u0144czy\u0142 w 1896 roku. Nast\u0119pnie zosta\u0142 mianowany kaznodziej\u0105 i dyrektorem szk\u00f3\u0142 w Magnesii w Azji Mniejszej. W 1899 roku zosta\u0142 mianowany profesorem religii w seminarium \u015bw. Joachima w Konstantynopolu, gdzie wyk\u0142ada\u0142 przez sze\u015b\u0107 lat. W 1908 roku zosta\u0142 wy\u015bwi\u0119cony na starszego przez patriarch\u0119 ekumenicznego Joachima III i zosta\u0142 mianowany Wielkim Protosynagogiem.<\/p>\n\n\n\n<p>En 1912, il a \u00e9t\u00e9 \u00e9lu m\u00e9tropolite de Rhodes. Les provinciaux et les habitants de Rhodes ont mal compris les relations qu'il avait d\u00e9velopp\u00e9es avec l'administration italienne de l'\u00eele et l'ont d\u00e9nonc\u00e9 au Patriarcat comme un tra\u00eetre. Ils ont m\u00eame persuad\u00e9 le consul de Gr\u00e8ce, \u00e0 la suite de quoi le gouvernement grec a \u00e9galement demand\u00e9 son renvoi. Ces accusations n'ont pas \u00e9t\u00e9 accept\u00e9es par le patriarcat, d'ailleurs il s'est av\u00e9r\u00e9 par la suite qu'elles \u00e9taient totalement fausses, mais en raison du climat ambiant le patriarcat l'a transf\u00e9r\u00e9 dans la m\u00e9tropole de Silivria le 10 juin 1913. Il a \u00e9t\u00e9 \u00e9lu m\u00e9tropolite de Philippopolis le 10 septembre 1913, m\u00e9tropolite de Nicosie en 1925 et m\u00e9tropolite d'H\u00e9raklion en 1933.<\/p>\n\n\n\n<p>En 1936, apr\u00e8s la mort du patriarche Photios II, le m\u00e9tropolite de Chalc\u00e9doine (et plus tard patriarche) Maximos \u00e9tait consid\u00e9r\u00e9 comme le successeur le plus probable. Toutefois, le pr\u00e9fet de Constantinople, Muhittin Uluda\u011f, a exerc\u00e9 son droit de retirer des candidats de la liste \u00e9lectorale apr\u00e8s de nombreuses ann\u00e9es. Ce faisant, il a retir\u00e9 Chalcedon Maximus et Dercon Joachim de la liste des douze candidats. On pense que c'est parce que le ministre turc de l'int\u00e9rieur et d\u00e9put\u00e9 de la province de \u00c7anakkale, o\u00f9 se trouve Imbros, \u00e9tait associ\u00e9 au m\u00e9tropolite Iakovos d'Imbros et T\u00e9n\u00e9dos. On pense donc que c'est sur ses instructions que les deux principaux candidats ont \u00e9t\u00e9 \u00e9limin\u00e9s afin de promouvoir le m\u00e9tropolite Iakovos d'Imbros comme patriarche \u0153cum\u00e9nique.<\/p>\n\n\n\n<p>Cependant, la hi\u00e9rarchie a \u00e9lu le m\u00e9tropolite Benjamin d'H\u00e9raklion par un rapport de sept voix contre six. Des incidents et des \u00e9meutes ont assombri l'\u00e9lection et l'intronisation, et le nouveau patriarche Benjamin, alors \u00e2g\u00e9 de 75 ans, a d\u00fb faire face \u00e0 la d\u00e9sapprobation de la congr\u00e9gation lors de son intronisation. Enfin, alors que l'\u00e9lection du patriarche \u0153cum\u00e9nique n'avait jusqu'alors \u00e9t\u00e9 annonc\u00e9e qu'au pr\u00e9fet d'Istanbul, l'\u00e9lection de Benjamin a \u00e9t\u00e9 la premi\u00e8re \u00e0 \u00eatre annonc\u00e9e au pr\u00e9sident de la R\u00e9publique de Turquie, au premier ministre et au ministre de l'int\u00e9rieur, dont les t\u00e9l\u00e9grammes de f\u00e9licitations ont \u00e9t\u00e9 re\u00e7us. Cette pratique a \u00e9t\u00e9 suivie depuis lors. Benjamin a \u00e9galement \u00e9t\u00e9 le premier patriarche \u00e0 \u00eatre officiellement autoris\u00e9 \u00e0 courir par l'\u00c9tat turc.<\/p>\n\n\n\n<p>Mimo niesprzyjaj\u0105cych okoliczno\u015bci wyboru oraz mimo \u015bmierci Kemala Atat\u00fcrka i wybuchu II wojny \u015bwiatowej, kt\u00f3re mia\u0142y miejsce w czasie jego patriarchatu, mo\u017cna go okre\u015bli\u0107 jako udany i stabilizuj\u0105cy dla Patriarchatu Ekumenicznego w trudnym okresie jego historii. Za czas\u00f3w Beniamina Ko\u015bci\u00f3\u0142 Albanii zosta\u0142 uznany za autokefaliczny wraz z wydaniem odpowiedniego tomu patriarchalnego i synodalnego (3 kwietnia 1937), karpacko-rosyjscy unici z Ameryki powr\u00f3cili do prawos\u0142awia, wreszcie schizma bu\u0142garska z 1872 roku zosta\u0142a zako\u0144czona (19 lutego 1945) uznaniem autokefalii Ko\u015bcio\u0142a Bu\u0142garii. Wreszcie w 1939 roku przygotowano \u015bwi\u0119t\u0105 mirr\u0119.<\/p>\n\n\n\n<p>Le point noir du Patriarcat de Benjamin a \u00e9t\u00e9 le grand incendie du 21 septembre 1941, caus\u00e9 par un court-circuit, qui a d\u00e9truit une grande partie de la Maison patriarcale de Fanari, ainsi que des meubles anciens, des vases, des \u0153uvres d'art, des reliques, des ic\u00f4nes et des manuscrits d'une valeur incalculable. Les dommages caus\u00e9s n'ont \u00e9t\u00e9 enti\u00e8rement restaur\u00e9s qu'en 1989.<\/p>\n\n\n\n<p>En 1937, le patriarche Benjamin a re\u00e7u des doctorats honorifiques des universit\u00e9s d'Ath\u00e8nes et de Thessalonique. Il est d\u00e9c\u00e9d\u00e9 le 17 f\u00e9vrier 1946 apr\u00e8s une longue maladie et a \u00e9t\u00e9 enterr\u00e9 \u00e0 Zoodochos Pigi Valouklis.<\/p>","protected":false},"excerpt":{"rendered":"<p>Benjamin (z domu Psomas lub Kyriakou, 1871 &#8211; 17 lutego 1946) by\u0142 ekumenicznym patriarch\u0105 Konstantynopola od 18 stycznia 1936 do 17 lutego 1946. Dane biograficzneUrodzi\u0142 si\u0119 rodzicom pochodzenia lesbijskiego we wsi Zeytinli (Eleonas) w prowincji Adramyttium w Azji Mniejszej w 1871 roku. Pierwszych liter nauczono go w ojczy\u017anie i w Kydonii. W 1888 roku zosta\u0142 &hellip;<\/p>","protected":false},"author":1,"featured_media":0,"comment_status":"closed","ping_status":"closed","sticky":false,"template":"","format":"standard","meta":{"footnotes":""},"categories":[1],"tags":[],"class_list":["post-2361","post","type-post","status-publish","format-standard","hentry","category-uncategorized"],"yoast_head":"<!-- This site is optimized with the Yoast SEO plugin v27.5 - https:\/\/yoast.com\/product\/yoast-seo-wordpress\/ -->\n<title>Patriarcha Benjamin - Chrystus<\/title>\n<meta name=\"description\" content=\"Benjamin (z domu Psomas lub Kyriakou, 1871 - 17 lutego 1946) by\u0142 ekumenicznym patriarch\u0105 Konstantynopola od 18 stycznia 1936 do 17 lutego 1946. Dane\" \/>\n<meta name=\"robots\" content=\"index, follow, max-snippet:-1, max-image-preview:large, max-video-preview:-1\" \/>\n<link rel=\"canonical\" href=\"https:\/\/chrystus.pl\/fr\/patriarche-benjamin\/\" \/>\n<meta property=\"og:locale\" content=\"fr_FR\" \/>\n<meta property=\"og:type\" content=\"article\" \/>\n<meta property=\"og:title\" content=\"Patriarcha Benjamin - Chrystus\" \/>\n<meta property=\"og:description\" content=\"Benjamin (z domu Psomas lub Kyriakou, 1871 - 17 lutego 1946) by\u0142 ekumenicznym patriarch\u0105 Konstantynopola od 18 stycznia 1936 do 17 lutego 1946. Dane\" \/>\n<meta property=\"og:url\" content=\"https:\/\/chrystus.pl\/fr\/patriarche-benjamin\/\" \/>\n<meta property=\"og:site_name\" content=\"Chrystus\" \/>\n<meta property=\"article:published_time\" content=\"2022-12-07T20:51:18+00:00\" \/>\n<meta property=\"article:modified_time\" content=\"2022-12-07T20:51:21+00:00\" \/>\n<meta name=\"author\" content=\"Samarytanka\" \/>\n<meta name=\"twitter:card\" content=\"summary_large_image\" \/>\n<meta name=\"twitter:label1\" content=\"\u00c9crit par\" \/>\n\t<meta name=\"twitter:data1\" content=\"Samarytanka\" \/>\n\t<meta name=\"twitter:label2\" content=\"Dur\u00e9e de lecture estim\u00e9e\" \/>\n\t<meta name=\"twitter:data2\" content=\"4 minutes\" \/>\n<!-- \/ Yoast SEO plugin. -->","yoast_head_json":{"title":"Patriarche Benjamin - Christ","description":"Benjamin (n\u00e9 Psomas ou Kyriakou, 1871 - 17 f\u00e9vrier 1946) a \u00e9t\u00e9 patriarche \u0153cum\u00e9nique de Constantinople du 18 janvier 1936 au 17 f\u00e9vrier 1946.","robots":{"index":"index","follow":"follow","max-snippet":"max-snippet:-1","max-image-preview":"max-image-preview:large","max-video-preview":"max-video-preview:-1"},"canonical":"https:\/\/chrystus.pl\/fr\/patriarche-benjamin\/","og_locale":"fr_FR","og_type":"article","og_title":"Patriarcha Benjamin - Chrystus","og_description":"Benjamin (z domu Psomas lub Kyriakou, 1871 - 17 lutego 1946) by\u0142 ekumenicznym patriarch\u0105 Konstantynopola od 18 stycznia 1936 do 17 lutego 1946. Dane","og_url":"https:\/\/chrystus.pl\/fr\/patriarche-benjamin\/","og_site_name":"Chrystus","article_published_time":"2022-12-07T20:51:18+00:00","article_modified_time":"2022-12-07T20:51:21+00:00","author":"Samarytanka","twitter_card":"summary_large_image","twitter_misc":{"\u00c9crit par":"Samarytanka","Dur\u00e9e de lecture estim\u00e9e":"4 minutes"},"schema":{"@context":"https:\/\/schema.org","@graph":[{"@type":"Article","@id":"https:\/\/chrystus.pl\/patriarcha-benjamin\/#article","isPartOf":{"@id":"https:\/\/chrystus.pl\/patriarcha-benjamin\/"},"author":{"name":"Samarytanka","@id":"https:\/\/chrystus.pl\/#\/schema\/person\/e2e742452b8b7b2bcd23ea180671d27a"},"headline":"Patriarcha Benjamin","datePublished":"2022-12-07T20:51:18+00:00","dateModified":"2022-12-07T20:51:21+00:00","mainEntityOfPage":{"@id":"https:\/\/chrystus.pl\/patriarcha-benjamin\/"},"wordCount":627,"publisher":{"@id":"https:\/\/chrystus.pl\/#organization"},"articleSection":["Uncategorized"],"inLanguage":"fr-FR"},{"@type":"WebPage","@id":"https:\/\/chrystus.pl\/patriarcha-benjamin\/","url":"https:\/\/chrystus.pl\/patriarcha-benjamin\/","name":"Patriarche Benjamin - Christ","isPartOf":{"@id":"https:\/\/chrystus.pl\/#website"},"datePublished":"2022-12-07T20:51:18+00:00","dateModified":"2022-12-07T20:51:21+00:00","description":"Benjamin (n\u00e9 Psomas ou Kyriakou, 1871 - 17 f\u00e9vrier 1946) a \u00e9t\u00e9 patriarche \u0153cum\u00e9nique de Constantinople du 18 janvier 1936 au 17 f\u00e9vrier 1946.","breadcrumb":{"@id":"https:\/\/chrystus.pl\/patriarcha-benjamin\/#breadcrumb"},"inLanguage":"fr-FR","potentialAction":[{"@type":"ReadAction","target":["https:\/\/chrystus.pl\/patriarcha-benjamin\/"]}]},{"@type":"BreadcrumbList","@id":"https:\/\/chrystus.pl\/patriarcha-benjamin\/#breadcrumb","itemListElement":[{"@type":"ListItem","position":1,"name":"Strona g\u0142\u00f3wna","item":"https:\/\/chrystus.pl\/"},{"@type":"ListItem","position":2,"name":"Patriarcha Benjamin"}]},{"@type":"WebSite","@id":"https:\/\/chrystus.pl\/#website","url":"https:\/\/chrystus.pl\/","name":"Christ","description":"Dieu, Marie, J\u00e9sus, la communion et plus encore","publisher":{"@id":"https:\/\/chrystus.pl\/#organization"},"potentialAction":[{"@type":"SearchAction","target":{"@type":"EntryPoint","urlTemplate":"https:\/\/chrystus.pl\/?s={search_term_string}"},"query-input":{"@type":"PropertyValueSpecification","valueRequired":true,"valueName":"search_term_string"}}],"inLanguage":"fr-FR"},{"@type":"Organization","@id":"https:\/\/chrystus.pl\/#organization","name":"Christ.pl","url":"https:\/\/chrystus.pl\/","logo":{"@type":"ImageObject","inLanguage":"fr-FR","@id":"https:\/\/chrystus.pl\/#\/schema\/logo\/image\/","url":"https:\/\/chrystus.pl\/wp-content\/uploads\/2019\/03\/chrystus-bog-maryja-komunia-bierzmowanie.jpg","contentUrl":"https:\/\/chrystus.pl\/wp-content\/uploads\/2019\/03\/chrystus-bog-maryja-komunia-bierzmowanie.jpg","width":1920,"height":1280,"caption":"Chrystus.pl"},"image":{"@id":"https:\/\/chrystus.pl\/#\/schema\/logo\/image\/"}},{"@type":"Person","@id":"https:\/\/chrystus.pl\/#\/schema\/person\/e2e742452b8b7b2bcd23ea180671d27a","name":"La Samaritaine"}]}},"_links":{"self":[{"href":"https:\/\/chrystus.pl\/fr\/wp-json\/wp\/v2\/posts\/2361","targetHints":{"allow":["GET"]}}],"collection":[{"href":"https:\/\/chrystus.pl\/fr\/wp-json\/wp\/v2\/posts"}],"about":[{"href":"https:\/\/chrystus.pl\/fr\/wp-json\/wp\/v2\/types\/post"}],"author":[{"embeddable":true,"href":"https:\/\/chrystus.pl\/fr\/wp-json\/wp\/v2\/users\/1"}],"replies":[{"embeddable":true,"href":"https:\/\/chrystus.pl\/fr\/wp-json\/wp\/v2\/comments?post=2361"}],"version-history":[{"count":0,"href":"https:\/\/chrystus.pl\/fr\/wp-json\/wp\/v2\/posts\/2361\/revisions"}],"wp:attachment":[{"href":"https:\/\/chrystus.pl\/fr\/wp-json\/wp\/v2\/media?parent=2361"}],"wp:term":[{"taxonomy":"category","embeddable":true,"href":"https:\/\/chrystus.pl\/fr\/wp-json\/wp\/v2\/categories?post=2361"},{"taxonomy":"post_tag","embeddable":true,"href":"https:\/\/chrystus.pl\/fr\/wp-json\/wp\/v2\/tags?post=2361"}],"curies":[{"name":"wp","href":"https:\/\/api.w.org\/{rel}","templated":true}]}}