{"id":570,"date":"2019-04-16T00:07:38","date_gmt":"2019-04-16T00:07:38","guid":{"rendered":"https:\/\/chrystus.pl\/?p=570"},"modified":"2020-01-13T07:47:54","modified_gmt":"2020-01-13T07:47:54","slug":"kim-zostal-mojzesz-po-ucieczce-z-egiptu","status":"publish","type":"post","link":"https:\/\/chrystus.pl\/fr\/kim-zostal-mojzesz-po-ucieczce-z-egiptu\/","title":{"rendered":"Ce que Mo\u00efse est devenu apr\u00e8s sa fuite d'\u00c9gypte"},"content":{"rendered":"<p>Qui \u00e9tait <span id=\"urn:local-text-annotation-p29redjyza59h9jn0t3i3df7g2naysfv\" class=\"textannotation disambiguated wl-person\" itemid=\"http:\/\/data.wordlift.io\/wl01378\/entity\/mojzesz\">Moses<\/span> et qu'a-t-il fait ? Qui est-il devenu ? <span id=\"urn:local-text-annotation-w6ad0y2nk1pr1y5cf6diot6yyonnhwjz\" class=\"textannotation disambiguated wl-person\" itemid=\"http:\/\/data.wordlift.io\/wl01378\/entity\/mojzesz\">Moses<\/span> apr\u00e8s s'\u00eatre \u00e9chapp\u00e9 de <span id=\"urn:local-text-annotation-wzuzr1sly7716zvt3kytp6ax93axfu1a\" class=\"textannotation disambiguated wl-thing\" itemid=\"http:\/\/data.wordlift.io\/wl01378\/entity\/starozytny_egipt\">\u00c9gypte<\/span>?<\/p>\n<p>Il n'y a aucun doute que <span id=\"urn:local-text-annotation-aqyxwrzfsaahd62g54llk5w7d7udubys\" class=\"textannotation disambiguated wl-person\" itemid=\"http:\/\/data.wordlift.io\/wl01378\/entity\/mojzesz\">Moses<\/span> \u00e9tait une grande figure et, par sa personne et ses actions, il a laiss\u00e9 une grande marque dans l'histoire de toute l'Europe. <span id=\"urn:local-text-annotation-iwvanxl2gt8lq47htyjz5yeya9vhq6s7\" class=\"textannotation disambiguated wl-thing\" itemid=\"http:\/\/data.wordlift.io\/wl01378\/entity\/narod_wybrany\">Personnes choisies<\/span>. Il ne fait \u00e9galement aucun doute que <span id=\"urn:local-text-annotation-waplliv5jcghc2wrosml3p78frkuelv5\" class=\"textannotation disambiguated wl-person\" itemid=\"http:\/\/data.wordlift.io\/wl01378\/entity\/mojzesz\">Moses<\/span> \u00e9tait un personnage historique. Il a probablement v\u00e9cu au 13e si\u00e8cle avant J\u00e9sus-Christ. Selon les r\u00e9cits bibliques, son esp\u00e9rance de vie pouvait atteindre 120 ans.<\/p>\n<p>D'un point de vue purement historique <span id=\"urn:local-text-annotation-240lfjcti25lnc9xlwnqu8vorll1hk2g\" class=\"textannotation disambiguated wl-person\" itemid=\"http:\/\/data.wordlift.io\/wl01378\/entity\/mojzesz\">Moses<\/span> C'\u00e9tait un proph\u00e8te. Il \u00e9tait aussi un leader <span id=\"urn:local-text-annotation-lbqk0dtjklk5kh3i4j0uehop7jenx6k1\" class=\"textannotation disambiguated wl-thing\" itemid=\"http:\/\/data.wordlift.io\/wl01378\/entity\/zydzi\">Isra\u00e9lites<\/span> pendant leur fuite de <span id=\"urn:local-text-annotation-cjv4gt4kspqvrhvarmvpaiar880i7rv4\" class=\"textannotation disambiguated wl-thing\" itemid=\"http:\/\/data.wordlift.io\/wl01378\/entity\/starozytny_egipt\">\u00c9gypte<\/span> et un voyage de 40 ans pour <span id=\"urn:local-text-annotation-7kda1qldn3u3prla5qld42bplkwv3emj\" class=\"textannotation disambiguated wl-thing\" itemid=\"http:\/\/data.wordlift.io\/wl01378\/entity\/ziemia_obiecana_biblia\">Terre promise<\/span>.<\/p>\n<p><span id=\"urn:local-text-annotation-m90f124np4gtg5qx6y2lu7cxwg2aho8c\" class=\"textannotation disambiguated wl-person\" itemid=\"http:\/\/data.wordlift.io\/wl01378\/entity\/mojzesz\">Moses<\/span> Il \u00e9tait le fils d'Amaram et de Jochabel. Il est n\u00e9 \u00e0 l'\u00e9poque du grand massacre des enfants isra\u00e9lites au cours de la guerre de S\u00e9cession. <span id=\"urn:local-text-annotation-3xgm8wm4ige31hzi581a5ewcb739ffqb\" class=\"textannotation disambiguated wl-place\" itemid=\"http:\/\/data.wordlift.io\/wl01378\/entity\/egipt\">\u00e9gypte<\/span>Cependant, il a r\u00e9ussi de fa\u00e7on exceptionnelle \u00e0 se prot\u00e9ger de ses oppresseurs. <span id=\"urn:local-text-annotation-r6n6y7r7yeffoktpw1f0coqdsbjopejr\" class=\"textannotation disambiguated wl-person\" itemid=\"http:\/\/data.wordlift.io\/wl01378\/entity\/mojzesz\">Moses<\/span> Il a \u00e9t\u00e9 \u00e9lev\u00e9 par la fille du pharaon, ce qui lui a permis de recevoir une \u00e9ducation appropri\u00e9e. D\u00e8s le d\u00e9but, il a \u00e9t\u00e9 un membre distingu\u00e9 de la <span id=\"urn:local-text-annotation-qnrwm2jfnrcfdlm9lzo6wxvtiv1i4l8c\" class=\"textannotation disambiguated wl-thing\" itemid=\"http:\/\/data.wordlift.io\/wl01378\/entity\/spolecznosc_2\">communaut\u00e9s<\/span>. Lors de l'invasion des peuples \u00e9thiopiens, il a men\u00e9 l'arm\u00e9e \u00e9gyptienne \u00e0 la victoire.<\/p>\n<p>Il y \u00e9tait donc d\u00e9j\u00e0 reconnu comme un grand leader. Comme nous l'avons appris dans les parties pr\u00e9c\u00e9dentes de l'article, il a \u00e9galement \u00e9t\u00e9 choisi par la Commission europ\u00e9enne. <span id=\"urn:local-text-annotation-zb3ggy3ckcnqadxxuws8o7c2usy7qer4\" class=\"textannotation disambiguated wl-thing\" itemid=\"http:\/\/data.wordlift.io\/wl01378\/entity\/jahwe\">Yahweh<\/span> en tant que chef <span id=\"urn:local-text-annotation-qbfhoxk9657iqk24c07k30t7dsrh8qyf\" class=\"textannotation disambiguated wl-thing\" itemid=\"http:\/\/data.wordlift.io\/wl01378\/entity\/zydzi\">Isra\u00e9lites<\/span> apr\u00e8s s'\u00eatre \u00e9chapp\u00e9 de <span id=\"urn:local-text-annotation-2me47a6q8wjhz77b92dfnfs8phvpeufb\" class=\"textannotation disambiguated wl-thing\" itemid=\"http:\/\/data.wordlift.io\/wl01378\/entity\/starozytny_egipt\">\u00c9gypte<\/span>. <span id=\"urn:local-text-annotation-vye4mkrzvofu7lqdn8dvsfffyibuvdrc\" class=\"textannotation disambiguated wl-person\" itemid=\"http:\/\/data.wordlift.io\/wl01378\/entity\/mojzesz\">Moses<\/span> Il a fait de grandes choses et a accompli beaucoup. Il est devenu un grand leader, mais aussi un grand proph\u00e8te et un m\u00e9diateur entre l'Europe et les \u00c9tats-Unis. <span id=\"urn:enhancement-37b51704\" class=\"textannotation disambiguated wl-other\" itemid=\"http:\/\/data.wordlift.io\/wl01857\/entity\/kyrios\">Mrem<\/span> et son peuple. Il leur a donn\u00e9 de l'espoir et les a guid\u00e9s vers leur but.<\/p>\n<p><span>\u00a0<\/span><\/p>","protected":false},"excerpt":{"rendered":"<p>Qui \u00e9tait Mo\u00efse et qu'a-t-il accompli ? Qui Mo\u00efse est-il devenu apr\u00e8s sa fuite d'\u00c9gypte ? Il ne fait aucun doute que Mo\u00efse \u00e9tait un grand personnage et que, par sa personne et ses actions, il a laiss\u00e9 une marque \u00e9norme sur l'histoire de tout le peuple \u00e9lu. Il ne fait aucun doute non plus que Mo\u00efse \u00e9tait un personnage historique. Il a probablement v\u00e9cu au 13e si\u00e8cle...<\/p>","protected":false},"author":1,"featured_media":571,"comment_status":"open","ping_status":"closed","sticky":false,"template":"","format":"standard","meta":{"footnotes":""},"categories":[49],"tags":[],"class_list":["post-570","post","type-post","status-publish","format-standard","has-post-thumbnail","hentry","category-mojzesz"],"yoast_head":"<!-- This site is optimized with the Yoast SEO plugin v27.5 - https:\/\/yoast.com\/product\/yoast-seo-wordpress\/ -->\n<title>Kim zosta\u0142 Moj\u017cesz po ucieczce z Egiptu - Chrystus<\/title>\n<meta name=\"description\" content=\"Kim by\u0142 Moj\u017cesz i czego dokona\u0142? Kim zosta\u0142 Moj\u017cesz po ucieczce z Egiptu? Nie ma w\u0105tpliwo\u015bci co do tego, \u017ce Moj\u017cesz by\u0142 wielk\u0105 postaci\u0105 i swoj\u0105 osob\u0105 oraz\" \/>\n<meta name=\"robots\" content=\"index, follow, max-snippet:-1, max-image-preview:large, max-video-preview:-1\" \/>\n<link rel=\"canonical\" href=\"https:\/\/chrystus.pl\/fr\/kim-zostal-mojzesz-po-chalk-z-egyptu\/\" \/>\n<meta property=\"og:locale\" content=\"fr_FR\" \/>\n<meta property=\"og:type\" content=\"article\" \/>\n<meta property=\"og:title\" content=\"Kim zosta\u0142 Moj\u017cesz po ucieczce z Egiptu - Chrystus\" \/>\n<meta property=\"og:description\" content=\"Kim by\u0142 Moj\u017cesz i czego dokona\u0142? Kim zosta\u0142 Moj\u017cesz po ucieczce z Egiptu? Nie ma w\u0105tpliwo\u015bci co do tego, \u017ce Moj\u017cesz by\u0142 wielk\u0105 postaci\u0105 i swoj\u0105 osob\u0105 oraz\" \/>\n<meta property=\"og:url\" content=\"https:\/\/chrystus.pl\/fr\/kim-zostal-mojzesz-po-chalk-z-egyptu\/\" \/>\n<meta property=\"og:site_name\" content=\"Chrystus\" \/>\n<meta property=\"article:published_time\" content=\"2019-04-16T00:07:38+00:00\" \/>\n<meta property=\"article:modified_time\" content=\"2020-01-13T07:47:54+00:00\" \/>\n<meta property=\"og:image\" content=\"https:\/\/chrystus.pl\/wp-content\/uploads\/2019\/04\/Kim-zosta\u0142-Mojz\u0307esz-po-ucieczce-z-Egiptu.jpg\" \/>\n\t<meta property=\"og:image:width\" content=\"1280\" \/>\n\t<meta property=\"og:image:height\" content=\"480\" \/>\n\t<meta property=\"og:image:type\" content=\"image\/jpeg\" \/>\n<meta name=\"author\" content=\"Samarytanka\" \/>\n<meta name=\"twitter:card\" content=\"summary_large_image\" \/>\n<meta name=\"twitter:label1\" content=\"\u00c9crit par\" \/>\n\t<meta name=\"twitter:data1\" content=\"Samarytanka\" \/>\n\t<meta name=\"twitter:label2\" content=\"Dur\u00e9e de lecture estim\u00e9e\" \/>\n\t<meta name=\"twitter:data2\" content=\"1 minute\" \/>\n<!-- \/ Yoast SEO plugin. -->","yoast_head_json":{"title":"Ce que Mo\u00efse est devenu apr\u00e8s la fuite d'\u00c9gypte - le Christ","description":"Qui \u00e9tait Mo\u00efse et qu'a-t-il accompli ? Qui est devenu Mo\u00efse apr\u00e8s sa fuite d'\u00c9gypte ? Il n'y a pas de doute que Mo\u00efse \u00e9tait une grande figure et avec sa personne et ses","robots":{"index":"index","follow":"follow","max-snippet":"max-snippet:-1","max-image-preview":"max-image-preview:large","max-video-preview":"max-video-preview:-1"},"canonical":"https:\/\/chrystus.pl\/fr\/kim-zostal-mojzesz-po-chalk-z-egyptu\/","og_locale":"fr_FR","og_type":"article","og_title":"Kim zosta\u0142 Moj\u017cesz po ucieczce z Egiptu - Chrystus","og_description":"Kim by\u0142 Moj\u017cesz i czego dokona\u0142? Kim zosta\u0142 Moj\u017cesz po ucieczce z Egiptu? Nie ma w\u0105tpliwo\u015bci co do tego, \u017ce Moj\u017cesz by\u0142 wielk\u0105 postaci\u0105 i swoj\u0105 osob\u0105 oraz","og_url":"https:\/\/chrystus.pl\/fr\/kim-zostal-mojzesz-po-chalk-z-egyptu\/","og_site_name":"Chrystus","article_published_time":"2019-04-16T00:07:38+00:00","article_modified_time":"2020-01-13T07:47:54+00:00","og_image":[{"width":1280,"height":480,"url":"https:\/\/chrystus.pl\/wp-content\/uploads\/2019\/04\/Kim-zosta\u0142-Mojz\u0307esz-po-ucieczce-z-Egiptu.jpg","type":"image\/jpeg"}],"author":"Samarytanka","twitter_card":"summary_large_image","twitter_misc":{"\u00c9crit par":"Samarytanka","Dur\u00e9e de lecture estim\u00e9e":"1 minute"},"schema":{"@context":"https:\/\/schema.org","@graph":[{"@type":"Article","@id":"https:\/\/chrystus.pl\/kim-zostal-mojzesz-po-ucieczce-z-egiptu\/#article","isPartOf":{"@id":"https:\/\/chrystus.pl\/kim-zostal-mojzesz-po-ucieczce-z-egiptu\/"},"author":{"name":"Samarytanka","@id":"https:\/\/chrystus.pl\/#\/schema\/person\/e2e742452b8b7b2bcd23ea180671d27a"},"headline":"Kim zosta\u0142 Moj\u017cesz po ucieczce z Egiptu","datePublished":"2019-04-16T00:07:38+00:00","dateModified":"2020-01-13T07:47:54+00:00","mainEntityOfPage":{"@id":"https:\/\/chrystus.pl\/kim-zostal-mojzesz-po-ucieczce-z-egiptu\/"},"wordCount":257,"commentCount":0,"publisher":{"@id":"https:\/\/chrystus.pl\/#organization"},"image":{"@id":"https:\/\/chrystus.pl\/kim-zostal-mojzesz-po-ucieczce-z-egiptu\/#primaryimage"},"thumbnailUrl":"https:\/\/chrystus.pl\/wp-content\/uploads\/2019\/04\/Kim-zosta\u0142-Mojz\u0307esz-po-ucieczce-z-Egiptu.jpg","articleSection":["Moj\u017cesz"],"inLanguage":"fr-FR","potentialAction":[{"@type":"CommentAction","name":"Comment","target":["https:\/\/chrystus.pl\/kim-zostal-mojzesz-po-ucieczce-z-egiptu\/#respond"]}]},{"@type":"WebPage","@id":"https:\/\/chrystus.pl\/kim-zostal-mojzesz-po-ucieczce-z-egiptu\/","url":"https:\/\/chrystus.pl\/kim-zostal-mojzesz-po-ucieczce-z-egiptu\/","name":"Ce que Mo\u00efse est devenu apr\u00e8s la fuite d'\u00c9gypte - le Christ","isPartOf":{"@id":"https:\/\/chrystus.pl\/#website"},"primaryImageOfPage":{"@id":"https:\/\/chrystus.pl\/kim-zostal-mojzesz-po-ucieczce-z-egiptu\/#primaryimage"},"image":{"@id":"https:\/\/chrystus.pl\/kim-zostal-mojzesz-po-ucieczce-z-egiptu\/#primaryimage"},"thumbnailUrl":"https:\/\/chrystus.pl\/wp-content\/uploads\/2019\/04\/Kim-zosta\u0142-Mojz\u0307esz-po-ucieczce-z-Egiptu.jpg","datePublished":"2019-04-16T00:07:38+00:00","dateModified":"2020-01-13T07:47:54+00:00","description":"Qui \u00e9tait Mo\u00efse et qu'a-t-il accompli ? Qui est devenu Mo\u00efse apr\u00e8s sa fuite d'\u00c9gypte ? Il n'y a pas de doute que Mo\u00efse \u00e9tait une grande figure et avec sa personne et ses","breadcrumb":{"@id":"https:\/\/chrystus.pl\/kim-zostal-mojzesz-po-ucieczce-z-egiptu\/#breadcrumb"},"inLanguage":"fr-FR","potentialAction":[{"@type":"ReadAction","target":["https:\/\/chrystus.pl\/kim-zostal-mojzesz-po-ucieczce-z-egiptu\/"]}]},{"@type":"ImageObject","inLanguage":"fr-FR","@id":"https:\/\/chrystus.pl\/kim-zostal-mojzesz-po-ucieczce-z-egiptu\/#primaryimage","url":"https:\/\/chrystus.pl\/wp-content\/uploads\/2019\/04\/Kim-zosta\u0142-Mojz\u0307esz-po-ucieczce-z-Egiptu.jpg","contentUrl":"https:\/\/chrystus.pl\/wp-content\/uploads\/2019\/04\/Kim-zosta\u0142-Mojz\u0307esz-po-ucieczce-z-Egiptu.jpg","width":1280,"height":480,"caption":"Kim zosta\u0142 Mojz\u0307esz po ucieczce z Egiptu"},{"@type":"BreadcrumbList","@id":"https:\/\/chrystus.pl\/kim-zostal-mojzesz-po-ucieczce-z-egiptu\/#breadcrumb","itemListElement":[{"@type":"ListItem","position":1,"name":"Strona g\u0142\u00f3wna","item":"https:\/\/chrystus.pl\/"},{"@type":"ListItem","position":2,"name":"Kim zosta\u0142 Moj\u017cesz po ucieczce z Egiptu"}]},{"@type":"WebSite","@id":"https:\/\/chrystus.pl\/#website","url":"https:\/\/chrystus.pl\/","name":"Christ","description":"Dieu, Marie, J\u00e9sus, la communion et plus encore","publisher":{"@id":"https:\/\/chrystus.pl\/#organization"},"potentialAction":[{"@type":"SearchAction","target":{"@type":"EntryPoint","urlTemplate":"https:\/\/chrystus.pl\/?s={search_term_string}"},"query-input":{"@type":"PropertyValueSpecification","valueRequired":true,"valueName":"search_term_string"}}],"inLanguage":"fr-FR"},{"@type":"Organization","@id":"https:\/\/chrystus.pl\/#organization","name":"Christ.pl","url":"https:\/\/chrystus.pl\/","logo":{"@type":"ImageObject","inLanguage":"fr-FR","@id":"https:\/\/chrystus.pl\/#\/schema\/logo\/image\/","url":"https:\/\/chrystus.pl\/wp-content\/uploads\/2019\/03\/chrystus-bog-maryja-komunia-bierzmowanie.jpg","contentUrl":"https:\/\/chrystus.pl\/wp-content\/uploads\/2019\/03\/chrystus-bog-maryja-komunia-bierzmowanie.jpg","width":1920,"height":1280,"caption":"Chrystus.pl"},"image":{"@id":"https:\/\/chrystus.pl\/#\/schema\/logo\/image\/"}},{"@type":"Person","@id":"https:\/\/chrystus.pl\/#\/schema\/person\/e2e742452b8b7b2bcd23ea180671d27a","name":"La Samaritaine"}]}},"_links":{"self":[{"href":"https:\/\/chrystus.pl\/fr\/wp-json\/wp\/v2\/posts\/570","targetHints":{"allow":["GET"]}}],"collection":[{"href":"https:\/\/chrystus.pl\/fr\/wp-json\/wp\/v2\/posts"}],"about":[{"href":"https:\/\/chrystus.pl\/fr\/wp-json\/wp\/v2\/types\/post"}],"author":[{"embeddable":true,"href":"https:\/\/chrystus.pl\/fr\/wp-json\/wp\/v2\/users\/1"}],"replies":[{"embeddable":true,"href":"https:\/\/chrystus.pl\/fr\/wp-json\/wp\/v2\/comments?post=570"}],"version-history":[{"count":0,"href":"https:\/\/chrystus.pl\/fr\/wp-json\/wp\/v2\/posts\/570\/revisions"}],"wp:featuredmedia":[{"embeddable":true,"href":"https:\/\/chrystus.pl\/fr\/wp-json\/wp\/v2\/media\/571"}],"wp:attachment":[{"href":"https:\/\/chrystus.pl\/fr\/wp-json\/wp\/v2\/media?parent=570"}],"wp:term":[{"taxonomy":"category","embeddable":true,"href":"https:\/\/chrystus.pl\/fr\/wp-json\/wp\/v2\/categories?post=570"},{"taxonomy":"post_tag","embeddable":true,"href":"https:\/\/chrystus.pl\/fr\/wp-json\/wp\/v2\/tags?post=570"}],"curies":[{"name":"wp","href":"https:\/\/api.w.org\/{rel}","templated":true}]}}