{"id":590,"date":"2019-06-01T11:42:57","date_gmt":"2019-06-01T11:42:57","guid":{"rendered":"https:\/\/chrystus.pl\/?p=590"},"modified":"2020-01-13T07:56:08","modified_gmt":"2020-01-13T07:56:08","slug":"co-jadl-jezus","status":"publish","type":"post","link":"https:\/\/chrystus.pl\/fr\/co-jadl-jezus\/","title":{"rendered":"Qu'a mang\u00e9 J\u00e9sus ?"},"content":{"rendered":"<p>Dans la vie de chaque chr\u00e9tien, J\u00e9sus joue un r\u00f4le particulier. Il est la figure centrale de notre <span id=\"urn:enhancement-f72669f1\" class=\"textannotation disambiguated wl-other\" itemid=\"http:\/\/data.wordlift.io\/wl01378\/entity\/wiara_chrzescijanstwo\">foi<\/span>. Chacun de nous le voit comme une figure divine, comme quelque chose de sacr\u00e9 et certainement grand et glorifi\u00e9. Parfois, cependant, il vaut la peine de se pencher sur notre <span id=\"urn:enhancement-3923702f\" class=\"textannotation disambiguated wl-other\" itemid=\"http:\/\/data.wordlift.io\/wl01857\/entity\/kyrios\">Monsieur.<\/span> de l'autre c\u00f4t\u00e9. Car malgr\u00e9 son origine divine et sa grandeur, il faut se rappeler que J\u00e9sus \u00e9tait avant tout un <span id=\"urn:enhancement-edf6a08b\" class=\"textannotation disambiguated wl-other\" itemid=\"http:\/\/data.wordlift.io\/wl01857\/entity\/czlowiek_rozumny\">homme<\/span>. Il \u00e9tait l'un des n\u00f4tres et il ne fait aucun doute que J\u00e9sus est un personnage historique. Il est une figure cr\u00e9\u00e9e \u00e0 partir <span id=\"urn:enhancement-8fe073a6\" class=\"textannotation disambiguated wl-other\" itemid=\"http:\/\/data.wordlift.io\/wl01857\/entity\/krew\"><a href=\"https:\/\/chrystus.pl\/fr\/litania-do-krwi-chrystusa\/\">sang<\/a><\/span> i <span id=\"urn:enhancement-1b68a2e\" class=\"textannotation disambiguated wl-other\" itemid=\"http:\/\/data.wordlift.io\/wl01857\/entity\/kosc\">ossements<\/span>\u00e9galement dans le sens de <span id=\"urn:enhancement-7268626a\" class=\"textannotation disambiguated wl-other\" itemid=\"http:\/\/data.wordlift.io\/wl01378\/entity\/bog\">Dieu<\/span>.<\/p>\n<p>Tout au long de sa vie sur terre, qui a d'ailleurs dur\u00e9 33 ans, J\u00e9sus s'est entour\u00e9 de <span id=\"urn:enhancement-a673656d\" class=\"textannotation disambiguated wl-other\" itemid=\"http:\/\/data.wordlift.io\/wl01857\/entity\/czlowiek_w_fantastyce\">personnes<\/span>. Il \u00e9tait leur professeur et leur guide. Mais il \u00e9tait aussi leur ami. Il \u00e9tait l'un d'entre eux. Par cons\u00e9quent, dans le contexte de son <span id=\"urn:enhancement-ee9d9475\" class=\"textannotation disambiguated wl-other\" itemid=\"http:\/\/data.wordlift.io\/wl01857\/entity\/czlowiek_rozumny\">humain<\/span> la vie sur terre doit \u00eatre consid\u00e9r\u00e9e comme une figure physique, humaine. Malgr\u00e9 sa divinit\u00e9, J\u00e9sus <span id=\"urn:enhancement-34289b8f\" class=\"textannotation disambiguated wl-other\" itemid=\"http:\/\/data.wordlift.io\/wl01857\/entity\/zyla\">veines<\/span> et mangeait comme tout le monde <span id=\"urn:enhancement-4464d49a\" class=\"textannotation disambiguated wl-other\" itemid=\"http:\/\/data.wordlift.io\/wl01857\/entity\/czlowiek_rozumny\">homme<\/span>. Que mangeait J\u00e9sus ? Le r\u00e9gime alimentaire de J\u00e9sus est largement li\u00e9 \u00e0 l'\u00e9poque et au lieu o\u00f9 il a v\u00e9cu. <span id=\"urn:enhancement-d8458acf\" class=\"textannotation disambiguated wl-other\" itemid=\"http:\/\/data.wordlift.io\/wl01857\/entity\/zyla\">veines<\/span>. Il s'agissait donc probablement d'un r\u00e9gime m\u00e9diterran\u00e9en. Nous pouvons inclure du pain aux c\u00e9r\u00e9ales et de l'eau de source pure.<\/p>\n<p>Il a probablement consomm\u00e9 beaucoup de fruits tels que des raisins noirs et clairs, des agrumes ou des figues, par exemple. Le r\u00e9gime alimentaire de J\u00e9sus \u00e9tait probablement aussi riche en de nombreuses esp\u00e8ces d'insectes. <span id=\"urn:enhancement-18b83149\" class=\"textannotation disambiguated wl-other\" itemid=\"http:\/\/data.wordlift.io\/wl01857\/entity\/ryby\">poisson<\/span>qui peut \u00eatre frit ou grill\u00e9. Le r\u00e9gime alimentaire comprenait certainement de grandes quantit\u00e9s de <span id=\"urn:enhancement-ded2c8cc\" class=\"textannotation disambiguated wl-other\" itemid=\"http:\/\/data.wordlift.io\/wl01378\/entity\/rosliny\">plantes<\/span> l\u00e9gumineuses telles que les pois chiches, les haricots et les <span id=\"urn:enhancement-cd4a104\" class=\"textannotation disambiguated wl-other\" itemid=\"http:\/\/data.wordlift.io\/wl01857\/entity\/soczewica_jadalna\">lentilles<\/span>.<\/p>","protected":false},"excerpt":{"rendered":"<p>Dans la vie de chaque chr\u00e9tien, J\u00e9sus joue un r\u00f4le particulier. Il est la figure centrale de notre foi. Chacun d'entre nous le voit comme une figure divine, comme quelque chose de sanctifi\u00e9 et certainement de grand et de glorifi\u00e9. Parfois, cependant, il vaut la peine de regarder notre Seigneur de l'autre c\u00f4t\u00e9. En effet, malgr\u00e9 son origine divine et sa grandeur, il est important de se rappeler que J\u00e9sus \u00e9tait avant tout ...<\/p>","protected":false},"author":1,"featured_media":591,"comment_status":"open","ping_status":"closed","sticky":false,"template":"","format":"standard","meta":{"footnotes":""},"categories":[52],"tags":[],"class_list":["post-590","post","type-post","status-publish","format-standard","has-post-thumbnail","hentry","category-jezus"],"yoast_head":"<!-- This site is optimized with the Yoast SEO plugin v27.4 - https:\/\/yoast.com\/product\/yoast-seo-wordpress\/ -->\n<title>Co Jad\u0142 Jezus? - Chrystus<\/title>\n<meta name=\"description\" content=\"W \u017cyciu ka\u017cdego chrze\u015bcijanina Jezus odgrywa szczeg\u00f3ln\u0105 rol\u0119. Jest On postaci\u0105 centraln\u0105 naszej wiary. Ka\u017cdy z nas postrzega Go jako posta\u0107 Bosk\u0105, jako\" \/>\n<meta name=\"robots\" content=\"index, follow, max-snippet:-1, max-image-preview:large, max-video-preview:-1\" \/>\n<link rel=\"canonical\" href=\"https:\/\/chrystus.pl\/fr\/co-jadl-jezus\/\" \/>\n<meta property=\"og:locale\" content=\"fr_FR\" \/>\n<meta property=\"og:type\" content=\"article\" \/>\n<meta property=\"og:title\" content=\"Co Jad\u0142 Jezus? - Chrystus\" \/>\n<meta property=\"og:description\" content=\"W \u017cyciu ka\u017cdego chrze\u015bcijanina Jezus odgrywa szczeg\u00f3ln\u0105 rol\u0119. Jest On postaci\u0105 centraln\u0105 naszej wiary. Ka\u017cdy z nas postrzega Go jako posta\u0107 Bosk\u0105, jako\" \/>\n<meta property=\"og:url\" content=\"https:\/\/chrystus.pl\/fr\/co-jadl-jezus\/\" \/>\n<meta property=\"og:site_name\" content=\"Chrystus\" \/>\n<meta property=\"article:published_time\" content=\"2019-06-01T11:42:57+00:00\" \/>\n<meta property=\"article:modified_time\" content=\"2020-01-13T07:56:08+00:00\" \/>\n<meta property=\"og:image\" content=\"https:\/\/chrystus.pl\/wp-content\/uploads\/2019\/06\/Co-Jadl-Jezus.jpg\" \/>\n\t<meta property=\"og:image:width\" content=\"640\" \/>\n\t<meta property=\"og:image:height\" content=\"426\" \/>\n\t<meta property=\"og:image:type\" content=\"image\/jpeg\" \/>\n<meta name=\"author\" content=\"Samarytanka\" \/>\n<meta name=\"twitter:card\" content=\"summary_large_image\" \/>\n<meta name=\"twitter:label1\" content=\"\u00c9crit par\" \/>\n\t<meta name=\"twitter:data1\" content=\"Samarytanka\" \/>\n\t<meta name=\"twitter:label2\" content=\"Dur\u00e9e de lecture estim\u00e9e\" \/>\n\t<meta name=\"twitter:data2\" content=\"1 minute\" \/>\n<!-- \/ Yoast SEO plugin. -->","yoast_head_json":{"title":"Qu'a mang\u00e9 J\u00e9sus ? - Le Christ","description":"Dans la vie de chaque chr\u00e9tien, J\u00e9sus joue un r\u00f4le particulier. Il est la figure centrale de notre foi. Chacun d'entre nous le voit comme une figure divine, comme un","robots":{"index":"index","follow":"follow","max-snippet":"max-snippet:-1","max-image-preview":"max-image-preview:large","max-video-preview":"max-video-preview:-1"},"canonical":"https:\/\/chrystus.pl\/fr\/co-jadl-jezus\/","og_locale":"fr_FR","og_type":"article","og_title":"Co Jad\u0142 Jezus? - Chrystus","og_description":"W \u017cyciu ka\u017cdego chrze\u015bcijanina Jezus odgrywa szczeg\u00f3ln\u0105 rol\u0119. Jest On postaci\u0105 centraln\u0105 naszej wiary. Ka\u017cdy z nas postrzega Go jako posta\u0107 Bosk\u0105, jako","og_url":"https:\/\/chrystus.pl\/fr\/co-jadl-jezus\/","og_site_name":"Chrystus","article_published_time":"2019-06-01T11:42:57+00:00","article_modified_time":"2020-01-13T07:56:08+00:00","og_image":[{"width":640,"height":426,"url":"https:\/\/chrystus.pl\/wp-content\/uploads\/2019\/06\/Co-Jadl-Jezus.jpg","type":"image\/jpeg"}],"author":"Samarytanka","twitter_card":"summary_large_image","twitter_misc":{"\u00c9crit par":"Samarytanka","Dur\u00e9e de lecture estim\u00e9e":"1 minute"},"schema":{"@context":"https:\/\/schema.org","@graph":[{"@type":"Article","@id":"https:\/\/chrystus.pl\/co-jadl-jezus\/#article","isPartOf":{"@id":"https:\/\/chrystus.pl\/co-jadl-jezus\/"},"author":{"name":"Samarytanka","@id":"https:\/\/chrystus.pl\/#\/schema\/person\/e2e742452b8b7b2bcd23ea180671d27a"},"headline":"Co Jad\u0142 Jezus?","datePublished":"2019-06-01T11:42:57+00:00","dateModified":"2020-01-13T07:56:08+00:00","mainEntityOfPage":{"@id":"https:\/\/chrystus.pl\/co-jadl-jezus\/"},"wordCount":284,"commentCount":0,"publisher":{"@id":"https:\/\/chrystus.pl\/#organization"},"image":{"@id":"https:\/\/chrystus.pl\/co-jadl-jezus\/#primaryimage"},"thumbnailUrl":"https:\/\/chrystus.pl\/wp-content\/uploads\/2019\/06\/Co-Jadl-Jezus.jpg","articleSection":["Jezus"],"inLanguage":"fr-FR","potentialAction":[{"@type":"CommentAction","name":"Comment","target":["https:\/\/chrystus.pl\/co-jadl-jezus\/#respond"]}]},{"@type":"WebPage","@id":"https:\/\/chrystus.pl\/co-jadl-jezus\/","url":"https:\/\/chrystus.pl\/co-jadl-jezus\/","name":"Qu'a mang\u00e9 J\u00e9sus ? - Le Christ","isPartOf":{"@id":"https:\/\/chrystus.pl\/#website"},"primaryImageOfPage":{"@id":"https:\/\/chrystus.pl\/co-jadl-jezus\/#primaryimage"},"image":{"@id":"https:\/\/chrystus.pl\/co-jadl-jezus\/#primaryimage"},"thumbnailUrl":"https:\/\/chrystus.pl\/wp-content\/uploads\/2019\/06\/Co-Jadl-Jezus.jpg","datePublished":"2019-06-01T11:42:57+00:00","dateModified":"2020-01-13T07:56:08+00:00","description":"Dans la vie de chaque chr\u00e9tien, J\u00e9sus joue un r\u00f4le particulier. Il est la figure centrale de notre foi. Chacun d'entre nous le voit comme une figure divine, comme un","breadcrumb":{"@id":"https:\/\/chrystus.pl\/co-jadl-jezus\/#breadcrumb"},"inLanguage":"fr-FR","potentialAction":[{"@type":"ReadAction","target":["https:\/\/chrystus.pl\/co-jadl-jezus\/"]}]},{"@type":"ImageObject","inLanguage":"fr-FR","@id":"https:\/\/chrystus.pl\/co-jadl-jezus\/#primaryimage","url":"https:\/\/chrystus.pl\/wp-content\/uploads\/2019\/06\/Co-Jadl-Jezus.jpg","contentUrl":"https:\/\/chrystus.pl\/wp-content\/uploads\/2019\/06\/Co-Jadl-Jezus.jpg","width":640,"height":426,"caption":"Co-Jadl-Jezus"},{"@type":"BreadcrumbList","@id":"https:\/\/chrystus.pl\/co-jadl-jezus\/#breadcrumb","itemListElement":[{"@type":"ListItem","position":1,"name":"Strona g\u0142\u00f3wna","item":"https:\/\/chrystus.pl\/"},{"@type":"ListItem","position":2,"name":"Co Jad\u0142 Jezus?"}]},{"@type":"WebSite","@id":"https:\/\/chrystus.pl\/#website","url":"https:\/\/chrystus.pl\/","name":"Christ","description":"Dieu, Marie, J\u00e9sus, la communion et plus encore","publisher":{"@id":"https:\/\/chrystus.pl\/#organization"},"potentialAction":[{"@type":"SearchAction","target":{"@type":"EntryPoint","urlTemplate":"https:\/\/chrystus.pl\/?s={search_term_string}"},"query-input":{"@type":"PropertyValueSpecification","valueRequired":true,"valueName":"search_term_string"}}],"inLanguage":"fr-FR"},{"@type":"Organization","@id":"https:\/\/chrystus.pl\/#organization","name":"Christ.pl","url":"https:\/\/chrystus.pl\/","logo":{"@type":"ImageObject","inLanguage":"fr-FR","@id":"https:\/\/chrystus.pl\/#\/schema\/logo\/image\/","url":"https:\/\/chrystus.pl\/wp-content\/uploads\/2019\/03\/chrystus-bog-maryja-komunia-bierzmowanie.jpg","contentUrl":"https:\/\/chrystus.pl\/wp-content\/uploads\/2019\/03\/chrystus-bog-maryja-komunia-bierzmowanie.jpg","width":1920,"height":1280,"caption":"Chrystus.pl"},"image":{"@id":"https:\/\/chrystus.pl\/#\/schema\/logo\/image\/"}},{"@type":"Person","@id":"https:\/\/chrystus.pl\/#\/schema\/person\/e2e742452b8b7b2bcd23ea180671d27a","name":"La Samaritaine"}]}},"_links":{"self":[{"href":"https:\/\/chrystus.pl\/fr\/wp-json\/wp\/v2\/posts\/590","targetHints":{"allow":["GET"]}}],"collection":[{"href":"https:\/\/chrystus.pl\/fr\/wp-json\/wp\/v2\/posts"}],"about":[{"href":"https:\/\/chrystus.pl\/fr\/wp-json\/wp\/v2\/types\/post"}],"author":[{"embeddable":true,"href":"https:\/\/chrystus.pl\/fr\/wp-json\/wp\/v2\/users\/1"}],"replies":[{"embeddable":true,"href":"https:\/\/chrystus.pl\/fr\/wp-json\/wp\/v2\/comments?post=590"}],"version-history":[{"count":0,"href":"https:\/\/chrystus.pl\/fr\/wp-json\/wp\/v2\/posts\/590\/revisions"}],"wp:featuredmedia":[{"embeddable":true,"href":"https:\/\/chrystus.pl\/fr\/wp-json\/wp\/v2\/media\/591"}],"wp:attachment":[{"href":"https:\/\/chrystus.pl\/fr\/wp-json\/wp\/v2\/media?parent=590"}],"wp:term":[{"taxonomy":"category","embeddable":true,"href":"https:\/\/chrystus.pl\/fr\/wp-json\/wp\/v2\/categories?post=590"},{"taxonomy":"post_tag","embeddable":true,"href":"https:\/\/chrystus.pl\/fr\/wp-json\/wp\/v2\/tags?post=590"}],"curies":[{"name":"wp","href":"https:\/\/api.w.org\/{rel}","templated":true}]}}