{"id":1282,"date":"2020-01-14T21:20:45","date_gmt":"2020-01-14T21:20:45","guid":{"rendered":"https:\/\/chrystus.pl\/?p=1282"},"modified":"2020-01-14T21:20:45","modified_gmt":"2020-01-14T21:20:45","slug":"jak-zrobic-kartke-swiateczna-na-wielkanoc","status":"publish","type":"post","link":"https:\/\/chrystus.pl\/hu\/jak-zrobic-kartke-swiateczna-na-wielkanoc\/","title":{"rendered":"Hogyan k\u00e9sz\u00edts\u00fcnk kar\u00e1csonyi k\u00e1rty\u00e1t h\u00fasv\u00e9tra\u00a0"},"content":{"rendered":"<p>Hogyan k\u00e9sz\u00edts\u00fcnk kar\u00e1csonyi \u00fcdv\u00f6zl\u0151lapot h\u00fasv\u00e9tra?<\/p>\n<p>A h\u00fasv\u00e9t k\u00fcl\u00f6nleges id\u0151szak minden kereszt\u00e9ny \u00e9let\u00e9ben. Ez az elm\u00e9lked\u00e9s \u00e9s ugyanakkor a nagy \u00f6r\u00f6m ideje. \u00c9rdemes teh\u00e1t egy pillanatra meg\u00e1llni, \u00e9s elgondolkodni a saj\u00e1t \u00e9s szeretteink \u00e9let\u00e9n. T\u00f6k\u00e9letes alkalom arra, hogy kapcsolatba l\u00e9pj\u00fcnk a csal\u00e1ddal vagy a hozz\u00e1nk k\u00f6zel \u00e1ll\u00f3 emberekkel, akiknek a kapcsolata id\u0151hi\u00e1ny vagy a k\u00f6zt\u00fcnk l\u00e9v\u0151 t\u00e1vols\u00e1g miatt megszakadt. Ebben az esetben nagyon j\u00f3 \u00f6tlet, ha h\u00fasv\u00e9ti k\u00e9peslapokat k\u00fcld\u00fcnk bar\u00e1tainknak \u00e9s rokonainknak.<\/p>\n<p>Amint itt m\u00e1r sokszor eml\u00edtett\u00fck, a h\u00fasv\u00e9t az \u00e9let \u00fajj\u00e1sz\u00fclet\u00e9s\u00e9nek szimb\u00f3luma. Ez a tavasz is, amikor minden fel\u00e9bred \u00e9s sz\u00edness\u00e9 v\u00e1lik. Ez\u00e9rt minden h\u00fasv\u00e9ti dekor\u00e1ci\u00f3nak \u00e9s a h\u00fasv\u00e9ti k\u00e1rty\u00e1knak is a vibr\u00e1l\u00f3 sz\u00edneknek kell a t\u00e9m\u00e1ja lenni\u00fck. Tele kell lenni\u00fck \u00e9lettel \u00e9s \u00f6r\u00f6mmel. Szem\u00e9lyes preferenci\u00e1kt\u00f3l f\u00fcgg\u0151en v\u00e1laszthatunk sok k\u00fcl\u00f6nb\u00f6z\u0151, kontrasztos sz\u00ednt, vagy egyetlen vez\u00e9rsz\u00ednt \u00e9s annak k\u00fcl\u00f6nb\u00f6z\u0151 \u00e1rnyalatait. A legt\u00f6bb h\u00fasv\u00e9ti k\u00e1rtya a h\u00fasv\u00e9ti toj\u00e1shoz kapcsol\u00f3dik. Itt szabad teret engedhet\u00fcnk kreat\u00edv fant\u00e1zi\u00e1nknak, hiszen minden toj\u00e1s m\u00e1sk\u00e9pp n\u00e9zhet ki. A toj\u00e1sok azonban ne foglalj\u00e1k el a k\u00e1rtya teljes fel\u00fclet\u00e9t, hanem csak kieg\u00e9sz\u00edt\u0151 mot\u00edvumk\u00e9nt szolg\u00e1ljanak. Ne feledj\u00fck, hogy hagyjunk helyet a h\u00fasv\u00e9ti j\u00f3k\u00edv\u00e1ns\u00e1goknak, amelyek sz\u00e9pen beleolvadnak majd a rajzunkba.<\/p>","protected":false},"excerpt":{"rendered":"<p>Hogyan k\u00e9sz\u00edts\u00fcnk kar\u00e1csonyi \u00fcdv\u00f6zl\u0151lapot h\u00fasv\u00e9tra? A h\u00fasv\u00e9t k\u00fcl\u00f6nleges id\u0151szak minden kereszt\u00e9ny \u00e9let\u00e9ben. Az elm\u00e9lked\u00e9s \u00e9s ugyanakkor a nagy \u00f6r\u00f6m ideje. \u00c9rdemes teh\u00e1t egy pillanatra meg\u00e1llni \u00e9s elgondolkodni a saj\u00e1t \u00e9s szeretteink \u00e9let\u00e9n. T\u00f6k\u00e9letes alkalom arra, hogy felvegy\u00fck a kapcsolatot a t\u00e1gabb csal\u00e1ddal, vagy olyan hozz\u00e1nk k\u00f6zel \u00e1ll\u00f3 emberekkel, akikkel a kapcsolat ...<\/p>","protected":false},"author":1,"featured_media":1283,"comment_status":"open","ping_status":"closed","sticky":false,"template":"","format":"standard","meta":{"footnotes":""},"categories":[53],"tags":[],"class_list":["post-1282","post","type-post","status-publish","format-standard","has-post-thumbnail","hentry","category-wielkanoc"],"yoast_head":"<!-- This site is optimized with the Yoast SEO plugin v27.5 - https:\/\/yoast.com\/product\/yoast-seo-wordpress\/ -->\n<title>Jak zrobic kartke swiateczna na Wielkanoc\u00a0 - Chrystus<\/title>\n<meta name=\"description\" content=\"Jak zrobi\u0107 kartk\u0119 \u015bwi\u0105teczn\u0105 na wielkanoc? Wielkanoc jest to szczeg\u00f3lny czas w \u017cyciu ka\u017cdego chrze\u015bcijanina. Jest to czas zadumy, a jednocze\u015bnie wielkiej\" \/>\n<meta name=\"robots\" content=\"index, follow, max-snippet:-1, max-image-preview:large, max-video-preview:-1\" \/>\n<link rel=\"canonical\" href=\"https:\/\/chrystus.pl\/hu\/hogyan-keszitsunk-karacsonyi-kepeslapot-husvetra-2\/\" \/>\n<meta property=\"og:locale\" content=\"hu_HU\" \/>\n<meta property=\"og:type\" content=\"article\" \/>\n<meta property=\"og:title\" content=\"Jak zrobic kartke swiateczna na Wielkanoc\u00a0 - Chrystus\" \/>\n<meta property=\"og:description\" content=\"Jak zrobi\u0107 kartk\u0119 \u015bwi\u0105teczn\u0105 na wielkanoc? Wielkanoc jest to szczeg\u00f3lny czas w \u017cyciu ka\u017cdego chrze\u015bcijanina. Jest to czas zadumy, a jednocze\u015bnie wielkiej\" \/>\n<meta property=\"og:url\" content=\"https:\/\/chrystus.pl\/hu\/hogyan-keszitsunk-karacsonyi-kepeslapot-husvetra-2\/\" \/>\n<meta property=\"og:site_name\" content=\"Chrystus\" \/>\n<meta property=\"article:published_time\" content=\"2020-01-14T21:20:45+00:00\" \/>\n<meta property=\"og:image\" content=\"https:\/\/chrystus.pl\/wp-content\/uploads\/2020\/01\/jak-zrobic-kartke-swiateczna-na-wielkanoc.jpg\" \/>\n\t<meta property=\"og:image:width\" content=\"640\" \/>\n\t<meta property=\"og:image:height\" content=\"426\" \/>\n\t<meta property=\"og:image:type\" content=\"image\/jpeg\" \/>\n<meta name=\"author\" content=\"Samarytanka\" \/>\n<meta name=\"twitter:card\" content=\"summary_large_image\" \/>\n<meta name=\"twitter:label1\" content=\"Szerz\u0151:\" \/>\n\t<meta name=\"twitter:data1\" content=\"Samarytanka\" \/>\n\t<meta name=\"twitter:label2\" content=\"Becs\u00fclt olvas\u00e1si id\u0151\" \/>\n\t<meta name=\"twitter:data2\" content=\"1 perc\" \/>\n<!-- \/ Yoast SEO plugin. -->","yoast_head_json":{"title":"Hogyan k\u00e9sz\u00edts\u00fcnk kar\u00e1csonyi \u00fcdv\u00f6zl\u0151lapot h\u00fasv\u00e9tra - Christ","description":"Hogyan k\u00e9sz\u00edts\u00fcnk kar\u00e1csonyi \u00fcdv\u00f6zl\u0151lapot h\u00fasv\u00e9tra? A h\u00fasv\u00e9t k\u00fcl\u00f6nleges id\u0151szak minden kereszt\u00e9ny \u00e9let\u00e9ben. Ez az elm\u00e9lked\u00e9s ideje, ugyanakkor a nagyszer\u0171","robots":{"index":"index","follow":"follow","max-snippet":"max-snippet:-1","max-image-preview":"max-image-preview:large","max-video-preview":"max-video-preview:-1"},"canonical":"https:\/\/chrystus.pl\/hu\/hogyan-keszitsunk-karacsonyi-kepeslapot-husvetra-2\/","og_locale":"hu_HU","og_type":"article","og_title":"Jak zrobic kartke swiateczna na Wielkanoc\u00a0 - Chrystus","og_description":"Jak zrobi\u0107 kartk\u0119 \u015bwi\u0105teczn\u0105 na wielkanoc? Wielkanoc jest to szczeg\u00f3lny czas w \u017cyciu ka\u017cdego chrze\u015bcijanina. Jest to czas zadumy, a jednocze\u015bnie wielkiej","og_url":"https:\/\/chrystus.pl\/hu\/hogyan-keszitsunk-karacsonyi-kepeslapot-husvetra-2\/","og_site_name":"Chrystus","article_published_time":"2020-01-14T21:20:45+00:00","og_image":[{"width":640,"height":426,"url":"https:\/\/chrystus.pl\/wp-content\/uploads\/2020\/01\/jak-zrobic-kartke-swiateczna-na-wielkanoc.jpg","type":"image\/jpeg"}],"author":"Samarytanka","twitter_card":"summary_large_image","twitter_misc":{"Szerz\u0151:":"Samarytanka","Becs\u00fclt olvas\u00e1si id\u0151":"1 perc"},"schema":{"@context":"https:\/\/schema.org","@graph":[{"@type":"Article","@id":"https:\/\/chrystus.pl\/jak-zrobic-kartke-swiateczna-na-wielkanoc\/#article","isPartOf":{"@id":"https:\/\/chrystus.pl\/jak-zrobic-kartke-swiateczna-na-wielkanoc\/"},"author":{"name":"Samarytanka","@id":"https:\/\/chrystus.pl\/#\/schema\/person\/e2e742452b8b7b2bcd23ea180671d27a"},"headline":"Jak zrobic kartke swiateczna na Wielkanoc\u00a0","datePublished":"2020-01-14T21:20:45+00:00","mainEntityOfPage":{"@id":"https:\/\/chrystus.pl\/jak-zrobic-kartke-swiateczna-na-wielkanoc\/"},"wordCount":257,"commentCount":0,"publisher":{"@id":"https:\/\/chrystus.pl\/#organization"},"image":{"@id":"https:\/\/chrystus.pl\/jak-zrobic-kartke-swiateczna-na-wielkanoc\/#primaryimage"},"thumbnailUrl":"https:\/\/chrystus.pl\/wp-content\/uploads\/2020\/01\/jak-zrobic-kartke-swiateczna-na-wielkanoc.jpg","articleSection":["Wielkanoc"],"inLanguage":"hu","potentialAction":[{"@type":"CommentAction","name":"Comment","target":["https:\/\/chrystus.pl\/jak-zrobic-kartke-swiateczna-na-wielkanoc\/#respond"]}]},{"@type":"WebPage","@id":"https:\/\/chrystus.pl\/jak-zrobic-kartke-swiateczna-na-wielkanoc\/","url":"https:\/\/chrystus.pl\/jak-zrobic-kartke-swiateczna-na-wielkanoc\/","name":"Hogyan k\u00e9sz\u00edts\u00fcnk kar\u00e1csonyi \u00fcdv\u00f6zl\u0151lapot h\u00fasv\u00e9tra - Christ","isPartOf":{"@id":"https:\/\/chrystus.pl\/#website"},"primaryImageOfPage":{"@id":"https:\/\/chrystus.pl\/jak-zrobic-kartke-swiateczna-na-wielkanoc\/#primaryimage"},"image":{"@id":"https:\/\/chrystus.pl\/jak-zrobic-kartke-swiateczna-na-wielkanoc\/#primaryimage"},"thumbnailUrl":"https:\/\/chrystus.pl\/wp-content\/uploads\/2020\/01\/jak-zrobic-kartke-swiateczna-na-wielkanoc.jpg","datePublished":"2020-01-14T21:20:45+00:00","description":"Hogyan k\u00e9sz\u00edts\u00fcnk kar\u00e1csonyi \u00fcdv\u00f6zl\u0151lapot h\u00fasv\u00e9tra? A h\u00fasv\u00e9t k\u00fcl\u00f6nleges id\u0151szak minden kereszt\u00e9ny \u00e9let\u00e9ben. Ez az elm\u00e9lked\u00e9s ideje, ugyanakkor a nagyszer\u0171","breadcrumb":{"@id":"https:\/\/chrystus.pl\/jak-zrobic-kartke-swiateczna-na-wielkanoc\/#breadcrumb"},"inLanguage":"hu","potentialAction":[{"@type":"ReadAction","target":["https:\/\/chrystus.pl\/jak-zrobic-kartke-swiateczna-na-wielkanoc\/"]}]},{"@type":"ImageObject","inLanguage":"hu","@id":"https:\/\/chrystus.pl\/jak-zrobic-kartke-swiateczna-na-wielkanoc\/#primaryimage","url":"https:\/\/chrystus.pl\/wp-content\/uploads\/2020\/01\/jak-zrobic-kartke-swiateczna-na-wielkanoc.jpg","contentUrl":"https:\/\/chrystus.pl\/wp-content\/uploads\/2020\/01\/jak-zrobic-kartke-swiateczna-na-wielkanoc.jpg","width":640,"height":426,"caption":"jak zrobic kartke swiateczna na wielkanoc\u00a0"},{"@type":"BreadcrumbList","@id":"https:\/\/chrystus.pl\/jak-zrobic-kartke-swiateczna-na-wielkanoc\/#breadcrumb","itemListElement":[{"@type":"ListItem","position":1,"name":"Strona g\u0142\u00f3wna","item":"https:\/\/chrystus.pl\/"},{"@type":"ListItem","position":2,"name":"Jak zrobic kartke swiateczna na Wielkanoc\u00a0"}]},{"@type":"WebSite","@id":"https:\/\/chrystus.pl\/#website","url":"https:\/\/chrystus.pl\/","name":"Krisztus","description":"Isten, M\u00e1ria, J\u00e9zus, \u00e1ldoz\u00e1s \u00e9s m\u00e9g sok minden m\u00e1s.","publisher":{"@id":"https:\/\/chrystus.pl\/#organization"},"potentialAction":[{"@type":"SearchAction","target":{"@type":"EntryPoint","urlTemplate":"https:\/\/chrystus.pl\/?s={search_term_string}"},"query-input":{"@type":"PropertyValueSpecification","valueRequired":true,"valueName":"search_term_string"}}],"inLanguage":"hu"},{"@type":"Organization","@id":"https:\/\/chrystus.pl\/#organization","name":"Christ.pl","url":"https:\/\/chrystus.pl\/","logo":{"@type":"ImageObject","inLanguage":"hu","@id":"https:\/\/chrystus.pl\/#\/schema\/logo\/image\/","url":"https:\/\/chrystus.pl\/wp-content\/uploads\/2019\/03\/chrystus-bog-maryja-komunia-bierzmowanie.jpg","contentUrl":"https:\/\/chrystus.pl\/wp-content\/uploads\/2019\/03\/chrystus-bog-maryja-komunia-bierzmowanie.jpg","width":1920,"height":1280,"caption":"Chrystus.pl"},"image":{"@id":"https:\/\/chrystus.pl\/#\/schema\/logo\/image\/"}},{"@type":"Person","@id":"https:\/\/chrystus.pl\/#\/schema\/person\/e2e742452b8b7b2bcd23ea180671d27a","name":"Szamarit\u00e1nus n\u0151"}]}},"_links":{"self":[{"href":"https:\/\/chrystus.pl\/hu\/wp-json\/wp\/v2\/posts\/1282","targetHints":{"allow":["GET"]}}],"collection":[{"href":"https:\/\/chrystus.pl\/hu\/wp-json\/wp\/v2\/posts"}],"about":[{"href":"https:\/\/chrystus.pl\/hu\/wp-json\/wp\/v2\/types\/post"}],"author":[{"embeddable":true,"href":"https:\/\/chrystus.pl\/hu\/wp-json\/wp\/v2\/users\/1"}],"replies":[{"embeddable":true,"href":"https:\/\/chrystus.pl\/hu\/wp-json\/wp\/v2\/comments?post=1282"}],"version-history":[{"count":0,"href":"https:\/\/chrystus.pl\/hu\/wp-json\/wp\/v2\/posts\/1282\/revisions"}],"wp:featuredmedia":[{"embeddable":true,"href":"https:\/\/chrystus.pl\/hu\/wp-json\/wp\/v2\/media\/1283"}],"wp:attachment":[{"href":"https:\/\/chrystus.pl\/hu\/wp-json\/wp\/v2\/media?parent=1282"}],"wp:term":[{"taxonomy":"category","embeddable":true,"href":"https:\/\/chrystus.pl\/hu\/wp-json\/wp\/v2\/categories?post=1282"},{"taxonomy":"post_tag","embeddable":true,"href":"https:\/\/chrystus.pl\/hu\/wp-json\/wp\/v2\/tags?post=1282"}],"curies":[{"name":"wp","href":"https:\/\/api.w.org\/{rel}","templated":true}]}}