{"id":1414,"date":"2020-03-30T22:01:53","date_gmt":"2020-03-30T22:01:53","guid":{"rendered":"https:\/\/chrystus.pl\/?p=1414"},"modified":"2020-04-29T19:53:44","modified_gmt":"2020-04-29T19:53:44","slug":"co-jest-gorsze-niz-pieklo","status":"publish","type":"post","link":"https:\/\/chrystus.pl\/hu\/co-jest-gorsze-niz-pieklo\/","title":{"rendered":"Mi rosszabb a pokoln\u00e1l?"},"content":{"rendered":"<p><span>Co jest gorsze ni\u017c <a href=\"https:\/\/chrystus.pl\/hu\/jak-wyglada-pieklo-2\/\">pokol<\/a>? Jest to dosy\u0107 nurtuj\u0105ce pytanie, poniewa\u017c w religii chrze\u015bcija\u0144skiej piek\u0142o jest ostatecznym stanem pot\u0119pienia i czy mo\u017ce istnie\u0107 co\u015b co jest gorsze ni\u017c piek\u0142o? Na wielu dzie\u0142ach sztuki, w wielu przekazach i w og\u00f3lnej \u015bwiadomo\u015bci, piek\u0142o jest obrazowane jako miejsce cierpienia fizycznego, w kt\u00f3rym cz\u0142owiek napotyka ogromne m\u0119czarnie, powodowane g\u0142\u00f3wnie przez ogie\u0144 piekielny. <\/span><\/p>\n<p><span>Ha \u00edgy k\u00e9pzelj\u00fck el a poklot, \u00fagy t\u0171nhet, hogy vannak a pokoln\u00e1l rosszabb dolgok is. Mindannyiunknak van egy \u0151si f\u00e9lelme a fizikai szenved\u00e9st\u0151l, \u00e9s hat\u00e1rozottan el tudjuk k\u00e9pzelni, milyen szenved\u00e9sek \u00e9rhetnek minket. De ha teljesen m\u00e1s szemsz\u00f6gb\u0151l n\u00e9zz\u00fck a dolgot, \u00e9s a poklot az \u00f6r\u00f6k k\u00e1rhozat \u00e1llapotak\u00e9nt k\u00e9pzelj\u00fck el, \u00e9s val\u00f3j\u00e1ban a lelk\u00fcnk szenved\u00e9seit, amelyeknek kev\u00e9s k\u00f6ze van a fizikai szenved\u00e9shez, akkor tal\u00e1n neh\u00e9z elk\u00e9pzelni nagyobb f\u00e1jdalmat \u00e9s rosszabb \u00e1llapotot. <\/span><\/p>\n<p><span>To mistyczne miejsce, w kt\u00f3rym przebywaj\u0105 dusze zmar\u0142ych za pope\u0142nione w \u017cyciu doczesnym grzechy jest najgorszym miejscem, do kt\u00f3rego dusza mo\u017ce trafi\u0107. Nie ma wi\u0119c nic, co mog\u0142oby by\u0107 gorsze ni\u017c piek\u0142o. Jest to miejsce ostatecznej kary za grzechy, w kt\u00f3rym znajduj\u0105 si\u0119 wszystkie dusze cierpi\u0105ce. Piek\u0142o jest stanem przekraczaj\u0105cym nasze ludzkie rozumienie, dlatego te\u017c nie jeste\u015bmy sobie w stanie wyobrazi\u0107 cierpienia jakie ono sprowadza na wszystkie pot\u0119pione istoty.<\/span><\/p>","protected":false},"excerpt":{"rendered":"<p>Co jest gorsze ni\u017c piek\u0142o? Jest to dosy\u0107 nurtuj\u0105ce pytanie, poniewa\u017c w religii chrze\u015bcija\u0144skiej piek\u0142o jest ostatecznym stanem pot\u0119pienia i czy mo\u017ce istnie\u0107 co\u015b co jest gorsze ni\u017c piek\u0142o? Na wielu dzie\u0142ach sztuki, w wielu przekazach i w og\u00f3lnej \u015bwiadomo\u015bci, piek\u0142o jest obrazowane jako miejsce cierpienia fizycznego, w kt\u00f3rym cz\u0142owiek napotyka ogromne m\u0119czarnie, powodowane g\u0142\u00f3wnie &hellip;<\/p>","protected":false},"author":1,"featured_media":1415,"comment_status":"open","ping_status":"closed","sticky":false,"template":"","format":"standard","meta":{"footnotes":""},"categories":[62],"tags":[],"class_list":["post-1414","post","type-post","status-publish","format-standard","has-post-thumbnail","hentry","category-pieklo"],"yoast_head":"<!-- This site is optimized with the Yoast SEO plugin v27.5 - https:\/\/yoast.com\/product\/yoast-seo-wordpress\/ -->\n<title>Co jest gorsze ni\u017c piek\u0142o? - Chrystus<\/title>\n<meta name=\"description\" content=\"Co jest gorsze ni\u017c piek\u0142o? Jest to dosy\u0107 nurtuj\u0105ce pytanie, poniewa\u017c w religii chrze\u015bcija\u0144skiej piek\u0142o jest ostatecznym stanem pot\u0119pienia i czy mo\u017ce\" \/>\n<meta name=\"robots\" content=\"index, follow, max-snippet:-1, max-image-preview:large, max-video-preview:-1\" \/>\n<link rel=\"canonical\" href=\"https:\/\/chrystus.pl\/hu\/mi-rosszabb-az-sutesnel\/\" \/>\n<meta property=\"og:locale\" content=\"hu_HU\" \/>\n<meta property=\"og:type\" content=\"article\" \/>\n<meta property=\"og:title\" content=\"Co jest gorsze ni\u017c piek\u0142o?\" \/>\n<meta property=\"og:description\" content=\"Jest to dosy\u0107 nurtuj\u0105ce pytanie, poniewa\u017c w religii chrze\u015bcija\u0144skiej piek\u0142o jest ostatecznym stanem pot\u0119pienia i czy mo\u017ce istnie\u0107 co\u015b co jest gorsze ni\u017c piek\u0142o?\" \/>\n<meta property=\"og:url\" content=\"https:\/\/chrystus.pl\/hu\/mi-rosszabb-az-sutesnel\/\" \/>\n<meta property=\"og:site_name\" content=\"Chrystus\" \/>\n<meta property=\"article:published_time\" content=\"2020-03-30T22:01:53+00:00\" \/>\n<meta property=\"article:modified_time\" content=\"2020-04-29T19:53:44+00:00\" \/>\n<meta property=\"og:image\" content=\"https:\/\/chrystus.pl\/wp-content\/uploads\/2020\/03\/Co-jest-gorsze-niz\u0307-piek\u0142o.jpg\" \/>\n\t<meta property=\"og:image:width\" content=\"640\" \/>\n\t<meta property=\"og:image:height\" content=\"359\" \/>\n\t<meta property=\"og:image:type\" content=\"image\/jpeg\" \/>\n<meta name=\"author\" content=\"Samarytanka\" \/>\n<meta name=\"twitter:card\" content=\"summary_large_image\" \/>\n<meta name=\"twitter:title\" content=\"Co jest gorsze ni\u017c piek\u0142o?\" \/>\n<meta name=\"twitter:description\" content=\"Jest to dosy\u0107 nurtuj\u0105ce pytanie, poniewa\u017c w religii chrze\u015bcija\u0144skiej piek\u0142o jest ostatecznym stanem pot\u0119pienia i czy mo\u017ce istnie\u0107 co\u015b co jest gorsze ni\u017c piek\u0142o?\" \/>\n<meta name=\"twitter:label1\" content=\"Szerz\u0151:\" \/>\n\t<meta name=\"twitter:data1\" content=\"Samarytanka\" \/>\n\t<meta name=\"twitter:label2\" content=\"Becs\u00fclt olvas\u00e1si id\u0151\" \/>\n\t<meta name=\"twitter:data2\" content=\"1 perc\" \/>\n<!-- \/ Yoast SEO plugin. -->","yoast_head_json":{"title":"Mi rosszabb a pokoln\u00e1l? - Krisztus","description":"Mi rosszabb a pokoln\u00e1l? Ez egy el\u00e9gg\u00e9 bosszant\u00f3 k\u00e9rd\u00e9s, mert a kereszt\u00e9ny vall\u00e1sban a pokol a v\u00e9gs\u0151 k\u00e1rhozat \u00e1llapota, \u00e9s vajon lehet-e","robots":{"index":"index","follow":"follow","max-snippet":"max-snippet:-1","max-image-preview":"max-image-preview:large","max-video-preview":"max-video-preview:-1"},"canonical":"https:\/\/chrystus.pl\/hu\/mi-rosszabb-az-sutesnel\/","og_locale":"hu_HU","og_type":"article","og_title":"Co jest gorsze ni\u017c piek\u0142o?","og_description":"Jest to dosy\u0107 nurtuj\u0105ce pytanie, poniewa\u017c w religii chrze\u015bcija\u0144skiej piek\u0142o jest ostatecznym stanem pot\u0119pienia i czy mo\u017ce istnie\u0107 co\u015b co jest gorsze ni\u017c piek\u0142o?","og_url":"https:\/\/chrystus.pl\/hu\/mi-rosszabb-az-sutesnel\/","og_site_name":"Chrystus","article_published_time":"2020-03-30T22:01:53+00:00","article_modified_time":"2020-04-29T19:53:44+00:00","og_image":[{"width":640,"height":359,"url":"https:\/\/chrystus.pl\/wp-content\/uploads\/2020\/03\/Co-jest-gorsze-niz\u0307-piek\u0142o.jpg","type":"image\/jpeg"}],"author":"Samarytanka","twitter_card":"summary_large_image","twitter_title":"Co jest gorsze ni\u017c piek\u0142o?","twitter_description":"Jest to dosy\u0107 nurtuj\u0105ce pytanie, poniewa\u017c w religii chrze\u015bcija\u0144skiej piek\u0142o jest ostatecznym stanem pot\u0119pienia i czy mo\u017ce istnie\u0107 co\u015b co jest gorsze ni\u017c piek\u0142o?","twitter_misc":{"Szerz\u0151:":"Samarytanka","Becs\u00fclt olvas\u00e1si id\u0151":"1 perc"},"schema":{"@context":"https:\/\/schema.org","@graph":[{"@type":"Article","@id":"https:\/\/chrystus.pl\/co-jest-gorsze-niz-pieklo\/#article","isPartOf":{"@id":"https:\/\/chrystus.pl\/co-jest-gorsze-niz-pieklo\/"},"author":{"name":"Samarytanka","@id":"https:\/\/chrystus.pl\/#\/schema\/person\/e2e742452b8b7b2bcd23ea180671d27a"},"headline":"Co jest gorsze ni\u017c piek\u0142o?","datePublished":"2020-03-30T22:01:53+00:00","dateModified":"2020-04-29T19:53:44+00:00","mainEntityOfPage":{"@id":"https:\/\/chrystus.pl\/co-jest-gorsze-niz-pieklo\/"},"wordCount":255,"commentCount":0,"publisher":{"@id":"https:\/\/chrystus.pl\/#organization"},"image":{"@id":"https:\/\/chrystus.pl\/co-jest-gorsze-niz-pieklo\/#primaryimage"},"thumbnailUrl":"https:\/\/chrystus.pl\/wp-content\/uploads\/2020\/03\/Co-jest-gorsze-niz\u0307-piek\u0142o.jpg","articleSection":["Piek\u0142o"],"inLanguage":"hu","potentialAction":[{"@type":"CommentAction","name":"Comment","target":["https:\/\/chrystus.pl\/co-jest-gorsze-niz-pieklo\/#respond"]}]},{"@type":"WebPage","@id":"https:\/\/chrystus.pl\/co-jest-gorsze-niz-pieklo\/","url":"https:\/\/chrystus.pl\/co-jest-gorsze-niz-pieklo\/","name":"Mi rosszabb a pokoln\u00e1l? - Krisztus","isPartOf":{"@id":"https:\/\/chrystus.pl\/#website"},"primaryImageOfPage":{"@id":"https:\/\/chrystus.pl\/co-jest-gorsze-niz-pieklo\/#primaryimage"},"image":{"@id":"https:\/\/chrystus.pl\/co-jest-gorsze-niz-pieklo\/#primaryimage"},"thumbnailUrl":"https:\/\/chrystus.pl\/wp-content\/uploads\/2020\/03\/Co-jest-gorsze-niz\u0307-piek\u0142o.jpg","datePublished":"2020-03-30T22:01:53+00:00","dateModified":"2020-04-29T19:53:44+00:00","description":"Mi rosszabb a pokoln\u00e1l? Ez egy el\u00e9gg\u00e9 bosszant\u00f3 k\u00e9rd\u00e9s, mert a kereszt\u00e9ny vall\u00e1sban a pokol a v\u00e9gs\u0151 k\u00e1rhozat \u00e1llapota, \u00e9s vajon lehet-e","breadcrumb":{"@id":"https:\/\/chrystus.pl\/co-jest-gorsze-niz-pieklo\/#breadcrumb"},"inLanguage":"hu","potentialAction":[{"@type":"ReadAction","target":["https:\/\/chrystus.pl\/co-jest-gorsze-niz-pieklo\/"]}]},{"@type":"ImageObject","inLanguage":"hu","@id":"https:\/\/chrystus.pl\/co-jest-gorsze-niz-pieklo\/#primaryimage","url":"https:\/\/chrystus.pl\/wp-content\/uploads\/2020\/03\/Co-jest-gorsze-niz\u0307-piek\u0142o.jpg","contentUrl":"https:\/\/chrystus.pl\/wp-content\/uploads\/2020\/03\/Co-jest-gorsze-niz\u0307-piek\u0142o.jpg","width":"640","height":"359","caption":"Co jest gorsze niz\u0307 piek\u0142o"},{"@type":"BreadcrumbList","@id":"https:\/\/chrystus.pl\/co-jest-gorsze-niz-pieklo\/#breadcrumb","itemListElement":[{"@type":"ListItem","position":1,"name":"Strona g\u0142\u00f3wna","item":"https:\/\/chrystus.pl\/"},{"@type":"ListItem","position":2,"name":"Co jest gorsze ni\u017c piek\u0142o?"}]},{"@type":"WebSite","@id":"https:\/\/chrystus.pl\/#website","url":"https:\/\/chrystus.pl\/","name":"Krisztus","description":"Isten, M\u00e1ria, J\u00e9zus, \u00e1ldoz\u00e1s \u00e9s m\u00e9g sok minden m\u00e1s.","publisher":{"@id":"https:\/\/chrystus.pl\/#organization"},"potentialAction":[{"@type":"SearchAction","target":{"@type":"EntryPoint","urlTemplate":"https:\/\/chrystus.pl\/?s={search_term_string}"},"query-input":{"@type":"PropertyValueSpecification","valueRequired":true,"valueName":"search_term_string"}}],"inLanguage":"hu"},{"@type":"Organization","@id":"https:\/\/chrystus.pl\/#organization","name":"Christ.pl","url":"https:\/\/chrystus.pl\/","logo":{"@type":"ImageObject","inLanguage":"hu","@id":"https:\/\/chrystus.pl\/#\/schema\/logo\/image\/","url":"https:\/\/chrystus.pl\/wp-content\/uploads\/2019\/03\/chrystus-bog-maryja-komunia-bierzmowanie.jpg","contentUrl":"https:\/\/chrystus.pl\/wp-content\/uploads\/2019\/03\/chrystus-bog-maryja-komunia-bierzmowanie.jpg","width":1920,"height":1280,"caption":"Chrystus.pl"},"image":{"@id":"https:\/\/chrystus.pl\/#\/schema\/logo\/image\/"}},{"@type":"Person","@id":"https:\/\/chrystus.pl\/#\/schema\/person\/e2e742452b8b7b2bcd23ea180671d27a","name":"Szamarit\u00e1nus n\u0151"}]}},"_links":{"self":[{"href":"https:\/\/chrystus.pl\/hu\/wp-json\/wp\/v2\/posts\/1414","targetHints":{"allow":["GET"]}}],"collection":[{"href":"https:\/\/chrystus.pl\/hu\/wp-json\/wp\/v2\/posts"}],"about":[{"href":"https:\/\/chrystus.pl\/hu\/wp-json\/wp\/v2\/types\/post"}],"author":[{"embeddable":true,"href":"https:\/\/chrystus.pl\/hu\/wp-json\/wp\/v2\/users\/1"}],"replies":[{"embeddable":true,"href":"https:\/\/chrystus.pl\/hu\/wp-json\/wp\/v2\/comments?post=1414"}],"version-history":[{"count":0,"href":"https:\/\/chrystus.pl\/hu\/wp-json\/wp\/v2\/posts\/1414\/revisions"}],"wp:featuredmedia":[{"embeddable":true,"href":"https:\/\/chrystus.pl\/hu\/wp-json\/wp\/v2\/media\/1415"}],"wp:attachment":[{"href":"https:\/\/chrystus.pl\/hu\/wp-json\/wp\/v2\/media?parent=1414"}],"wp:term":[{"taxonomy":"category","embeddable":true,"href":"https:\/\/chrystus.pl\/hu\/wp-json\/wp\/v2\/categories?post=1414"},{"taxonomy":"post_tag","embeddable":true,"href":"https:\/\/chrystus.pl\/hu\/wp-json\/wp\/v2\/tags?post=1414"}],"curies":[{"name":"wp","href":"https:\/\/api.w.org\/{rel}","templated":true}]}}