{"id":182,"date":"2019-04-09T20:37:08","date_gmt":"2019-04-09T20:37:08","guid":{"rendered":"https:\/\/chrystus.pl\/?p=182"},"modified":"2019-04-09T20:37:15","modified_gmt":"2019-04-09T20:37:15","slug":"co-odroznia-kosciol-od-innych-wspolnot","status":"publish","type":"post","link":"https:\/\/chrystus.pl\/hu\/co-odroznia-kosciol-od-innych-wspolnot\/","title":{"rendered":"Mi k\u00fcl\u00f6nb\u00f6zteti meg az egyh\u00e1zat m\u00e1s k\u00f6z\u00f6ss\u00e9gekt\u0151l?"},"content":{"rendered":"<p>Co odr\u00f3\u017cnia <span id=\"urn:enhancement-d69c3520-0f5a-7565-a9d5-a45d4c9ecc47\" class=\"textannotation disambiguated wl-thing\" itemid=\"http:\/\/data.wordlift.io\/wl01378\/entity\/kosciol_teologia_2\">Templom<\/span> m\u00e1sokt\u00f3l <span id=\"urn:enhancement-76e22a70-8ddd-6183-b5af-27995b066d93\" class=\"textannotation disambiguated wl-thing\" itemid=\"http:\/\/data.wordlift.io\/wl01378\/entity\/wspolnota\">k\u00f6z\u00f6ss\u00e9gek<\/span>? Mi teszi k\u00fcl\u00f6nlegess\u00e9? Bizony\u00e1ra sz\u00e1mtalan ok van arra a k\u00f6vetkeztet\u00e9sre, hogy <span id=\"urn:enhancement-92b2684f-c3ee-f233-4d73-2093aa2a7260\" class=\"textannotation disambiguated wl-thing\" itemid=\"http:\/\/data.wordlift.io\/wl01378\/entity\/kosciol_teologia_2\">Templom<\/span>. Itt a k\u00f6vetkez\u0151kr\u0151l van sz\u00f3 <span id=\"urn:enhancement-08b62429-a9fa-5d23-0c50-a31fe5ffbdd5\" class=\"textannotation disambiguated wl-thing\" itemid=\"http:\/\/data.wordlift.io\/wl01378\/entity\/kosciol_teologia_2\">Templom<\/span> mint egy bizonyos <span id=\"urn:enhancement-94c4a22b-6173-3bb8-66a8-3198dc68f95d\" class=\"textannotation disambiguated wl-thing\" itemid=\"http:\/\/data.wordlift.io\/wl01378\/entity\/spolecznosc_2\">k\u00f6z\u00f6ss\u00e9gek<\/span>.<\/p>\n<p>Fontos, hogy a k\u00f6z\u00f6ss\u00e9g meghat\u00e1roz\u00e1s\u00e1val kezdj\u00fck. A k\u00f6z\u00f6ss\u00e9g egy bizonyos <span id=\"urn:enhancement-adc3305c-1d61-3072-9adc-0ed1af0edbfc\" class=\"textannotation disambiguated wl-thing\" itemid=\"http:\/\/data.wordlift.io\/wl01378\/entity\/zbiorowosc_spoleczna\">k\u00f6z\u00f6ss\u00e9g<\/span> emberek, akik \u00e1ltal\u00e1ban inform\u00e1lis strukt\u00far\u00e1t alkotnak, amelyet er\u0151s k\u00f6tel\u00e9kek, s\u0151t testv\u00e9ris\u00e9g jellemez.<\/p>\n<p>Term\u00e9szetesen <span id=\"urn:enhancement-00d7d07e-416b-828d-8f83-b943a28d7a33\" class=\"textannotation disambiguated wl-thing\" itemid=\"http:\/\/data.wordlift.io\/wl01378\/entity\/kosciol_teologia_2\">Templom<\/span> egyike azoknak a <span id=\"urn:enhancement-beabae5a-3223-dd18-1637-b8c4aaea9ae8\" class=\"textannotation disambiguated wl-thing\" itemid=\"http:\/\/data.wordlift.io\/wl01378\/entity\/wspolnota\">k\u00f6z\u00f6ss\u00e9gek<\/span>. R\u00e1ad\u00e1sul a t\u00f6bbihez k\u00e9pest ez egy saj\u00e1tos k\u00f6z\u00f6ss\u00e9g.<\/p>\n<p>Ami azonban megk\u00fcl\u00f6nb\u00f6zteti <span id=\"urn:enhancement-5b036cce-c0f3-22e5-9367-273e41808118\" class=\"textannotation disambiguated wl-thing\" itemid=\"http:\/\/data.wordlift.io\/wl01378\/entity\/kosciol_teologia_2\">Templom<\/span> m\u00e1sokt\u00f3l <span id=\"urn:enhancement-37871dd4-eb63-4c5f-5964-17268ad0c6f5\" class=\"textannotation disambiguated wl-thing\" itemid=\"http:\/\/data.wordlift.io\/wl01378\/entity\/wspolnota\">k\u00f6z\u00f6ss\u00e9gek<\/span>? Az egyh\u00e1zi k\u00f6z\u00f6ss\u00e9get h\u00edv\u0151k alkotj\u00e1k, akik egy l\u00e9ny, az \u00dar k\u00f6r\u00fcl gy\u0171lnek \u00f6ssze. <span id=\"urn:enhancement-aa1b6b1e-7f50-0006-52ab-5d0beb6c4088\" class=\"textannotation disambiguated wl-thing\" itemid=\"http:\/\/data.wordlift.io\/wl01378\/entity\/bog\">Isten<\/span>. Term\u00e9szetesen, mint minden <span id=\"urn:enhancement-da6e8265-4c2a-84f5-ad6d-6aad536a0403\" class=\"textannotation disambiguated wl-thing\" itemid=\"http:\/\/data.wordlift.io\/wl01378\/entity\/wspolnota_religijna_2\">k\u00f6z\u00f6ss\u00e9g<\/span>, \u00edgy a <span id=\"urn:enhancement-d9ed290f-85ef-88e5-e507-2e165652576d\" class=\"textannotation disambiguated wl-thing\" itemid=\"http:\/\/data.wordlift.io\/wl01378\/entity\/kosciol_teologia_2\">Templom<\/span> Az embereket itt bizonyos elvek vez\u00e9rlik, de ezeket az elveket nem csak egy \u00edrott k\u00f3dex hat\u00e1rozza meg (ebben az esetben <a href=\"https:\/\/chrystus.pl\/hu\/ile-jest-przykazan-bozych\/\">dekal\u00f3gus<\/a>), de ezeket nagyr\u00e9szt egy bizonyos erk\u00f6lcs dikt\u00e1lja. <span id=\"urn:enhancement-54399d92-049e-0bde-c628-bfaea2c6d7de\" class=\"textannotation disambiguated wl-thing\" itemid=\"http:\/\/data.wordlift.io\/wl01378\/entity\/spolecznosc_2\">K\u00f6z\u00f6ss\u00e9g<\/span> <span id=\"urn:enhancement-b2f3ec26-a7f7-e9de-a6b0-06441e4c300f\" class=\"textannotation disambiguated wl-thing\" itemid=\"http:\/\/data.wordlift.io\/wl01378\/entity\/kosciol_teologia_2\">Templom<\/span> priorit\u00e1sk\u00e9nt kezeli a <span id=\"urn:enhancement-9098610d-74a4-6bed-9b0d-b850a46c1e4a\" class=\"textannotation disambiguated wl-thing\" itemid=\"http:\/\/data.wordlift.io\/wl01378\/entity\/dobro\">j\u00f3s\u00e1g<\/span> felebar\u00e1tunk \u00e9s embert\u00e1rsaink ir\u00e1nt. A bar\u00e1ts\u00e1g, a seg\u00edts\u00e9gny\u00fajt\u00e1s \u00e9s a testv\u00e9ris\u00e9g vil\u00e1gos \u00e9s s\u00e9rthetetlen alapelvei vannak.<\/p>\n<p>Mint minden <span id=\"urn:enhancement-fa30f191-b435-7ddf-676f-4b4c833bec7d\" class=\"textannotation disambiguated wl-thing\" itemid=\"http:\/\/data.wordlift.io\/wl01378\/entity\/wspolnota_religijna_2\">k\u00f6z\u00f6ss\u00e9g<\/span>, \u00edgy a <span id=\"urn:enhancement-5223a287-a197-f155-519b-b26155dfc088\" class=\"textannotation disambiguated wl-thing\" itemid=\"http:\/\/data.wordlift.io\/wl01378\/entity\/kosciol_teologia_2\">Templom<\/span> van egy bizonyos hierarchia. Ebben az esetben azonban ez a hierarchia abban k\u00fcl\u00f6nb\u00f6zik, hogy nem helyez egyik szem\u00e9lyt a m\u00e1sik f\u00f6l\u00e9. Mindenki egyenl\u0151 a m\u00e1sik el\u0151tt, \u00e9s mindenki sz\u00e1m\u00edthat a <a href=\"https:\/\/chrystus.pl\/hu\/modlitwa-ktora-zawsze-pomaga\/\">seg\u00edts\u00e9gny\u00fajt\u00e1s<\/a> a m\u00e1sik szem\u00e9ly.<\/p>\n<p>Wsp\u00f3lnota Ko\u015bcielna razem si\u0119 modli i wys\u0142awia Pana, kieruj\u0105c si\u0119 bardzo zbie\u017cnymi pogl\u0105dami.<\/p>","protected":false},"excerpt":{"rendered":"<p>Co odr\u00f3\u017cnia Ko\u015bci\u00f3\u0142 od innych wsp\u00f3lnot? Co czyni go wyj\u0105tkowym? Z ca\u0142\u0105 pewno\u015bci\u0105 istnieje niezliczona ilo\u015b\u0107 przes\u0142anek ku temu, aby wnosi\u0107 o wyj\u0105tkowo\u015bci Ko\u015bcio\u0142a. Mowa tutaj o Ko\u015bciele jako o pewnej spo\u0142eczno\u015bci. Nale\u017cy zacz\u0105\u0107 od definicji wsp\u00f3lnoty. Wsp\u00f3lnota jest to pewna zbiorowo\u015b\u0107 ludzi, kt\u00f3rzy tworz\u0105 zazwyczaj nieformaln\u0105 struktur\u0119, charakteryzuj\u0105ca si\u0119 silnymi wi\u0119zami, a nawet braterstwem. &hellip;<\/p>","protected":false},"author":1,"featured_media":184,"comment_status":"open","ping_status":"closed","sticky":false,"template":"","format":"standard","meta":{"footnotes":""},"categories":[33],"tags":[37],"class_list":["post-182","post","type-post","status-publish","format-standard","has-post-thumbnail","hentry","category-kosciol","tag-wspolnota"],"yoast_head":"<!-- This site is optimized with the Yoast SEO plugin v27.5 - https:\/\/yoast.com\/product\/yoast-seo-wordpress\/ -->\n<title>Co odr\u00f3\u017cnia Ko\u015bci\u00f3\u0142 od innych wsp\u00f3lnot? - Chrystus<\/title>\n<meta name=\"description\" content=\"Co odr\u00f3\u017cnia Ko\u015bci\u00f3\u0142 od innych wsp\u00f3lnot? Co czyni go wyj\u0105tkowym? Z ca\u0142\u0105 pewno\u015bci\u0105 istnieje niezliczona ilo\u015b\u0107 przes\u0142anek ku temu, aby wnosi\u0107 o wyj\u0105tkowo\u015bci\" \/>\n<meta name=\"robots\" content=\"index, follow, max-snippet:-1, max-image-preview:large, max-video-preview:-1\" \/>\n<link rel=\"canonical\" href=\"https:\/\/chrystus.pl\/hu\/mi-kulonbozteti-meg-az-egyhazat-mas-kozossegektol-2\/\" \/>\n<meta property=\"og:locale\" content=\"hu_HU\" \/>\n<meta property=\"og:type\" content=\"article\" \/>\n<meta property=\"og:title\" content=\"Co odr\u00f3\u017cnia Ko\u015bci\u00f3\u0142 od innych wsp\u00f3lnot? - Chrystus\" \/>\n<meta property=\"og:description\" content=\"Co odr\u00f3\u017cnia Ko\u015bci\u00f3\u0142 od innych wsp\u00f3lnot? Co czyni go wyj\u0105tkowym? Z ca\u0142\u0105 pewno\u015bci\u0105 istnieje niezliczona ilo\u015b\u0107 przes\u0142anek ku temu, aby wnosi\u0107 o wyj\u0105tkowo\u015bci\" \/>\n<meta property=\"og:url\" content=\"https:\/\/chrystus.pl\/hu\/mi-kulonbozteti-meg-az-egyhazat-mas-kozossegektol-2\/\" \/>\n<meta property=\"og:site_name\" content=\"Chrystus\" \/>\n<meta property=\"article:published_time\" content=\"2019-04-09T20:37:08+00:00\" \/>\n<meta property=\"article:modified_time\" content=\"2019-04-09T20:37:15+00:00\" \/>\n<meta property=\"og:image\" content=\"https:\/\/chrystus.pl\/wp-content\/uploads\/2019\/04\/Co-odroznia-Kosciol-od-innych-wspolnot.jpg\" \/>\n\t<meta property=\"og:image:width\" content=\"1280\" \/>\n\t<meta property=\"og:image:height\" content=\"853\" \/>\n\t<meta property=\"og:image:type\" content=\"image\/jpeg\" \/>\n<meta name=\"author\" content=\"Samarytanka\" \/>\n<meta name=\"twitter:card\" content=\"summary_large_image\" \/>\n<meta name=\"twitter:label1\" content=\"Szerz\u0151:\" \/>\n\t<meta name=\"twitter:data1\" content=\"Samarytanka\" \/>\n\t<meta name=\"twitter:label2\" content=\"Becs\u00fclt olvas\u00e1si id\u0151\" \/>\n\t<meta name=\"twitter:data2\" content=\"1 perc\" \/>\n<!-- \/ Yoast SEO plugin. -->","yoast_head_json":{"title":"Mi k\u00fcl\u00f6nb\u00f6zteti meg az egyh\u00e1zat m\u00e1s k\u00f6z\u00f6ss\u00e9gekt\u0151l? - Krisztus","description":"Mi k\u00fcl\u00f6nb\u00f6zteti meg az egyh\u00e1zat m\u00e1s k\u00f6z\u00f6ss\u00e9gekt\u0151l? Mi teszi egyediv\u00e9? Term\u00e9szetesen sz\u00e1mtalan okunk van arra a k\u00f6vetkeztet\u00e9sre jutni, hogy a","robots":{"index":"index","follow":"follow","max-snippet":"max-snippet:-1","max-image-preview":"max-image-preview:large","max-video-preview":"max-video-preview:-1"},"canonical":"https:\/\/chrystus.pl\/hu\/mi-kulonbozteti-meg-az-egyhazat-mas-kozossegektol-2\/","og_locale":"hu_HU","og_type":"article","og_title":"Co odr\u00f3\u017cnia Ko\u015bci\u00f3\u0142 od innych wsp\u00f3lnot? - Chrystus","og_description":"Co odr\u00f3\u017cnia Ko\u015bci\u00f3\u0142 od innych wsp\u00f3lnot? Co czyni go wyj\u0105tkowym? Z ca\u0142\u0105 pewno\u015bci\u0105 istnieje niezliczona ilo\u015b\u0107 przes\u0142anek ku temu, aby wnosi\u0107 o wyj\u0105tkowo\u015bci","og_url":"https:\/\/chrystus.pl\/hu\/mi-kulonbozteti-meg-az-egyhazat-mas-kozossegektol-2\/","og_site_name":"Chrystus","article_published_time":"2019-04-09T20:37:08+00:00","article_modified_time":"2019-04-09T20:37:15+00:00","og_image":[{"width":1280,"height":853,"url":"https:\/\/chrystus.pl\/wp-content\/uploads\/2019\/04\/Co-odroznia-Kosciol-od-innych-wspolnot.jpg","type":"image\/jpeg"}],"author":"Samarytanka","twitter_card":"summary_large_image","twitter_misc":{"Szerz\u0151:":"Samarytanka","Becs\u00fclt olvas\u00e1si id\u0151":"1 perc"},"schema":{"@context":"https:\/\/schema.org","@graph":[{"@type":"Article","@id":"https:\/\/chrystus.pl\/co-odroznia-kosciol-od-innych-wspolnot\/#article","isPartOf":{"@id":"https:\/\/chrystus.pl\/co-odroznia-kosciol-od-innych-wspolnot\/"},"author":{"name":"Samarytanka","@id":"https:\/\/chrystus.pl\/#\/schema\/person\/e2e742452b8b7b2bcd23ea180671d27a"},"headline":"Co odr\u00f3\u017cnia Ko\u015bci\u00f3\u0142 od innych wsp\u00f3lnot?","datePublished":"2019-04-09T20:37:08+00:00","dateModified":"2019-04-09T20:37:15+00:00","mainEntityOfPage":{"@id":"https:\/\/chrystus.pl\/co-odroznia-kosciol-od-innych-wspolnot\/"},"wordCount":283,"commentCount":0,"publisher":{"@id":"https:\/\/chrystus.pl\/#organization"},"image":{"@id":"https:\/\/chrystus.pl\/co-odroznia-kosciol-od-innych-wspolnot\/#primaryimage"},"thumbnailUrl":"https:\/\/chrystus.pl\/wp-content\/uploads\/2019\/04\/Co-odroznia-Kosciol-od-innych-wspolnot.jpg","keywords":["wsp\u00f3lnota"],"articleSection":["Ko\u015bci\u00f3\u0142"],"inLanguage":"hu","potentialAction":[{"@type":"CommentAction","name":"Comment","target":["https:\/\/chrystus.pl\/co-odroznia-kosciol-od-innych-wspolnot\/#respond"]}]},{"@type":"WebPage","@id":"https:\/\/chrystus.pl\/co-odroznia-kosciol-od-innych-wspolnot\/","url":"https:\/\/chrystus.pl\/co-odroznia-kosciol-od-innych-wspolnot\/","name":"Mi k\u00fcl\u00f6nb\u00f6zteti meg az egyh\u00e1zat m\u00e1s k\u00f6z\u00f6ss\u00e9gekt\u0151l? - Krisztus","isPartOf":{"@id":"https:\/\/chrystus.pl\/#website"},"primaryImageOfPage":{"@id":"https:\/\/chrystus.pl\/co-odroznia-kosciol-od-innych-wspolnot\/#primaryimage"},"image":{"@id":"https:\/\/chrystus.pl\/co-odroznia-kosciol-od-innych-wspolnot\/#primaryimage"},"thumbnailUrl":"https:\/\/chrystus.pl\/wp-content\/uploads\/2019\/04\/Co-odroznia-Kosciol-od-innych-wspolnot.jpg","datePublished":"2019-04-09T20:37:08+00:00","dateModified":"2019-04-09T20:37:15+00:00","description":"Mi k\u00fcl\u00f6nb\u00f6zteti meg az egyh\u00e1zat m\u00e1s k\u00f6z\u00f6ss\u00e9gekt\u0151l? Mi teszi egyediv\u00e9? Term\u00e9szetesen sz\u00e1mtalan okunk van arra a k\u00f6vetkeztet\u00e9sre jutni, hogy a","breadcrumb":{"@id":"https:\/\/chrystus.pl\/co-odroznia-kosciol-od-innych-wspolnot\/#breadcrumb"},"inLanguage":"hu","potentialAction":[{"@type":"ReadAction","target":["https:\/\/chrystus.pl\/co-odroznia-kosciol-od-innych-wspolnot\/"]}]},{"@type":"ImageObject","inLanguage":"hu","@id":"https:\/\/chrystus.pl\/co-odroznia-kosciol-od-innych-wspolnot\/#primaryimage","url":"https:\/\/chrystus.pl\/wp-content\/uploads\/2019\/04\/Co-odroznia-Kosciol-od-innych-wspolnot.jpg","contentUrl":"https:\/\/chrystus.pl\/wp-content\/uploads\/2019\/04\/Co-odroznia-Kosciol-od-innych-wspolnot.jpg","width":1280,"height":853,"caption":"Co odroznia Kosciol od innych wspolnot.jpg"},{"@type":"BreadcrumbList","@id":"https:\/\/chrystus.pl\/co-odroznia-kosciol-od-innych-wspolnot\/#breadcrumb","itemListElement":[{"@type":"ListItem","position":1,"name":"Strona g\u0142\u00f3wna","item":"https:\/\/chrystus.pl\/"},{"@type":"ListItem","position":2,"name":"Co odr\u00f3\u017cnia Ko\u015bci\u00f3\u0142 od innych wsp\u00f3lnot?"}]},{"@type":"WebSite","@id":"https:\/\/chrystus.pl\/#website","url":"https:\/\/chrystus.pl\/","name":"Krisztus","description":"Isten, M\u00e1ria, J\u00e9zus, \u00e1ldoz\u00e1s \u00e9s m\u00e9g sok minden m\u00e1s.","publisher":{"@id":"https:\/\/chrystus.pl\/#organization"},"potentialAction":[{"@type":"SearchAction","target":{"@type":"EntryPoint","urlTemplate":"https:\/\/chrystus.pl\/?s={search_term_string}"},"query-input":{"@type":"PropertyValueSpecification","valueRequired":true,"valueName":"search_term_string"}}],"inLanguage":"hu"},{"@type":"Organization","@id":"https:\/\/chrystus.pl\/#organization","name":"Christ.pl","url":"https:\/\/chrystus.pl\/","logo":{"@type":"ImageObject","inLanguage":"hu","@id":"https:\/\/chrystus.pl\/#\/schema\/logo\/image\/","url":"https:\/\/chrystus.pl\/wp-content\/uploads\/2019\/03\/chrystus-bog-maryja-komunia-bierzmowanie.jpg","contentUrl":"https:\/\/chrystus.pl\/wp-content\/uploads\/2019\/03\/chrystus-bog-maryja-komunia-bierzmowanie.jpg","width":1920,"height":1280,"caption":"Chrystus.pl"},"image":{"@id":"https:\/\/chrystus.pl\/#\/schema\/logo\/image\/"}},{"@type":"Person","@id":"https:\/\/chrystus.pl\/#\/schema\/person\/e2e742452b8b7b2bcd23ea180671d27a","name":"Szamarit\u00e1nus n\u0151"}]}},"_links":{"self":[{"href":"https:\/\/chrystus.pl\/hu\/wp-json\/wp\/v2\/posts\/182","targetHints":{"allow":["GET"]}}],"collection":[{"href":"https:\/\/chrystus.pl\/hu\/wp-json\/wp\/v2\/posts"}],"about":[{"href":"https:\/\/chrystus.pl\/hu\/wp-json\/wp\/v2\/types\/post"}],"author":[{"embeddable":true,"href":"https:\/\/chrystus.pl\/hu\/wp-json\/wp\/v2\/users\/1"}],"replies":[{"embeddable":true,"href":"https:\/\/chrystus.pl\/hu\/wp-json\/wp\/v2\/comments?post=182"}],"version-history":[{"count":0,"href":"https:\/\/chrystus.pl\/hu\/wp-json\/wp\/v2\/posts\/182\/revisions"}],"wp:featuredmedia":[{"embeddable":true,"href":"https:\/\/chrystus.pl\/hu\/wp-json\/wp\/v2\/media\/184"}],"wp:attachment":[{"href":"https:\/\/chrystus.pl\/hu\/wp-json\/wp\/v2\/media?parent=182"}],"wp:term":[{"taxonomy":"category","embeddable":true,"href":"https:\/\/chrystus.pl\/hu\/wp-json\/wp\/v2\/categories?post=182"},{"taxonomy":"post_tag","embeddable":true,"href":"https:\/\/chrystus.pl\/hu\/wp-json\/wp\/v2\/tags?post=182"}],"curies":[{"name":"wp","href":"https:\/\/api.w.org\/{rel}","templated":true}]}}