{"id":1830,"date":"2020-07-11T10:54:34","date_gmt":"2020-07-11T10:54:34","guid":{"rendered":"https:\/\/chrystus.pl\/?p=1830"},"modified":"2020-07-11T10:54:34","modified_gmt":"2020-07-11T10:54:34","slug":"czy-26-grudnia-trzeba-isc-do-kosciola","status":"publish","type":"post","link":"https:\/\/chrystus.pl\/hu\/czy-26-grudnia-trzeba-isc-do-kosciola\/","title":{"rendered":"Sz\u00fcks\u00e9ges-e december 26-\u00e1n templomba menni?"},"content":{"rendered":"<p>Sz\u00fcks\u00e9ges-e december 26-\u00e1n templomba menni? A kar\u00e1csony egy vall\u00e1si \u00fcnnep (a kereszt\u00e9ny hagyom\u00e1nyban), amely J\u00e9zus Krisztus sz\u00fclet\u00e9s\u00e9re eml\u00e9kezik. Ezt az \u00fcnnepet december 25-\u00e9n \u00fcnnepelj\u00fck (a Gergely-napt\u00e1r szerint). Azokban az egyh\u00e1zakban, amelyek m\u00e9g a Juli\u00e1n-napt\u00e1rt haszn\u00e1lj\u00e1k (pl. az ortodoxia), ezt az \u00fcnnepet egy k\u00e9s\u0151bbi id\u0151pontban (janu\u00e1rban) \u00fcnneplik. December 26-a nem parancsolt \u00fcnnep, ez\u00e9rt nem sz\u00fcks\u00e9ges templomba menni a szentmis\u00e9re. Minden katolikus napt\u00e1r\u00e1ban a Sz\u00fclet\u00e9s \u00fcnnepe k\u00fcl\u00f6nleges helyet foglal el. Ez\u00e9rt az eg\u00e9sz kar\u00e1csonyi id\u0151szakot \u00e9rdemes a templomban t\u00f6lteni \u00e9s ott maradni az eg\u00e9sz k\u00f6z\u00f6ss\u00e9ggel \u00e9s az \u00darral egy\u00fctt. M\u00e1r az Isten h\u00e1z\u00e1ban az im\u00e1ds\u00e1gnak szentelt 15 perc is sokat adhat.<\/p>","protected":false},"excerpt":{"rendered":"<p>Sz\u00fcks\u00e9ges-e december 26-\u00e1n templomba menni? A kar\u00e1csony egy vall\u00e1si \u00fcnnep (a kereszt\u00e9ny hagyom\u00e1nyban), amely J\u00e9zus Krisztus sz\u00fclet\u00e9s\u00e9re eml\u00e9kezik. Ezt az \u00fcnnepet december 25-\u00e9n \u00fcnnepelj\u00fck (a Gergely-napt\u00e1r szerint). Azokban az egyh\u00e1zakban, amelyek m\u00e9g mindig a Juli\u00e1n-napt\u00e1rt haszn\u00e1lj\u00e1k (pl. az ortodoxia), ezt az \u00fcnnepet egy k\u00e9s\u0151bbi id\u0151pontban (janu\u00e1rban) \u00fcnneplik. December 26-a nem el\u0151\u00edrt \u00fcnnep, \u00e9s \u00edgy ...<\/p>","protected":false},"author":1,"featured_media":0,"comment_status":"closed","ping_status":"closed","sticky":false,"template":"","format":"standard","meta":{"footnotes":""},"categories":[69],"tags":[],"class_list":["post-1830","post","type-post","status-publish","format-standard","hentry","category-swieta"],"yoast_head":"<!-- This site is optimized with the Yoast SEO plugin v27.5 - https:\/\/yoast.com\/product\/yoast-seo-wordpress\/ -->\n<title>Czy 26 grudnia trzeba i\u015b\u0107 do ko\u015bcio\u0142a? - Chrystus<\/title>\n<meta name=\"description\" content=\"Czy 26 grudnia trzeba i\u015b\u0107 do ko\u015bcio\u0142a? Bo\u017ce Narodzenie, to \u015bwi\u0119to religijne (w tradycji chrze\u015bcija\u0144skiej) upami\u0119tniaj\u0105ce narodziny Jezusa Chrystusa.\" \/>\n<meta name=\"robots\" content=\"index, follow, max-snippet:-1, max-image-preview:large, max-video-preview:-1\" \/>\n<link rel=\"canonical\" href=\"https:\/\/chrystus.pl\/hu\/van-e-szukseg-a-26-decemberi-templomba-iszk-templomra\/\" \/>\n<meta property=\"og:locale\" content=\"hu_HU\" \/>\n<meta property=\"og:type\" content=\"article\" \/>\n<meta property=\"og:title\" content=\"Czy 26 grudnia trzeba i\u015b\u0107 do ko\u015bcio\u0142a? - Chrystus\" \/>\n<meta property=\"og:description\" content=\"Czy 26 grudnia trzeba i\u015b\u0107 do ko\u015bcio\u0142a? Bo\u017ce Narodzenie, to \u015bwi\u0119to religijne (w tradycji chrze\u015bcija\u0144skiej) upami\u0119tniaj\u0105ce narodziny Jezusa Chrystusa.\" \/>\n<meta property=\"og:url\" content=\"https:\/\/chrystus.pl\/hu\/van-e-szukseg-a-26-decemberi-templomba-iszk-templomra\/\" \/>\n<meta property=\"og:site_name\" content=\"Chrystus\" \/>\n<meta property=\"article:published_time\" content=\"2020-07-11T10:54:34+00:00\" \/>\n<meta name=\"author\" content=\"Samarytanka\" \/>\n<meta name=\"twitter:card\" content=\"summary_large_image\" \/>\n<meta name=\"twitter:label1\" content=\"Szerz\u0151:\" \/>\n\t<meta name=\"twitter:data1\" content=\"Samarytanka\" \/>\n\t<meta name=\"twitter:label2\" content=\"Becs\u00fclt olvas\u00e1si id\u0151\" \/>\n\t<meta name=\"twitter:data2\" content=\"1 perc\" \/>\n<!-- \/ Yoast SEO plugin. -->","yoast_head_json":{"title":"Sz\u00fcks\u00e9ges-e december 26-\u00e1n templomba menni? - Krisztus","description":"Sz\u00fcks\u00e9ges-e december 26-\u00e1n templomba menni? A kar\u00e1csony egy vall\u00e1si \u00fcnnep (a kereszt\u00e9ny hagyom\u00e1nyban), amely J\u00e9zus Krisztus sz\u00fclet\u00e9s\u00e9re eml\u00e9kezik.","robots":{"index":"index","follow":"follow","max-snippet":"max-snippet:-1","max-image-preview":"max-image-preview:large","max-video-preview":"max-video-preview:-1"},"canonical":"https:\/\/chrystus.pl\/hu\/van-e-szukseg-a-26-decemberi-templomba-iszk-templomra\/","og_locale":"hu_HU","og_type":"article","og_title":"Czy 26 grudnia trzeba i\u015b\u0107 do ko\u015bcio\u0142a? - Chrystus","og_description":"Czy 26 grudnia trzeba i\u015b\u0107 do ko\u015bcio\u0142a? Bo\u017ce Narodzenie, to \u015bwi\u0119to religijne (w tradycji chrze\u015bcija\u0144skiej) upami\u0119tniaj\u0105ce narodziny Jezusa Chrystusa.","og_url":"https:\/\/chrystus.pl\/hu\/van-e-szukseg-a-26-decemberi-templomba-iszk-templomra\/","og_site_name":"Chrystus","article_published_time":"2020-07-11T10:54:34+00:00","author":"Samarytanka","twitter_card":"summary_large_image","twitter_misc":{"Szerz\u0151:":"Samarytanka","Becs\u00fclt olvas\u00e1si id\u0151":"1 perc"},"schema":{"@context":"https:\/\/schema.org","@graph":[{"@type":"Article","@id":"https:\/\/chrystus.pl\/czy-26-grudnia-trzeba-isc-do-kosciola\/#article","isPartOf":{"@id":"https:\/\/chrystus.pl\/czy-26-grudnia-trzeba-isc-do-kosciola\/"},"author":{"name":"Samarytanka","@id":"https:\/\/chrystus.pl\/#\/schema\/person\/e2e742452b8b7b2bcd23ea180671d27a"},"headline":"Czy 26 grudnia trzeba i\u015b\u0107 do ko\u015bcio\u0142a?","datePublished":"2020-07-11T10:54:34+00:00","mainEntityOfPage":{"@id":"https:\/\/chrystus.pl\/czy-26-grudnia-trzeba-isc-do-kosciola\/"},"wordCount":144,"publisher":{"@id":"https:\/\/chrystus.pl\/#organization"},"articleSection":["\u015awi\u0119ta"],"inLanguage":"hu"},{"@type":"WebPage","@id":"https:\/\/chrystus.pl\/czy-26-grudnia-trzeba-isc-do-kosciola\/","url":"https:\/\/chrystus.pl\/czy-26-grudnia-trzeba-isc-do-kosciola\/","name":"Sz\u00fcks\u00e9ges-e december 26-\u00e1n templomba menni? - Krisztus","isPartOf":{"@id":"https:\/\/chrystus.pl\/#website"},"datePublished":"2020-07-11T10:54:34+00:00","description":"Sz\u00fcks\u00e9ges-e december 26-\u00e1n templomba menni? A kar\u00e1csony egy vall\u00e1si \u00fcnnep (a kereszt\u00e9ny hagyom\u00e1nyban), amely J\u00e9zus Krisztus sz\u00fclet\u00e9s\u00e9re eml\u00e9kezik.","breadcrumb":{"@id":"https:\/\/chrystus.pl\/czy-26-grudnia-trzeba-isc-do-kosciola\/#breadcrumb"},"inLanguage":"hu","potentialAction":[{"@type":"ReadAction","target":["https:\/\/chrystus.pl\/czy-26-grudnia-trzeba-isc-do-kosciola\/"]}]},{"@type":"BreadcrumbList","@id":"https:\/\/chrystus.pl\/czy-26-grudnia-trzeba-isc-do-kosciola\/#breadcrumb","itemListElement":[{"@type":"ListItem","position":1,"name":"Strona g\u0142\u00f3wna","item":"https:\/\/chrystus.pl\/"},{"@type":"ListItem","position":2,"name":"Czy 26 grudnia trzeba i\u015b\u0107 do ko\u015bcio\u0142a?"}]},{"@type":"WebSite","@id":"https:\/\/chrystus.pl\/#website","url":"https:\/\/chrystus.pl\/","name":"Krisztus","description":"Isten, M\u00e1ria, J\u00e9zus, \u00e1ldoz\u00e1s \u00e9s m\u00e9g sok minden m\u00e1s.","publisher":{"@id":"https:\/\/chrystus.pl\/#organization"},"potentialAction":[{"@type":"SearchAction","target":{"@type":"EntryPoint","urlTemplate":"https:\/\/chrystus.pl\/?s={search_term_string}"},"query-input":{"@type":"PropertyValueSpecification","valueRequired":true,"valueName":"search_term_string"}}],"inLanguage":"hu"},{"@type":"Organization","@id":"https:\/\/chrystus.pl\/#organization","name":"Christ.pl","url":"https:\/\/chrystus.pl\/","logo":{"@type":"ImageObject","inLanguage":"hu","@id":"https:\/\/chrystus.pl\/#\/schema\/logo\/image\/","url":"https:\/\/chrystus.pl\/wp-content\/uploads\/2019\/03\/chrystus-bog-maryja-komunia-bierzmowanie.jpg","contentUrl":"https:\/\/chrystus.pl\/wp-content\/uploads\/2019\/03\/chrystus-bog-maryja-komunia-bierzmowanie.jpg","width":1920,"height":1280,"caption":"Chrystus.pl"},"image":{"@id":"https:\/\/chrystus.pl\/#\/schema\/logo\/image\/"}},{"@type":"Person","@id":"https:\/\/chrystus.pl\/#\/schema\/person\/e2e742452b8b7b2bcd23ea180671d27a","name":"Szamarit\u00e1nus n\u0151"}]}},"_links":{"self":[{"href":"https:\/\/chrystus.pl\/hu\/wp-json\/wp\/v2\/posts\/1830","targetHints":{"allow":["GET"]}}],"collection":[{"href":"https:\/\/chrystus.pl\/hu\/wp-json\/wp\/v2\/posts"}],"about":[{"href":"https:\/\/chrystus.pl\/hu\/wp-json\/wp\/v2\/types\/post"}],"author":[{"embeddable":true,"href":"https:\/\/chrystus.pl\/hu\/wp-json\/wp\/v2\/users\/1"}],"replies":[{"embeddable":true,"href":"https:\/\/chrystus.pl\/hu\/wp-json\/wp\/v2\/comments?post=1830"}],"version-history":[{"count":0,"href":"https:\/\/chrystus.pl\/hu\/wp-json\/wp\/v2\/posts\/1830\/revisions"}],"wp:attachment":[{"href":"https:\/\/chrystus.pl\/hu\/wp-json\/wp\/v2\/media?parent=1830"}],"wp:term":[{"taxonomy":"category","embeddable":true,"href":"https:\/\/chrystus.pl\/hu\/wp-json\/wp\/v2\/categories?post=1830"},{"taxonomy":"post_tag","embeddable":true,"href":"https:\/\/chrystus.pl\/hu\/wp-json\/wp\/v2\/tags?post=1830"}],"curies":[{"name":"wp","href":"https:\/\/api.w.org\/{rel}","templated":true}]}}