{"id":1895,"date":"2020-12-05T18:22:36","date_gmt":"2020-12-05T18:22:36","guid":{"rendered":"https:\/\/chrystus.pl\/?p=1895"},"modified":"2020-12-05T18:22:41","modified_gmt":"2020-12-05T18:22:41","slug":"ojciec-dolindo","status":"publish","type":"post","link":"https:\/\/chrystus.pl\/hu\/ojciec-dolindo\/","title":{"rendered":"Dolindo atya"},"content":{"rendered":"<p>A m\u00e9rn\u00f6k \u00e9s matematikus Raffaele \u00e9s a n\u00e1polyi \u00e9s spanyol nemess\u00e9gb\u0151l sz\u00e1rmaz\u00f3 Silvia Valle tizenegy gyermeke k\u00f6z\u00fcl az \u00f6t\u00f6dik, akinek neh\u00e9z gyermekkora volt az eg\u00e9szs\u00e9g\u00fcgyi probl\u00e9m\u00e1k \u00e9s a csal\u00e1d anyagi gondjai miatt. <\/p>\n\n\n\n<p>W 1896 roku, wraz z rozdzieleniem rodzic\u00f3w, Ojciec Dolindo (kt\u00f3rego imi\u0119 odnosi si\u0119 do &#8222;b\u00f3lu&#8221;) zosta\u0142 zainicjowany wraz z bratem Elio w Szkole Apostolskiej Kap\u0142an\u00f3w Misji, a trzy lata p\u00f3\u017aniej zosta\u0142 przyj\u0119ty do nowicjatu. <\/p>\n\n\n\n<p>1901. j\u00fanius 1-j\u00e9n tette le a vall\u00e1si fogadalmat, \u00e9s k\u00e9t \u00e9vvel k\u00e9s\u0151bb sikertelen\u00fcl k\u00e9rte, hogy misszion\u00e1riusk\u00e9nt K\u00edn\u00e1ba k\u00fcldj\u00e9k.<\/p>\n\n\n\n<p>1905. j\u00fanius 24-i papp\u00e1 szentel\u00e9se ut\u00e1n, majdnem 23 \u00e9vesen az Apostoli Iskola szeminarist\u00e1k professzor\u00e1v\u00e1 \u00e9s a gregori\u00e1n \u00e9nek tan\u00edt\u00f3j\u00e1v\u00e1 nevezt\u00e9k ki. R\u00f6vid id\u0151re Tarant\u00f3ba, majd a molfettai szemin\u00e1riumba k\u00f6lt\u00f6z\u00f6tt, ahol tan\u00edtott \u00e9s mag\u00e1nak a szemin\u00e1riumnak a reformj\u00e1n dolgozott.<\/p>\n\n\n\n<p>1907. okt\u00f3ber 29-\u00e9n visszah\u00edvt\u00e1k N\u00e1polyba, \u00e9s felsz\u00f3l\u00edtott\u00e1k, hogy ne foglalkozzon tov\u00e1bb az \u00fcggyel. A \"form\u00e1lis \u00e9s dogmatikus eretnek\" v\u00e1dj\u00e1val R\u00f3m\u00e1ba utazott, hogy al\u00e1vesse mag\u00e1t a Szent Hivatal \u00edt\u00e9let\u00e9nek: n\u00e9gy h\u00f3napos vizsg\u00e1lat ut\u00e1n, amelyben Ruotolo nem vonta vissza a v\u00e1dakat, felf\u00fcggesztett\u00e9k \u00e9s pszichi\u00e1triai vizsg\u00e1latokra k\u00e9nyszer\u00edtett\u00e9k. Ezek kimutatt\u00e1k, hogy besz\u00e1m\u00edthat\u00f3. <\/p>\n\n\n\n<p>1908. \u00e1prilis 13-\u00e1n N\u00e1polyba h\u00edvt\u00e1k a kongreg\u00e1ci\u00f3 el\u00f6lj\u00e1r\u00f3i, akik \u00f6rd\u00f6g\u0171z\u00e9snek vetett\u00e9k al\u00e1.<\/p>\n\n\n\n<p>A calabriai Rossan\u00f3ba k\u00f6lt\u00f6z\u00f6tt; 1910. augusztus 8-\u00e1n a felf\u00fcggeszt\u00e9s\u00e9nek fel\u00fclvizsg\u00e1lat\u00e1ra ir\u00e1nyul\u00f3 k\u00e9relme pozit\u00edv eredm\u00e9nnyel z\u00e1rult, \u00e9s k\u00e9t \u00e9s f\u00e9l \u00e9v felf\u00fcggeszt\u00e9s ut\u00e1n rehabilit\u00e1lt\u00e1k. M\u00e1sodszor, 1911 december\u00e9ben R\u00f3m\u00e1ba h\u00edvt\u00e1k, majd 1912-ben visszak\u00fcldt\u00e9k N\u00e1polyba. 1921-ben egy k\u00e1noni perben el\u00edt\u00e9lt\u00e9k \u00e9s ism\u00e9t elt\u00e1vol\u00edtott\u00e1k. V\u00e9g\u00fcl 1937. j\u00falius 17-\u00e9n, 55 \u00e9ves kor\u00e1ban rehabilit\u00e1lt\u00e1k.<\/p>\n\n\n\n<p>Egyh\u00e1zmegyei papi \u00e9lete N\u00e1polyban folytat\u00f3dott, a San Giuseppe dei Nudi templomban, amelynek testv\u00e9re, Elio volt a pl\u00e9b\u00e1nosa. Itt Dolindo atya volt az Isten munk\u00e1ja \u00e9s az Opera Apostolato Stampa alap\u00edt\u00f3ja.<\/p>\n\n\n\n<p>Ruotolo 33 k\u00f6tetes Szent\u00edr\u00e1s-komment\u00e1rt, sz\u00e1mos teol\u00f3giai, aszketikus \u00e9s misztikus m\u0171vet, eg\u00e9sz k\u00f6tetnyi lev\u00e9l\u00edr\u00e1st, \u00f6n\u00e9letrajzi \u00edr\u00e1sokat \u00e9s kereszt\u00e9ny tan\u00edt\u00e1st hagyott h\u00e1tra. <\/p>\n\n\n\n<p>A Szent\u00edr\u00e1s-komment\u00e1r a hagyom\u00e1nyos exegetikai m\u00f3dszert alkalmazta, hogy megpr\u00f3b\u00e1lja helyre\u00e1ll\u00edtani a tudom\u00e1ny \u00e9s a hit k\u00f6z\u00f6tti szakad\u00e1st az exeg\u00e9zisben, amely m\u00f3dszer ellen k\u00e9s\u0151bb a P\u00e1pai Bibliai Int\u00e9zet \u00e9s a P\u00e1pai Bibliai Bizotts\u00e1g, \u00e9l\u00e9n Augustin Bea \u00e9s Eugene Tisserant k\u00fczd\u00f6tt. <\/p>\n\n\n\n<p>Munk\u00e1j\u00e1t a Szent Hivatal el\u00edt\u00e9lte.W<\/p>\n\n\n\n<p>\u015br\u00f3d dzie\u0142 napisanych przez Ojca Dolindo Ruotolo znajduje si\u0119 r\u00f3wnie\u017c Akt porzucenia: kr\u00f3tkie pismo, kt\u00f3re, podobnie jak linia mistyczna zaproponowana przez Jean-Pierre&#8217;a de Caussade&#8217;a, dotyczy pewnego i ca\u0142kowitego oddania wiernych w r\u0119ce Chrystusa. <\/p>\n\n\n\n<p>Ahogy a sz\u00f6veg is eml\u00edti:  \"Gondolkodj el rajta\" (...). (...) Csukd be a szemed, \u00e9s hagyd, hogy mag\u00e1val ragadjon kegyelmem \u00e1rja, csukd be a szemed, \u00e9s ne gondolj a jelenre, ford\u00edtsd el gondolataidat a j\u00f6v\u0151t\u0151l, mintha k\u00eds\u00e9rt\u00e9s lenne, pihenj meg Bennem, higgy j\u00f3s\u00e1gomban, \u00e9s szeretetemre esk\u00fcsz\u00f6m neked, hogy ha ezekkel a hajlamokkal sz\u00f3lsz Hozz\u00e1m: \"Te gondolsz r\u00e1\", \u00c9n gondolok r\u00e1 teljes m\u00e9rt\u00e9kben, megvigasztallak, megszabad\u00edtalak, vezetlek\". <\/p>\n\n\n\n<p>Ugyanezen a szinten van Dolindo atya egy m\u00e1sik fontos munk\u00e1ja: az Elhagyatotts\u00e1g Nov\u00e9n\u00e1ja: egy egyszer\u0171 \u00e9s er\u0151teljes imaeszk\u00f6z: \"...Csukd be a szemed \u00e9s hagyd, hogy mag\u00e1val ragadjon kegyelmem \u00e1rja, csukd be a szemed \u00e9s ne gondolj a jelenre, ford\u00edtsd el gondolataidat a j\u00f6v\u0151t\u0151l, mint a k\u00eds\u00e9rt\u00e9st\u0151l, pihenj meg Bennem, higgy j\u00f3s\u00e1gomban...\".<\/p>\n\n\n\n<p>1960-ban egy agyv\u00e9rz\u00e9s k\u00f6vetkezt\u00e9ben test\u00e9nek bal oldala mozg\u00e1sk\u00e9ptelenn\u00e9 v\u00e1lt. 1970. november 19-\u00e9n halt meg. <\/p>\n\n\n\n<p>Holttest\u00e9t a n\u00e1polyi San Giuseppe dei Vecchi \u00e9s a n\u00e1polyi Lourdes-i Miasszonyunk templomban temett\u00e9k el. <\/p>\n\n\n\n<p>W\u015br\u00f3d Neapolita\u0144czyk\u00f3w panuje zwyczaj trzykrotnego zapukania w imi\u0119 Tr\u00f3jcy \u015awi\u0119tej do marmuru jego grobu, modl\u0105c si\u0119 tak wiernie, aby za jego wstawiennictwem otrzyma\u0107 \u0142aski duchowe i materialne, poniewa\u017c powiedzia\u0142: &#8222;przyjd\u017a i zapukaj do mego grobu\u2026 Odpowiem ci&#8221;.<\/p>\n\n\n\n<h2 class=\"wp-block-heading\">Dolindo atya kultusza<\/h2>\n\n\n\n<p>Pietrelcinai Szent Pio mondta r\u00f3la a hozz\u00e1 zar\u00e1ndokl\u00f3 n\u00e1polyi h\u00edveknek: \"Mi\u00e9rt j\u00f6nn\u00e9tek ide, amikor N\u00e1polyban ott van Don Dolindo? Menjetek hozz\u00e1, \u0151 egy szent\".<\/p>\n\n\n\n<p>Dolindo Ruotolo nev\u00e9hez f\u0171z\u0151dik egy 1965. j\u00falius 2-i \u00fczenet is, amelyet a h\u00edv\u0151k pr\u00f3f\u00e9tai \u00fczenetnek tartanak, \u00e9s amely a Sz\u0171zanya egyik k\u00e9p\u00e9nek h\u00e1toldal\u00e1n l\u00e1that\u00f3, \u00e9s amelyet Vytautas Laskowski lengyelnek c\u00edmeztek. Ez a Pavel Hnilica p\u00fcsp\u00f6k \u00e1ltal hiteles\u00edtett dokumentum a kommunizmus v\u00e9g\u00e9re vonatkozik: \"M\u00e1ria a l\u00e9lek\u00e9rt. A vil\u00e1g a pusztul\u00e1s fel\u00e9 tart, de Lengyelorsz\u00e1g, mint Sobieski idej\u00e9ben, a sz\u00edvemben l\u00e9v\u0151 \u00e1h\u00edtat miatt ma is olyan lesz, mint az a h\u00faszezer, aki megmentette Eur\u00f3p\u00e1t \u00e9s a vil\u00e1got a t\u00f6r\u00f6k zsarnoks\u00e1gt\u00f3l. Most Lengyelorsz\u00e1g fogja megszabad\u00edtani a vil\u00e1got a legsz\u00f6rny\u0171bb kommunista zsarnoks\u00e1gt\u00f3l. Egy \u00faj J\u00e1nos emelkedik fel, aki h\u0151sies menetel\u00e9ssel fogja sz\u00e9tt\u00f6rni a l\u00e1ncokat, t\u00fal a kommunista zsarnoks\u00e1g \u00e1ltal szabott hat\u00e1rokon. Eml\u00e9kezzetek erre. \u00c1ldom Lengyelorsz\u00e1got. Meg\u00e1ldalak benneteket. \u00c1ldj meg engem. Szeg\u00e9ny Don Dolindo Ruotolo - Via Salvator Rosa, 58, N\u00e1poly\".<\/p>\n\n\n\n<p>Sokan a n\u00e1polyi lelkis\u00e9g \u00e9s a katolikus egyh\u00e1z bajnok\u00e1nak tartj\u00e1k, \u00e9s a San Giuseppe dei Vecchi templomban nyugszik, m\u00edg a San Giuseppe dei Nudi templomban testv\u00e9re, Elio s\u00edrja tal\u00e1lhat\u00f3.<\/p>\n\n\n\n<p>A szentt\u00e9 avat\u00e1si elj\u00e1r\u00e1s jelenleg is folyamatban van.<\/p>","protected":false},"excerpt":{"rendered":"<p>Pi\u0105te z jedenastu dzieci Raffaele&#8217;a, in\u017cyniera i matematyka, oraz Silvia Valle, potomek szlachty neapolita\u0144skiej i hiszpa\u0144skiej, mia\u0142 trudne dzieci\u0144stwo ze wzgl\u0119du na problemy zdrowotne i ograniczenia finansowe rodziny. W 1896 roku, wraz z rozdzieleniem rodzic\u00f3w, Ojciec Dolindo (kt\u00f3rego imi\u0119 odnosi si\u0119 do &#8222;b\u00f3lu&#8221;) zosta\u0142 zainicjowany wraz z bratem Elio w Szkole Apostolskiej Kap\u0142an\u00f3w Misji, a &hellip;<\/p>","protected":false},"author":1,"featured_media":1897,"comment_status":"closed","ping_status":"closed","sticky":false,"template":"","format":"standard","meta":{"footnotes":""},"categories":[149],"tags":[],"class_list":["post-1895","post","type-post","status-publish","format-standard","has-post-thumbnail","hentry","category-osobistosci"],"yoast_head":"<!-- This site is optimized with the Yoast SEO plugin v27.5 - https:\/\/yoast.com\/product\/yoast-seo-wordpress\/ -->\n<title>Ojciec Dolindo Ruotolo z Neapolu - Chrystus<\/title>\n<meta name=\"description\" content=\"Pi\u0105te z jedenastu dzieci Raffaele&#039;a, in\u017cyniera i matematyka, oraz Silvia Valle, potomek szlachty neapolita\u0144skiej i hiszpa\u0144skiej, mia\u0142 trudne dzieci\u0144stwo\" \/>\n<meta name=\"robots\" content=\"index, follow, max-snippet:-1, max-image-preview:large, max-video-preview:-1\" \/>\n<link rel=\"canonical\" href=\"https:\/\/chrystus.pl\/hu\/apa-dolindo\/\" \/>\n<meta property=\"og:locale\" content=\"hu_HU\" \/>\n<meta property=\"og:type\" content=\"article\" \/>\n<meta property=\"og:title\" content=\"Ojciec Dolindo Ruotolo z Neapolu - Chrystus.pl\" \/>\n<meta property=\"og:description\" content=\"Pi\u0105te z jedenastu dzieci Raffaele&#039;a, in\u017cyniera i matematyka, oraz Silvia Valle, potomek szlachty neapolita\u0144skiej i hiszpa\u0144skiej, mia\u0142 trudne dzieci\u0144stwo ze\" \/>\n<meta property=\"og:url\" content=\"https:\/\/chrystus.pl\/hu\/apa-dolindo\/\" \/>\n<meta property=\"og:site_name\" content=\"Chrystus\" \/>\n<meta property=\"article:published_time\" content=\"2020-12-05T18:22:36+00:00\" \/>\n<meta property=\"article:modified_time\" content=\"2020-12-05T18:22:41+00:00\" \/>\n<meta property=\"og:image\" content=\"https:\/\/chrystus.pl\/wp-content\/uploads\/2020\/12\/Ojciec-Dolindo.jpg\" \/>\n\t<meta property=\"og:image:width\" content=\"345\" \/>\n\t<meta property=\"og:image:height\" content=\"600\" \/>\n\t<meta property=\"og:image:type\" content=\"image\/jpeg\" \/>\n<meta name=\"author\" content=\"Samarytanka\" \/>\n<meta name=\"twitter:card\" content=\"summary_large_image\" \/>\n<meta name=\"twitter:title\" content=\"Ojciec Dolindo Ruotolo z Neapolu - Chrystus.pl\" \/>\n<meta name=\"twitter:description\" content=\"Pi\u0105te z jedenastu dzieci Raffaele&#039;a, in\u017cyniera i matematyka, oraz Silvia Valle, potomek szlachty neapolita\u0144skiej i hiszpa\u0144skiej, mia\u0142 trudne dzieci\u0144stwo ze\" \/>\n<meta name=\"twitter:image\" content=\"https:\/\/chrystus.pl\/wp-content\/uploads\/2020\/12\/Ojciec-Dolindo.jpg\" \/>\n<meta name=\"twitter:label1\" content=\"Szerz\u0151:\" \/>\n\t<meta name=\"twitter:data1\" content=\"Samarytanka\" \/>\n\t<meta name=\"twitter:label2\" content=\"Becs\u00fclt olvas\u00e1si id\u0151\" \/>\n\t<meta name=\"twitter:data2\" content=\"5 perc\" \/>\n<!-- \/ Yoast SEO plugin. -->","yoast_head_json":{"title":"Dolindo Ruotolo n\u00e1polyi atya - Krisztus","description":"Pi\u0105te z jedenastu dzieci Raffaele'a, in\u017cyniera i matematyka, oraz Silvia Valle, potomek szlachty neapolita\u0144skiej i hiszpa\u0144skiej, mia\u0142 trudne dzieci\u0144stwo","robots":{"index":"index","follow":"follow","max-snippet":"max-snippet:-1","max-image-preview":"max-image-preview:large","max-video-preview":"max-video-preview:-1"},"canonical":"https:\/\/chrystus.pl\/hu\/apa-dolindo\/","og_locale":"hu_HU","og_type":"article","og_title":"Ojciec Dolindo Ruotolo z Neapolu - Chrystus.pl","og_description":"Pi\u0105te z jedenastu dzieci Raffaele'a, in\u017cyniera i matematyka, oraz Silvia Valle, potomek szlachty neapolita\u0144skiej i hiszpa\u0144skiej, mia\u0142 trudne dzieci\u0144stwo ze","og_url":"https:\/\/chrystus.pl\/hu\/apa-dolindo\/","og_site_name":"Chrystus","article_published_time":"2020-12-05T18:22:36+00:00","article_modified_time":"2020-12-05T18:22:41+00:00","og_image":[{"width":345,"height":600,"url":"https:\/\/chrystus.pl\/wp-content\/uploads\/2020\/12\/Ojciec-Dolindo.jpg","type":"image\/jpeg"}],"author":"Samarytanka","twitter_card":"summary_large_image","twitter_title":"Ojciec Dolindo Ruotolo z Neapolu - Chrystus.pl","twitter_description":"Pi\u0105te z jedenastu dzieci Raffaele'a, in\u017cyniera i matematyka, oraz Silvia Valle, potomek szlachty neapolita\u0144skiej i hiszpa\u0144skiej, mia\u0142 trudne dzieci\u0144stwo ze","twitter_image":"https:\/\/chrystus.pl\/wp-content\/uploads\/2020\/12\/Ojciec-Dolindo.jpg","twitter_misc":{"Szerz\u0151:":"Samarytanka","Becs\u00fclt olvas\u00e1si id\u0151":"5 perc"},"schema":{"@context":"https:\/\/schema.org","@graph":[{"@type":"Article","@id":"https:\/\/chrystus.pl\/de\/vater-dolindo\/#article","isPartOf":{"@id":"https:\/\/chrystus.pl\/de\/vater-dolindo\/"},"author":{"name":"Samarytanka","@id":"https:\/\/chrystus.pl\/#\/schema\/person\/e2e742452b8b7b2bcd23ea180671d27a"},"headline":"Ojciec Dolindo","datePublished":"2020-12-05T18:22:36+00:00","dateModified":"2020-12-05T18:22:41+00:00","mainEntityOfPage":{"@id":"https:\/\/chrystus.pl\/de\/vater-dolindo\/"},"wordCount":926,"publisher":{"@id":"https:\/\/chrystus.pl\/#organization"},"image":{"@id":"https:\/\/chrystus.pl\/de\/vater-dolindo\/#primaryimage"},"thumbnailUrl":"https:\/\/chrystus.pl\/wp-content\/uploads\/2020\/12\/Ojciec-Dolindo.jpg","articleSection":["Osobisto\u015bci"],"inLanguage":"hu"},{"@type":"WebPage","@id":"https:\/\/chrystus.pl\/de\/vater-dolindo\/","url":"https:\/\/chrystus.pl\/de\/vater-dolindo\/","name":"Dolindo Ruotolo n\u00e1polyi atya - Krisztus","isPartOf":{"@id":"https:\/\/chrystus.pl\/#website"},"primaryImageOfPage":{"@id":"https:\/\/chrystus.pl\/de\/vater-dolindo\/#primaryimage"},"image":{"@id":"https:\/\/chrystus.pl\/de\/vater-dolindo\/#primaryimage"},"thumbnailUrl":"https:\/\/chrystus.pl\/wp-content\/uploads\/2020\/12\/Ojciec-Dolindo.jpg","datePublished":"2020-12-05T18:22:36+00:00","dateModified":"2020-12-05T18:22:41+00:00","description":"Pi\u0105te z jedenastu dzieci Raffaele'a, in\u017cyniera i matematyka, oraz Silvia Valle, potomek szlachty neapolita\u0144skiej i hiszpa\u0144skiej, mia\u0142 trudne dzieci\u0144stwo","breadcrumb":{"@id":"https:\/\/chrystus.pl\/de\/vater-dolindo\/#breadcrumb"},"inLanguage":"hu","potentialAction":[{"@type":"ReadAction","target":["https:\/\/chrystus.pl\/de\/vater-dolindo\/"]}]},{"@type":"ImageObject","inLanguage":"hu","@id":"https:\/\/chrystus.pl\/de\/vater-dolindo\/#primaryimage","url":"https:\/\/chrystus.pl\/wp-content\/uploads\/2020\/12\/Ojciec-Dolindo.jpg","contentUrl":"https:\/\/chrystus.pl\/wp-content\/uploads\/2020\/12\/Ojciec-Dolindo.jpg","width":345,"height":600},{"@type":"BreadcrumbList","@id":"https:\/\/chrystus.pl\/de\/vater-dolindo\/#breadcrumb","itemListElement":[{"@type":"ListItem","position":1,"name":"Strona g\u0142\u00f3wna","item":"https:\/\/chrystus.pl\/"},{"@type":"ListItem","position":2,"name":"Ojciec Dolindo"}]},{"@type":"WebSite","@id":"https:\/\/chrystus.pl\/#website","url":"https:\/\/chrystus.pl\/","name":"Krisztus","description":"Isten, M\u00e1ria, J\u00e9zus, \u00e1ldoz\u00e1s \u00e9s m\u00e9g sok minden m\u00e1s.","publisher":{"@id":"https:\/\/chrystus.pl\/#organization"},"potentialAction":[{"@type":"SearchAction","target":{"@type":"EntryPoint","urlTemplate":"https:\/\/chrystus.pl\/?s={search_term_string}"},"query-input":{"@type":"PropertyValueSpecification","valueRequired":true,"valueName":"search_term_string"}}],"inLanguage":"hu"},{"@type":"Organization","@id":"https:\/\/chrystus.pl\/#organization","name":"Christ.pl","url":"https:\/\/chrystus.pl\/","logo":{"@type":"ImageObject","inLanguage":"hu","@id":"https:\/\/chrystus.pl\/#\/schema\/logo\/image\/","url":"https:\/\/chrystus.pl\/wp-content\/uploads\/2019\/03\/chrystus-bog-maryja-komunia-bierzmowanie.jpg","contentUrl":"https:\/\/chrystus.pl\/wp-content\/uploads\/2019\/03\/chrystus-bog-maryja-komunia-bierzmowanie.jpg","width":1920,"height":1280,"caption":"Chrystus.pl"},"image":{"@id":"https:\/\/chrystus.pl\/#\/schema\/logo\/image\/"}},{"@type":"Person","@id":"https:\/\/chrystus.pl\/#\/schema\/person\/e2e742452b8b7b2bcd23ea180671d27a","name":"Szamarit\u00e1nus n\u0151"}]}},"_links":{"self":[{"href":"https:\/\/chrystus.pl\/hu\/wp-json\/wp\/v2\/posts\/1895","targetHints":{"allow":["GET"]}}],"collection":[{"href":"https:\/\/chrystus.pl\/hu\/wp-json\/wp\/v2\/posts"}],"about":[{"href":"https:\/\/chrystus.pl\/hu\/wp-json\/wp\/v2\/types\/post"}],"author":[{"embeddable":true,"href":"https:\/\/chrystus.pl\/hu\/wp-json\/wp\/v2\/users\/1"}],"replies":[{"embeddable":true,"href":"https:\/\/chrystus.pl\/hu\/wp-json\/wp\/v2\/comments?post=1895"}],"version-history":[{"count":0,"href":"https:\/\/chrystus.pl\/hu\/wp-json\/wp\/v2\/posts\/1895\/revisions"}],"wp:featuredmedia":[{"embeddable":true,"href":"https:\/\/chrystus.pl\/hu\/wp-json\/wp\/v2\/media\/1897"}],"wp:attachment":[{"href":"https:\/\/chrystus.pl\/hu\/wp-json\/wp\/v2\/media?parent=1895"}],"wp:term":[{"taxonomy":"category","embeddable":true,"href":"https:\/\/chrystus.pl\/hu\/wp-json\/wp\/v2\/categories?post=1895"},{"taxonomy":"post_tag","embeddable":true,"href":"https:\/\/chrystus.pl\/hu\/wp-json\/wp\/v2\/tags?post=1895"}],"curies":[{"name":"wp","href":"https:\/\/api.w.org\/{rel}","templated":true}]}}