{"id":1898,"date":"2020-12-05T18:40:09","date_gmt":"2020-12-05T18:40:09","guid":{"rendered":"https:\/\/chrystus.pl\/?p=1898"},"modified":"2020-12-05T18:40:14","modified_gmt":"2020-12-05T18:40:14","slug":"litania-do-najswietszego-serca-pana-jezusa","status":"publish","type":"post","link":"https:\/\/chrystus.pl\/hu\/litania-do-najswietszego-serca-pana-jezusa\/","title":{"rendered":"J\u00e9zus Szents\u00e9ges Sz\u00edv\u00e9nek lit\u00e1ni\u00e1ja"},"content":{"rendered":"<p>Litania do Naj\u015bwi\u0119tszego Serca Pana Jezusa &#8211; Tekst<\/p>\n\n\n\n<p>Kyrie, elejson. J\u00e9zusom, Elejson. Kyrie, elejson.<br>Krisztus, hallgass meg minket. Krisztus, hallgass meg minket.<\/p>\n\n\n\n<p>Mennyei Aty\u00e1nk, Istenem, k\u00f6ny\u00f6r\u00fclj rajtunk.<br>Fiam, a vil\u00e1g megv\u00e1lt\u00f3ja, Isten, k\u00f6ny\u00f6r\u00fclj rajtunk.<br>Szentl\u00e9lek, Isten, k\u00f6ny\u00f6r\u00fclj rajtunk.<br>Szenth\u00e1roms\u00e1g, egy Isten, irgalmazz nek\u00fcnk.<\/p>\n\n\n\n<p>J\u00e9zus Sz\u00edve, az \u00d6r\u00f6k Atya Fia, irgalmazz nek\u00fcnk.<br>J\u00e9zus Sz\u00edve, aki a Szentl\u00e9lek \u00e1ltal a Sz\u0171zanya m\u00e9h\u00e9ben form\u00e1l\u00f3dott, k\u00f6ny\u00f6r\u00fclj rajtunk.<br>J\u00e9zus Sz\u00edve, aki bens\u0151s\u00e9gesen egyes\u00fclt\u00e9l Isten Ig\u00e9j\u00e9vel, k\u00f6ny\u00f6r\u00fclj rajtunk.<br>J\u00e9zus Sz\u00edve, v\u00e9gtelen fens\u00e9g, irgalmazz nek\u00fcnk.<br>J\u00e9zus Sz\u00edve, Isten temploma, k\u00f6ny\u00f6r\u00fclj rajtunk.<br>J\u00e9zus Sz\u00edve, a Magass\u00e1gbeli hajl\u00e9k, k\u00f6ny\u00f6r\u00fclj rajtunk.<br>J\u00e9zus Sz\u00edve, Isten h\u00e1za \u00e9s a menny kapuja, k\u00f6ny\u00f6r\u00fclj rajtunk.<br>J\u00e9zus Sz\u00edve, a szeretet \u00e9g\u0151 t\u00fcze, k\u00f6ny\u00f6r\u00fclj rajtunk.<br>J\u00e9zus Sz\u00edve, igazs\u00e1goss\u00e1g \u00e9s szeretet kincst\u00e1ra, irgalmazz nek\u00fcnk.<br>J\u00e9zus Sz\u00edve, j\u00f3s\u00e1ggal \u00e9s szeretettel teljes, k\u00f6ny\u00f6r\u00fclj rajtunk.<br>J\u00e9zus Sz\u00edve, minden er\u00e9nyek feneketlen m\u00e9lys\u00e9ge, k\u00f6ny\u00f6r\u00fclj rajtunk.<br>J\u00e9zus Sz\u00edve, minden dics\u00e9retre m\u00e9lt\u00f3, k\u00f6ny\u00f6r\u00fclj rajtunk.<br>J\u00e9zus Sz\u00edve, Kir\u00e1ly \u00e9s minden sz\u00edvek egyes\u00edt\u0151je, k\u00f6ny\u00f6r\u00fclj rajtunk.<br>J\u00e9zus Sz\u00edve, akiben a b\u00f6lcsess\u00e9g \u00e9s a tud\u00e1s minden kincse van, k\u00f6ny\u00f6r\u00fclj rajtunk.<br>J\u00e9zus Sz\u00edve, amelyben az Istens\u00e9g eg\u00e9sz teljess\u00e9ge lakozik, k\u00f6ny\u00f6r\u00fclj rajtunk.<br>J\u00e9zus Sz\u00edve, akiben az Atya gy\u00f6ny\u00f6rk\u00f6dik, k\u00f6ny\u00f6r\u00fclj rajtunk.<br>J\u00e9zus Sz\u00edve, akinek teljess\u00e9g\u00e9b\u0151l mindny\u00e1jan r\u00e9szes\u00fclt\u00fcnk, k\u00f6ny\u00f6r\u00fclj rajtunk.<br>J\u00e9zus Sz\u00edve, a vil\u00e1g \u00f6r\u00f6k v\u00e1gya, k\u00f6ny\u00f6r\u00fclj rajtunk.<br>J\u00e9zus Sz\u00edve, t\u00fcrelmes \u00e9s nagy irgalmass\u00e1g\u00fa, k\u00f6ny\u00f6r\u00fclj rajtunk.<br>J\u00e9zus Sz\u00edve, aki nagylelk\u0171 vagy mindazokhoz, akik hozz\u00e1d fordulnak, k\u00f6ny\u00f6r\u00fclj rajtunk.<br>J\u00e9zus Sz\u00edve, az \u00e9let \u00e9s a szents\u00e9g forr\u00e1sa, irgalmazz nek\u00fcnk.<br>J\u00e9zus Sz\u00edve, b\u0171neink\u00e9rt val\u00f3 engesztel\u00e9s, k\u00f6ny\u00f6r\u00fclj rajtunk.<br>J\u00e9zus Sz\u00edve, tele b\u00e1nattal, k\u00f6ny\u00f6r\u00fclj rajtunk.<br>J\u00e9zus Sz\u00edve, a mi v\u00e9tkeink\u00e9rt k\u00f6ny\u00f6r\u00fclj rajtunk.<br>J\u00e9zus Sz\u00edve, hal\u00e1lodig engedelmes, k\u00f6ny\u00f6r\u00fclj rajtunk.<br>J\u00e9zus Sz\u00edve, l\u00e1ndzs\u00e1val \u00e1tsz\u00fart, k\u00f6ny\u00f6r\u00fclj rajtunk.<br>J\u00e9zus Sz\u00edve, minden vigasztal\u00e1s forr\u00e1sa, irgalmazz nek\u00fcnk.<br>J\u00e9zus Sz\u00edve, \u00e9let\u00fcnk \u00e9s felt\u00e1mad\u00e1sunk, irgalmazz nek\u00fcnk.<br>J\u00e9zus Sz\u00edve, b\u00e9kess\u00e9g\u00fcnk \u00e9s megb\u00e9k\u00e9l\u00e9s\u00fcnk, irgalmazz nek\u00fcnk.<br>J\u00e9zus Sz\u00edve, b\u0171n\u00f6s\u00f6k v\u00e9r\u00e1ldozata, irgalmazz nek\u00fcnk.<br>J\u00e9zus Sz\u00edve, <a href=\"https:\/\/chrystus.pl\/hu\/co-to-jest-historia-zbawienia\/\">\u00fcdv\u00f6ss\u00e9g<\/a> akik b\u00edznak benned, k\u00f6ny\u00f6r\u00fclj rajtunk.<br>J\u00e9zus Sz\u00edve, a haldokl\u00f3k rem\u00e9nye benned, k\u00f6ny\u00f6r\u00fclj rajtunk.<br>J\u00e9zus Sz\u00edve, minden szentek \u00f6r\u00f6me, irgalmazz nek\u00fcnk.<\/p>\n\n\n\n<p>Isten B\u00e1r\u00e1nya, aki elveszed a vil\u00e1g b\u0171neit, bocs\u00e1ss meg nek\u00fcnk, Uram.<br>Isten B\u00e1r\u00e1nya, aki elveszed a vil\u00e1g b\u0171neit, hallgass meg minket, Uram.<br>Isten B\u00e1r\u00e1nya, aki elveszed a vil\u00e1g b\u0171neit, k\u00f6ny\u00f6r\u00fclj rajtunk.<\/p>\n\n\n\n<p>K. J\u00e9zus, szel\u00edd \u00e9s al\u00e1zatos sz\u00edv\u0171.<br>W. Tedd sz\u00edv\u00fcnket a Te Sz\u00edved szerint.<\/p>\n\n\n\n<div id=\"ez-toc-container\" class=\"ez-toc-v2_0_82_2 counter-hierarchy ez-toc-counter ez-toc-custom ez-toc-container-direction\">\n<p class=\"ez-toc-title\" style=\"cursor:inherit\">Tartalomjegyz\u00e9k<\/p>\n<label for=\"ez-toc-cssicon-toggle-item-69f4b31de5e7e\" class=\"ez-toc-cssicon-toggle-label\"><span class=\"\"><span class=\"eztoc-hide\" style=\"display:none;\">Toggle<\/span><span class=\"ez-toc-icon-toggle-span\"><svg style=\"fill: #ffffff;color:#ffffff\" xmlns=\"http:\/\/www.w3.org\/2000\/svg\" class=\"list-377408\" width=\"20px\" height=\"20px\" viewbox=\"0 0 24 24\" fill=\"none\"><path d=\"M6 6H4v2h2V6zm14 0H8v2h12V6zM4 11h2v2H4v-2zm16 0H8v2h12v-2zM4 16h2v2H4v-2zm16 0H8v2h12v-2z\" fill=\"currentColor\"><\/path><\/svg><svg style=\"fill: #ffffff;color:#ffffff\" class=\"arrow-unsorted-368013\" xmlns=\"http:\/\/www.w3.org\/2000\/svg\" width=\"10px\" height=\"10px\" viewbox=\"0 0 24 24\" version=\"1.2\" baseprofile=\"tiny\"><path d=\"M18.2 9.3l-6.2-6.3-6.2 6.3c-.2.2-.3.4-.3.7s.1.5.3.7c.2.2.4.3.7.3h11c.3 0 .5-.1.7-.3.2-.2.3-.5.3-.7s-.1-.5-.3-.7zM5.8 14.7l6.2 6.3 6.2-6.3c.2-.2.3-.5.3-.7s-.1-.5-.3-.7c-.2-.2-.4-.3-.7-.3h-11c-.3 0-.5.1-.7.3-.2.2-.3.5-.3.7s.1.5.3.7z\"\/><\/svg><\/span><\/span><\/label><input type=\"checkbox\"  id=\"ez-toc-cssicon-toggle-item-69f4b31de5e7e\"  aria-label=\"Toggle\" \/><nav><ul class='ez-toc-list ez-toc-list-level-1' ><li class='ez-toc-page-1 ez-toc-heading-level-2'><a class=\"ez-toc-link ez-toc-heading-1\" href=\"https:\/\/chrystus.pl\/hu\/litania-do-najswietszego-serca-pana-jezusa\/#Historia\" >T\u00f6rt\u00e9nelem<\/a><\/li><li class='ez-toc-page-1 ez-toc-heading-level-2'><a class=\"ez-toc-link ez-toc-heading-2\" href=\"https:\/\/chrystus.pl\/hu\/litania-do-najswietszego-serca-pana-jezusa\/#Inne_formy_kultu_i_odpustu\" >Az istentisztelet \u00e9s az enged\u00e9kenys\u00e9g egy\u00e9b form\u00e1i<\/a><\/li><\/ul><\/nav><\/div>\n<h2 class=\"wp-block-heading\"><span class=\"ez-toc-section\" id=\"Historia\"><\/span>T\u00f6rt\u00e9nelem<span class=\"ez-toc-section-end\"><\/span><\/h2>\n\n\n\n<p>A J\u00e9zus Szents\u00e9ges Sz\u00edve ir\u00e1nti tiszteletet m\u00e1r a kereszt\u00e9ny \u00f3korban \u00e9s a k\u00f6z\u00e9pkorban is gyakorolt\u00e1k, a 17. sz\u00e1zadban pedig az eudist\u00e1k \u00e9s az \u00c9desanya Csod\u00e1latos Sz\u00edve T\u00e1rsas\u00e1g alap\u00edt\u00f3ja, Eudes Szent J\u00e1nos (1601-1680) munk\u00e1ss\u00e1ga, majd k\u00fcl\u00f6n\u00f6sen Alacoque Szent Margit (M\u00e1ria) munk\u00e1ss\u00e1ga r\u00e9v\u00e9n terjedt el. 1671. m\u00e1jus 20-\u00e1n, 24 \u00e9ves kor\u00e1ban bel\u00e9pett a Paray-le-Monial-i kolostorban a Sales Szent Ferenc \u00e1ltal alap\u00edtott L\u00e1togat\u00f3i Rendbe.<\/p>\n\n\n\n<p>Az ap\u00e1ca itt vette fel a M\u00e1ria nevet, \u00e9s aszketikus kereszt\u00e9ny \u00e9let\u00e9ben meger\u0151s\u00f6dve hamarosan megtapasztalta els\u0151 misztikus \u00e9lm\u00e9nyeit.<\/p>\n\n\n\n<p>27 grudnia 1673 roku, w \u015bwi\u0119to \u015bw. Jana Aposto\u0142a i Ewangelisty, mia\u0142a pierwsz\u0105 wizj\u0119, w kt\u00f3rej Jezus zaprosi\u0142 j\u0105 do zaj\u0119cia miejsca Jana podczas Ostatniej Wieczerzy, wybranego przez Chrystusa, aby zrealizowa\u0107 wielki plan, &#8222;aby wszystko by\u0142o zrobione przeze mnie&#8221;.<\/p>\n\n\n\n<p>Druga wizja mia\u0142a miejsce w 1674 r. podczas adoracji Naj\u015bwi\u0119tszego Sakramentu, gdzie zakonnica mia\u0142a by\u0107 przedmiotem objawienia, w kt\u00f3rym Jezus pokaza\u0142 jej swoje serce, na tronie p\u0142omienistym i promieniuj\u0105cym jak s\u0142o\u0144ce, otoczonym koron\u0105 cierniow\u0105, przebit\u0105 ran\u0105 i pod krzy\u017cem, podczas gdy ona by\u0142a zasmucona skandaliczn\u0105 niewdzi\u0119czno\u015bci\u0105 ludzi i lekcewa\u017ceniem jego wysi\u0142k\u00f3w, by czyni\u0107 im dobro.<br><\/p>\n\n\n\n<p>J\u00e9zus arra k\u00e9rte, hogy im\u00e1dkozzon, minden h\u00f3nap els\u0151 p\u00e9ntekj\u00e9n vegyen szent\u00e1ldoz\u00e1st, \u00e9s cs\u00fct\u00f6rt\u00f6kr\u0151l p\u00e9ntekre virrad\u00f3 \u00e9jjel tizenegy \u00f3r\u00e1t\u00f3l \u00e9jf\u00e9lig arccal a f\u00f6ldre boruljon. Ebb\u0151l a l\u00e1tom\u00e1sb\u00f3l sz\u00fcletett a h\u00f3nap kilenc els\u0151 p\u00e9ntekek\u00e9nt ismert \u00e1h\u00edtati gyakorlat.<\/p>\n\n\n\n<p>Az utols\u00f3 l\u00e1tom\u00e1shoz, amely 1675. j\u00fanius 16-\u00e1n, Corpus Christi okt\u00e1v\u00e1j\u00e1ban t\u00f6rt\u00e9nt, J\u00e9zus hozz\u00e1tette, hogy megb\u00e1ntja a h\u00edvek magatart\u00e1sa, az istentelenek \u00e1ldozatai, k\u00fcl\u00f6n\u00f6sen a neki szentelt sz\u00edvek, \u00e9s kifejezetten k\u00e9rte, hogy munk\u00e1lkodjon azon, hogy ezen a napon (\u00e9s a t\u00f6bbi els\u0151 p\u00e9nteken) \u00e1ldoz\u00e1ssal egy\u00fctt k\u00fcl\u00f6n\u00f6s tisztelettel ad\u00f3zzon Isteni Sz\u00edv\u00e9nek, j\u00f3v\u00e1t\u00e9tel\u00fcl a Szent Euchariszti\u00e1ban kapott s\u00e9relmek\u00e9rt.<\/p>\n\n\n\n<p>Claude de la Colombi\u00e8re (1641-1682), a k\u00f6zeli Paray-le-Monial jezsuita h\u00e1z el\u00f6lj\u00e1r\u00f3ja, Margit \u00f6n\u00e9letrajz\u00e1ban felfedte misztikus \u00e9lm\u00e9nyeit.<\/p>\n\n\n\n<p>Margit M\u00e1ria Alacoque, a francia misztikusn\u0151 \u00edgy a J\u00e9zus Szents\u00e9ges Sz\u00edv\u00e9hez val\u00f3 ragaszkod\u00e1s h\u00edrn\u00f6ke volt. <\/p>\n\n\n\n<p>Sam Jezus Chrystus ofiarowa\u0142 nam Swoje Naj\u015bwi\u0119tsze Serce (a po drugie Pi\u0119\u0107 Ran \u015awi\u0119tych) jako prawdziwe \u017ar\u00f3d\u0142o, z kt\u00f3rego promieniuje Jego \u015bwiat\u0142o, jasne jak s\u0142o\u0144ce, i Jego mi\u0142o\u015b\u0107, mi\u0142o\u015bci i przebaczenia, p\u0142on\u0105ce jak p\u0142omienie (tak opisane w podobnych wizjach innych \u015bwi\u0119tych);<br><\/p>\n\n\n\n<p>Ez a Sz\u00edv Isten szeretet\u00e9nek olyannyira jele, hogy l\u00e1ndzs\u00e1val sz\u00fart\u00e1k \u00e1t.<br>Az emberi sz\u00edv az Isteni Jelenl\u00e9t helyettes\u00edt\u0151 szerve \u00e9s \u00e9rz\u00e9keny alanya a Szenth\u00e1roms\u00e1gos Lakhely misztikus megtapasztal\u00e1s\u00e1ban;<br>J\u00e9zus sz\u00edve arra k\u00e9szteti a h\u00edv\u0151ket, hogy elm\u00e9lkedjenek J\u00e9zus f\u00e1jdalm\u00e1r\u00f3l, \u00e9s megvallj\u00e1k h\u00e1l\u00e1jukat neki.<br>W 1856 r. papie\u017c Pius IX rozszerzy\u0142 kult na ca\u0142y Ko\u015bci\u00f3\u0142 katolicki, ustanawiaj\u0105c uroczysto\u015b\u0107 Naj\u015bwi\u0119tszego Serca Jezusowego, kt\u00f3ra jest obchodzona co roku w pierwszy pi\u0105tek po Bo\u017cym Cia\u0142a.<\/p>\n\n\n\n<p>Szent Margitot 1920. m\u00e1jus 13-\u00e1n avatta szentt\u00e9 XV. Benedek p\u00e1pa.<\/p>\n\n\n\n<p>A h\u00f3nap els\u0151 kilenc p\u00e9ntek\u00e9nek gyakorlata (meghajl\u00e1s a szent \u00f3r\u00e1ban az istentiszteleten, \u00e9s szent\u00e1ldoz\u00e1s m\u00e1snap),<br>J\u00e9zus Szents\u00e9ges Sz\u00edv\u00e9nek \u00fcnnep\u00e9n (a Corpus Christi \u00fcnnep\u00e9t k\u00f6vet\u0151 els\u0151 okt\u00e1v) a szentmis\u00e9n val\u00f3 r\u00e9szv\u00e9tel \u00e9s a szent\u00e1ldoz\u00e1s.<\/p>\n\n\n\n<p>Korona J\u00e9zus Szents\u00e9ges Sz\u00edv\u00e9\u00e9rt a Szents\u00e9ges Szents\u00e9g el\u0151tt<br>A J\u00e9zus Szents\u00e9ges Sz\u00edv\u00e9n\u00e9l a koron\u00e1t az egyes h\u00edvek is elmondhatj\u00e1k, m\u00e9gpedig mag\u00e1nemberk\u00e9nt, saj\u00e1t otthonukban, tiszta \u00e9s alkalmas helyen, p\u00e9ld\u00e1ul meg\u00e1ldott szentk\u00e9pek, szentek erekly\u00e9i, szents\u00e9gtart\u00f3k el\u0151tt.<br>De mindenki sz\u00e1m\u00e1ra nagyobb a haszon, ha az Eucharisztia el\u0151tti im\u00e1ds\u00e1g k\u00f6zvetlen\u00fcl a templomban t\u00f6rt\u00e9nik, olyan k\u00f6z\u00f6ss\u00e9gekben, amelyek nyitottak b\u00e1rki sz\u00e1m\u00e1ra, aki szeretne im\u00e1dkozni, p\u00e9ld\u00e1ul imacsal\u00e1dokban vagy imacsoportokban.<\/p>\n\n\n\n<p>Aki a Szents\u00e9ges Szents\u00e9g el\u0151tt im\u00e1dkozik, meg\u00e9rdemli, hogy naponta egyszer 300 napnyi b\u0171nbocs\u00e1natot kapjon Istent\u0151l.<\/p>\n\n\n\n<ol class=\"wp-block-list\"><li>\u00d3 J\u00e9zus legkedvesebb Sz\u00edve, al\u00e1zatosan im\u00e1dom leg\u00e9desebb j\u00f3s\u00e1godat, amelyet k\u00fcl\u00f6nleges m\u00f3don nyilv\u00e1n\u00edtasz ki az isteni szents\u00e9gben, a m\u00e9g b\u0171n\u00f6s lelkekkel. Sajn\u00e1lom, hogy ilyen h\u00e1l\u00e1tlanul fizettek, \u00e9s sz\u00e1nd\u00e9komban \u00e1ll j\u00f3v\u00e1tenni azt a sok s\u00e9relmet, amit a legszentebb Euchariszti\u00e1ban szents\u00e9gtelen \u00e1ldozati \u00e1ldozatokt\u00f3l, eretnekekt\u0151l, hitetlenekt\u0151l vagy h\u00e1l\u00e1tlan \u00e9s felel\u0151tlen kereszt\u00e9nyekt\u0151l kaptok. Pater, Ave, Gloria.<\/li><li>\u00d3 J\u00e9zus legm\u00e9lt\u00f3bb Sz\u00edve, Szent Kir\u00e1ly, al\u00e1zatosan im\u00e1dom a legm\u00e9lyebb l\u00e1thatatlan f\u00e9nyt, amelyet az isteni Euchariszti\u00e1b\u00f3l az emberi l\u00e9lekbe tudsz sug\u00e1rozni, megmutatva szeretet\u00fcnket a keny\u00e9r \u00e9s a bor fajt\u00e1j\u00e1n t\u00fal. K\u00e9rlek, J\u00e9zusom, oltsd bel\u00e9m sz\u00edvembe ezt a gy\u00f6ny\u00f6r\u0171 er\u00e9nyt; addig is igyekszem j\u00f3v\u00e1tenni neked azt a sok s\u00e9relmet, amit a Szents\u00e9ges Szents\u00e9gben eretnekekt\u0151l, istentelen \u00e1ldozatokt\u00f3l, hitetlenekt\u0151l vagy h\u00e1l\u00e1tlan \u00e9s kegyetlen kereszt\u00e9nyekt\u0151l kapt\u00e1l. Pater, Ave, Gloria.<\/li><li>\u00d3 J\u00e9zus Sz\u00edve, aki ir\u00e1ntunk val\u00f3 szeretetb\u0151l oly sokat szenvedett \u00e9s <a href=\"https:\/\/chrystus.pl\/hu\/czym-jest-cierpienie\/\">szenved<\/a> a mai napig olyan szenved\u00e9lyesen \u00e9s kegyelmesen im\u00e1dom a Te szeretetedet, hogy megtan\u00edtottalak T\u00e9ged egy olyan \u00fatra, amely Neked tetsz\u0151 \u00e9s biztos, hogy j\u00f3v\u00e1teszem a Szents\u00e9ges Szents\u00e9ggel szemben elk\u00f6vetett s\u00e9relmeket, amelyeket el\u0151re l\u00e1tt\u00e1l. J\u00e9zus, mi Isten\u00fcnk, ezt a saj\u00e1t \u00e9letemmel sz\u00e1nd\u00e9kozom j\u00f3v\u00e1tenni; k\u00edv\u00e1nom, hogy azok a s\u00e9rtettek, akiket az \u00e1ldott Euchariszti\u00e1ban fogadsz, ne legyenek szent \u00e1ldozatok, eretnekek, hitetlen vagy h\u00e1l\u00e1tlan \u00e9s sz\u00e9gyentelen kereszt\u00e9nyek. Pater, Ave, Gloria.<\/li><li>\u00d3 J\u00e9zus legt\u00fcrelmesebb Sz\u00edve, al\u00e1zatosan im\u00e1dom legy\u0151zhetetlen t\u00fcrelmedet, hogy annyi f\u00e1jdalmat viselt\u00e9l el a keresztf\u00e1n szeretetem\u00e9rt, \u00e9s annyi s\u00e9rt\u00e9st az isteni Eucharisztia ellen. Mivel a v\u00e9remmel nem tudom lemosni azokat a helyeket, ahol a k\u00fcl\u00f6nb\u00f6z\u0151 miszt\u00e9riumokban Te szenvedsz Dr\u00e1ga V\u00e9reddel \u00e9s \u00d6t Szent Sebeddel, kell\u0151 ragaszkod\u00e1ssal k\u00e9rem magam \u00e9s minden mellettem l\u00e9v\u0151 term\u00e9szetes vagy lelki csal\u00e1d sz\u00e1m\u00e1ra, hogy T\u0151led, \u00f3, Legf\u0151bb J\u00f3, Legf\u0151bb \u00d6r\u00f6m \u00e9s Teljes Sz\u00e9ps\u00e9g, megkaphassam: minden er\u0151met, minden elhat\u00e1roz\u00e1somat \u00e9s minden igaz sz\u00e1nd\u00e9komat, hogy lehet\u0151s\u00e9g szerint \u00e9s eg\u00e9sz \u00e9letemben csakis az egyetlen legf\u0151bb j\u00f3ra t\u00f6rekedjem, hogy T\u00e9ged, az Igazs\u00e1got \u00e9s Igaz Igaz Igazs\u00e1got k\u00f6vesselek \u00e9s szolg\u00e1ljalak a Szentek Egyh\u00e1z\u00e1n, Any\u00e1nkon \u00e9s Tan\u00edt\u00f3nkon kereszt\u00fcl; \u00e9s hogy j\u00f3v\u00e1tegyem a Te Szent Sz\u00edvednek a sok s\u00e9relmet, amelyet az istentelen \u00e1ldozatokt\u00f3l, eretnekekt\u0151l, hitetlenekt\u0151l vagy h\u00e1l\u00e1tlan \u00e9s felel\u0151tlen kereszt\u00e9nyekt\u0151l kap. Pater, Ave, Gloria.<\/li><li>\u00d3 J\u00e9zus Sz\u00edve, pazarl\u00f3 szeretet azok lelke \u00e9s teste ir\u00e1nt, akik a Legszentebb Eucharisztia im\u00e1ds\u00e1g\u00e1ban im\u00e1dkoznak, al\u00e1zatosan hirdetem annak a m\u00e9rhetetlen szeretetnek az igazs\u00e1g\u00e1t, amelyet az\u00e1ltal hozol nek\u00fcnk, hogy t\u00e1pl\u00e1l\u00e9kot \u00e9s az \u00fcdv\u00f6ss\u00e9g \u00e1ldozat\u00e1t, isteni testedet \u00e9s isteni \u00e1ldozatodat adod nek\u00fcnk. <a href=\"https:\/\/chrystus.pl\/hu\/litania-do-krwi-chrystusa\/\">V\u00e9r<\/a>. Mi az a sz\u00edv, amelyik nem v\u00e1gyakozik ennyi szeretet l\u00e1tt\u00e1n? J\u00e9zusom, adj b\u0151s\u00e9ges k\u00f6nnyeket, hogy s\u00edrjak, majd gyorsan tegyek j\u00f3v\u00e1t\u00e9telt a sok s\u00e9relem\u00e9rt, amit naponta kapsz a Szents\u00e9ges Szents\u00e9gben a szents\u00e9gtelen \u00e1ldozatokt\u00f3l, eretnekekt\u0151l, hitetlenekt\u0151l vagy h\u00e1l\u00e1tlan \u00e9s felel\u0151tlen kereszt\u00e9nyekt\u0151l. Pater, Ave, Gloria.<\/li><li>\u00d3 J\u00e9zus Sz\u00edve, \u00f6r\u00f6k \u00fcdv\u00f6ss\u00e9g\u00fcnk \u00e9s f\u00f6ldi eg\u00e9szs\u00e9g\u00fcnk egyetlen forr\u00e1sa, al\u00e1zatosan im\u00e1dom azt a legl\u00e1ngol\u00f3bb szeretetet, amely t\u00e9ged a kereszt elk\u00e9pzelhetetlen \u00e1ldozat\u00e1ra k\u00e9sztetett, \u00e9s naponta meg\u00faj\u00edtom a szentmise megszentelt olt\u00e1rain. Lehets\u00e9ges-e, hogy ez a szeretet ne \u00e9gesse h\u00e1l\u00e1val az emberi sz\u00edvet? Igen, jaj, Istenem, de meg\u00edg\u00e9rem, hogy a j\u00f6v\u0151ben mindent megteszek, hogy j\u00f3v\u00e1tegyem neked mindazokat a gyal\u00e1zkod\u00e1sokat, r\u00e1galmakat \u00e9s r\u00e1galmakat, amelyeket a Szeretet e miszt\u00e9rium\u00e1ban szents\u00e9gtelen szent \u00e1ldozatok, eretnekek, hitetlenek vagy h\u00e1l\u00e1tlan \u00e9s felel\u0151tlen kereszt\u00e9nyek r\u00e9sz\u00e9r\u0151l kapsz. Pater, Ave, Gloria.<\/li><\/ol>\n\n\n\n<p>A J\u00e9zus Szents\u00e9ges Sz\u00edv\u00e9nek szentel\u00e9s formul\u00e1ja<br>O chwalebny i silny Jezus Chrystus, nasz Pan B\u00f3g, Kr\u00f3l \u015awi\u0119tych i Kr\u00f3l Kr\u00f3l\u00f3w, nasz Wyzwoliciel i Zbawiciel, Odkupiciel ludzko\u015bci, triumfalnie zst\u0105pi\u0142 do Podziemia, drzwi Raju, sp\u00f3jrz na nas pokornie pok\u0142ony przed Twoim o\u0142tarzem.<br><br>M\u00e1r a Ti\u00e9d vagyunk, \u00e9s egyre ink\u00e1bb a Ti\u00e9d akarunk lenni; \u00e9s hogy m\u00e9g k\u00f6zelebb \u00e9lhess\u00fcnk hozz\u00e1d, \u00edme, ma mindegyik\u00fcnk spont\u00e1n m\u00f3don szenteli mag\u00e1t Szepl\u0151telen Sz\u00edvednek. Sajnos sokan soha nem tudtak r\u00f3lad; sokan m\u00e1sok, megvetve parancsaidat, elutas\u00edtottak T\u00e9ged.<br><br>O mi\u0142osierny, zmi\u0142uj si\u0119 nad jednym i nad wszystkimi, a wszyscy przynie\u015bcie na adoracj\u0119 Twego Naj\u015bwi\u0119tszego Serca. Panie Bo\u017ce, b\u0105d\u017a Kr\u00f3lem nie tylko tych, kt\u00f3rzy nigdy od Ciebie nie odeszli, ale tak\u017ce tych dzieci marnotrawnych, kt\u00f3re od Ciebie odesz\u0142y; pozw\u00f3l im jak najszybciej wr\u00f3ci\u0107 do domu swego ojca, aby nie umar\u0142y z trud\u00f3w i g\u0142odu i nie straci\u0142y zbawienia wiecznego.<br><br>L\u00e9gy kir\u00e1lya azoknak, akik a t\u00e9ved\u00e9s csal\u00e1rds\u00e1g\u00e1ban \u00e9lnek, vagy a visz\u00e1lykod\u00e1s miatt elszakadtak t\u0151led; h\u00edvd vissza \u0151ket az igazs\u00e1g forr\u00e1s\u00e1hoz \u00e9s a hit egys\u00e9g\u00e9hez, hogy egysz\u00f3val az eg\u00e9sz ny\u00e1j t\u00f6bb\u00e9 ne legyen sz\u00e9tsz\u00f3rva, hanem \u00f6sszegy\u0171lj\u00f6n p\u00e1sztoruk vezet\u00e9se alatt. V\u00e9g\u00fcl, legyetek azok Kir\u00e1lya, akiket a pog\u00e1nyok babon\u00e1i k\u00f6rbe\u00f6lelnek, \u00e9s ne tagadj\u00e1tok meg, hogy kivonj\u00e1tok \u0151ket a b\u0171n nyomor\u00fas\u00e1gos s\u00f6t\u00e9ts\u00e9g\u00e9b\u0151l Isten Orsz\u00e1g\u00e1nak szel\u00edd f\u00e9ny\u00e9be, amely m\u00e1r ebben a f\u00f6ldi \u00e9letben is jelen van.<br><br>Nareszcie sp\u00f3jrzcie z mi\u0142osierdziem na dzieci tego ludu, kt\u00f3ry kiedy\u015b by\u0142 ukochany; niech zst\u0105pi na nich tak\u017ce pobo\u017cno\u015b\u0107 Krwi Chrystusa, jako obmycie odkupienia i \u017cycia, inaczej ju\u017c na nich w przywo\u0142anej M\u0119ce.<br>Adj, Uram Isten, biztons\u00e1got \u00e9s adj szabads\u00e1got Egyh\u00e1zadnak; add meg minden nemzetnek igaz b\u00e9k\u00e9det \u00e9s a t\u00f6rv\u00e9ny \u00f6r\u00f6mteli nyugalm\u00e1t, mindenben Teremt\u0151j\u00e9nek id\u0151ben v\u00e1ltozhatatlan akarata szerint; az angyalok \u00e9s szent lelkek, mint m\u00e1r a mennyben, \u00fagy a f\u00f6ld egyik v\u00e9g\u00e9t\u0151l a m\u00e1sikig, mintha a Felt\u00e1madott Krisztus \u00e9s gy\u0151ztes Kir\u00e1ly egyazon Szent Misztikus Test\u00e9hez tartozn\u00e1nak, ezt az egy hangot az eg\u00e9sz vil\u00e1gra k\u00e9nyszer\u00edts\u00e9k: -Dics\u00e9rtess\u00e9k az az Isteni Sz\u00edv, amelyb\u0151l eg\u00e9szs\u00e9g\u00fcnk \u00e9s \u00fcdv\u00f6ss\u00e9g\u00fcnk sz\u00e1rmazik; neki \u00e9nekelj\u00fcnk minden dics\u00e9retet \u00e9s dics\u0151s\u00e9get \u00f6r\u00f6kk\u00f6n-\u00f6r\u00f6kk\u00e9.<br>Mivel igaz \u00e9s helyes, hogy \u00edgy legyen. Most \u00e9s az id\u0151k v\u00e9gezet\u00e9ig.<\/p>\n\n\n\n<h2 class=\"wp-block-heading\"><span class=\"ez-toc-section\" id=\"Inne_formy_kultu_i_odpustu\"><\/span>Az istentisztelet \u00e9s az enged\u00e9kenys\u00e9g egy\u00e9b form\u00e1i<span class=\"ez-toc-section-end\"><\/span><\/h2>\n\n\n\n<p>\u0141aska i charyzmaty, kt\u00f3re mog\u0105 korzysta\u0107 z modlitwy, jak r\u00f3wnie\u017c z komunii (i spowiedzi) podczas Mszy \u015awi\u0119tej, s\u0105 w du\u017cym stopniu i przed innymi, faworyzowane i wzmacniane przez dzie\u0142a charytatywne (ja\u0142mu\u017cna, praca wolontariacka, bezpo\u015bredni dar \u017cywno\u015bci, jedzenie i dobra po\u017cyteczne, itp.<\/p>\n\n\n\n<p>Faktycznie, do 1953 r. ci, kt\u00f3rzy chcieli uczestniczy\u0107 we Mszy \u015bw. i Komunii \u015bw. byli zobowi\u0105zani po\u015bci\u0107 od p\u00f3\u0142nocy dnia poprzedniego (do ko\u0144ca Mszy \u015bw., gdzie uczestniczyli w chrze\u015bcija\u0144skim obiedzie): Komunia \u015bw. jest przygotowywana przez spowied\u017a i post eucharystyczny.<\/p>\n\n\n\n<p>Maga a b\u00f6jt az agap\u00e9 \u00e9vsz\u00e1zados eszm\u00e9j\u00e9hez kapcsol\u00f3dik, amelyet az els\u0151 kereszt\u00e9nyekt\u0151l a tridenti zsinatig alkalmaztak: a h\u00edvek megh\u00edvt\u00e1k a szeg\u00e9nyeket, hogy vegyenek r\u00e9szt az Euchariszti\u00e1ban, az utols\u00f3 vacsora meg\u00faj\u00edt\u00e1s\u00e1val, \u00e9s a mise v\u00e9g\u00e9n mindenki k\u00f6z\u00f6sen eb\u00e9delt.<br>A b\u00f6jt teh\u00e1t visszat\u00e9rhet az irgalmass\u00e1g m\u0171v\u00e9v\u00e9 ebben az \u00e9rtelemben, ha ugyanazt a megvonva, j\u00f3 \u00e1llapotban \u00e9s \u00e9ps\u00e9gben l\u00e9v\u0151 \u00e9telt adjuk a r\u00e1szorul\u00f3knak.<\/p>\n\n\n\n<p>Aki j\u00fanius h\u00f3napban naponta \u00e1h\u00edtattal h\u00f3dol a Szent Sz\u00edvnek, az ki\u00e9rdemelheti a 7 \u00e9ves b\u0171nbocs\u00e1nat isteni aj\u00e1nd\u00e9k\u00e1t \u00e9s a napi 7 negyednapos (ima) \u00e9s a teljes b\u0171nbocs\u00e1natot, ha az ima az adott h\u00f3nap valamelyik napj\u00e1n vagy j\u00falius els\u0151 nyolc napj\u00e1nak egyik\u00e9n t\u00f6rt\u00e9nik.<\/p>","protected":false},"excerpt":{"rendered":"<p>Litania do Naj\u015bwi\u0119tszego Serca Pana Jezusa &#8211; Tekst Kyrie, elejson. Chryste, elejson. Kyrie, elejson.Chryste, us\u0142ysz nas. Chryste, wys\u0142uchaj nas. Ojcze z nieba, Bo\u017ce, zmi\u0142uj si\u0119 nad nami.Synu, Odkupicielu \u015bwiata, Bo\u017ce, zmi\u0142uj si\u0119 nad nami.Duchu \u015awi\u0119ty, Bo\u017ce, zmi\u0142uj si\u0119 nad nami.\u015awi\u0119ta Tr\u00f3jco, Jedyny Bo\u017ce, zmi\u0142uj si\u0119 nad nami. Serce Jezusa, Syna Ojca Przedwiecznego, zmi\u0142uj si\u0119 nad &hellip;<\/p>","protected":false},"author":1,"featured_media":1899,"comment_status":"closed","ping_status":"closed","sticky":false,"template":"","format":"standard","meta":{"footnotes":""},"categories":[54],"tags":[],"class_list":["post-1898","post","type-post","status-publish","format-standard","has-post-thumbnail","hentry","category-modlitwa"],"yoast_head":"<!-- This site is optimized with the Yoast SEO plugin v27.5 - https:\/\/yoast.com\/product\/yoast-seo-wordpress\/ -->\n<title>Litania do Naj\u015bwi\u0119tszego Serca Pana Jezusa - Chrystus<\/title>\n<meta name=\"description\" content=\"Litania do Naj\u015bwi\u0119tszego Serca Pana Jezusa - Tekst Kyrie, elejson. Chryste, elejson. Kyrie, elejson.Chryste, us\u0142ysz nas. Chryste, wys\u0142uchaj nas. Ojcze z\" \/>\n<meta name=\"robots\" content=\"index, follow, max-snippet:-1, max-image-preview:large, max-video-preview:-1\" \/>\n<link rel=\"canonical\" href=\"https:\/\/chrystus.pl\/hu\/jezus-szentseges-szivenek-litaniaja\/\" \/>\n<meta property=\"og:locale\" content=\"hu_HU\" \/>\n<meta property=\"og:type\" content=\"article\" \/>\n<meta property=\"og:title\" content=\"Litania do Naj\u015bwi\u0119tszego Serca Pana Jezusa\" \/>\n<meta property=\"og:description\" content=\"Litania do Naj\u015bwi\u0119tszego Serca Pana Jezusa - Tekst Kyrie, elejson. Chryste, elejson. Kyrie, elejson.Chryste, us\u0142ysz nas. Chryste, wys\u0142uchaj\" \/>\n<meta property=\"og:url\" content=\"https:\/\/chrystus.pl\/hu\/jezus-szentseges-szivenek-litaniaja\/\" \/>\n<meta property=\"og:site_name\" content=\"Chrystus\" \/>\n<meta property=\"article:published_time\" content=\"2020-12-05T18:40:09+00:00\" \/>\n<meta property=\"article:modified_time\" content=\"2020-12-05T18:40:14+00:00\" \/>\n<meta property=\"og:image\" content=\"https:\/\/chrystus.pl\/wp-content\/uploads\/2020\/12\/Litania-do-Najs\u0301wie\u0328tszego-Serca-Pana-Jezusa.png\" \/>\n\t<meta property=\"og:image:width\" content=\"895\" \/>\n\t<meta property=\"og:image:height\" content=\"1200\" \/>\n\t<meta property=\"og:image:type\" content=\"image\/png\" \/>\n<meta name=\"author\" content=\"Samarytanka\" \/>\n<meta name=\"twitter:card\" content=\"summary_large_image\" \/>\n<meta name=\"twitter:title\" content=\"Litania do Naj\u015bwi\u0119tszego Serca Pana Jezusa\" \/>\n<meta name=\"twitter:description\" content=\"Litania do Naj\u015bwi\u0119tszego Serca Pana Jezusa - Tekst Kyrie, elejson. Chryste, elejson. Kyrie, elejson.Chryste, us\u0142ysz nas. Chryste, wys\u0142uchaj\" \/>\n<meta name=\"twitter:image\" content=\"https:\/\/chrystus.pl\/wp-content\/uploads\/2020\/12\/Litania-do-Najs\u0301wie\u0328tszego-Serca-Pana-Jezusa.png\" \/>\n<meta name=\"twitter:label1\" content=\"Szerz\u0151:\" \/>\n\t<meta name=\"twitter:data1\" content=\"Samarytanka\" \/>\n\t<meta name=\"twitter:label2\" content=\"Becs\u00fclt olvas\u00e1si id\u0151\" \/>\n\t<meta name=\"twitter:data2\" content=\"13 perc\" \/>\n<!-- \/ Yoast SEO plugin. -->","yoast_head_json":{"title":"J\u00e9zus Szents\u00e9ges Sz\u00edv\u00e9nek lit\u00e1ni\u00e1ja - Krisztus","description":"J\u00e9zus Szents\u00e9ges Sz\u00edv\u00e9nek lit\u00e1ni\u00e1ja - Sz\u00f6veg Kyrie, elejson. J\u00e9zusom, Elejson. Kyrie, elejson.Krisztus, hallgass meg minket. Krisztus, hallgass meg minket. Apja","robots":{"index":"index","follow":"follow","max-snippet":"max-snippet:-1","max-image-preview":"max-image-preview:large","max-video-preview":"max-video-preview:-1"},"canonical":"https:\/\/chrystus.pl\/hu\/jezus-szentseges-szivenek-litaniaja\/","og_locale":"hu_HU","og_type":"article","og_title":"Litania do Naj\u015bwi\u0119tszego Serca Pana Jezusa","og_description":"Litania do Naj\u015bwi\u0119tszego Serca Pana Jezusa - Tekst Kyrie, elejson. Chryste, elejson. Kyrie, elejson.Chryste, us\u0142ysz nas. Chryste, wys\u0142uchaj","og_url":"https:\/\/chrystus.pl\/hu\/jezus-szentseges-szivenek-litaniaja\/","og_site_name":"Chrystus","article_published_time":"2020-12-05T18:40:09+00:00","article_modified_time":"2020-12-05T18:40:14+00:00","og_image":[{"width":895,"height":1200,"url":"https:\/\/chrystus.pl\/wp-content\/uploads\/2020\/12\/Litania-do-Najs\u0301wie\u0328tszego-Serca-Pana-Jezusa.png","type":"image\/png"}],"author":"Samarytanka","twitter_card":"summary_large_image","twitter_title":"Litania do Naj\u015bwi\u0119tszego Serca Pana Jezusa","twitter_description":"Litania do Naj\u015bwi\u0119tszego Serca Pana Jezusa - Tekst Kyrie, elejson. Chryste, elejson. Kyrie, elejson.Chryste, us\u0142ysz nas. Chryste, wys\u0142uchaj","twitter_image":"https:\/\/chrystus.pl\/wp-content\/uploads\/2020\/12\/Litania-do-Najs\u0301wie\u0328tszego-Serca-Pana-Jezusa.png","twitter_misc":{"Szerz\u0151:":"Samarytanka","Becs\u00fclt olvas\u00e1si id\u0151":"13 perc"},"schema":{"@context":"https:\/\/schema.org","@graph":[{"@type":"Article","@id":"https:\/\/chrystus.pl\/sk\/litanie-k-najsvatejsiemu-srdcu-jezisovmu\/#article","isPartOf":{"@id":"https:\/\/chrystus.pl\/sk\/litanie-k-najsvatejsiemu-srdcu-jezisovmu\/"},"author":{"name":"Samarytanka","@id":"https:\/\/chrystus.pl\/#\/schema\/person\/e2e742452b8b7b2bcd23ea180671d27a"},"headline":"Litania do Naj\u015bwi\u0119tszego Serca Pana Jezusa","datePublished":"2020-12-05T18:40:09+00:00","dateModified":"2020-12-05T18:40:14+00:00","mainEntityOfPage":{"@id":"https:\/\/chrystus.pl\/sk\/litanie-k-najsvatejsiemu-srdcu-jezisovmu\/"},"wordCount":2601,"publisher":{"@id":"https:\/\/chrystus.pl\/#organization"},"image":{"@id":"https:\/\/chrystus.pl\/sk\/litanie-k-najsvatejsiemu-srdcu-jezisovmu\/#primaryimage"},"thumbnailUrl":"https:\/\/chrystus.pl\/wp-content\/uploads\/2020\/12\/Litania-do-Najs\u0301wie\u0328tszego-Serca-Pana-Jezusa.png","articleSection":["Modlitwa"],"inLanguage":"hu"},{"@type":"WebPage","@id":"https:\/\/chrystus.pl\/sk\/litanie-k-najsvatejsiemu-srdcu-jezisovmu\/","url":"https:\/\/chrystus.pl\/sk\/litanie-k-najsvatejsiemu-srdcu-jezisovmu\/","name":"J\u00e9zus Szents\u00e9ges Sz\u00edv\u00e9nek lit\u00e1ni\u00e1ja - Krisztus","isPartOf":{"@id":"https:\/\/chrystus.pl\/#website"},"primaryImageOfPage":{"@id":"https:\/\/chrystus.pl\/sk\/litanie-k-najsvatejsiemu-srdcu-jezisovmu\/#primaryimage"},"image":{"@id":"https:\/\/chrystus.pl\/sk\/litanie-k-najsvatejsiemu-srdcu-jezisovmu\/#primaryimage"},"thumbnailUrl":"https:\/\/chrystus.pl\/wp-content\/uploads\/2020\/12\/Litania-do-Najs\u0301wie\u0328tszego-Serca-Pana-Jezusa.png","datePublished":"2020-12-05T18:40:09+00:00","dateModified":"2020-12-05T18:40:14+00:00","description":"J\u00e9zus Szents\u00e9ges Sz\u00edv\u00e9nek lit\u00e1ni\u00e1ja - Sz\u00f6veg Kyrie, elejson. J\u00e9zusom, Elejson. Kyrie, elejson.Krisztus, hallgass meg minket. Krisztus, hallgass meg minket. Apja","breadcrumb":{"@id":"https:\/\/chrystus.pl\/sk\/litanie-k-najsvatejsiemu-srdcu-jezisovmu\/#breadcrumb"},"inLanguage":"hu","potentialAction":[{"@type":"ReadAction","target":["https:\/\/chrystus.pl\/sk\/litanie-k-najsvatejsiemu-srdcu-jezisovmu\/"]}]},{"@type":"ImageObject","inLanguage":"hu","@id":"https:\/\/chrystus.pl\/sk\/litanie-k-najsvatejsiemu-srdcu-jezisovmu\/#primaryimage","url":"https:\/\/chrystus.pl\/wp-content\/uploads\/2020\/12\/Litania-do-Najs\u0301wie\u0328tszego-Serca-Pana-Jezusa.png","contentUrl":"https:\/\/chrystus.pl\/wp-content\/uploads\/2020\/12\/Litania-do-Najs\u0301wie\u0328tszego-Serca-Pana-Jezusa.png","width":895,"height":1200,"caption":"Litania do Naj\u015bwi\u0119tszego Serca Pana Jezusa"},{"@type":"BreadcrumbList","@id":"https:\/\/chrystus.pl\/sk\/litanie-k-najsvatejsiemu-srdcu-jezisovmu\/#breadcrumb","itemListElement":[{"@type":"ListItem","position":1,"name":"Strona g\u0142\u00f3wna","item":"https:\/\/chrystus.pl\/"},{"@type":"ListItem","position":2,"name":"Litania do Naj\u015bwi\u0119tszego Serca Pana Jezusa"}]},{"@type":"WebSite","@id":"https:\/\/chrystus.pl\/#website","url":"https:\/\/chrystus.pl\/","name":"Krisztus","description":"Isten, M\u00e1ria, J\u00e9zus, \u00e1ldoz\u00e1s \u00e9s m\u00e9g sok minden m\u00e1s.","publisher":{"@id":"https:\/\/chrystus.pl\/#organization"},"potentialAction":[{"@type":"SearchAction","target":{"@type":"EntryPoint","urlTemplate":"https:\/\/chrystus.pl\/?s={search_term_string}"},"query-input":{"@type":"PropertyValueSpecification","valueRequired":true,"valueName":"search_term_string"}}],"inLanguage":"hu"},{"@type":"Organization","@id":"https:\/\/chrystus.pl\/#organization","name":"Christ.pl","url":"https:\/\/chrystus.pl\/","logo":{"@type":"ImageObject","inLanguage":"hu","@id":"https:\/\/chrystus.pl\/#\/schema\/logo\/image\/","url":"https:\/\/chrystus.pl\/wp-content\/uploads\/2019\/03\/chrystus-bog-maryja-komunia-bierzmowanie.jpg","contentUrl":"https:\/\/chrystus.pl\/wp-content\/uploads\/2019\/03\/chrystus-bog-maryja-komunia-bierzmowanie.jpg","width":1920,"height":1280,"caption":"Chrystus.pl"},"image":{"@id":"https:\/\/chrystus.pl\/#\/schema\/logo\/image\/"}},{"@type":"Person","@id":"https:\/\/chrystus.pl\/#\/schema\/person\/e2e742452b8b7b2bcd23ea180671d27a","name":"Szamarit\u00e1nus n\u0151"}]}},"_links":{"self":[{"href":"https:\/\/chrystus.pl\/hu\/wp-json\/wp\/v2\/posts\/1898","targetHints":{"allow":["GET"]}}],"collection":[{"href":"https:\/\/chrystus.pl\/hu\/wp-json\/wp\/v2\/posts"}],"about":[{"href":"https:\/\/chrystus.pl\/hu\/wp-json\/wp\/v2\/types\/post"}],"author":[{"embeddable":true,"href":"https:\/\/chrystus.pl\/hu\/wp-json\/wp\/v2\/users\/1"}],"replies":[{"embeddable":true,"href":"https:\/\/chrystus.pl\/hu\/wp-json\/wp\/v2\/comments?post=1898"}],"version-history":[{"count":0,"href":"https:\/\/chrystus.pl\/hu\/wp-json\/wp\/v2\/posts\/1898\/revisions"}],"wp:featuredmedia":[{"embeddable":true,"href":"https:\/\/chrystus.pl\/hu\/wp-json\/wp\/v2\/media\/1899"}],"wp:attachment":[{"href":"https:\/\/chrystus.pl\/hu\/wp-json\/wp\/v2\/media?parent=1898"}],"wp:term":[{"taxonomy":"category","embeddable":true,"href":"https:\/\/chrystus.pl\/hu\/wp-json\/wp\/v2\/categories?post=1898"},{"taxonomy":"post_tag","embeddable":true,"href":"https:\/\/chrystus.pl\/hu\/wp-json\/wp\/v2\/tags?post=1898"}],"curies":[{"name":"wp","href":"https:\/\/api.w.org\/{rel}","templated":true}]}}