{"id":2015,"date":"2021-02-14T13:44:05","date_gmt":"2021-02-14T13:44:05","guid":{"rendered":"https:\/\/chrystus.pl\/?p=2015"},"modified":"2021-12-12T01:39:02","modified_gmt":"2021-12-12T01:39:02","slug":"8-blogoslawienstw-2","status":"publish","type":"post","link":"https:\/\/chrystus.pl\/hu\/8-blogoslawienstw-2\/","title":{"rendered":"8 \u00e1ld\u00e1s"},"content":{"rendered":"<p><strong>Osiem kr\u00f3tkich zda\u0144, kt\u00f3re potrafi\u0105 nie\u015b\u0107 jednocze\u015bnie pocieszenie, nadziej\u0119, motywacj\u0119 i stymulowa\u0107 procesy w obr\u0119bie duchowej przemiany. Ka\u017cdy chrze\u015bcijanin powinien czasem wraca\u0107 do ich tre\u015bci, pr\u00f3buj\u0105c odnale\u017a\u0107 w nich uniwersalny sens zgodny z aktualnym etapem w \u017cyciu i momentem w dziejach. W dzisiejszym artykule nieco szerzej o tym, co to jest b\u0142ogos\u0142awie\u0144stwo.<\/strong><\/p>\n\n\n\n<ol class=\"wp-block-list\" type=\"1\"><li><em>Bl.<\/em><em>ogos<\/em><em>a lelki szeg\u00e9nyek, mert az \u00f6v\u00e9k Kr.<\/em><em>\u00f3<\/em><em>a mennyek orsz\u00e1ga.<\/em><\/li><li><em>Bl.<\/em><em>ogos<\/em><em>esk\u00fcdtek, akik<\/em><em>\u00f3<\/em><em>Akik gy\u00e1szolnak, mert megvigasztal\u00f3dnak.<\/em><\/li><li><em>Bl.<\/em><em>ogos<\/em><em>A szel\u00eddek jutalmat kapnak, mert \u0151k \u00f6r\u00f6klik a f\u00f6ldet.<\/em><\/li><li><em>Bl.<\/em><em>ogos<\/em><em>esk\u00fcdtek, akik<\/em><em>\u00f3<\/em><em>Akik \u00e9heznek \u00e9s szomjaznak az igazs\u00e1gra, mert j\u00f3llaknak.<\/em><\/li><li><em>Bl.<\/em><em>ogos<\/em><em>irgalmasok, mert irgalmat kapnak.<\/em><\/li><li><em>Bl.<\/em><em>ogos<\/em><em>Mert megl\u00e1tj\u00e1k Istent.<\/em><\/li><li><em>Bl.<\/em><em>ogos<\/em><em>esk\u00fcdtek, akik<\/em><em>\u00f3<\/em><em>akik bevezetik a pok<\/em><em>\u00f3<\/em><em>j, mert Isten fiainak fognak neveztetni.<\/em><\/li><li><em>Bl.<\/em><em>ogos<\/em><em>esk\u00fcdtek, akik<\/em><em>\u00f3<\/em><em>Akik az igazs\u00e1g\u00e9rt \u00fcld\u00f6ztet\u00e9st szenvednek, mert \u00f6v\u00e9k a kir\u00e1ly.<\/em><em>\u00f3<\/em><em>a mennyek orsz\u00e1ga.<\/em><\/li><li><em>Bl.<\/em><em>ogos<\/em><em>Amikor az emberek s\u00e9rtegetnek \u00e9s \u00fcld\u00f6znek t\u00e9ged, \u00e9s amikor miattam nem vagy k\u00e9pes erre.<\/em><em>\u00f3<\/em><em>hazug m\u00f3don minden gonoszt megk\u00f6t\u00f6z ellened. \u00d6r\u00fcljetek \u00e9s vigadjatok, mert nagy a jutalmatok a mennyben. Mert \u00edgy \u00fcld\u00f6zt\u00e9k a pr\u00f3f\u00e9t\u00e1t<\/em><em>amely<\/em><em>akik el\u0151ttetek j\u00e1rtak.<\/em><\/li><\/ol>\n\n\n\n<p>\u00cdgy n\u00e9z ki a nyolc boldogs\u00e1g a Millenniumi Biblia szerint a M\u00e1t\u00e9 evang\u00e9lium\u00e1ban, \u00e9s kisebb nyelvi \u00e1rnyalatok jelennek meg m\u00e1s ford\u00edt\u00e1sokban: Pozna\u0144, Vars\u00f3 \u00e9s Gda\u0144sk. Ugyanennek a nagyon fontos sz\u00f6vegnek egy m\u00e1sik v\u00e1ltozat\u00e1t is lejegyezte egy m\u00e1sik <a href=\"https:\/\/chrystus.pl\/hu\/ilu-bylo-apostolow\/\">apostol<\/a>, Luke.<\/p>\n\n\n\n<p><strong>A 8 evang\u00e9liumi boldogs\u00e1g<\/strong><strong> - Kinek?<\/strong><\/p>\n\n\n\n<p>Mint fentebb l\u00e1ttuk, maguk a boldogs\u00e1gok a gyakorlatban kilencek, de az utols\u00f3 (egy\u00e9bk\u00e9nt a legbonyolultabb), a leggyakrabban figyelmen k\u00edv\u00fcl hagyott. Maga a tartalom minden emberhez sz\u00f3l, k\u00fcl\u00f6n\u00f6sen a katolikus hitben h\u00edv\u0151kh\u00f6z. Ez egy m\u00e1sik er\u0151teljes \u00fatjelz\u0151 a kereszt\u00e9ny sz\u00e1m\u00e1ra, aki j\u00f3l akarja \u00e9lni az \u00e9let\u00e9t \u00e9s az \u00fcdv\u00f6ss\u00e9gre t\u00f6rekszik.<\/p>\n\n\n\n<p>Az irgalom, az igazs\u00e1goss\u00e1g, a b\u00e9ke \u00e9s a szer\u00e9nys\u00e9g eml\u00edt\u00e9se nagyon fontos itt, mert ez minden t\u00e1rsadalmi r\u00e9teget \u00e9s gyakorlatilag az emberi kapcsolatok minden t\u00edpus\u00e1t \u00e9rinti. A 8 boldogs\u00e1g teh\u00e1t egy \u00fajabb t\u00e9rk\u00e9p a f\u00f6ldi \u00e9let t\u00f6k\u00e9letes\u00edt\u00e9s\u00e9re ir\u00e1nyul\u00f3 t\u00f6rekv\u00e9sben.<\/p>\n\n\n\n<p><strong>8 b\u0142ogos\u0142awie\u0144stw dla dzieci<\/strong><\/p>\n\n\n\n<p>Amikor a legfiatalabbakat hitre neveli, a pap vagy a katek\u00e9ta nagyon gyakran hivatkozik a nyolc boldogs\u00e1gk\u00e9nt le\u00edrt szavakra. \u00c9rdemes mindkett\u0151t k\u00fcl\u00f6n-k\u00fcl\u00f6n elemezni, \u00e9s egy adott jelens\u00e9ghez a leger\u0151sebben k\u00f6t\u0151d\u0151 szent alakj\u00e1t hozz\u00e1rendelni. E tartalom l\u00e9nyeg\u00e9nek megfelel\u0151 k\u00f6zvet\u00edt\u00e9se a gyermek sz\u00e1m\u00e1ra - k\u00e9pi form\u00e1ban - gyakran a tov\u00e1bbi lelki fejl\u0151d\u00e9s kulcsa.<\/p>\n\n\n\n<p><strong>Co to jest b\u0142ogos\u0142awie\u0144stwo<\/strong><strong>?<\/strong><\/p>\n\n\n\n<p>Maga az \u00e1ld\u00e1s sz\u00e1mos kontextusban el\u0151fordul, bele\u00e9rtve a liturgikus kontextusokat is. L\u00e9nyeg\u00e9t tekintve a kapott aj\u00e1nd\u00e9kok meger\u0151s\u00edt\u00e9s\u00e9t jelenti. Amint az k\u00f6nnyen bel\u00e1that\u00f3, gyakran megel\u0151zi azt az id\u0151t, amikor kimondj\u00e1k, \u00e9s a j\u00f6v\u0151re vonatkozik. A nyolc boldogs\u00e1g nagyon fontos alapot jelent egy katolikus sz\u00e1m\u00e1ra. \u00c9rdemes nemcsak ismerni \u0151ket, hanem mindenekel\u0151tt a gyakorlatba is \u00e1t\u00fcltetni. Ide\u00e1lis p\u00e9ld\u00e1t jelentenek a lelki fejl\u0151d\u00e9sre, a k\u00f6r\u00fcl\u00f6tt\u00fcnk l\u00e9v\u0151 val\u00f3s\u00e1ggal szembeni ellen\u00e1ll\u00f3 k\u00e9pess\u00e9g kialak\u00edt\u00e1s\u00e1nak alapj\u00e1t, \u00e9s a sz\u00e1mtalan helyzetnek \u00e9s probl\u00e9m\u00e1nak val\u00f3 megfelel\u00e9s k\u00e9pess\u00e9g\u00e9t, amelyek az utunkba ker\u00fclnek. Ezt a sort k\u00f6vetve ezek a szavak nemcsak a l\u00e9leknek jelentenek t\u00e1pl\u00e1l\u00e9kot, hanem a j\u00f3 emberr\u00e9 v\u00e1l\u00e1s legegyszer\u0171bb receptjeire \u00e9hes elm\u00e9nek is.<\/p>","protected":false},"excerpt":{"rendered":"<p>Osiem kr\u00f3tkich zda\u0144, kt\u00f3re potrafi\u0105 nie\u015b\u0107 jednocze\u015bnie pocieszenie, nadziej\u0119, motywacj\u0119 i stymulowa\u0107 procesy w obr\u0119bie duchowej przemiany. Ka\u017cdy chrze\u015bcijanin powinien czasem wraca\u0107 do ich tre\u015bci, pr\u00f3buj\u0105c odnale\u017a\u0107 w nich uniwersalny sens zgodny z aktualnym etapem w \u017cyciu i momentem w dziejach. W dzisiejszym artykule nieco szerzej o tym, co to jest b\u0142ogos\u0142awie\u0144stwo. B\u0142ogos\u0142awieni ubodzy w &hellip;<\/p>","protected":false},"author":1,"featured_media":2006,"comment_status":"closed","ping_status":"closed","sticky":false,"template":"","format":"standard","meta":{"footnotes":""},"categories":[61],"tags":[],"class_list":["post-2015","post","type-post","status-publish","format-standard","has-post-thumbnail","hentry","category-chrystus"],"yoast_head":"<!-- This site is optimized with the Yoast SEO plugin v27.4 - https:\/\/yoast.com\/product\/yoast-seo-wordpress\/ -->\n<title>8 b\u0142ogos\u0142awie\u0144stw - Chrystus<\/title>\n<meta name=\"description\" content=\"Osiem kr\u00f3tkich zda\u0144, kt\u00f3re potrafi\u0105 nie\u015b\u0107 jednocze\u015bnie pocieszenie, nadziej\u0119, motywacj\u0119 i stymulowa\u0107 procesy w obr\u0119bie duchowej przemiany. Ka\u017cdy\" \/>\n<meta name=\"robots\" content=\"index, follow, max-snippet:-1, max-image-preview:large, max-video-preview:-1\" \/>\n<link rel=\"canonical\" href=\"https:\/\/chrystus.pl\/hu\/8-blogoslavias-2\/\" \/>\n<meta property=\"og:locale\" content=\"hu_HU\" \/>\n<meta property=\"og:type\" content=\"article\" \/>\n<meta property=\"og:title\" content=\"8 b\u0142ogos\u0142awie\u0144stw - Chrystus\" \/>\n<meta property=\"og:description\" content=\"Osiem kr\u00f3tkich zda\u0144, kt\u00f3re potrafi\u0105 nie\u015b\u0107 jednocze\u015bnie pocieszenie, nadziej\u0119, motywacj\u0119 i stymulowa\u0107 procesy w obr\u0119bie duchowej przemiany. Ka\u017cdy\" \/>\n<meta property=\"og:url\" content=\"https:\/\/chrystus.pl\/hu\/8-blogoslavias-2\/\" \/>\n<meta property=\"og:site_name\" content=\"Chrystus\" \/>\n<meta property=\"article:published_time\" content=\"2021-02-14T13:44:05+00:00\" \/>\n<meta property=\"article:modified_time\" content=\"2021-12-12T01:39:02+00:00\" \/>\n<meta property=\"og:image\" content=\"https:\/\/chrystus.pl\/wp-content\/uploads\/2021\/02\/8-blogoslawienstw.jpg\" \/>\n\t<meta property=\"og:image:width\" content=\"640\" \/>\n\t<meta property=\"og:image:height\" content=\"426\" \/>\n\t<meta property=\"og:image:type\" content=\"image\/jpeg\" \/>\n<meta name=\"author\" content=\"Samarytanka\" \/>\n<meta name=\"twitter:card\" content=\"summary_large_image\" \/>\n<meta name=\"twitter:label1\" content=\"Szerz\u0151:\" \/>\n\t<meta name=\"twitter:data1\" content=\"Samarytanka\" \/>\n\t<meta name=\"twitter:label2\" content=\"Becs\u00fclt olvas\u00e1si id\u0151\" \/>\n\t<meta name=\"twitter:data2\" content=\"3 perc\" \/>\n<!-- \/ Yoast SEO plugin. -->","yoast_head_json":{"title":"A 8 boldogs\u00e1g - Krisztus","description":"Nyolc r\u00f6vid mondat, amely egyszerre vigasztal, rem\u00e9nyt ad, motiv\u00e1l \u00e9s \u00f6szt\u00f6n\u00f6z a lelki \u00e1talakul\u00e1s folyamataira. Minden","robots":{"index":"index","follow":"follow","max-snippet":"max-snippet:-1","max-image-preview":"max-image-preview:large","max-video-preview":"max-video-preview:-1"},"canonical":"https:\/\/chrystus.pl\/hu\/8-blogoslavias-2\/","og_locale":"hu_HU","og_type":"article","og_title":"8 b\u0142ogos\u0142awie\u0144stw - Chrystus","og_description":"Osiem kr\u00f3tkich zda\u0144, kt\u00f3re potrafi\u0105 nie\u015b\u0107 jednocze\u015bnie pocieszenie, nadziej\u0119, motywacj\u0119 i stymulowa\u0107 procesy w obr\u0119bie duchowej przemiany. Ka\u017cdy","og_url":"https:\/\/chrystus.pl\/hu\/8-blogoslavias-2\/","og_site_name":"Chrystus","article_published_time":"2021-02-14T13:44:05+00:00","article_modified_time":"2021-12-12T01:39:02+00:00","og_image":[{"width":640,"height":426,"url":"https:\/\/chrystus.pl\/wp-content\/uploads\/2021\/02\/8-blogoslawienstw.jpg","type":"image\/jpeg"}],"author":"Samarytanka","twitter_card":"summary_large_image","twitter_misc":{"Szerz\u0151:":"Samarytanka","Becs\u00fclt olvas\u00e1si id\u0151":"3 perc"},"schema":{"@context":"https:\/\/schema.org","@graph":[{"@type":"Article","@id":"https:\/\/chrystus.pl\/8-blogoslawienstw-2\/#article","isPartOf":{"@id":"https:\/\/chrystus.pl\/8-blogoslawienstw-2\/"},"author":{"name":"Samarytanka","@id":"https:\/\/chrystus.pl\/#\/schema\/person\/e2e742452b8b7b2bcd23ea180671d27a"},"headline":"8 b\u0142ogos\u0142awie\u0144stw","datePublished":"2021-02-14T13:44:05+00:00","dateModified":"2021-12-12T01:39:02+00:00","mainEntityOfPage":{"@id":"https:\/\/chrystus.pl\/8-blogoslawienstw-2\/"},"wordCount":599,"publisher":{"@id":"https:\/\/chrystus.pl\/#organization"},"image":{"@id":"https:\/\/chrystus.pl\/8-blogoslawienstw-2\/#primaryimage"},"thumbnailUrl":"https:\/\/chrystus.pl\/wp-content\/uploads\/2021\/02\/8-blogoslawienstw.jpg","articleSection":["Chrystus"],"inLanguage":"hu"},{"@type":"WebPage","@id":"https:\/\/chrystus.pl\/8-blogoslawienstw-2\/","url":"https:\/\/chrystus.pl\/8-blogoslawienstw-2\/","name":"A 8 boldogs\u00e1g - Krisztus","isPartOf":{"@id":"https:\/\/chrystus.pl\/#website"},"primaryImageOfPage":{"@id":"https:\/\/chrystus.pl\/8-blogoslawienstw-2\/#primaryimage"},"image":{"@id":"https:\/\/chrystus.pl\/8-blogoslawienstw-2\/#primaryimage"},"thumbnailUrl":"https:\/\/chrystus.pl\/wp-content\/uploads\/2021\/02\/8-blogoslawienstw.jpg","datePublished":"2021-02-14T13:44:05+00:00","dateModified":"2021-12-12T01:39:02+00:00","description":"Nyolc r\u00f6vid mondat, amely egyszerre vigasztal, rem\u00e9nyt ad, motiv\u00e1l \u00e9s \u00f6szt\u00f6n\u00f6z a lelki \u00e1talakul\u00e1s folyamataira. Minden","breadcrumb":{"@id":"https:\/\/chrystus.pl\/8-blogoslawienstw-2\/#breadcrumb"},"inLanguage":"hu","potentialAction":[{"@type":"ReadAction","target":["https:\/\/chrystus.pl\/8-blogoslawienstw-2\/"]}]},{"@type":"ImageObject","inLanguage":"hu","@id":"https:\/\/chrystus.pl\/8-blogoslawienstw-2\/#primaryimage","url":"https:\/\/chrystus.pl\/wp-content\/uploads\/2021\/02\/8-blogoslawienstw.jpg","contentUrl":"https:\/\/chrystus.pl\/wp-content\/uploads\/2021\/02\/8-blogoslawienstw.jpg","width":640,"height":426,"caption":"8-blogoslawienstw"},{"@type":"BreadcrumbList","@id":"https:\/\/chrystus.pl\/8-blogoslawienstw-2\/#breadcrumb","itemListElement":[{"@type":"ListItem","position":1,"name":"Strona g\u0142\u00f3wna","item":"https:\/\/chrystus.pl\/"},{"@type":"ListItem","position":2,"name":"8 b\u0142ogos\u0142awie\u0144stw"}]},{"@type":"WebSite","@id":"https:\/\/chrystus.pl\/#website","url":"https:\/\/chrystus.pl\/","name":"Krisztus","description":"Isten, M\u00e1ria, J\u00e9zus, \u00e1ldoz\u00e1s \u00e9s m\u00e9g sok minden m\u00e1s.","publisher":{"@id":"https:\/\/chrystus.pl\/#organization"},"potentialAction":[{"@type":"SearchAction","target":{"@type":"EntryPoint","urlTemplate":"https:\/\/chrystus.pl\/?s={search_term_string}"},"query-input":{"@type":"PropertyValueSpecification","valueRequired":true,"valueName":"search_term_string"}}],"inLanguage":"hu"},{"@type":"Organization","@id":"https:\/\/chrystus.pl\/#organization","name":"Christ.pl","url":"https:\/\/chrystus.pl\/","logo":{"@type":"ImageObject","inLanguage":"hu","@id":"https:\/\/chrystus.pl\/#\/schema\/logo\/image\/","url":"https:\/\/chrystus.pl\/wp-content\/uploads\/2019\/03\/chrystus-bog-maryja-komunia-bierzmowanie.jpg","contentUrl":"https:\/\/chrystus.pl\/wp-content\/uploads\/2019\/03\/chrystus-bog-maryja-komunia-bierzmowanie.jpg","width":1920,"height":1280,"caption":"Chrystus.pl"},"image":{"@id":"https:\/\/chrystus.pl\/#\/schema\/logo\/image\/"}},{"@type":"Person","@id":"https:\/\/chrystus.pl\/#\/schema\/person\/e2e742452b8b7b2bcd23ea180671d27a","name":"Szamarit\u00e1nus n\u0151"}]}},"_links":{"self":[{"href":"https:\/\/chrystus.pl\/hu\/wp-json\/wp\/v2\/posts\/2015","targetHints":{"allow":["GET"]}}],"collection":[{"href":"https:\/\/chrystus.pl\/hu\/wp-json\/wp\/v2\/posts"}],"about":[{"href":"https:\/\/chrystus.pl\/hu\/wp-json\/wp\/v2\/types\/post"}],"author":[{"embeddable":true,"href":"https:\/\/chrystus.pl\/hu\/wp-json\/wp\/v2\/users\/1"}],"replies":[{"embeddable":true,"href":"https:\/\/chrystus.pl\/hu\/wp-json\/wp\/v2\/comments?post=2015"}],"version-history":[{"count":0,"href":"https:\/\/chrystus.pl\/hu\/wp-json\/wp\/v2\/posts\/2015\/revisions"}],"wp:featuredmedia":[{"embeddable":true,"href":"https:\/\/chrystus.pl\/hu\/wp-json\/wp\/v2\/media\/2006"}],"wp:attachment":[{"href":"https:\/\/chrystus.pl\/hu\/wp-json\/wp\/v2\/media?parent=2015"}],"wp:term":[{"taxonomy":"category","embeddable":true,"href":"https:\/\/chrystus.pl\/hu\/wp-json\/wp\/v2\/categories?post=2015"},{"taxonomy":"post_tag","embeddable":true,"href":"https:\/\/chrystus.pl\/hu\/wp-json\/wp\/v2\/tags?post=2015"}],"curies":[{"name":"wp","href":"https:\/\/api.w.org\/{rel}","templated":true}]}}