{"id":2024,"date":"2021-02-28T16:03:09","date_gmt":"2021-02-28T16:03:09","guid":{"rendered":"https:\/\/chrystus.pl\/?p=2024"},"modified":"2021-02-28T16:03:13","modified_gmt":"2021-02-28T16:03:13","slug":"co-sie-wydarzylo-w-medjugorie","status":"publish","type":"post","link":"https:\/\/chrystus.pl\/hu\/co-sie-wydarzylo-w-medjugorie\/","title":{"rendered":"Mi t\u00f6rt\u00e9nt Medjugorj\u00e9ban?"},"content":{"rendered":"<p class=\"wp-block-paragraph\">25 czerwca min\u0105 cztery dekady od pierwszego objawienia Maryjnego w Medziugorje. Co to oznacza?<\/p>\n\n\n\n<p class=\"wp-block-paragraph\">Objawienia w Medjugorje rozpocz\u0119\u0142y si\u0119 w 1981 r., kiedy grupa m\u0142odych ludzi z ma\u0142ego kraju Bo\u015bni i Hercegowiny potwierdzili, \u017ce widzieli Matk\u0119 Bo\u017c\u0105. Niekt\u00f3rzy z nich, po trzydziestu latach, twierdz\u0105, \u017ce nadal maj\u0105 jedno objawienie dziennie. <\/p>\n\n\n\n<p class=\"wp-block-paragraph\">E jelen\u00e9sek teljesen \u00faj jellege abban rejlik, hogy a l\u00e1tom\u00e1s nem k\u00f6t\u0151dik egy bizonyos helyhez, hanem b\u00e1rhol t\u00f6rt\u00e9nik, ahol a l\u00e1tnokok egy adott pillanatban tart\u00f3zkodnak.<\/p>\n\n\n\n<p class=\"wp-block-paragraph\">1981. j\u00fanius 24-e el\u0151tt Medjugorje csak egy apr\u00f3cska parasztfalu volt, amely elveszett az egykori Jugoszl\u00e1via zord \u00e9s kietlen szeglet\u00e9ben. Az\u00f3ta minden megv\u00e1ltozott, \u00e9s a falu a kereszt\u00e9ny vall\u00e1s egyik legfontosabb k\u00f6zpontj\u00e1v\u00e1 v\u00e1lt.<\/p>\n\n\n\n<div id=\"ez-toc-container\" class=\"ez-toc-v2_0_87 counter-hierarchy ez-toc-counter ez-toc-custom ez-toc-container-direction\">\n<p class=\"ez-toc-title\" style=\"cursor:inherit\">Tartalomjegyz\u00e9k<\/p>\n<label for=\"ez-toc-cssicon-toggle-item-6a94df78a5c01\" class=\"ez-toc-cssicon-toggle-label\"><span class=\"\"><span class=\"eztoc-hide\" style=\"display:none;\">Toggle<\/span><span class=\"ez-toc-icon-toggle-span\"><svg style=\"fill: #ffffff;color:#ffffff\" xmlns=\"http:\/\/www.w3.org\/2000\/svg\" class=\"list-377408\" width=\"20px\" height=\"20px\" viewbox=\"0 0 24 24\" fill=\"none\"><path d=\"M6 6H4v2h2V6zm14 0H8v2h12V6zM4 11h2v2H4v-2zm16 0H8v2h12v-2zM4 16h2v2H4v-2zm16 0H8v2h12v-2z\" fill=\"currentColor\"><\/path><\/svg><svg style=\"fill: #ffffff;color:#ffffff\" class=\"arrow-unsorted-368013\" xmlns=\"http:\/\/www.w3.org\/2000\/svg\" width=\"10px\" height=\"10px\" viewbox=\"0 0 24 24\" version=\"1.2\" baseprofile=\"tiny\"><path d=\"M18.2 9.3l-6.2-6.3-6.2 6.3c-.2.2-.3.4-.3.7s.1.5.3.7c.2.2.4.3.7.3h11c.3 0 .5-.1.7-.3.2-.2.3-.5.3-.7s-.1-.5-.3-.7zM5.8 14.7l6.2 6.3 6.2-6.3c.2-.2.3-.5.3-.7s-.1-.5-.3-.7c-.2-.2-.4-.3-.7-.3h-11c-.3 0-.5.1-.7.3-.2.2-.3.5-.3.7s.1.5.3.7z\"\/><\/svg><\/span><\/span><\/label><input type=\"checkbox\"  id=\"ez-toc-cssicon-toggle-item-6a94df78a5c01\"  aria-label=\"Toggle\" \/><nav><ul class='ez-toc-list ez-toc-list-level-1' ><li class='ez-toc-page-1 ez-toc-heading-level-2'><a class=\"ez-toc-link ez-toc-heading-1\" href=\"https:\/\/chrystus.pl\/hu\/co-sie-wydarzylo-w-medjugorie\/#Co_stalo_sie_w_Medjugorie_w_1981_r\" >Mi t\u00f6rt\u00e9nt Medjugorj\u00e9ban 1981-ben?<\/a><\/li><li class='ez-toc-page-1 ez-toc-heading-level-2'><a class=\"ez-toc-link ez-toc-heading-2\" href=\"https:\/\/chrystus.pl\/hu\/co-sie-wydarzylo-w-medjugorie\/#Objawienia_w_Medjugorie_dzien_pierwszy\" >Megjelen\u00e9sek Medjugorj\u00e9ban, els\u0151 nap<\/a><\/li><li class='ez-toc-page-1 ez-toc-heading-level-2'><a class=\"ez-toc-link ez-toc-heading-3\" href=\"https:\/\/chrystus.pl\/hu\/co-sie-wydarzylo-w-medjugorie\/#Objawienia_w_Medjugorie_dzien_drugi\" >Megjelen\u00e9sek Medjugorj\u00e9ban, m\u00e1sodik nap<\/a><\/li><li class='ez-toc-page-1 ez-toc-heading-level-2'><a class=\"ez-toc-link ez-toc-heading-4\" href=\"https:\/\/chrystus.pl\/hu\/co-sie-wydarzylo-w-medjugorie\/#Co_sie_wydarzylo_w_Medjugorie\" >Mi t\u00f6rt\u00e9nt Medjugorj\u00e9ban<\/a><\/li><\/ul><\/nav><\/div>\n<h2 class=\"wp-block-heading\"><span class=\"ez-toc-section\" id=\"Co_stalo_sie_w_Medjugorie_w_1981_r\"><\/span>Mi t\u00f6rt\u00e9nt Medjugorj\u00e9ban 1981-ben?<span class=\"ez-toc-section-end\"><\/span><\/h2>\n\n\n\n<p class=\"wp-block-paragraph\">Co wydarzy\u0142o si\u0119 24 czerwca 1981 r. w Medjugorie? Po raz pierwszy (pierwszy z d\u0142ugiej serii, kt\u00f3ra wci\u0105\u017c trwa) Matka Bo\u017ca ukaza\u0142a si\u0119 grupie miejscowych dzieci, aby przekaza\u0107 \u015bwiatu or\u0119dzie pokoju i nawr\u00f3cenia poprzez modlitw\u0119 i post.<\/p>\n\n\n\n<h2 class=\"wp-block-heading\"><span class=\"ez-toc-section\" id=\"Objawienia_w_Medjugorie_dzien_pierwszy\"><\/span>Megjelen\u00e9sek Medjugorj\u00e9ban, els\u0151 nap<span class=\"ez-toc-section-end\"><\/span><\/h2>\n\n\n\n<p class=\"wp-block-paragraph\">1981. j\u00fanius 24-\u00e9n, szerd\u00e1n, Keresztel\u0151 Szent J\u00e1nos \u00fcnnep\u00e9n, k\u00e9s\u0151 d\u00e9lut\u00e1n hat 12 \u00e9s 20 \u00e9v k\u00f6z\u00f6tti gyermek s\u00e9t\u00e1lt a Crnica-hegyen (ma Jelen\u00e9sek hegye), \u00e9s egy Podbrdo nev\u0171 szikl\u00e1s helyen \u00e9szrevett\u00e9k az \u00e9gen egy gy\u00f6ny\u00f6r\u0171 \u00e9s f\u00e9nyl\u0151 fiatal n\u0151 elillan\u00f3 alakj\u00e1t, aki egy gyermeket tartott a karj\u00e1ban. <\/p>\n\n\n\n<p class=\"wp-block-paragraph\">A hat fiatal: Ivanka Ivankovi\u0107 (15 \u00e9ves), Mirjana Dragi\u0107evi\u0107 (16 \u00e9ves), Vicka Ivankovi\u0107 (16 \u00e9ves), Ivan Dragi\u0107evi\u0107 (16 \u00e9ves), Ivan Ivan Ivankovi\u0107 (20 \u00e9ves) \u00e9s Milka Pavlovi\u0107 (12 \u00e9ves). Azonnal meg\u00e9rtik, hogy az alak az Istenanya, b\u00e1r a jelen\u00e9s alakja nem sz\u00f3l hozz\u00e1juk, csak jelet ad, hogy k\u00f6zeledjenek hozz\u00e1. <\/p>\n\n\n\n<p class=\"wp-block-paragraph\">A gyerekek nagyon megijednek \u00e9s elszaladnak. Otthon elmondj\u00e1k a sz\u00fcleiknek, hogy mi t\u00f6rt\u00e9nt, de a feln\u0151ttek, megijedve a lehets\u00e9ges k\u00f6vetkezm\u00e9nyekt\u0151l (ne feledj\u00fck, hogy a Jugoszl\u00e1v Szocialista Sz\u00f6vets\u00e9gi K\u00f6zt\u00e1rsas\u00e1g hivatalosan ateista volt), azt mondj\u00e1k nekik, hogy hallgassanak.<\/p>\n\n\n\n<h2 class=\"wp-block-heading\"><span class=\"ez-toc-section\" id=\"Objawienia_w_Medjugorie_dzien_drugi\"><\/span>Megjelen\u00e9sek Medjugorj\u00e9ban, m\u00e1sodik nap<span class=\"ez-toc-section-end\"><\/span><\/h2>\n\n\n\n<p class=\"wp-block-paragraph\">A jelen\u00e9s h\u00edre azonban olyan hangos, hogy gyorsan elterjed a faluban, \u00e9s m\u00e1snap, j\u00fanius 25-\u00e9n k\u00edv\u00e1ncsi emberek egy csoportja gy\u0171lik \u00f6ssze ugyanott, ugyanabban az id\u0151ben, egy \u00fajabb jelen\u00e9s rem\u00e9ny\u00e9ben, ami azonban nem j\u00f6n el egyhamar. K\u00f6zt\u00fck vannak az el\u0151z\u0151 napi gyerekek is, Ivan Ivankovi\u0107 \u00e9s Milka kiv\u00e9tel\u00e9vel, akik m\u00e1r nem l\u00e1tj\u00e1k a Madonn\u00e1t, b\u00e1r a k\u00e9s\u0151bbi jelen\u00e9seken is jelen voltak. <\/p>\n\n\n\n<p class=\"wp-block-paragraph\">Marija Pavlovi\u0107 (16 lat), najstarsza siostra Milki, i dziesi\u0119cioletni Jakov \u010colo s\u0105 tam, aby wraz z pozosta\u0142\u0105 czw\u00f3rk\u0105 zobaczy\u0107 Madonn\u0119: tym razem ukazuje si\u0119 na chmurze i bez dziecka, tak samo pi\u0119kna i jasna jak dnia poprzedniego. Grupa sze\u015bciu wybranych przez Naj\u015bwi\u0119tsz\u0105 Pann\u0119 jest w tym momencie uformowana i dlatego rocznica objawie\u0144 obchodzona jest w\u0142a\u015bnie 25 czerwca ka\u017cdego roku, zgodnie z wyra\u017an\u0105 decyzj\u0105 samej Maryi. Tym razem, na znak Matki, ca\u0142a sz\u00f3stka m\u0142odych wizjoner\u00f3w szybko pobieg\u0142a na szczyt g\u00f3ry. Mimo, \u017ce szlak nie by\u0142 oznakowany, nie doznali nawet zadrapania, a ostatnio opowiadaj\u0105, \u017ce czuli si\u0119 &#8222;przeniesieni&#8221; przez tajemnicz\u0105 si\u0142\u0119. <\/p>\n\n\n\n<p class=\"wp-block-paragraph\">Matka Bo\u017ca ukazuje si\u0119 u\u015bmiechni\u0119ta, ubrana w b\u0142yszcz\u0105c\u0105 srebrno-szar\u0105 sukni\u0119, z bia\u0142ym welonem zakrywaj\u0105cym jej czarne w\u0142osy; ma pi\u0119kne niebieskie oczy i jest ukoronowana 12 gwiazdami. Jej g\u0142os jest s\u0142odki &#8222;jak muzyka&#8221;. Zamienia kilka s\u0142\u00f3w z m\u0142odymi, modli si\u0119 z nimi i obiecuje, \u017ce wr\u00f3ci.<\/p>\n\n\n\n<h2 class=\"wp-block-heading\"><span class=\"ez-toc-section\" id=\"Co_sie_wydarzylo_w_Medjugorie\"><\/span>Mi t\u00f6rt\u00e9nt Medjugorj\u00e9ban<span class=\"ez-toc-section-end\"><\/span><\/h2>\n\n\n\n<p class=\"wp-block-paragraph\">M\u00e1ria mind a mai napig v\u00e1ltoz\u00f3 gyakoris\u00e1ggal jelenik meg a l\u00e1tnokoknak. A Gospa ott jelenik meg a l\u00e1tnokoknak, ahol \u00e9ppen vannak. Az eg\u00e9sz vil\u00e1got im\u00e1ra \u00e9s megt\u00e9r\u00e9sre h\u00edvja, \u00e9s sz\u00e1mos \u00fczenetet ad, amelyekben arra buzd\u00edtja \u0151ket, hogy m\u00e9ly\u00edts\u00e9k el hit\u00e9let\u00fcket \u00e9s szents\u00e9gi \u00e9let\u00fcket, olvass\u00e1k a Szent\u00edr\u00e1st \u00e9s minden j\u00e1mbor gyakorlatot, vezekeljenek \u00e9s adj\u00e1k \u00e9let\u00fcket J\u00e9zusnak. \u0150 k\u00f6zli a l\u00e1t\u00f3kkal az Egyh\u00e1z \u00e9s a vil\u00e1g j\u00f6v\u0151beli sors\u00e1ra vonatkoz\u00f3 titkokat.<\/p>\n\n\n\n<p class=\"wp-block-paragraph\">Ko\u015bci\u00f3\u0142 katolicki w swoim oficjalnym stanowisku wobec wydarze\u0144 z Medziugoria (O\u015bwiadczenie Konferencji Episkopatu by\u0142ej Jugos\u0142awii z Zadaru z 1991 roku) wstrzymuje si\u0119 na razie z ostatecznym os\u0105dem objawie\u0144 \u2013 do tej pory ani nie uznaje ich jako prawdziwych, ani te\u017c nie odrzuca jako fa\u0142szywych. Spraw\u0119 bada specjalna komisja wyznaczona przez Ko\u015bci\u00f3\u0142.<\/p>","protected":false},"excerpt":{"rendered":"<p>25 czerwca min\u0105 cztery dekady od pierwszego objawienia Maryjnego w Medziugorje. Co to oznacza? Objawienia w Medjugorje rozpocz\u0119\u0142y si\u0119 w 1981 r., kiedy grupa m\u0142odych ludzi z ma\u0142ego kraju Bo\u015bni i Hercegowiny potwierdzili, \u017ce widzieli Matk\u0119 Bo\u017c\u0105. Niekt\u00f3rzy z nich, po trzydziestu latach, twierdz\u0105, \u017ce nadal maj\u0105 jedno objawienie dziennie. Zupe\u0142nie nowy charakter tych objawie\u0144 &hellip;<\/p>","protected":false},"author":1,"featured_media":2025,"comment_status":"closed","ping_status":"closed","sticky":false,"template":"","format":"standard","meta":{"_faqm_faq_html":"","_faqm_faq_schema":"","_faqm_schema_mode":"","_faqm_enabled":false,"_faqm_html_hash":"","_faqm_body_hash":"","footnotes":""},"categories":[64],"tags":[],"class_list":["post-2024","post","type-post","status-publish","format-standard","has-post-thumbnail","hentry","category-maryja"],"yoast_head":"<!-- This site is optimized with the Yoast SEO plugin v28.3 - https:\/\/yoast.com\/product\/yoast-seo-wordpress\/ -->\n<title>Co si\u0119 wydarzy\u0142o w Medjugorie? - Chrystus<\/title>\n<meta name=\"description\" content=\"25 czerwca min\u0105 cztery dekady od pierwszego objawienia Maryjnego w Medziugorje. Co to oznacza? Objawienia w Medjugorje rozpocz\u0119\u0142y si\u0119 w 1981 r., kiedy\" \/>\n<meta name=\"robots\" content=\"index, follow, max-snippet:-1, max-image-preview:large, max-video-preview:-1\" \/>\n<link rel=\"canonical\" href=\"https:\/\/chrystus.pl\/hu\/what-sie-wydarzalo-w-medjugorie\/\" \/>\n<meta property=\"og:locale\" content=\"hu_HU\" \/>\n<meta property=\"og:type\" content=\"article\" \/>\n<meta property=\"og:title\" content=\"Co si\u0119 wydarzy\u0142o w Medjugorie? - Chrystus\" \/>\n<meta property=\"og:description\" content=\"25 czerwca min\u0105 cztery dekady od pierwszego objawienia Maryjnego w Medziugorje. Co to oznacza? Objawienia w Medjugorje rozpocz\u0119\u0142y si\u0119 w 1981 r., kiedy\" \/>\n<meta property=\"og:url\" content=\"https:\/\/chrystus.pl\/hu\/what-sie-wydarzalo-w-medjugorie\/\" \/>\n<meta property=\"og:site_name\" content=\"Chrystus\" \/>\n<meta property=\"article:published_time\" content=\"2021-02-28T16:03:09+00:00\" \/>\n<meta property=\"article:modified_time\" content=\"2021-02-28T16:03:13+00:00\" \/>\n<meta property=\"og:image\" content=\"https:\/\/chrystus.pl\/wp-content\/uploads\/2021\/02\/medjugorie-2997348_640.jpg\" \/>\n\t<meta property=\"og:image:width\" content=\"640\" \/>\n\t<meta property=\"og:image:height\" content=\"360\" \/>\n\t<meta property=\"og:image:type\" content=\"image\/jpeg\" \/>\n<meta name=\"author\" content=\"Samarytanka\" \/>\n<meta name=\"twitter:card\" content=\"summary_large_image\" \/>\n<meta name=\"twitter:label1\" content=\"Szerz\u0151:\" \/>\n\t<meta name=\"twitter:data1\" content=\"Samarytanka\" \/>\n\t<meta name=\"twitter:label2\" content=\"Becs\u00fclt olvas\u00e1si id\u0151\" \/>\n\t<meta name=\"twitter:data2\" content=\"3 perc\" \/>\n<!-- \/ Yoast SEO plugin. -->","yoast_head_json":{"title":"Mi t\u00f6rt\u00e9nt Medjugorj\u00e9ban? - Krisztus","description":"J\u00fanius 25-\u00e9n lesz n\u00e9gy \u00e9vtized az els\u0151 medjugorjei M\u00e1ria-jelen\u00e9s \u00f3ta. Mit jelent ez? A jelen\u00e9sek Medjugorj\u00e9ban 1981-ben kezd\u0151dtek.","robots":{"index":"index","follow":"follow","max-snippet":"max-snippet:-1","max-image-preview":"max-image-preview:large","max-video-preview":"max-video-preview:-1"},"canonical":"https:\/\/chrystus.pl\/hu\/what-sie-wydarzalo-w-medjugorie\/","og_locale":"hu_HU","og_type":"article","og_title":"Co si\u0119 wydarzy\u0142o w Medjugorie? - Chrystus","og_description":"25 czerwca min\u0105 cztery dekady od pierwszego objawienia Maryjnego w Medziugorje. Co to oznacza? Objawienia w Medjugorje rozpocz\u0119\u0142y si\u0119 w 1981 r., kiedy","og_url":"https:\/\/chrystus.pl\/hu\/what-sie-wydarzalo-w-medjugorie\/","og_site_name":"Chrystus","article_published_time":"2021-02-28T16:03:09+00:00","article_modified_time":"2021-02-28T16:03:13+00:00","og_image":[{"width":640,"height":360,"url":"https:\/\/chrystus.pl\/wp-content\/uploads\/2021\/02\/medjugorie-2997348_640.jpg","type":"image\/jpeg"}],"author":"Samarytanka","twitter_card":"summary_large_image","twitter_misc":{"Szerz\u0151:":"Samarytanka","Becs\u00fclt olvas\u00e1si id\u0151":"3 perc"},"schema":{"@context":"https:\/\/schema.org","@graph":[{"@type":"Article","@id":"https:\/\/chrystus.pl\/co-sie-wydarzylo-w-medjugorie\/#article","isPartOf":{"@id":"https:\/\/chrystus.pl\/co-sie-wydarzylo-w-medjugorie\/"},"author":{"name":"Samarytanka","@id":"https:\/\/chrystus.pl\/#\/schema\/person\/e2e742452b8b7b2bcd23ea180671d27a"},"headline":"Co si\u0119 wydarzy\u0142o w Medjugorie?","datePublished":"2021-02-28T16:03:09+00:00","dateModified":"2021-02-28T16:03:13+00:00","mainEntityOfPage":{"@id":"https:\/\/chrystus.pl\/co-sie-wydarzylo-w-medjugorie\/"},"wordCount":738,"publisher":{"@id":"https:\/\/chrystus.pl\/#organization"},"image":{"@id":"https:\/\/chrystus.pl\/co-sie-wydarzylo-w-medjugorie\/#primaryimage"},"thumbnailUrl":"https:\/\/chrystus.pl\/wp-content\/uploads\/2021\/02\/medjugorie-2997348_640.jpg","articleSection":["Maryja"],"inLanguage":"hu"},{"@type":"WebPage","@id":"https:\/\/chrystus.pl\/co-sie-wydarzylo-w-medjugorie\/","url":"https:\/\/chrystus.pl\/co-sie-wydarzylo-w-medjugorie\/","name":"Mi t\u00f6rt\u00e9nt Medjugorj\u00e9ban? - Krisztus","isPartOf":{"@id":"https:\/\/chrystus.pl\/#website"},"primaryImageOfPage":{"@id":"https:\/\/chrystus.pl\/co-sie-wydarzylo-w-medjugorie\/#primaryimage"},"image":{"@id":"https:\/\/chrystus.pl\/co-sie-wydarzylo-w-medjugorie\/#primaryimage"},"thumbnailUrl":"https:\/\/chrystus.pl\/wp-content\/uploads\/2021\/02\/medjugorie-2997348_640.jpg","datePublished":"2021-02-28T16:03:09+00:00","dateModified":"2021-02-28T16:03:13+00:00","description":"J\u00fanius 25-\u00e9n lesz n\u00e9gy \u00e9vtized az els\u0151 medjugorjei M\u00e1ria-jelen\u00e9s \u00f3ta. Mit jelent ez? A jelen\u00e9sek Medjugorj\u00e9ban 1981-ben kezd\u0151dtek.","breadcrumb":{"@id":"https:\/\/chrystus.pl\/co-sie-wydarzylo-w-medjugorie\/#breadcrumb"},"inLanguage":"hu","potentialAction":[{"@type":"ReadAction","target":["https:\/\/chrystus.pl\/co-sie-wydarzylo-w-medjugorie\/"]}]},{"@type":"ImageObject","inLanguage":"hu","@id":"https:\/\/chrystus.pl\/co-sie-wydarzylo-w-medjugorie\/#primaryimage","url":"https:\/\/chrystus.pl\/wp-content\/uploads\/2021\/02\/medjugorie-2997348_640.jpg","contentUrl":"https:\/\/chrystus.pl\/wp-content\/uploads\/2021\/02\/medjugorie-2997348_640.jpg","width":640,"height":360,"caption":"medjugorie-2997348_640"},{"@type":"BreadcrumbList","@id":"https:\/\/chrystus.pl\/co-sie-wydarzylo-w-medjugorie\/#breadcrumb","itemListElement":[{"@type":"ListItem","position":1,"name":"Strona g\u0142\u00f3wna","item":"https:\/\/chrystus.pl\/"},{"@type":"ListItem","position":2,"name":"Co si\u0119 wydarzy\u0142o w Medjugorie?"}]},{"@type":"WebSite","@id":"https:\/\/chrystus.pl\/#website","url":"https:\/\/chrystus.pl\/","name":"Krisztus","description":"Isten, M\u00e1ria, J\u00e9zus, \u00e1ldoz\u00e1s \u00e9s m\u00e9g sok minden m\u00e1s.","publisher":{"@id":"https:\/\/chrystus.pl\/#organization"},"potentialAction":[{"@type":"SearchAction","target":{"@type":"EntryPoint","urlTemplate":"https:\/\/chrystus.pl\/?s={search_term_string}"},"query-input":{"@type":"PropertyValueSpecification","valueRequired":true,"valueName":"search_term_string"}}],"inLanguage":"hu"},{"@type":"Organization","@id":"https:\/\/chrystus.pl\/#organization","name":"Christ.pl","url":"https:\/\/chrystus.pl\/","logo":{"@type":"ImageObject","inLanguage":"hu","@id":"https:\/\/chrystus.pl\/#\/schema\/logo\/image\/","url":"https:\/\/chrystus.pl\/wp-content\/uploads\/2019\/03\/chrystus-bog-maryja-komunia-bierzmowanie.jpg","contentUrl":"https:\/\/chrystus.pl\/wp-content\/uploads\/2019\/03\/chrystus-bog-maryja-komunia-bierzmowanie.jpg","width":1920,"height":1280,"caption":"Chrystus.pl"},"image":{"@id":"https:\/\/chrystus.pl\/#\/schema\/logo\/image\/"}},{"@type":"Person","@id":"https:\/\/chrystus.pl\/#\/schema\/person\/e2e742452b8b7b2bcd23ea180671d27a","name":"Szamarit\u00e1nus n\u0151"}]}},"_links":{"self":[{"href":"https:\/\/chrystus.pl\/hu\/wp-json\/wp\/v2\/posts\/2024","targetHints":{"allow":["GET"]}}],"collection":[{"href":"https:\/\/chrystus.pl\/hu\/wp-json\/wp\/v2\/posts"}],"about":[{"href":"https:\/\/chrystus.pl\/hu\/wp-json\/wp\/v2\/types\/post"}],"author":[{"embeddable":true,"href":"https:\/\/chrystus.pl\/hu\/wp-json\/wp\/v2\/users\/1"}],"replies":[{"embeddable":true,"href":"https:\/\/chrystus.pl\/hu\/wp-json\/wp\/v2\/comments?post=2024"}],"version-history":[{"count":0,"href":"https:\/\/chrystus.pl\/hu\/wp-json\/wp\/v2\/posts\/2024\/revisions"}],"wp:featuredmedia":[{"embeddable":true,"href":"https:\/\/chrystus.pl\/hu\/wp-json\/wp\/v2\/media\/2025"}],"wp:attachment":[{"href":"https:\/\/chrystus.pl\/hu\/wp-json\/wp\/v2\/media?parent=2024"}],"wp:term":[{"taxonomy":"category","embeddable":true,"href":"https:\/\/chrystus.pl\/hu\/wp-json\/wp\/v2\/categories?post=2024"},{"taxonomy":"post_tag","embeddable":true,"href":"https:\/\/chrystus.pl\/hu\/wp-json\/wp\/v2\/tags?post=2024"}],"curies":[{"name":"wp","href":"https:\/\/api.w.org\/{rel}","templated":true}]}}