{"id":253,"date":"2019-04-09T21:09:58","date_gmt":"2019-04-09T21:09:58","guid":{"rendered":"https:\/\/chrystus.pl\/?p=253"},"modified":"2020-01-13T07:54:24","modified_gmt":"2020-01-13T07:54:24","slug":"co-to-jest-kosciol-domowy","status":"publish","type":"post","link":"https:\/\/chrystus.pl\/hu\/co-to-jest-kosciol-domowy\/","title":{"rendered":"Mi a hazai egyh\u00e1z?"},"content":{"rendered":"<p>Mi ez <span id=\"urn:local-text-annotation-e8jbmk8gyrvgx8rm64l5qdvol811pqsr\" class=\"textannotation disambiguated wl-thing\" itemid=\"http:\/\/data.wordlift.io\/wl01378\/entity\/kosciol_organizacja\">Templom<\/span> Belf\u00f6ldi? Home <span id=\"urn:local-text-annotation-zo1slzm7eqpjhhjaud556ibpqprv1lzp\" class=\"textannotation disambiguated wl-thing\" itemid=\"http:\/\/data.wordlift.io\/wl01378\/entity\/kosciol_organizacja\">Templom<\/span> egy laikus mozgalom az egyh\u00e1zban. Ez egy csal\u00e1di \u00e9s h\u00e1zass\u00e1gi mozgalom (a <span id=\"urn:local-text-annotation-45wj4v3ygyq59f5tt8jm1mzrjr79i0zr\" class=\"textannotation disambiguated wl-thing\" itemid=\"http:\/\/data.wordlift.io\/wl01378\/entity\/sakrament_malzenstwa\">h\u00e1zass\u00e1gok<\/span>), amelyet a szent lelkis\u00e9ge \u00e9s \u00e9lete ihletett. <span id=\"urn:local-text-annotation-mlhgl9j1yzie1zb1y6sm64a56aenp9cq\" class=\"textannotation disambiguated wl-person\" itemid=\"http:\/\/data.wordlift.io\/wl01378\/entity\/franciszek_blachnicki\">Francis Blachnicki<\/span>. Ez az \u00fagynevezett Mozgalom egyik \u00e1ga. <span id=\"urn:local-text-annotation-zfpv24bwfcr7lvfoyuvserpi3ehywpo5\" class=\"textannotation disambiguated wl-thing\" itemid=\"http:\/\/data.wordlift.io\/wl01378\/entity\/ruch_swiatlo-zycie\">Light-Life<\/span>, kt\u00f3ry z kolei gromadzi ludzi w r\u00f3\u017cnym wieku oraz stanie: m\u0142odzie\u017c, dzieci, doros\u0142ych ale r\u00f3wnie\u017c <span id=\"urn:local-text-annotation-tipu9p39hvii6gh7vyu8hs1ykt1adwok\" class=\"textannotation disambiguated wl-thing\" itemid=\"http:\/\/data.wordlift.io\/wl01378\/entity\/prezbiter\">papok<\/span> vajon <span id=\"urn:local-text-annotation-77cv7958k3je4xp1ewljx821cz3pnls4\" class=\"textannotation disambiguated wl-thing\" itemid=\"http:\/\/data.wordlift.io\/wl01378\/entity\/zakon_zebrzacy\">szerzetesek<\/span>. <span id=\"urn:local-text-annotation-cq9ub4lwndkwzkugszgfgaawe5du39vi\" class=\"textannotation disambiguated wl-thing\" itemid=\"http:\/\/data.wordlift.io\/wl01378\/entity\/kosciol_organizacja\">Templom<\/span> 1973-ban alap\u00edtott\u00e1k.<\/p>\n<p>Forgalom <span id=\"urn:enhancement-dad8da14\" class=\"textannotation disambiguated wl-other\" itemid=\"http:\/\/data.wordlift.io\/wl01857\/entity\/domowy_kosciol\">a hazai egyh\u00e1z<\/span> \u00e1ltal\u00e1ban a pl\u00e9b\u00e1ni\u00e1kon alapul. A mozgalomban r\u00e9szt vev\u0151 \u00e9s ahhoz tartoz\u00f3 csal\u00e1dok \u00fagynevezett k\u00f6r\u00f6kben tal\u00e1lkoznak. A k\u00f6r\u00f6k k\u00f6r\u00fclbel\u00fcl 4-7 <span id=\"urn:local-text-annotation-fo2wuyryqc5q02v5q32kip42d6e3bg4l\" class=\"textannotation disambiguated wl-thing\" itemid=\"http:\/\/data.wordlift.io\/wl01378\/entity\/sakrament_malzenstwa\">h\u00e1zass\u00e1gok<\/span>. A tal\u00e1lkoz\u00f3kat \u00e1ltal\u00e1ban valamelyik csal\u00e1d otthon\u00e1ban tartj\u00e1k.<\/p>\n<p>Ez a csal\u00e1d lesz az anim\u00e1l\u00f3 h\u00e1zasp\u00e1r, amely az eg\u00e9sz tal\u00e1lkoz\u00f3\u00e9rt felel\u0151s. Mindent fel\u00fcgyel a <span id=\"urn:local-text-annotation-yi663ai5omqbgtztz4qti8ea7xjgolh4\" class=\"textannotation disambiguated wl-thing\" itemid=\"http:\/\/data.wordlift.io\/wl01378\/entity\/ksiadz\">pap<\/span>aki egyben mentor is lesz. Minden k\u00f6r sz\u00e1m\u00e1ra fontos momentum a csal\u00e1di kir\u00e1ndul\u00e1s a <span id=\"urn:local-text-annotation-cjiwxluuz9ip3jvv21vjfm5c9o7f229y\" class=\"textannotation disambiguated wl-thing\" itemid=\"http:\/\/data.wordlift.io\/wl01378\/entity\/rekolekcje\">visszavonul\u00e1s<\/span> Form\u00e1ci\u00f3s kir\u00e1ndul\u00e1sok, amelyekre \u00e1ltal\u00e1ban ny\u00e1ron ker\u00fcl sor. Ezeket a tematikus kir\u00e1ndul\u00e1sokat a k\u00f6vetkez\u0151k szervezik <span id=\"urn:local-text-annotation-k4z7c8q0lwln8qoiycxkb29qz3mkbqlo\" class=\"textannotation disambiguated wl-thing\" itemid=\"http:\/\/data.wordlift.io\/wl01378\/entity\/parafie\">pl\u00e9b\u00e1nia<\/span>. <span id=\"urn:local-text-annotation-5aqx5me3doivt5igyxvrcf5sd4ma8i0e\" class=\"textannotation disambiguated wl-thing\" itemid=\"http:\/\/data.wordlift.io\/wl01378\/entity\/kosciol_organizacja\">Templom<\/span> A belf\u00f6ldi a saj\u00e1t elvei szerint m\u0171k\u00f6dik. A f\u0151 elvek a k\u00f6vetkez\u0151k:<\/p>\n<p>A h\u00e1zast\u00e1rsi szeretet megbecs\u00fcl\u00e9se, vagyis az emberek meggy\u0151z\u00e9se a h\u00e1zast\u00e1rsi szeretet erej\u00e9r\u0151l \u00e9s tart\u00f3ss\u00e1g\u00e1r\u00f3l,<\/p>\n<p>Csal\u00e1d mint:<\/p>\n<ul>\n<li><span id=\"urn:local-text-annotation-a8made1ekv77jbtfbv8w4va5ug0azar4\" class=\"textannotation disambiguated wl-thing\" itemid=\"http:\/\/data.wordlift.io\/wl01378\/entity\/kosciol_organizacja\">templom<\/span> otthon,<\/li>\n<li>katakumen\u00e1tus,<\/li>\n<li><span id=\"urn:local-text-annotation-jz5kssdux1dix4n2qkzz89op05tai7qr\" class=\"textannotation disambiguated wl-thing\" itemid=\"http:\/\/data.wordlift.io\/wl01378\/entity\/wspolnota\">k\u00f6z\u00f6ss\u00e9g<\/span>.<\/li>\n<\/ul>\n<p><span id=\"urn:local-text-annotation-9kp7jk64jc0s4fal18i2t27n12m71n3t\" class=\"textannotation disambiguated wl-thing\" itemid=\"http:\/\/data.wordlift.io\/wl01378\/entity\/kosciol_organizacja\">Templom<\/span> Az otthon teh\u00e1t azt az er\u0151t hivatott k\u00e9pviselni, amelyet a h\u00e1zass\u00e1g mindk\u00e9t ember sz\u00e1m\u00e1ra jelent. C\u00e9lja a csal\u00e1di \u00e9rt\u00e9kek terjeszt\u00e9se \u00e9s annak megmutat\u00e1sa, hogy a csal\u00e1d milyen fontos k\u00f6z\u00f6ss\u00e9g.<\/p>\n<p>Az eg\u00e9sz mozgalom \u00e9s a hozz\u00e1 tartoz\u00f3 csal\u00e1dok v\u00e9d\u0151szentje az Istenanya.<\/p>","protected":false},"excerpt":{"rendered":"<p>Co to jest Ko\u015bci\u00f3\u0142 Domowy? Domowy Ko\u015bci\u00f3\u0142 jest \u015bwieckim ruchem w Ko\u015bciele. Jest to ruch rodzinno-ma\u0142\u017ce\u0144ski (dla ma\u0142\u017ce\u0144stw), kt\u00f3ry inspiruje si\u0119 duchowo\u015bci\u0105 i \u017cyciem \u015bwi\u0119tego Franciszka Blachnickiego. Jest niejako odnog\u0105 tak zwanego Ruchu \u015awiat\u0142o-\u017bycie, kt\u00f3ry z kolei gromadzi ludzi w r\u00f3\u017cnym wieku oraz stanie: m\u0142odzie\u017c, dzieci, doros\u0142ych ale r\u00f3wnie\u017c kap\u0142an\u00f3w czy zakonnik\u00f3w. Ko\u015bci\u00f3\u0142 domowy powsta\u0142 &hellip;<\/p>","protected":false},"author":1,"featured_media":254,"comment_status":"open","ping_status":"closed","sticky":false,"template":"","format":"standard","meta":{"footnotes":""},"categories":[33],"tags":[38],"class_list":["post-253","post","type-post","status-publish","format-standard","has-post-thumbnail","hentry","category-kosciol","tag-kosciol"],"yoast_head":"<!-- This site is optimized with the Yoast SEO plugin v27.5 - https:\/\/yoast.com\/product\/yoast-seo-wordpress\/ -->\n<title>Co to jest Ko\u015bci\u00f3\u0142 Domowy i jakie s\u0105 jego cele - Chrystus PL<\/title>\n<meta name=\"description\" content=\"Co to jest Ko\u015bci\u00f3\u0142 Domowy? Domowy Ko\u015bci\u00f3\u0142 jest \u015bwieckim ruchem w Ko\u015bciele. Jest to ruch rodzinno-ma\u0142\u017ce\u0144ski (dla ma\u0142\u017ce\u0144stw), kt\u00f3ry inspiruje si\u0119\" \/>\n<meta name=\"robots\" content=\"index, follow, max-snippet:-1, max-image-preview:large, max-video-preview:-1\" \/>\n<link rel=\"canonical\" href=\"https:\/\/chrystus.pl\/hu\/mi-az-haza-templom\/\" \/>\n<meta property=\"og:locale\" content=\"hu_HU\" \/>\n<meta property=\"og:type\" content=\"article\" \/>\n<meta property=\"og:title\" content=\"Co to jest Ko\u015bci\u00f3\u0142 Domowy i jakie s\u0105 jego cele - Chrystus PL\" \/>\n<meta property=\"og:description\" content=\"Co to jest Ko\u015bci\u00f3\u0142 Domowy? Domowy Ko\u015bci\u00f3\u0142 jest \u015bwieckim ruchem w Ko\u015bciele. Jest to ruch rodzinno-ma\u0142\u017ce\u0144ski (dla ma\u0142\u017ce\u0144stw), kt\u00f3ry inspiruje si\u0119\" \/>\n<meta property=\"og:url\" content=\"https:\/\/chrystus.pl\/hu\/mi-az-haza-templom\/\" \/>\n<meta property=\"og:site_name\" content=\"Chrystus\" \/>\n<meta property=\"article:published_time\" content=\"2019-04-09T21:09:58+00:00\" \/>\n<meta property=\"article:modified_time\" content=\"2020-01-13T07:54:24+00:00\" \/>\n<meta property=\"og:image\" content=\"https:\/\/chrystus.pl\/wp-content\/uploads\/2019\/04\/kosciol-domowy.jpg\" \/>\n\t<meta property=\"og:image:width\" content=\"1280\" \/>\n\t<meta property=\"og:image:height\" content=\"851\" \/>\n\t<meta property=\"og:image:type\" content=\"image\/jpeg\" \/>\n<meta name=\"author\" content=\"Samarytanka\" \/>\n<meta name=\"twitter:card\" content=\"summary_large_image\" \/>\n<meta name=\"twitter:label1\" content=\"Szerz\u0151:\" \/>\n\t<meta name=\"twitter:data1\" content=\"Samarytanka\" \/>\n\t<meta name=\"twitter:label2\" content=\"Becs\u00fclt olvas\u00e1si id\u0151\" \/>\n\t<meta name=\"twitter:data2\" content=\"1 perc\" \/>\n<!-- \/ Yoast SEO plugin. -->","yoast_head_json":{"title":"Mi a hazai egyh\u00e1z \u00e9s mik a c\u00e9ljai - Krisztus HU","description":"Mi a hazai egyh\u00e1z? A hazai egyh\u00e1z egy laikus mozgalom az egyh\u00e1zon bel\u00fcl. Ez egy csal\u00e1di-h\u00e1zass\u00e1gi mozgalom (h\u00e1zasp\u00e1rok sz\u00e1m\u00e1ra), amelyet az al\u00e1bbiak inspir\u00e1ltak.","robots":{"index":"index","follow":"follow","max-snippet":"max-snippet:-1","max-image-preview":"max-image-preview:large","max-video-preview":"max-video-preview:-1"},"canonical":"https:\/\/chrystus.pl\/hu\/mi-az-haza-templom\/","og_locale":"hu_HU","og_type":"article","og_title":"Co to jest Ko\u015bci\u00f3\u0142 Domowy i jakie s\u0105 jego cele - Chrystus PL","og_description":"Co to jest Ko\u015bci\u00f3\u0142 Domowy? Domowy Ko\u015bci\u00f3\u0142 jest \u015bwieckim ruchem w Ko\u015bciele. Jest to ruch rodzinno-ma\u0142\u017ce\u0144ski (dla ma\u0142\u017ce\u0144stw), kt\u00f3ry inspiruje si\u0119","og_url":"https:\/\/chrystus.pl\/hu\/mi-az-haza-templom\/","og_site_name":"Chrystus","article_published_time":"2019-04-09T21:09:58+00:00","article_modified_time":"2020-01-13T07:54:24+00:00","og_image":[{"width":1280,"height":851,"url":"https:\/\/chrystus.pl\/wp-content\/uploads\/2019\/04\/kosciol-domowy.jpg","type":"image\/jpeg"}],"author":"Samarytanka","twitter_card":"summary_large_image","twitter_misc":{"Szerz\u0151:":"Samarytanka","Becs\u00fclt olvas\u00e1si id\u0151":"1 perc"},"schema":{"@context":"https:\/\/schema.org","@graph":[{"@type":"Article","@id":"https:\/\/chrystus.pl\/sl\/kaj-je-domaca-cerkev\/#article","isPartOf":{"@id":"https:\/\/chrystus.pl\/sl\/kaj-je-domaca-cerkev\/"},"author":{"name":"Samarytanka","@id":"https:\/\/chrystus.pl\/#\/schema\/person\/e2e742452b8b7b2bcd23ea180671d27a"},"headline":"Co to jest Ko\u015bci\u00f3\u0142 Domowy?","datePublished":"2019-04-09T21:09:58+00:00","dateModified":"2020-01-13T07:54:24+00:00","mainEntityOfPage":{"@id":"https:\/\/chrystus.pl\/sl\/kaj-je-domaca-cerkev\/"},"wordCount":278,"commentCount":0,"publisher":{"@id":"https:\/\/chrystus.pl\/#organization"},"image":{"@id":"https:\/\/chrystus.pl\/sl\/kaj-je-domaca-cerkev\/#primaryimage"},"thumbnailUrl":"https:\/\/chrystus.pl\/wp-content\/uploads\/2019\/04\/kosciol-domowy.jpg","keywords":["ko\u015bci\u00f3\u0142"],"articleSection":["Ko\u015bci\u00f3\u0142"],"inLanguage":"hu","potentialAction":[{"@type":"CommentAction","name":"Comment","target":["https:\/\/chrystus.pl\/sl\/kaj-je-domaca-cerkev\/#respond"]}]},{"@type":"WebPage","@id":"https:\/\/chrystus.pl\/sl\/kaj-je-domaca-cerkev\/","url":"https:\/\/chrystus.pl\/sl\/kaj-je-domaca-cerkev\/","name":"Mi a hazai egyh\u00e1z \u00e9s mik a c\u00e9ljai - Krisztus HU","isPartOf":{"@id":"https:\/\/chrystus.pl\/#website"},"primaryImageOfPage":{"@id":"https:\/\/chrystus.pl\/sl\/kaj-je-domaca-cerkev\/#primaryimage"},"image":{"@id":"https:\/\/chrystus.pl\/sl\/kaj-je-domaca-cerkev\/#primaryimage"},"thumbnailUrl":"https:\/\/chrystus.pl\/wp-content\/uploads\/2019\/04\/kosciol-domowy.jpg","datePublished":"2019-04-09T21:09:58+00:00","dateModified":"2020-01-13T07:54:24+00:00","description":"Mi a hazai egyh\u00e1z? A hazai egyh\u00e1z egy laikus mozgalom az egyh\u00e1zon bel\u00fcl. Ez egy csal\u00e1di-h\u00e1zass\u00e1gi mozgalom (h\u00e1zasp\u00e1rok sz\u00e1m\u00e1ra), amelyet az al\u00e1bbiak inspir\u00e1ltak.","breadcrumb":{"@id":"https:\/\/chrystus.pl\/sl\/kaj-je-domaca-cerkev\/#breadcrumb"},"inLanguage":"hu","potentialAction":[{"@type":"ReadAction","target":["https:\/\/chrystus.pl\/sl\/kaj-je-domaca-cerkev\/"]}]},{"@type":"ImageObject","inLanguage":"hu","@id":"https:\/\/chrystus.pl\/sl\/kaj-je-domaca-cerkev\/#primaryimage","url":"https:\/\/chrystus.pl\/wp-content\/uploads\/2019\/04\/kosciol-domowy.jpg","contentUrl":"https:\/\/chrystus.pl\/wp-content\/uploads\/2019\/04\/kosciol-domowy.jpg","width":1280,"height":851,"caption":"kosciol domowy"},{"@type":"BreadcrumbList","@id":"https:\/\/chrystus.pl\/sl\/kaj-je-domaca-cerkev\/#breadcrumb","itemListElement":[{"@type":"ListItem","position":1,"name":"Strona g\u0142\u00f3wna","item":"https:\/\/chrystus.pl\/"},{"@type":"ListItem","position":2,"name":"Co to jest Ko\u015bci\u00f3\u0142 Domowy?"}]},{"@type":"WebSite","@id":"https:\/\/chrystus.pl\/#website","url":"https:\/\/chrystus.pl\/","name":"Krisztus","description":"Isten, M\u00e1ria, J\u00e9zus, \u00e1ldoz\u00e1s \u00e9s m\u00e9g sok minden m\u00e1s.","publisher":{"@id":"https:\/\/chrystus.pl\/#organization"},"potentialAction":[{"@type":"SearchAction","target":{"@type":"EntryPoint","urlTemplate":"https:\/\/chrystus.pl\/?s={search_term_string}"},"query-input":{"@type":"PropertyValueSpecification","valueRequired":true,"valueName":"search_term_string"}}],"inLanguage":"hu"},{"@type":"Organization","@id":"https:\/\/chrystus.pl\/#organization","name":"Christ.pl","url":"https:\/\/chrystus.pl\/","logo":{"@type":"ImageObject","inLanguage":"hu","@id":"https:\/\/chrystus.pl\/#\/schema\/logo\/image\/","url":"https:\/\/chrystus.pl\/wp-content\/uploads\/2019\/03\/chrystus-bog-maryja-komunia-bierzmowanie.jpg","contentUrl":"https:\/\/chrystus.pl\/wp-content\/uploads\/2019\/03\/chrystus-bog-maryja-komunia-bierzmowanie.jpg","width":1920,"height":1280,"caption":"Chrystus.pl"},"image":{"@id":"https:\/\/chrystus.pl\/#\/schema\/logo\/image\/"}},{"@type":"Person","@id":"https:\/\/chrystus.pl\/#\/schema\/person\/e2e742452b8b7b2bcd23ea180671d27a","name":"Szamarit\u00e1nus n\u0151"}]}},"_links":{"self":[{"href":"https:\/\/chrystus.pl\/hu\/wp-json\/wp\/v2\/posts\/253","targetHints":{"allow":["GET"]}}],"collection":[{"href":"https:\/\/chrystus.pl\/hu\/wp-json\/wp\/v2\/posts"}],"about":[{"href":"https:\/\/chrystus.pl\/hu\/wp-json\/wp\/v2\/types\/post"}],"author":[{"embeddable":true,"href":"https:\/\/chrystus.pl\/hu\/wp-json\/wp\/v2\/users\/1"}],"replies":[{"embeddable":true,"href":"https:\/\/chrystus.pl\/hu\/wp-json\/wp\/v2\/comments?post=253"}],"version-history":[{"count":0,"href":"https:\/\/chrystus.pl\/hu\/wp-json\/wp\/v2\/posts\/253\/revisions"}],"wp:featuredmedia":[{"embeddable":true,"href":"https:\/\/chrystus.pl\/hu\/wp-json\/wp\/v2\/media\/254"}],"wp:attachment":[{"href":"https:\/\/chrystus.pl\/hu\/wp-json\/wp\/v2\/media?parent=253"}],"wp:term":[{"taxonomy":"category","embeddable":true,"href":"https:\/\/chrystus.pl\/hu\/wp-json\/wp\/v2\/categories?post=253"},{"taxonomy":"post_tag","embeddable":true,"href":"https:\/\/chrystus.pl\/hu\/wp-json\/wp\/v2\/tags?post=253"}],"curies":[{"name":"wp","href":"https:\/\/api.w.org\/{rel}","templated":true}]}}